{"id":5778,"date":"2022-07-07T11:27:10","date_gmt":"2022-07-07T14:27:10","guid":{"rendered":"https:\/\/www.ernanipolo.com.br\/wp\/?p=5778"},"modified":"2022-07-07T11:30:48","modified_gmt":"2022-07-07T14:30:48","slug":"pela-valorizacao-da-musica-do-rio-grande-do-sul","status":"publish","type":"post","link":"https:\/\/www.ernanipolo.com.br\/wp\/pela-valorizacao-da-musica-do-rio-grande-do-sul\/","title":{"rendered":"Pela Valoriza\u00e7\u00e3o da M\u00fasica do Rio Grande do Sul\u00a0"},"content":{"rendered":"<div dir=\"auto\"><\/div>\n<div dir=\"auto\">A Assembleia Legislativa realizou audi\u00eancia p\u00fablica, proposta pelo deputado Ernani Polo, que debateu a valoriza\u00e7\u00e3o da m\u00fasica regional ga\u00facha em eventos e feiras no Rio Grande do Sul. A partir de demanda recebida pelo deputado, de diversos m\u00fasicos, foi verificada a necessidade de um amplo debate, tendo em vista que em muitos eventos realizados em nosso pr\u00f3prio Estado, muitos terminam por optar por shows com atra\u00e7\u00f5es nacionais. V\u00e1rios artistas ga\u00fachos participaram da audi\u00eancia bem como representantes do setor.<\/div>\n<div dir=\"auto\"><\/div>\n<div dir=\"auto\">\n<div>Pela Confraria da M\u00fasica, Jo\u00e3o Luiz Corr\u00eaa exp\u00f4s a vulnerabilidade dessa categoria profissional, que tem na m\u00fasica o seu sustento e de suas fam\u00edlias e embora recolham a aprova\u00e7\u00e3o das comunidades pelo trabalho que realizam, vivem a instabilidade da altern\u00e2ncia nas prefeituras e nos seus contratos de trabalho para as festividades locais. Essa descontinuidade do uso do dinheiro p\u00fablico nos talentos locais e regionais, resultado da falta de legisla\u00e7\u00e3o que regulamente essa destina\u00e7\u00e3o, repercute no encolhimento da valoriza\u00e7\u00e3o da cultura gauchesca, argumentou.<\/div>\n<div><\/div>\n<div>Apesar do reconhecimento no pa\u00eds e no exterior do valor dos m\u00fasicos ga\u00fachos, a sobreviv\u00eancia tem sido dif\u00edcil e a tradi\u00e7\u00e3o est\u00e1 perdendo espa\u00e7o, alertou Corr\u00eaa. Ele criticou a dificuldade do estado em \u201cvender a nossa cultura\u201d, ao contr\u00e1rio do que t\u00eam feito os estados de Santa Catarina e Paran\u00e1. \u201dO amor \u00e0 cultura tem que ter investimento\u201d, garantiu o produtor musical que h\u00e1 35 anos dedica sua vida ao ramo musical, atividade que envolve uma cadeia produtiva diversa e numerosa.<\/div>\n<\/div>\n<div dir=\"auto\"><\/div>\n<div dir=\"auto\">\u00a0&#8220;Nossa inten\u00e7\u00e3o com o debate foi buscar valorizar os artistas ga\u00fachos tamb\u00e9m nestes eventos, ainda mais por tudo o que sofreram com o impedimento das atividades com a Pandemia. Recentemente vimos uma discuss\u00e3o nacional sobre elevados valores dispensados a artistas nacionais em shows e entendemos que h\u00e1 muito espa\u00e7o para que nossos artistas ga\u00fachos sejam mais valorizados. Queremos encontrar mecanismos, atrav\u00e9s de pol\u00edticas p\u00fablicas, para que seja poss\u00edvel uma maior participa\u00e7\u00e3o de artistas ga\u00fachos em shows no RS, porque gera emprego e renda a quem exerce uma fun\u00e7\u00e3o essencial em nossa cultura e tradi\u00e7\u00e3o\u201d, ressalta o deputado Ernani Polo.<\/div>\n","protected":false},"excerpt":{"rendered":"<p>A Assembleia Legislativa realizou audi\u00eancia p\u00fablica, proposta pelo deputado Ernani Polo, que debateu a valoriza\u00e7\u00e3o da m\u00fasica regional ga\u00facha em &hellip; <a href=\"https:\/\/www.ernanipolo.com.br\/wp\/pela-valorizacao-da-musica-do-rio-grande-do-sul\/\" class=\"more-link\">Continue reading <span class=\"screen-reader-text\">Pela Valoriza\u00e7\u00e3o da M\u00fasica do Rio Grande do Sul\u00a0<\/span><\/a><\/p>\n","protected":false},"author":3,"featured_media":5780,"comment_status":"open","ping_status":"open","sticky":false,"template":"","format":"standard","meta":{"_acf_changed":false,"_jetpack_memberships_contains_paid_content":false,"footnotes":""},"categories":[37,39],"tags":[53],"class_list":["post-5778","post","type-post","status-publish","format-standard","has-post-thumbnail","hentry","category-noticias","category-destaque","tag-tradicao"],"acf":[],"yoast_head":"<!-- This site is optimized with the Yoast SEO plugin v27.5 - https:\/\/yoast.com\/product\/yoast-seo-wordpress\/ -->\n<title>Pela Valoriza\u00e7\u00e3o da M\u00fasica do Rio Grande do Sul\u00a0 - Ernani Polo<\/title>\n<meta name=\"robots\" content=\"index, follow, max-snippet:-1, max-image-preview:large, max-video-preview:-1\" \/>\n<link rel=\"canonical\" href=\"https:\/\/www.ernanipolo.com.br\/wp\/pela-valorizacao-da-musica-do-rio-grande-do-sul\/\" \/>\n<meta property=\"og:locale\" content=\"pt_BR\" \/>\n<meta property=\"og:type\" content=\"article\" \/>\n<meta property=\"og:title\" content=\"Pela Valoriza\u00e7\u00e3o da M\u00fasica do Rio Grande do Sul\u00a0 - Ernani Polo\" \/>\n<meta property=\"og:description\" content=\"A Assembleia Legislativa realizou audi\u00eancia p\u00fablica, proposta pelo deputado Ernani Polo, que debateu a valoriza\u00e7\u00e3o da m\u00fasica regional ga\u00facha em &hellip; Continue reading Pela Valoriza\u00e7\u00e3o da M\u00fasica do Rio Grande do Sul\u00a0\" \/>\n<meta property=\"og:url\" content=\"https:\/\/www.ernanipolo.com.br\/wp\/pela-valorizacao-da-musica-do-rio-grande-do-sul\/\" \/>\n<meta property=\"og:site_name\" content=\"Ernani Polo\" \/>\n<meta property=\"article:published_time\" content=\"2022-07-07T14:27:10+00:00\" \/>\n<meta property=\"article:modified_time\" content=\"2022-07-07T14:30:48+00:00\" \/>\n<meta property=\"og:image\" content=\"https:\/\/www.ernanipolo.com.br\/wp\/wp-content\/uploads\/2022\/07\/IMG-20220705-WA0046.jpg\" \/>\n\t<meta property=\"og:image:width\" content=\"1280\" \/>\n\t<meta property=\"og:image:height\" content=\"720\" \/>\n\t<meta property=\"og:image:type\" content=\"image\/jpeg\" \/>\n<meta name=\"author\" content=\"Assessoria\" \/>\n<meta name=\"twitter:card\" content=\"summary_large_image\" \/>\n<meta name=\"twitter:label1\" content=\"Escrito por\" \/>\n\t<meta name=\"twitter:data1\" content=\"Assessoria\" \/>\n\t<meta name=\"twitter:label2\" content=\"Est. tempo de leitura\" \/>\n\t<meta name=\"twitter:data2\" content=\"2 minutos\" \/>\n<script type=\"application\/ld+json\" class=\"yoast-schema-graph\">{\"@context\":\"https:\\\/\\\/schema.org\",\"@graph\":[{\"@type\":\"Article\",\"@id\":\"https:\\\/\\\/www.ernanipolo.com.br\\\/wp\\\/pela-valorizacao-da-musica-do-rio-grande-do-sul\\\/#article\",\"isPartOf\":{\"@id\":\"https:\\\/\\\/www.ernanipolo.com.br\\\/wp\\\/pela-valorizacao-da-musica-do-rio-grande-do-sul\\\/\"},\"author\":{\"name\":\"Assessoria\",\"@id\":\"https:\\\/\\\/www.ernanipolo.com.br\\\/wp\\\/#\\\/schema\\\/person\\\/495081e5f89df1864e457bc25058eb32\"},\"headline\":\"Pela Valoriza\u00e7\u00e3o da M\u00fasica do Rio Grande do Sul\u00a0\",\"datePublished\":\"2022-07-07T14:27:10+00:00\",\"dateModified\":\"2022-07-07T14:30:48+00:00\",\"mainEntityOfPage\":{\"@id\":\"https:\\\/\\\/www.ernanipolo.com.br\\\/wp\\\/pela-valorizacao-da-musica-do-rio-grande-do-sul\\\/\"},\"wordCount\":396,\"commentCount\":0,\"publisher\":{\"@id\":\"https:\\\/\\\/www.ernanipolo.com.br\\\/wp\\\/#organization\"},\"image\":{\"@id\":\"https:\\\/\\\/www.ernanipolo.com.br\\\/wp\\\/pela-valorizacao-da-musica-do-rio-grande-do-sul\\\/#primaryimage\"},\"thumbnailUrl\":\"https:\\\/\\\/www.ernanipolo.com.br\\\/wp\\\/wp-content\\\/uploads\\\/2022\\\/07\\\/IMG-20220705-WA0046.jpg\",\"keywords\":[\"tradi\u00e7\u00e3o\"],\"articleSection\":[\"Not\u00edcias\",\"Destaque\"],\"inLanguage\":\"pt-BR\",\"potentialAction\":[{\"@type\":\"CommentAction\",\"name\":\"Comment\",\"target\":[\"https:\\\/\\\/www.ernanipolo.com.br\\\/wp\\\/pela-valorizacao-da-musica-do-rio-grande-do-sul\\\/#respond\"]}]},{\"@type\":\"WebPage\",\"@id\":\"https:\\\/\\\/www.ernanipolo.com.br\\\/wp\\\/pela-valorizacao-da-musica-do-rio-grande-do-sul\\\/\",\"url\":\"https:\\\/\\\/www.ernanipolo.com.br\\\/wp\\\/pela-valorizacao-da-musica-do-rio-grande-do-sul\\\/\",\"name\":\"Pela Valoriza\u00e7\u00e3o da M\u00fasica do Rio Grande do Sul\u00a0 - Ernani Polo\",\"isPartOf\":{\"@id\":\"https:\\\/\\\/www.ernanipolo.com.br\\\/wp\\\/#website\"},\"primaryImageOfPage\":{\"@id\":\"https:\\\/\\\/www.ernanipolo.com.br\\\/wp\\\/pela-valorizacao-da-musica-do-rio-grande-do-sul\\\/#primaryimage\"},\"image\":{\"@id\":\"https:\\\/\\\/www.ernanipolo.com.br\\\/wp\\\/pela-valorizacao-da-musica-do-rio-grande-do-sul\\\/#primaryimage\"},\"thumbnailUrl\":\"https:\\\/\\\/www.ernanipolo.com.br\\\/wp\\\/wp-content\\\/uploads\\\/2022\\\/07\\\/IMG-20220705-WA0046.jpg\",\"datePublished\":\"2022-07-07T14:27:10+00:00\",\"dateModified\":\"2022-07-07T14:30:48+00:00\",\"inLanguage\":\"pt-BR\",\"potentialAction\":[{\"@type\":\"ReadAction\",\"target\":[\"https:\\\/\\\/www.ernanipolo.com.br\\\/wp\\\/pela-valorizacao-da-musica-do-rio-grande-do-sul\\\/\"]}]},{\"@type\":\"ImageObject\",\"inLanguage\":\"pt-BR\",\"@id\":\"https:\\\/\\\/www.ernanipolo.com.br\\\/wp\\\/pela-valorizacao-da-musica-do-rio-grande-do-sul\\\/#primaryimage\",\"url\":\"https:\\\/\\\/www.ernanipolo.com.br\\\/wp\\\/wp-content\\\/uploads\\\/2022\\\/07\\\/IMG-20220705-WA0046.jpg\",\"contentUrl\":\"https:\\\/\\\/www.ernanipolo.com.br\\\/wp\\\/wp-content\\\/uploads\\\/2022\\\/07\\\/IMG-20220705-WA0046.jpg\",\"width\":1280,\"height\":720,\"caption\":\"Deputado discutiu com artistas e entidades a valoriza\u00e7\u00e3o da m\u00fasica do RS\"},{\"@type\":\"WebSite\",\"@id\":\"https:\\\/\\\/www.ernanipolo.com.br\\\/wp\\\/#website\",\"url\":\"https:\\\/\\\/www.ernanipolo.com.br\\\/wp\\\/\",\"name\":\"Ernani Polo\",\"description\":\"\",\"publisher\":{\"@id\":\"https:\\\/\\\/www.ernanipolo.com.br\\\/wp\\\/#organization\"},\"potentialAction\":[{\"@type\":\"SearchAction\",\"target\":{\"@type\":\"EntryPoint\",\"urlTemplate\":\"https:\\\/\\\/www.ernanipolo.com.br\\\/wp\\\/?s={search_term_string}\"},\"query-input\":{\"@type\":\"PropertyValueSpecification\",\"valueRequired\":true,\"valueName\":\"search_term_string\"}}],\"inLanguage\":\"pt-BR\"},{\"@type\":\"Organization\",\"@id\":\"https:\\\/\\\/www.ernanipolo.com.br\\\/wp\\\/#organization\",\"name\":\"Ernani Polo\",\"url\":\"https:\\\/\\\/www.ernanipolo.com.br\\\/wp\\\/\",\"logo\":{\"@type\":\"ImageObject\",\"inLanguage\":\"pt-BR\",\"@id\":\"https:\\\/\\\/www.ernanipolo.com.br\\\/wp\\\/#\\\/schema\\\/logo\\\/image\\\/\",\"url\":\"https:\\\/\\\/www.ernanipolo.com.br\\\/wp\\\/wp-content\\\/uploads\\\/2023\\\/09\\\/Logo-Azul-Ernani-Polo.png\",\"contentUrl\":\"https:\\\/\\\/www.ernanipolo.com.br\\\/wp\\\/wp-content\\\/uploads\\\/2023\\\/09\\\/Logo-Azul-Ernani-Polo.png\",\"width\":630,\"height\":162,\"caption\":\"Ernani Polo\"},\"image\":{\"@id\":\"https:\\\/\\\/www.ernanipolo.com.br\\\/wp\\\/#\\\/schema\\\/logo\\\/image\\\/\"}},{\"@type\":\"Person\",\"@id\":\"https:\\\/\\\/www.ernanipolo.com.br\\\/wp\\\/#\\\/schema\\\/person\\\/495081e5f89df1864e457bc25058eb32\",\"name\":\"Assessoria\",\"image\":{\"@type\":\"ImageObject\",\"inLanguage\":\"pt-BR\",\"@id\":\"https:\\\/\\\/secure.gravatar.com\\\/avatar\\\/fb9fbf9c7f51269c39fd7432c2ca37dcb848f2e01061b91c2515b159534f94f8?s=96&d=mm&r=g\",\"url\":\"https:\\\/\\\/secure.gravatar.com\\\/avatar\\\/fb9fbf9c7f51269c39fd7432c2ca37dcb848f2e01061b91c2515b159534f94f8?s=96&d=mm&r=g\",\"contentUrl\":\"https:\\\/\\\/secure.gravatar.com\\\/avatar\\\/fb9fbf9c7f51269c39fd7432c2ca37dcb848f2e01061b91c2515b159534f94f8?s=96&d=mm&r=g\",\"caption\":\"Assessoria\"},\"url\":\"https:\\\/\\\/www.ernanipolo.com.br\\\/wp\\\/author\\\/assessoria\\\/\"}]}<\/script>\n<!-- \/ Yoast SEO plugin. -->","yoast_head_json":{"title":"Pela Valoriza\u00e7\u00e3o da M\u00fasica do Rio Grande do Sul\u00a0 - Ernani Polo","robots":{"index":"index","follow":"follow","max-snippet":"max-snippet:-1","max-image-preview":"max-image-preview:large","max-video-preview":"max-video-preview:-1"},"canonical":"https:\/\/www.ernanipolo.com.br\/wp\/pela-valorizacao-da-musica-do-rio-grande-do-sul\/","og_locale":"pt_BR","og_type":"article","og_title":"Pela Valoriza\u00e7\u00e3o da M\u00fasica do Rio Grande do Sul\u00a0 - Ernani Polo","og_description":"A Assembleia Legislativa realizou audi\u00eancia p\u00fablica, proposta pelo deputado Ernani Polo, que debateu a valoriza\u00e7\u00e3o da m\u00fasica regional ga\u00facha em &hellip; Continue reading Pela Valoriza\u00e7\u00e3o da M\u00fasica do Rio Grande do Sul\u00a0","og_url":"https:\/\/www.ernanipolo.com.br\/wp\/pela-valorizacao-da-musica-do-rio-grande-do-sul\/","og_site_name":"Ernani Polo","article_published_time":"2022-07-07T14:27:10+00:00","article_modified_time":"2022-07-07T14:30:48+00:00","og_image":[{"width":1280,"height":720,"url":"https:\/\/www.ernanipolo.com.br\/wp\/wp-content\/uploads\/2022\/07\/IMG-20220705-WA0046.jpg","type":"image\/jpeg"}],"author":"Assessoria","twitter_card":"summary_large_image","twitter_misc":{"Escrito por":"Assessoria","Est. tempo de leitura":"2 minutos"},"schema":{"@context":"https:\/\/schema.org","@graph":[{"@type":"Article","@id":"https:\/\/www.ernanipolo.com.br\/wp\/pela-valorizacao-da-musica-do-rio-grande-do-sul\/#article","isPartOf":{"@id":"https:\/\/www.ernanipolo.com.br\/wp\/pela-valorizacao-da-musica-do-rio-grande-do-sul\/"},"author":{"name":"Assessoria","@id":"https:\/\/www.ernanipolo.com.br\/wp\/#\/schema\/person\/495081e5f89df1864e457bc25058eb32"},"headline":"Pela Valoriza\u00e7\u00e3o da M\u00fasica do Rio Grande do Sul\u00a0","datePublished":"2022-07-07T14:27:10+00:00","dateModified":"2022-07-07T14:30:48+00:00","mainEntityOfPage":{"@id":"https:\/\/www.ernanipolo.com.br\/wp\/pela-valorizacao-da-musica-do-rio-grande-do-sul\/"},"wordCount":396,"commentCount":0,"publisher":{"@id":"https:\/\/www.ernanipolo.com.br\/wp\/#organization"},"image":{"@id":"https:\/\/www.ernanipolo.com.br\/wp\/pela-valorizacao-da-musica-do-rio-grande-do-sul\/#primaryimage"},"thumbnailUrl":"https:\/\/www.ernanipolo.com.br\/wp\/wp-content\/uploads\/2022\/07\/IMG-20220705-WA0046.jpg","keywords":["tradi\u00e7\u00e3o"],"articleSection":["Not\u00edcias","Destaque"],"inLanguage":"pt-BR","potentialAction":[{"@type":"CommentAction","name":"Comment","target":["https:\/\/www.ernanipolo.com.br\/wp\/pela-valorizacao-da-musica-do-rio-grande-do-sul\/#respond"]}]},{"@type":"WebPage","@id":"https:\/\/www.ernanipolo.com.br\/wp\/pela-valorizacao-da-musica-do-rio-grande-do-sul\/","url":"https:\/\/www.ernanipolo.com.br\/wp\/pela-valorizacao-da-musica-do-rio-grande-do-sul\/","name":"Pela Valoriza\u00e7\u00e3o da M\u00fasica do Rio Grande do Sul\u00a0 - Ernani Polo","isPartOf":{"@id":"https:\/\/www.ernanipolo.com.br\/wp\/#website"},"primaryImageOfPage":{"@id":"https:\/\/www.ernanipolo.com.br\/wp\/pela-valorizacao-da-musica-do-rio-grande-do-sul\/#primaryimage"},"image":{"@id":"https:\/\/www.ernanipolo.com.br\/wp\/pela-valorizacao-da-musica-do-rio-grande-do-sul\/#primaryimage"},"thumbnailUrl":"https:\/\/www.ernanipolo.com.br\/wp\/wp-content\/uploads\/2022\/07\/IMG-20220705-WA0046.jpg","datePublished":"2022-07-07T14:27:10+00:00","dateModified":"2022-07-07T14:30:48+00:00","inLanguage":"pt-BR","potentialAction":[{"@type":"ReadAction","target":["https:\/\/www.ernanipolo.com.br\/wp\/pela-valorizacao-da-musica-do-rio-grande-do-sul\/"]}]},{"@type":"ImageObject","inLanguage":"pt-BR","@id":"https:\/\/www.ernanipolo.com.br\/wp\/pela-valorizacao-da-musica-do-rio-grande-do-sul\/#primaryimage","url":"https:\/\/www.ernanipolo.com.br\/wp\/wp-content\/uploads\/2022\/07\/IMG-20220705-WA0046.jpg","contentUrl":"https:\/\/www.ernanipolo.com.br\/wp\/wp-content\/uploads\/2022\/07\/IMG-20220705-WA0046.jpg","width":1280,"height":720,"caption":"Deputado discutiu com artistas e entidades a valoriza\u00e7\u00e3o da m\u00fasica do RS"},{"@type":"WebSite","@id":"https:\/\/www.ernanipolo.com.br\/wp\/#website","url":"https:\/\/www.ernanipolo.com.br\/wp\/","name":"Ernani Polo","description":"","publisher":{"@id":"https:\/\/www.ernanipolo.com.br\/wp\/#organization"},"potentialAction":[{"@type":"SearchAction","target":{"@type":"EntryPoint","urlTemplate":"https:\/\/www.ernanipolo.com.br\/wp\/?s={search_term_string}"},"query-input":{"@type":"PropertyValueSpecification","valueRequired":true,"valueName":"search_term_string"}}],"inLanguage":"pt-BR"},{"@type":"Organization","@id":"https:\/\/www.ernanipolo.com.br\/wp\/#organization","name":"Ernani Polo","url":"https:\/\/www.ernanipolo.com.br\/wp\/","logo":{"@type":"ImageObject","inLanguage":"pt-BR","@id":"https:\/\/www.ernanipolo.com.br\/wp\/#\/schema\/logo\/image\/","url":"https:\/\/www.ernanipolo.com.br\/wp\/wp-content\/uploads\/2023\/09\/Logo-Azul-Ernani-Polo.png","contentUrl":"https:\/\/www.ernanipolo.com.br\/wp\/wp-content\/uploads\/2023\/09\/Logo-Azul-Ernani-Polo.png","width":630,"height":162,"caption":"Ernani Polo"},"image":{"@id":"https:\/\/www.ernanipolo.com.br\/wp\/#\/schema\/logo\/image\/"}},{"@type":"Person","@id":"https:\/\/www.ernanipolo.com.br\/wp\/#\/schema\/person\/495081e5f89df1864e457bc25058eb32","name":"Assessoria","image":{"@type":"ImageObject","inLanguage":"pt-BR","@id":"https:\/\/secure.gravatar.com\/avatar\/fb9fbf9c7f51269c39fd7432c2ca37dcb848f2e01061b91c2515b159534f94f8?s=96&d=mm&r=g","url":"https:\/\/secure.gravatar.com\/avatar\/fb9fbf9c7f51269c39fd7432c2ca37dcb848f2e01061b91c2515b159534f94f8?s=96&d=mm&r=g","contentUrl":"https:\/\/secure.gravatar.com\/avatar\/fb9fbf9c7f51269c39fd7432c2ca37dcb848f2e01061b91c2515b159534f94f8?s=96&d=mm&r=g","caption":"Assessoria"},"url":"https:\/\/www.ernanipolo.com.br\/wp\/author\/assessoria\/"}]}},"jetpack_featured_media_url":"https:\/\/www.ernanipolo.com.br\/wp\/wp-content\/uploads\/2022\/07\/IMG-20220705-WA0046.jpg","jetpack_sharing_enabled":true,"_links":{"self":[{"href":"https:\/\/www.ernanipolo.com.br\/wp\/wp-json\/wp\/v2\/posts\/5778","targetHints":{"allow":["GET"]}}],"collection":[{"href":"https:\/\/www.ernanipolo.com.br\/wp\/wp-json\/wp\/v2\/posts"}],"about":[{"href":"https:\/\/www.ernanipolo.com.br\/wp\/wp-json\/wp\/v2\/types\/post"}],"author":[{"embeddable":true,"href":"https:\/\/www.ernanipolo.com.br\/wp\/wp-json\/wp\/v2\/users\/3"}],"replies":[{"embeddable":true,"href":"https:\/\/www.ernanipolo.com.br\/wp\/wp-json\/wp\/v2\/comments?post=5778"}],"version-history":[{"count":1,"href":"https:\/\/www.ernanipolo.com.br\/wp\/wp-json\/wp\/v2\/posts\/5778\/revisions"}],"predecessor-version":[{"id":5781,"href":"https:\/\/www.ernanipolo.com.br\/wp\/wp-json\/wp\/v2\/posts\/5778\/revisions\/5781"}],"wp:featuredmedia":[{"embeddable":true,"href":"https:\/\/www.ernanipolo.com.br\/wp\/wp-json\/wp\/v2\/media\/5780"}],"wp:attachment":[{"href":"https:\/\/www.ernanipolo.com.br\/wp\/wp-json\/wp\/v2\/media?parent=5778"}],"wp:term":[{"taxonomy":"category","embeddable":true,"href":"https:\/\/www.ernanipolo.com.br\/wp\/wp-json\/wp\/v2\/categories?post=5778"},{"taxonomy":"post_tag","embeddable":true,"href":"https:\/\/www.ernanipolo.com.br\/wp\/wp-json\/wp\/v2\/tags?post=5778"}],"curies":[{"name":"wp","href":"https:\/\/api.w.org\/{rel}","templated":true}]}}