{"id":5596,"date":"2022-02-07T13:09:41","date_gmt":"2022-02-07T16:09:41","guid":{"rendered":"https:\/\/www.ernanipolo.com.br\/wp\/?p=5596"},"modified":"2022-02-18T02:20:22","modified_gmt":"2022-02-18T05:20:22","slug":"representacao-na-secretaria-de-obras-e-habitacao","status":"publish","type":"post","link":"https:\/\/www.ernanipolo.com.br\/wp\/representacao-na-secretaria-de-obras-e-habitacao\/","title":{"rendered":"Representa\u00e7\u00e3o na Secretaria de Obras e Habita\u00e7\u00e3o"},"content":{"rendered":"<p>O nosso colega de gabinete, Leandro Evaldt, esteve na Secretaria de Obras e Habita\u00e7\u00e3o na manh\u00e3 dessa segunda-feira (7), acompanhando a assinatura de conv\u00eanios entre munic\u00edpios e Estado para investimentos em infraestrutura. Destaco a presen\u00e7a do secret\u00e1rio de obras Jos\u00e9 St\u00e9dile, representando Santo Augusto a Coordenadora de Cultura e Turismo, Dorot\u00e9a Schaeffer e o prefeito de Itati, Flori Werb.<\/p>\n<p>&nbsp;<\/p>\n","protected":false},"excerpt":{"rendered":"<p>O nosso colega de gabinete, Leandro Evaldt, esteve na Secretaria de Obras e Habita\u00e7\u00e3o na manh\u00e3 dessa segunda-feira (7), acompanhando &hellip; <a href=\"https:\/\/www.ernanipolo.com.br\/wp\/representacao-na-secretaria-de-obras-e-habitacao\/\" class=\"more-link\">Continue reading <span class=\"screen-reader-text\">Representa\u00e7\u00e3o na Secretaria de Obras e Habita\u00e7\u00e3o<\/span><\/a><\/p>\n","protected":false},"author":3,"featured_media":5597,"comment_status":"open","ping_status":"open","sticky":false,"template":"","format":"standard","meta":{"_acf_changed":false,"_jetpack_memberships_contains_paid_content":false,"footnotes":""},"categories":[1],"tags":[],"class_list":["post-5596","post","type-post","status-publish","format-standard","has-post-thumbnail","hentry","category-uncategorized"],"acf":[],"yoast_head":"<!-- This site is optimized with the Yoast SEO plugin v27.5 - https:\/\/yoast.com\/product\/yoast-seo-wordpress\/ -->\n<title>Representa\u00e7\u00e3o na Secretaria de Obras e Habita\u00e7\u00e3o - Ernani Polo<\/title>\n<meta name=\"robots\" content=\"index, follow, max-snippet:-1, max-image-preview:large, max-video-preview:-1\" \/>\n<link rel=\"canonical\" href=\"https:\/\/www.ernanipolo.com.br\/wp\/representacao-na-secretaria-de-obras-e-habitacao\/\" \/>\n<meta property=\"og:locale\" content=\"pt_BR\" \/>\n<meta property=\"og:type\" content=\"article\" \/>\n<meta property=\"og:title\" content=\"Representa\u00e7\u00e3o na Secretaria de Obras e Habita\u00e7\u00e3o - Ernani Polo\" \/>\n<meta property=\"og:description\" content=\"O nosso colega de gabinete, Leandro Evaldt, esteve na Secretaria de Obras e Habita\u00e7\u00e3o na manh\u00e3 dessa segunda-feira (7), acompanhando &hellip; Continue reading Representa\u00e7\u00e3o na Secretaria de Obras e Habita\u00e7\u00e3o\" \/>\n<meta property=\"og:url\" content=\"https:\/\/www.ernanipolo.com.br\/wp\/representacao-na-secretaria-de-obras-e-habitacao\/\" \/>\n<meta property=\"og:site_name\" content=\"Ernani Polo\" \/>\n<meta property=\"article:published_time\" content=\"2022-02-07T16:09:41+00:00\" \/>\n<meta property=\"article:modified_time\" content=\"2022-02-18T05:20:22+00:00\" \/>\n<meta property=\"og:image\" content=\"https:\/\/www.ernanipolo.com.br\/wp\/wp-content\/uploads\/2022\/02\/6-12.jpg\" \/>\n\t<meta property=\"og:image:width\" content=\"2048\" \/>\n\t<meta property=\"og:image:height\" content=\"1151\" \/>\n\t<meta property=\"og:image:type\" content=\"image\/jpeg\" \/>\n<meta name=\"author\" content=\"Assessoria\" \/>\n<meta name=\"twitter:card\" content=\"summary_large_image\" \/>\n<meta name=\"twitter:label1\" content=\"Escrito por\" \/>\n\t<meta name=\"twitter:data1\" content=\"Assessoria\" \/>\n\t<meta name=\"twitter:label2\" content=\"Est. tempo de leitura\" \/>\n\t<meta name=\"twitter:data2\" content=\"1 minuto\" \/>\n<script type=\"application\/ld+json\" class=\"yoast-schema-graph\">{\"@context\":\"https:\\\/\\\/schema.org\",\"@graph\":[{\"@type\":\"Article\",\"@id\":\"https:\\\/\\\/www.ernanipolo.com.br\\\/wp\\\/representacao-na-secretaria-de-obras-e-habitacao\\\/#article\",\"isPartOf\":{\"@id\":\"https:\\\/\\\/www.ernanipolo.com.br\\\/wp\\\/representacao-na-secretaria-de-obras-e-habitacao\\\/\"},\"author\":{\"name\":\"Assessoria\",\"@id\":\"https:\\\/\\\/www.ernanipolo.com.br\\\/wp\\\/#\\\/schema\\\/person\\\/495081e5f89df1864e457bc25058eb32\"},\"headline\":\"Representa\u00e7\u00e3o na Secretaria de Obras e Habita\u00e7\u00e3o\",\"datePublished\":\"2022-02-07T16:09:41+00:00\",\"dateModified\":\"2022-02-18T05:20:22+00:00\",\"mainEntityOfPage\":{\"@id\":\"https:\\\/\\\/www.ernanipolo.com.br\\\/wp\\\/representacao-na-secretaria-de-obras-e-habitacao\\\/\"},\"wordCount\":75,\"commentCount\":0,\"publisher\":{\"@id\":\"https:\\\/\\\/www.ernanipolo.com.br\\\/wp\\\/#organization\"},\"image\":{\"@id\":\"https:\\\/\\\/www.ernanipolo.com.br\\\/wp\\\/representacao-na-secretaria-de-obras-e-habitacao\\\/#primaryimage\"},\"thumbnailUrl\":\"https:\\\/\\\/www.ernanipolo.com.br\\\/wp\\\/wp-content\\\/uploads\\\/2022\\\/02\\\/6-12.jpg\",\"articleSection\":[\"Uncategorized\"],\"inLanguage\":\"pt-BR\",\"potentialAction\":[{\"@type\":\"CommentAction\",\"name\":\"Comment\",\"target\":[\"https:\\\/\\\/www.ernanipolo.com.br\\\/wp\\\/representacao-na-secretaria-de-obras-e-habitacao\\\/#respond\"]}]},{\"@type\":\"WebPage\",\"@id\":\"https:\\\/\\\/www.ernanipolo.com.br\\\/wp\\\/representacao-na-secretaria-de-obras-e-habitacao\\\/\",\"url\":\"https:\\\/\\\/www.ernanipolo.com.br\\\/wp\\\/representacao-na-secretaria-de-obras-e-habitacao\\\/\",\"name\":\"Representa\u00e7\u00e3o na Secretaria de Obras e Habita\u00e7\u00e3o - Ernani Polo\",\"isPartOf\":{\"@id\":\"https:\\\/\\\/www.ernanipolo.com.br\\\/wp\\\/#website\"},\"primaryImageOfPage\":{\"@id\":\"https:\\\/\\\/www.ernanipolo.com.br\\\/wp\\\/representacao-na-secretaria-de-obras-e-habitacao\\\/#primaryimage\"},\"image\":{\"@id\":\"https:\\\/\\\/www.ernanipolo.com.br\\\/wp\\\/representacao-na-secretaria-de-obras-e-habitacao\\\/#primaryimage\"},\"thumbnailUrl\":\"https:\\\/\\\/www.ernanipolo.com.br\\\/wp\\\/wp-content\\\/uploads\\\/2022\\\/02\\\/6-12.jpg\",\"datePublished\":\"2022-02-07T16:09:41+00:00\",\"dateModified\":\"2022-02-18T05:20:22+00:00\",\"inLanguage\":\"pt-BR\",\"potentialAction\":[{\"@type\":\"ReadAction\",\"target\":[\"https:\\\/\\\/www.ernanipolo.com.br\\\/wp\\\/representacao-na-secretaria-de-obras-e-habitacao\\\/\"]}]},{\"@type\":\"ImageObject\",\"inLanguage\":\"pt-BR\",\"@id\":\"https:\\\/\\\/www.ernanipolo.com.br\\\/wp\\\/representacao-na-secretaria-de-obras-e-habitacao\\\/#primaryimage\",\"url\":\"https:\\\/\\\/www.ernanipolo.com.br\\\/wp\\\/wp-content\\\/uploads\\\/2022\\\/02\\\/6-12.jpg\",\"contentUrl\":\"https:\\\/\\\/www.ernanipolo.com.br\\\/wp\\\/wp-content\\\/uploads\\\/2022\\\/02\\\/6-12.jpg\",\"width\":2048,\"height\":1151},{\"@type\":\"WebSite\",\"@id\":\"https:\\\/\\\/www.ernanipolo.com.br\\\/wp\\\/#website\",\"url\":\"https:\\\/\\\/www.ernanipolo.com.br\\\/wp\\\/\",\"name\":\"Ernani Polo\",\"description\":\"\",\"publisher\":{\"@id\":\"https:\\\/\\\/www.ernanipolo.com.br\\\/wp\\\/#organization\"},\"potentialAction\":[{\"@type\":\"SearchAction\",\"target\":{\"@type\":\"EntryPoint\",\"urlTemplate\":\"https:\\\/\\\/www.ernanipolo.com.br\\\/wp\\\/?s={search_term_string}\"},\"query-input\":{\"@type\":\"PropertyValueSpecification\",\"valueRequired\":true,\"valueName\":\"search_term_string\"}}],\"inLanguage\":\"pt-BR\"},{\"@type\":\"Organization\",\"@id\":\"https:\\\/\\\/www.ernanipolo.com.br\\\/wp\\\/#organization\",\"name\":\"Ernani Polo\",\"url\":\"https:\\\/\\\/www.ernanipolo.com.br\\\/wp\\\/\",\"logo\":{\"@type\":\"ImageObject\",\"inLanguage\":\"pt-BR\",\"@id\":\"https:\\\/\\\/www.ernanipolo.com.br\\\/wp\\\/#\\\/schema\\\/logo\\\/image\\\/\",\"url\":\"https:\\\/\\\/www.ernanipolo.com.br\\\/wp\\\/wp-content\\\/uploads\\\/2023\\\/09\\\/Logo-Azul-Ernani-Polo.png\",\"contentUrl\":\"https:\\\/\\\/www.ernanipolo.com.br\\\/wp\\\/wp-content\\\/uploads\\\/2023\\\/09\\\/Logo-Azul-Ernani-Polo.png\",\"width\":630,\"height\":162,\"caption\":\"Ernani Polo\"},\"image\":{\"@id\":\"https:\\\/\\\/www.ernanipolo.com.br\\\/wp\\\/#\\\/schema\\\/logo\\\/image\\\/\"}},{\"@type\":\"Person\",\"@id\":\"https:\\\/\\\/www.ernanipolo.com.br\\\/wp\\\/#\\\/schema\\\/person\\\/495081e5f89df1864e457bc25058eb32\",\"name\":\"Assessoria\",\"image\":{\"@type\":\"ImageObject\",\"inLanguage\":\"pt-BR\",\"@id\":\"https:\\\/\\\/secure.gravatar.com\\\/avatar\\\/fb9fbf9c7f51269c39fd7432c2ca37dcb848f2e01061b91c2515b159534f94f8?s=96&d=mm&r=g\",\"url\":\"https:\\\/\\\/secure.gravatar.com\\\/avatar\\\/fb9fbf9c7f51269c39fd7432c2ca37dcb848f2e01061b91c2515b159534f94f8?s=96&d=mm&r=g\",\"contentUrl\":\"https:\\\/\\\/secure.gravatar.com\\\/avatar\\\/fb9fbf9c7f51269c39fd7432c2ca37dcb848f2e01061b91c2515b159534f94f8?s=96&d=mm&r=g\",\"caption\":\"Assessoria\"},\"url\":\"https:\\\/\\\/www.ernanipolo.com.br\\\/wp\\\/author\\\/assessoria\\\/\"}]}<\/script>\n<!-- \/ Yoast SEO plugin. -->","yoast_head_json":{"title":"Representa\u00e7\u00e3o na Secretaria de Obras e Habita\u00e7\u00e3o - Ernani Polo","robots":{"index":"index","follow":"follow","max-snippet":"max-snippet:-1","max-image-preview":"max-image-preview:large","max-video-preview":"max-video-preview:-1"},"canonical":"https:\/\/www.ernanipolo.com.br\/wp\/representacao-na-secretaria-de-obras-e-habitacao\/","og_locale":"pt_BR","og_type":"article","og_title":"Representa\u00e7\u00e3o na Secretaria de Obras e Habita\u00e7\u00e3o - Ernani Polo","og_description":"O nosso colega de gabinete, Leandro Evaldt, esteve na Secretaria de Obras e Habita\u00e7\u00e3o na manh\u00e3 dessa segunda-feira (7), acompanhando &hellip; Continue reading Representa\u00e7\u00e3o na Secretaria de Obras e Habita\u00e7\u00e3o","og_url":"https:\/\/www.ernanipolo.com.br\/wp\/representacao-na-secretaria-de-obras-e-habitacao\/","og_site_name":"Ernani Polo","article_published_time":"2022-02-07T16:09:41+00:00","article_modified_time":"2022-02-18T05:20:22+00:00","og_image":[{"width":2048,"height":1151,"url":"https:\/\/www.ernanipolo.com.br\/wp\/wp-content\/uploads\/2022\/02\/6-12.jpg","type":"image\/jpeg"}],"author":"Assessoria","twitter_card":"summary_large_image","twitter_misc":{"Escrito por":"Assessoria","Est. tempo de leitura":"1 minuto"},"schema":{"@context":"https:\/\/schema.org","@graph":[{"@type":"Article","@id":"https:\/\/www.ernanipolo.com.br\/wp\/representacao-na-secretaria-de-obras-e-habitacao\/#article","isPartOf":{"@id":"https:\/\/www.ernanipolo.com.br\/wp\/representacao-na-secretaria-de-obras-e-habitacao\/"},"author":{"name":"Assessoria","@id":"https:\/\/www.ernanipolo.com.br\/wp\/#\/schema\/person\/495081e5f89df1864e457bc25058eb32"},"headline":"Representa\u00e7\u00e3o na Secretaria de Obras e Habita\u00e7\u00e3o","datePublished":"2022-02-07T16:09:41+00:00","dateModified":"2022-02-18T05:20:22+00:00","mainEntityOfPage":{"@id":"https:\/\/www.ernanipolo.com.br\/wp\/representacao-na-secretaria-de-obras-e-habitacao\/"},"wordCount":75,"commentCount":0,"publisher":{"@id":"https:\/\/www.ernanipolo.com.br\/wp\/#organization"},"image":{"@id":"https:\/\/www.ernanipolo.com.br\/wp\/representacao-na-secretaria-de-obras-e-habitacao\/#primaryimage"},"thumbnailUrl":"https:\/\/www.ernanipolo.com.br\/wp\/wp-content\/uploads\/2022\/02\/6-12.jpg","articleSection":["Uncategorized"],"inLanguage":"pt-BR","potentialAction":[{"@type":"CommentAction","name":"Comment","target":["https:\/\/www.ernanipolo.com.br\/wp\/representacao-na-secretaria-de-obras-e-habitacao\/#respond"]}]},{"@type":"WebPage","@id":"https:\/\/www.ernanipolo.com.br\/wp\/representacao-na-secretaria-de-obras-e-habitacao\/","url":"https:\/\/www.ernanipolo.com.br\/wp\/representacao-na-secretaria-de-obras-e-habitacao\/","name":"Representa\u00e7\u00e3o na Secretaria de Obras e Habita\u00e7\u00e3o - Ernani Polo","isPartOf":{"@id":"https:\/\/www.ernanipolo.com.br\/wp\/#website"},"primaryImageOfPage":{"@id":"https:\/\/www.ernanipolo.com.br\/wp\/representacao-na-secretaria-de-obras-e-habitacao\/#primaryimage"},"image":{"@id":"https:\/\/www.ernanipolo.com.br\/wp\/representacao-na-secretaria-de-obras-e-habitacao\/#primaryimage"},"thumbnailUrl":"https:\/\/www.ernanipolo.com.br\/wp\/wp-content\/uploads\/2022\/02\/6-12.jpg","datePublished":"2022-02-07T16:09:41+00:00","dateModified":"2022-02-18T05:20:22+00:00","inLanguage":"pt-BR","potentialAction":[{"@type":"ReadAction","target":["https:\/\/www.ernanipolo.com.br\/wp\/representacao-na-secretaria-de-obras-e-habitacao\/"]}]},{"@type":"ImageObject","inLanguage":"pt-BR","@id":"https:\/\/www.ernanipolo.com.br\/wp\/representacao-na-secretaria-de-obras-e-habitacao\/#primaryimage","url":"https:\/\/www.ernanipolo.com.br\/wp\/wp-content\/uploads\/2022\/02\/6-12.jpg","contentUrl":"https:\/\/www.ernanipolo.com.br\/wp\/wp-content\/uploads\/2022\/02\/6-12.jpg","width":2048,"height":1151},{"@type":"WebSite","@id":"https:\/\/www.ernanipolo.com.br\/wp\/#website","url":"https:\/\/www.ernanipolo.com.br\/wp\/","name":"Ernani Polo","description":"","publisher":{"@id":"https:\/\/www.ernanipolo.com.br\/wp\/#organization"},"potentialAction":[{"@type":"SearchAction","target":{"@type":"EntryPoint","urlTemplate":"https:\/\/www.ernanipolo.com.br\/wp\/?s={search_term_string}"},"query-input":{"@type":"PropertyValueSpecification","valueRequired":true,"valueName":"search_term_string"}}],"inLanguage":"pt-BR"},{"@type":"Organization","@id":"https:\/\/www.ernanipolo.com.br\/wp\/#organization","name":"Ernani Polo","url":"https:\/\/www.ernanipolo.com.br\/wp\/","logo":{"@type":"ImageObject","inLanguage":"pt-BR","@id":"https:\/\/www.ernanipolo.com.br\/wp\/#\/schema\/logo\/image\/","url":"https:\/\/www.ernanipolo.com.br\/wp\/wp-content\/uploads\/2023\/09\/Logo-Azul-Ernani-Polo.png","contentUrl":"https:\/\/www.ernanipolo.com.br\/wp\/wp-content\/uploads\/2023\/09\/Logo-Azul-Ernani-Polo.png","width":630,"height":162,"caption":"Ernani Polo"},"image":{"@id":"https:\/\/www.ernanipolo.com.br\/wp\/#\/schema\/logo\/image\/"}},{"@type":"Person","@id":"https:\/\/www.ernanipolo.com.br\/wp\/#\/schema\/person\/495081e5f89df1864e457bc25058eb32","name":"Assessoria","image":{"@type":"ImageObject","inLanguage":"pt-BR","@id":"https:\/\/secure.gravatar.com\/avatar\/fb9fbf9c7f51269c39fd7432c2ca37dcb848f2e01061b91c2515b159534f94f8?s=96&d=mm&r=g","url":"https:\/\/secure.gravatar.com\/avatar\/fb9fbf9c7f51269c39fd7432c2ca37dcb848f2e01061b91c2515b159534f94f8?s=96&d=mm&r=g","contentUrl":"https:\/\/secure.gravatar.com\/avatar\/fb9fbf9c7f51269c39fd7432c2ca37dcb848f2e01061b91c2515b159534f94f8?s=96&d=mm&r=g","caption":"Assessoria"},"url":"https:\/\/www.ernanipolo.com.br\/wp\/author\/assessoria\/"}]}},"jetpack_featured_media_url":"https:\/\/www.ernanipolo.com.br\/wp\/wp-content\/uploads\/2022\/02\/6-12.jpg","jetpack_sharing_enabled":true,"_links":{"self":[{"href":"https:\/\/www.ernanipolo.com.br\/wp\/wp-json\/wp\/v2\/posts\/5596","targetHints":{"allow":["GET"]}}],"collection":[{"href":"https:\/\/www.ernanipolo.com.br\/wp\/wp-json\/wp\/v2\/posts"}],"about":[{"href":"https:\/\/www.ernanipolo.com.br\/wp\/wp-json\/wp\/v2\/types\/post"}],"author":[{"embeddable":true,"href":"https:\/\/www.ernanipolo.com.br\/wp\/wp-json\/wp\/v2\/users\/3"}],"replies":[{"embeddable":true,"href":"https:\/\/www.ernanipolo.com.br\/wp\/wp-json\/wp\/v2\/comments?post=5596"}],"version-history":[{"count":1,"href":"https:\/\/www.ernanipolo.com.br\/wp\/wp-json\/wp\/v2\/posts\/5596\/revisions"}],"predecessor-version":[{"id":5598,"href":"https:\/\/www.ernanipolo.com.br\/wp\/wp-json\/wp\/v2\/posts\/5596\/revisions\/5598"}],"wp:featuredmedia":[{"embeddable":true,"href":"https:\/\/www.ernanipolo.com.br\/wp\/wp-json\/wp\/v2\/media\/5597"}],"wp:attachment":[{"href":"https:\/\/www.ernanipolo.com.br\/wp\/wp-json\/wp\/v2\/media?parent=5596"}],"wp:term":[{"taxonomy":"category","embeddable":true,"href":"https:\/\/www.ernanipolo.com.br\/wp\/wp-json\/wp\/v2\/categories?post=5596"},{"taxonomy":"post_tag","embeddable":true,"href":"https:\/\/www.ernanipolo.com.br\/wp\/wp-json\/wp\/v2\/tags?post=5596"}],"curies":[{"name":"wp","href":"https:\/\/api.w.org\/{rel}","templated":true}]}}