{"id":5575,"date":"2022-02-03T12:45:26","date_gmt":"2022-02-03T15:45:26","guid":{"rendered":"https:\/\/www.ernanipolo.com.br\/wp\/?p=5575"},"modified":"2022-02-18T02:13:29","modified_gmt":"2022-02-18T05:13:29","slug":"agenda-no-gabinete-associacao-dos-municipios-da-regiao-celeiro","status":"publish","type":"post","link":"https:\/\/www.ernanipolo.com.br\/wp\/agenda-no-gabinete-associacao-dos-municipios-da-regiao-celeiro\/","title":{"rendered":"Agenda no gabinete &#8211; Associa\u00e7\u00e3o dos Munic\u00edpios da Regi\u00e3o Celeiro"},"content":{"rendered":"<p>Recebi nesta quinta-feira em nosso gabinete da Assembleia Legislativa o prefeito de S\u00e3o Martinho e presidente da Amuceleiro, Jeancarlo Hunhoff, acompanhado do prefeito Marco Aur\u00e9lio Nedel de Crissiumal e do prefeito Alceu Diel, de Tiradentes do Sul, ambos vice-presidentes da Amuceleiro, que nos solicitaram pautas comuns da Associa\u00e7\u00e3o dos Munic\u00edpios da Regi\u00e3o Celeiro, para intermedia\u00e7\u00e3o junto ao governo, de medidas de enfrentamento \u00e0 estiagem, como perfura\u00e7\u00e3o de po\u00e7os artesianos e a\u00e7udes por parte das secretarias de obras e de agricultura, a fim de dar alternativas aos agricultores para irrigar as lavouras em momentos de seca.<\/p>\n<p>Tamb\u00e9m tratamos sobre obras de infraestrutura da regi\u00e3o celeiro, de liga\u00e7\u00f5es regionais e acessos municipais, demandas que estamos acompanhando junto ao governo do Estado.<\/p>\n<p>&nbsp;<\/p>\n","protected":false},"excerpt":{"rendered":"<p>Recebi nesta quinta-feira em nosso gabinete da Assembleia Legislativa o prefeito de S\u00e3o Martinho e presidente da Amuceleiro, Jeancarlo Hunhoff, &hellip; <a href=\"https:\/\/www.ernanipolo.com.br\/wp\/agenda-no-gabinete-associacao-dos-municipios-da-regiao-celeiro\/\" class=\"more-link\">Continue reading <span class=\"screen-reader-text\">Agenda no gabinete &#8211; Associa\u00e7\u00e3o dos Munic\u00edpios da Regi\u00e3o Celeiro<\/span><\/a><\/p>\n","protected":false},"author":3,"featured_media":5576,"comment_status":"open","ping_status":"open","sticky":false,"template":"","format":"standard","meta":{"_acf_changed":false,"_jetpack_memberships_contains_paid_content":false,"footnotes":""},"categories":[1],"tags":[],"class_list":["post-5575","post","type-post","status-publish","format-standard","has-post-thumbnail","hentry","category-uncategorized"],"acf":[],"yoast_head":"<!-- This site is optimized with the Yoast SEO plugin v27.5 - https:\/\/yoast.com\/product\/yoast-seo-wordpress\/ -->\n<title>Agenda no gabinete - Associa\u00e7\u00e3o dos Munic\u00edpios da Regi\u00e3o Celeiro - Ernani Polo<\/title>\n<meta name=\"robots\" content=\"index, follow, max-snippet:-1, max-image-preview:large, max-video-preview:-1\" \/>\n<link rel=\"canonical\" href=\"https:\/\/www.ernanipolo.com.br\/wp\/agenda-no-gabinete-associacao-dos-municipios-da-regiao-celeiro\/\" \/>\n<meta property=\"og:locale\" content=\"pt_BR\" \/>\n<meta property=\"og:type\" content=\"article\" \/>\n<meta property=\"og:title\" content=\"Agenda no gabinete - Associa\u00e7\u00e3o dos Munic\u00edpios da Regi\u00e3o Celeiro - Ernani Polo\" \/>\n<meta property=\"og:description\" content=\"Recebi nesta quinta-feira em nosso gabinete da Assembleia Legislativa o prefeito de S\u00e3o Martinho e presidente da Amuceleiro, Jeancarlo Hunhoff, &hellip; Continue reading Agenda no gabinete &#8211; Associa\u00e7\u00e3o dos Munic\u00edpios da Regi\u00e3o Celeiro\" \/>\n<meta property=\"og:url\" content=\"https:\/\/www.ernanipolo.com.br\/wp\/agenda-no-gabinete-associacao-dos-municipios-da-regiao-celeiro\/\" \/>\n<meta property=\"og:site_name\" content=\"Ernani Polo\" \/>\n<meta property=\"article:published_time\" content=\"2022-02-03T15:45:26+00:00\" \/>\n<meta property=\"article:modified_time\" content=\"2022-02-18T05:13:29+00:00\" \/>\n<meta property=\"og:image\" content=\"https:\/\/www.ernanipolo.com.br\/wp\/wp-content\/uploads\/2022\/02\/1-17.jpg\" \/>\n\t<meta property=\"og:image:width\" content=\"2048\" \/>\n\t<meta property=\"og:image:height\" content=\"1365\" \/>\n\t<meta property=\"og:image:type\" content=\"image\/jpeg\" \/>\n<meta name=\"author\" content=\"Assessoria\" \/>\n<meta name=\"twitter:card\" content=\"summary_large_image\" \/>\n<meta name=\"twitter:label1\" content=\"Escrito por\" \/>\n\t<meta name=\"twitter:data1\" content=\"Assessoria\" \/>\n\t<meta name=\"twitter:label2\" content=\"Est. tempo de leitura\" \/>\n\t<meta name=\"twitter:data2\" content=\"1 minuto\" \/>\n<script type=\"application\/ld+json\" class=\"yoast-schema-graph\">{\"@context\":\"https:\\\/\\\/schema.org\",\"@graph\":[{\"@type\":\"Article\",\"@id\":\"https:\\\/\\\/www.ernanipolo.com.br\\\/wp\\\/agenda-no-gabinete-associacao-dos-municipios-da-regiao-celeiro\\\/#article\",\"isPartOf\":{\"@id\":\"https:\\\/\\\/www.ernanipolo.com.br\\\/wp\\\/agenda-no-gabinete-associacao-dos-municipios-da-regiao-celeiro\\\/\"},\"author\":{\"name\":\"Assessoria\",\"@id\":\"https:\\\/\\\/www.ernanipolo.com.br\\\/wp\\\/#\\\/schema\\\/person\\\/495081e5f89df1864e457bc25058eb32\"},\"headline\":\"Agenda no gabinete &#8211; Associa\u00e7\u00e3o dos Munic\u00edpios da Regi\u00e3o Celeiro\",\"datePublished\":\"2022-02-03T15:45:26+00:00\",\"dateModified\":\"2022-02-18T05:13:29+00:00\",\"mainEntityOfPage\":{\"@id\":\"https:\\\/\\\/www.ernanipolo.com.br\\\/wp\\\/agenda-no-gabinete-associacao-dos-municipios-da-regiao-celeiro\\\/\"},\"wordCount\":144,\"commentCount\":0,\"publisher\":{\"@id\":\"https:\\\/\\\/www.ernanipolo.com.br\\\/wp\\\/#organization\"},\"image\":{\"@id\":\"https:\\\/\\\/www.ernanipolo.com.br\\\/wp\\\/agenda-no-gabinete-associacao-dos-municipios-da-regiao-celeiro\\\/#primaryimage\"},\"thumbnailUrl\":\"https:\\\/\\\/www.ernanipolo.com.br\\\/wp\\\/wp-content\\\/uploads\\\/2022\\\/02\\\/1-17.jpg\",\"articleSection\":[\"Uncategorized\"],\"inLanguage\":\"pt-BR\",\"potentialAction\":[{\"@type\":\"CommentAction\",\"name\":\"Comment\",\"target\":[\"https:\\\/\\\/www.ernanipolo.com.br\\\/wp\\\/agenda-no-gabinete-associacao-dos-municipios-da-regiao-celeiro\\\/#respond\"]}]},{\"@type\":\"WebPage\",\"@id\":\"https:\\\/\\\/www.ernanipolo.com.br\\\/wp\\\/agenda-no-gabinete-associacao-dos-municipios-da-regiao-celeiro\\\/\",\"url\":\"https:\\\/\\\/www.ernanipolo.com.br\\\/wp\\\/agenda-no-gabinete-associacao-dos-municipios-da-regiao-celeiro\\\/\",\"name\":\"Agenda no gabinete - Associa\u00e7\u00e3o dos Munic\u00edpios da Regi\u00e3o Celeiro - Ernani Polo\",\"isPartOf\":{\"@id\":\"https:\\\/\\\/www.ernanipolo.com.br\\\/wp\\\/#website\"},\"primaryImageOfPage\":{\"@id\":\"https:\\\/\\\/www.ernanipolo.com.br\\\/wp\\\/agenda-no-gabinete-associacao-dos-municipios-da-regiao-celeiro\\\/#primaryimage\"},\"image\":{\"@id\":\"https:\\\/\\\/www.ernanipolo.com.br\\\/wp\\\/agenda-no-gabinete-associacao-dos-municipios-da-regiao-celeiro\\\/#primaryimage\"},\"thumbnailUrl\":\"https:\\\/\\\/www.ernanipolo.com.br\\\/wp\\\/wp-content\\\/uploads\\\/2022\\\/02\\\/1-17.jpg\",\"datePublished\":\"2022-02-03T15:45:26+00:00\",\"dateModified\":\"2022-02-18T05:13:29+00:00\",\"inLanguage\":\"pt-BR\",\"potentialAction\":[{\"@type\":\"ReadAction\",\"target\":[\"https:\\\/\\\/www.ernanipolo.com.br\\\/wp\\\/agenda-no-gabinete-associacao-dos-municipios-da-regiao-celeiro\\\/\"]}]},{\"@type\":\"ImageObject\",\"inLanguage\":\"pt-BR\",\"@id\":\"https:\\\/\\\/www.ernanipolo.com.br\\\/wp\\\/agenda-no-gabinete-associacao-dos-municipios-da-regiao-celeiro\\\/#primaryimage\",\"url\":\"https:\\\/\\\/www.ernanipolo.com.br\\\/wp\\\/wp-content\\\/uploads\\\/2022\\\/02\\\/1-17.jpg\",\"contentUrl\":\"https:\\\/\\\/www.ernanipolo.com.br\\\/wp\\\/wp-content\\\/uploads\\\/2022\\\/02\\\/1-17.jpg\",\"width\":2048,\"height\":1365},{\"@type\":\"WebSite\",\"@id\":\"https:\\\/\\\/www.ernanipolo.com.br\\\/wp\\\/#website\",\"url\":\"https:\\\/\\\/www.ernanipolo.com.br\\\/wp\\\/\",\"name\":\"Ernani Polo\",\"description\":\"\",\"publisher\":{\"@id\":\"https:\\\/\\\/www.ernanipolo.com.br\\\/wp\\\/#organization\"},\"potentialAction\":[{\"@type\":\"SearchAction\",\"target\":{\"@type\":\"EntryPoint\",\"urlTemplate\":\"https:\\\/\\\/www.ernanipolo.com.br\\\/wp\\\/?s={search_term_string}\"},\"query-input\":{\"@type\":\"PropertyValueSpecification\",\"valueRequired\":true,\"valueName\":\"search_term_string\"}}],\"inLanguage\":\"pt-BR\"},{\"@type\":\"Organization\",\"@id\":\"https:\\\/\\\/www.ernanipolo.com.br\\\/wp\\\/#organization\",\"name\":\"Ernani Polo\",\"url\":\"https:\\\/\\\/www.ernanipolo.com.br\\\/wp\\\/\",\"logo\":{\"@type\":\"ImageObject\",\"inLanguage\":\"pt-BR\",\"@id\":\"https:\\\/\\\/www.ernanipolo.com.br\\\/wp\\\/#\\\/schema\\\/logo\\\/image\\\/\",\"url\":\"https:\\\/\\\/www.ernanipolo.com.br\\\/wp\\\/wp-content\\\/uploads\\\/2023\\\/09\\\/Logo-Azul-Ernani-Polo.png\",\"contentUrl\":\"https:\\\/\\\/www.ernanipolo.com.br\\\/wp\\\/wp-content\\\/uploads\\\/2023\\\/09\\\/Logo-Azul-Ernani-Polo.png\",\"width\":630,\"height\":162,\"caption\":\"Ernani Polo\"},\"image\":{\"@id\":\"https:\\\/\\\/www.ernanipolo.com.br\\\/wp\\\/#\\\/schema\\\/logo\\\/image\\\/\"}},{\"@type\":\"Person\",\"@id\":\"https:\\\/\\\/www.ernanipolo.com.br\\\/wp\\\/#\\\/schema\\\/person\\\/495081e5f89df1864e457bc25058eb32\",\"name\":\"Assessoria\",\"image\":{\"@type\":\"ImageObject\",\"inLanguage\":\"pt-BR\",\"@id\":\"https:\\\/\\\/secure.gravatar.com\\\/avatar\\\/fb9fbf9c7f51269c39fd7432c2ca37dcb848f2e01061b91c2515b159534f94f8?s=96&d=mm&r=g\",\"url\":\"https:\\\/\\\/secure.gravatar.com\\\/avatar\\\/fb9fbf9c7f51269c39fd7432c2ca37dcb848f2e01061b91c2515b159534f94f8?s=96&d=mm&r=g\",\"contentUrl\":\"https:\\\/\\\/secure.gravatar.com\\\/avatar\\\/fb9fbf9c7f51269c39fd7432c2ca37dcb848f2e01061b91c2515b159534f94f8?s=96&d=mm&r=g\",\"caption\":\"Assessoria\"},\"url\":\"https:\\\/\\\/www.ernanipolo.com.br\\\/wp\\\/author\\\/assessoria\\\/\"}]}<\/script>\n<!-- \/ Yoast SEO plugin. -->","yoast_head_json":{"title":"Agenda no gabinete - Associa\u00e7\u00e3o dos Munic\u00edpios da Regi\u00e3o Celeiro - Ernani Polo","robots":{"index":"index","follow":"follow","max-snippet":"max-snippet:-1","max-image-preview":"max-image-preview:large","max-video-preview":"max-video-preview:-1"},"canonical":"https:\/\/www.ernanipolo.com.br\/wp\/agenda-no-gabinete-associacao-dos-municipios-da-regiao-celeiro\/","og_locale":"pt_BR","og_type":"article","og_title":"Agenda no gabinete - Associa\u00e7\u00e3o dos Munic\u00edpios da Regi\u00e3o Celeiro - Ernani Polo","og_description":"Recebi nesta quinta-feira em nosso gabinete da Assembleia Legislativa o prefeito de S\u00e3o Martinho e presidente da Amuceleiro, Jeancarlo Hunhoff, &hellip; Continue reading Agenda no gabinete &#8211; Associa\u00e7\u00e3o dos Munic\u00edpios da Regi\u00e3o Celeiro","og_url":"https:\/\/www.ernanipolo.com.br\/wp\/agenda-no-gabinete-associacao-dos-municipios-da-regiao-celeiro\/","og_site_name":"Ernani Polo","article_published_time":"2022-02-03T15:45:26+00:00","article_modified_time":"2022-02-18T05:13:29+00:00","og_image":[{"width":2048,"height":1365,"url":"https:\/\/www.ernanipolo.com.br\/wp\/wp-content\/uploads\/2022\/02\/1-17.jpg","type":"image\/jpeg"}],"author":"Assessoria","twitter_card":"summary_large_image","twitter_misc":{"Escrito por":"Assessoria","Est. tempo de leitura":"1 minuto"},"schema":{"@context":"https:\/\/schema.org","@graph":[{"@type":"Article","@id":"https:\/\/www.ernanipolo.com.br\/wp\/agenda-no-gabinete-associacao-dos-municipios-da-regiao-celeiro\/#article","isPartOf":{"@id":"https:\/\/www.ernanipolo.com.br\/wp\/agenda-no-gabinete-associacao-dos-municipios-da-regiao-celeiro\/"},"author":{"name":"Assessoria","@id":"https:\/\/www.ernanipolo.com.br\/wp\/#\/schema\/person\/495081e5f89df1864e457bc25058eb32"},"headline":"Agenda no gabinete &#8211; Associa\u00e7\u00e3o dos Munic\u00edpios da Regi\u00e3o Celeiro","datePublished":"2022-02-03T15:45:26+00:00","dateModified":"2022-02-18T05:13:29+00:00","mainEntityOfPage":{"@id":"https:\/\/www.ernanipolo.com.br\/wp\/agenda-no-gabinete-associacao-dos-municipios-da-regiao-celeiro\/"},"wordCount":144,"commentCount":0,"publisher":{"@id":"https:\/\/www.ernanipolo.com.br\/wp\/#organization"},"image":{"@id":"https:\/\/www.ernanipolo.com.br\/wp\/agenda-no-gabinete-associacao-dos-municipios-da-regiao-celeiro\/#primaryimage"},"thumbnailUrl":"https:\/\/www.ernanipolo.com.br\/wp\/wp-content\/uploads\/2022\/02\/1-17.jpg","articleSection":["Uncategorized"],"inLanguage":"pt-BR","potentialAction":[{"@type":"CommentAction","name":"Comment","target":["https:\/\/www.ernanipolo.com.br\/wp\/agenda-no-gabinete-associacao-dos-municipios-da-regiao-celeiro\/#respond"]}]},{"@type":"WebPage","@id":"https:\/\/www.ernanipolo.com.br\/wp\/agenda-no-gabinete-associacao-dos-municipios-da-regiao-celeiro\/","url":"https:\/\/www.ernanipolo.com.br\/wp\/agenda-no-gabinete-associacao-dos-municipios-da-regiao-celeiro\/","name":"Agenda no gabinete - Associa\u00e7\u00e3o dos Munic\u00edpios da Regi\u00e3o Celeiro - Ernani Polo","isPartOf":{"@id":"https:\/\/www.ernanipolo.com.br\/wp\/#website"},"primaryImageOfPage":{"@id":"https:\/\/www.ernanipolo.com.br\/wp\/agenda-no-gabinete-associacao-dos-municipios-da-regiao-celeiro\/#primaryimage"},"image":{"@id":"https:\/\/www.ernanipolo.com.br\/wp\/agenda-no-gabinete-associacao-dos-municipios-da-regiao-celeiro\/#primaryimage"},"thumbnailUrl":"https:\/\/www.ernanipolo.com.br\/wp\/wp-content\/uploads\/2022\/02\/1-17.jpg","datePublished":"2022-02-03T15:45:26+00:00","dateModified":"2022-02-18T05:13:29+00:00","inLanguage":"pt-BR","potentialAction":[{"@type":"ReadAction","target":["https:\/\/www.ernanipolo.com.br\/wp\/agenda-no-gabinete-associacao-dos-municipios-da-regiao-celeiro\/"]}]},{"@type":"ImageObject","inLanguage":"pt-BR","@id":"https:\/\/www.ernanipolo.com.br\/wp\/agenda-no-gabinete-associacao-dos-municipios-da-regiao-celeiro\/#primaryimage","url":"https:\/\/www.ernanipolo.com.br\/wp\/wp-content\/uploads\/2022\/02\/1-17.jpg","contentUrl":"https:\/\/www.ernanipolo.com.br\/wp\/wp-content\/uploads\/2022\/02\/1-17.jpg","width":2048,"height":1365},{"@type":"WebSite","@id":"https:\/\/www.ernanipolo.com.br\/wp\/#website","url":"https:\/\/www.ernanipolo.com.br\/wp\/","name":"Ernani Polo","description":"","publisher":{"@id":"https:\/\/www.ernanipolo.com.br\/wp\/#organization"},"potentialAction":[{"@type":"SearchAction","target":{"@type":"EntryPoint","urlTemplate":"https:\/\/www.ernanipolo.com.br\/wp\/?s={search_term_string}"},"query-input":{"@type":"PropertyValueSpecification","valueRequired":true,"valueName":"search_term_string"}}],"inLanguage":"pt-BR"},{"@type":"Organization","@id":"https:\/\/www.ernanipolo.com.br\/wp\/#organization","name":"Ernani Polo","url":"https:\/\/www.ernanipolo.com.br\/wp\/","logo":{"@type":"ImageObject","inLanguage":"pt-BR","@id":"https:\/\/www.ernanipolo.com.br\/wp\/#\/schema\/logo\/image\/","url":"https:\/\/www.ernanipolo.com.br\/wp\/wp-content\/uploads\/2023\/09\/Logo-Azul-Ernani-Polo.png","contentUrl":"https:\/\/www.ernanipolo.com.br\/wp\/wp-content\/uploads\/2023\/09\/Logo-Azul-Ernani-Polo.png","width":630,"height":162,"caption":"Ernani Polo"},"image":{"@id":"https:\/\/www.ernanipolo.com.br\/wp\/#\/schema\/logo\/image\/"}},{"@type":"Person","@id":"https:\/\/www.ernanipolo.com.br\/wp\/#\/schema\/person\/495081e5f89df1864e457bc25058eb32","name":"Assessoria","image":{"@type":"ImageObject","inLanguage":"pt-BR","@id":"https:\/\/secure.gravatar.com\/avatar\/fb9fbf9c7f51269c39fd7432c2ca37dcb848f2e01061b91c2515b159534f94f8?s=96&d=mm&r=g","url":"https:\/\/secure.gravatar.com\/avatar\/fb9fbf9c7f51269c39fd7432c2ca37dcb848f2e01061b91c2515b159534f94f8?s=96&d=mm&r=g","contentUrl":"https:\/\/secure.gravatar.com\/avatar\/fb9fbf9c7f51269c39fd7432c2ca37dcb848f2e01061b91c2515b159534f94f8?s=96&d=mm&r=g","caption":"Assessoria"},"url":"https:\/\/www.ernanipolo.com.br\/wp\/author\/assessoria\/"}]}},"jetpack_featured_media_url":"https:\/\/www.ernanipolo.com.br\/wp\/wp-content\/uploads\/2022\/02\/1-17.jpg","jetpack_sharing_enabled":true,"_links":{"self":[{"href":"https:\/\/www.ernanipolo.com.br\/wp\/wp-json\/wp\/v2\/posts\/5575","targetHints":{"allow":["GET"]}}],"collection":[{"href":"https:\/\/www.ernanipolo.com.br\/wp\/wp-json\/wp\/v2\/posts"}],"about":[{"href":"https:\/\/www.ernanipolo.com.br\/wp\/wp-json\/wp\/v2\/types\/post"}],"author":[{"embeddable":true,"href":"https:\/\/www.ernanipolo.com.br\/wp\/wp-json\/wp\/v2\/users\/3"}],"replies":[{"embeddable":true,"href":"https:\/\/www.ernanipolo.com.br\/wp\/wp-json\/wp\/v2\/comments?post=5575"}],"version-history":[{"count":1,"href":"https:\/\/www.ernanipolo.com.br\/wp\/wp-json\/wp\/v2\/posts\/5575\/revisions"}],"predecessor-version":[{"id":5577,"href":"https:\/\/www.ernanipolo.com.br\/wp\/wp-json\/wp\/v2\/posts\/5575\/revisions\/5577"}],"wp:featuredmedia":[{"embeddable":true,"href":"https:\/\/www.ernanipolo.com.br\/wp\/wp-json\/wp\/v2\/media\/5576"}],"wp:attachment":[{"href":"https:\/\/www.ernanipolo.com.br\/wp\/wp-json\/wp\/v2\/media?parent=5575"}],"wp:term":[{"taxonomy":"category","embeddable":true,"href":"https:\/\/www.ernanipolo.com.br\/wp\/wp-json\/wp\/v2\/categories?post=5575"},{"taxonomy":"post_tag","embeddable":true,"href":"https:\/\/www.ernanipolo.com.br\/wp\/wp-json\/wp\/v2\/tags?post=5575"}],"curies":[{"name":"wp","href":"https:\/\/api.w.org\/{rel}","templated":true}]}}