{"id":5276,"date":"2021-12-16T09:43:18","date_gmt":"2021-12-16T12:43:18","guid":{"rendered":"https:\/\/www.ernanipolo.com.br\/wp\/?p=5276"},"modified":"2022-02-12T13:58:31","modified_gmt":"2022-02-12T16:58:31","slug":"repercussao-na-imprensa-da-homenagem-de-deputado-emerito-ao-presidente-do-progressistas-celso-bernardi","status":"publish","type":"post","link":"https:\/\/www.ernanipolo.com.br\/wp\/repercussao-na-imprensa-da-homenagem-de-deputado-emerito-ao-presidente-do-progressistas-celso-bernardi\/","title":{"rendered":"Repercuss\u00e3o na imprensa da homenagem de deputado em\u00e9rito ao presidente do Progressistas Celso Bernardi"},"content":{"rendered":"<div id=\"js_2\" class=\"_5pbx userContent _3576\" data-testid=\"post_message\" data-ft=\"{&quot;tn&quot;:&quot;K&quot;}\">\n<div id=\"js_2\" class=\"_5pbx userContent _3576\" data-testid=\"post_message\" data-ft=\"{&quot;tn&quot;:&quot;K&quot;}\">\n<p>Ainda sobre a nossa homenagem que realizamos para o presidente Celso Bernardi, agora deputado em\u00e9rito, em 15 de dezembro de 2021. Seguem publica\u00e7\u00f5es em jornais repercutindo a proposi\u00e7\u00e3o.<\/p>\n<\/div>\n<div class=\"_3x-2\" data-ft=\"{&quot;tn&quot;:&quot;H&quot;}\">\n<div data-ft=\"{&quot;tn&quot;:&quot;H&quot;}\">\n<div class=\"mtm\">\n<div class=\"_2a2q _65sr\"><\/div>\n<\/div>\n<\/div>\n<\/div>\n<div id='gallery-1' class='gallery galleryid-5276 gallery-columns-1 gallery-size-full'><figure class='gallery-item'>\n\t\t\t<div class='gallery-icon portrait'>\n\t\t\t\t<a href='https:\/\/www.ernanipolo.com.br\/wp\/repercussao-na-imprensa-da-homenagem-de-deputado-emerito-ao-presidente-do-progressistas-celso-bernardi\/9-2\/'><img fetchpriority=\"high\" decoding=\"async\" width=\"960\" height=\"1199\" src=\"https:\/\/www.ernanipolo.com.br\/wp\/wp-content\/uploads\/2022\/02\/9-1.jpg\" class=\"attachment-full size-full\" alt=\"\" srcset=\"https:\/\/www.ernanipolo.com.br\/wp\/wp-content\/uploads\/2022\/02\/9-1.jpg 960w, https:\/\/www.ernanipolo.com.br\/wp\/wp-content\/uploads\/2022\/02\/9-1-240x300.jpg 240w, https:\/\/www.ernanipolo.com.br\/wp\/wp-content\/uploads\/2022\/02\/9-1-820x1024.jpg 820w, https:\/\/www.ernanipolo.com.br\/wp\/wp-content\/uploads\/2022\/02\/9-1-768x959.jpg 768w, https:\/\/www.ernanipolo.com.br\/wp\/wp-content\/uploads\/2022\/02\/9-1-93x116.jpg 93w\" sizes=\"(max-width: 960px) 100vw, 960px\" \/><\/a>\n\t\t\t<\/div><\/figure><figure class='gallery-item'>\n\t\t\t<div class='gallery-icon portrait'>\n\t\t\t\t<a href='https:\/\/www.ernanipolo.com.br\/wp\/repercussao-na-imprensa-da-homenagem-de-deputado-emerito-ao-presidente-do-progressistas-celso-bernardi\/10-2\/'><img decoding=\"async\" width=\"1128\" height=\"1410\" src=\"https:\/\/www.ernanipolo.com.br\/wp\/wp-content\/uploads\/2022\/02\/10-1.jpg\" class=\"attachment-full size-full\" alt=\"\" srcset=\"https:\/\/www.ernanipolo.com.br\/wp\/wp-content\/uploads\/2022\/02\/10-1.jpg 1128w, https:\/\/www.ernanipolo.com.br\/wp\/wp-content\/uploads\/2022\/02\/10-1-240x300.jpg 240w, https:\/\/www.ernanipolo.com.br\/wp\/wp-content\/uploads\/2022\/02\/10-1-819x1024.jpg 819w, https:\/\/www.ernanipolo.com.br\/wp\/wp-content\/uploads\/2022\/02\/10-1-768x960.jpg 768w, https:\/\/www.ernanipolo.com.br\/wp\/wp-content\/uploads\/2022\/02\/10-1-93x116.jpg 93w\" sizes=\"(max-width: 1128px) 100vw, 1128px\" \/><\/a>\n\t\t\t<\/div><\/figure><figure class='gallery-item'>\n\t\t\t<div class='gallery-icon portrait'>\n\t\t\t\t<a href='https:\/\/www.ernanipolo.com.br\/wp\/repercussao-na-imprensa-da-homenagem-de-deputado-emerito-ao-presidente-do-progressistas-celso-bernardi\/11-2\/'><img decoding=\"async\" width=\"1638\" height=\"2048\" src=\"https:\/\/www.ernanipolo.com.br\/wp\/wp-content\/uploads\/2022\/02\/11-1.jpg\" class=\"attachment-full size-full\" alt=\"\" srcset=\"https:\/\/www.ernanipolo.com.br\/wp\/wp-content\/uploads\/2022\/02\/11-1.jpg 1638w, https:\/\/www.ernanipolo.com.br\/wp\/wp-content\/uploads\/2022\/02\/11-1-240x300.jpg 240w, https:\/\/www.ernanipolo.com.br\/wp\/wp-content\/uploads\/2022\/02\/11-1-819x1024.jpg 819w, https:\/\/www.ernanipolo.com.br\/wp\/wp-content\/uploads\/2022\/02\/11-1-768x960.jpg 768w, https:\/\/www.ernanipolo.com.br\/wp\/wp-content\/uploads\/2022\/02\/11-1-1229x1536.jpg 1229w, https:\/\/www.ernanipolo.com.br\/wp\/wp-content\/uploads\/2022\/02\/11-1-93x116.jpg 93w\" sizes=\"(max-width: 1638px) 100vw, 1638px\" \/><\/a>\n\t\t\t<\/div><\/figure>\n\t\t<\/div>\n\n<\/div>\n<div class=\"_3x-2\" data-ft=\"{&quot;tn&quot;:&quot;H&quot;}\">\n<div data-ft=\"{&quot;tn&quot;:&quot;H&quot;}\"><\/div>\n<\/div>\n","protected":false},"excerpt":{"rendered":"<p>Ainda sobre a nossa homenagem que realizamos para o presidente Celso Bernardi, agora deputado em\u00e9rito, em 15 de dezembro de &hellip; <a href=\"https:\/\/www.ernanipolo.com.br\/wp\/repercussao-na-imprensa-da-homenagem-de-deputado-emerito-ao-presidente-do-progressistas-celso-bernardi\/\" class=\"more-link\">Continue reading <span class=\"screen-reader-text\">Repercuss\u00e3o na imprensa da homenagem de deputado em\u00e9rito ao presidente do Progressistas Celso Bernardi<\/span><\/a><\/p>\n","protected":false},"author":3,"featured_media":0,"comment_status":"open","ping_status":"open","sticky":false,"template":"","format":"standard","meta":{"_acf_changed":false,"_jetpack_memberships_contains_paid_content":false,"footnotes":""},"categories":[1],"tags":[],"class_list":["post-5276","post","type-post","status-publish","format-standard","hentry","category-uncategorized"],"acf":[],"yoast_head":"<!-- This site is optimized with the Yoast SEO plugin v27.5 - https:\/\/yoast.com\/product\/yoast-seo-wordpress\/ -->\n<title>Repercuss\u00e3o na imprensa da homenagem de deputado em\u00e9rito ao presidente do Progressistas Celso Bernardi - Ernani Polo<\/title>\n<meta name=\"robots\" content=\"index, follow, max-snippet:-1, max-image-preview:large, max-video-preview:-1\" \/>\n<link rel=\"canonical\" href=\"https:\/\/www.ernanipolo.com.br\/wp\/repercussao-na-imprensa-da-homenagem-de-deputado-emerito-ao-presidente-do-progressistas-celso-bernardi\/\" \/>\n<meta property=\"og:locale\" content=\"pt_BR\" \/>\n<meta property=\"og:type\" content=\"article\" \/>\n<meta property=\"og:title\" content=\"Repercuss\u00e3o na imprensa da homenagem de deputado em\u00e9rito ao presidente do Progressistas Celso Bernardi - Ernani Polo\" \/>\n<meta property=\"og:description\" content=\"Ainda sobre a nossa homenagem que realizamos para o presidente Celso Bernardi, agora deputado em\u00e9rito, em 15 de dezembro de &hellip; Continue reading Repercuss\u00e3o na imprensa da homenagem de deputado em\u00e9rito ao presidente do Progressistas Celso Bernardi\" \/>\n<meta property=\"og:url\" content=\"https:\/\/www.ernanipolo.com.br\/wp\/repercussao-na-imprensa-da-homenagem-de-deputado-emerito-ao-presidente-do-progressistas-celso-bernardi\/\" \/>\n<meta property=\"og:site_name\" content=\"Ernani Polo\" \/>\n<meta property=\"article:published_time\" content=\"2021-12-16T12:43:18+00:00\" \/>\n<meta property=\"article:modified_time\" content=\"2022-02-12T16:58:31+00:00\" \/>\n<meta property=\"og:image\" content=\"https:\/\/www.ernanipolo.com.br\/wp\/wp-content\/uploads\/2022\/02\/9-1.jpg\" \/>\n<meta name=\"author\" content=\"Assessoria\" \/>\n<meta name=\"twitter:card\" content=\"summary_large_image\" \/>\n<meta name=\"twitter:label1\" content=\"Escrito por\" \/>\n\t<meta name=\"twitter:data1\" content=\"Assessoria\" \/>\n\t<meta name=\"twitter:label2\" content=\"Est. tempo de leitura\" \/>\n\t<meta name=\"twitter:data2\" content=\"1 minuto\" \/>\n<script type=\"application\/ld+json\" class=\"yoast-schema-graph\">{\"@context\":\"https:\\\/\\\/schema.org\",\"@graph\":[{\"@type\":\"Article\",\"@id\":\"https:\\\/\\\/www.ernanipolo.com.br\\\/wp\\\/repercussao-na-imprensa-da-homenagem-de-deputado-emerito-ao-presidente-do-progressistas-celso-bernardi\\\/#article\",\"isPartOf\":{\"@id\":\"https:\\\/\\\/www.ernanipolo.com.br\\\/wp\\\/repercussao-na-imprensa-da-homenagem-de-deputado-emerito-ao-presidente-do-progressistas-celso-bernardi\\\/\"},\"author\":{\"name\":\"Assessoria\",\"@id\":\"https:\\\/\\\/www.ernanipolo.com.br\\\/wp\\\/#\\\/schema\\\/person\\\/495081e5f89df1864e457bc25058eb32\"},\"headline\":\"Repercuss\u00e3o na imprensa da homenagem de deputado em\u00e9rito ao presidente do Progressistas Celso Bernardi\",\"datePublished\":\"2021-12-16T12:43:18+00:00\",\"dateModified\":\"2022-02-12T16:58:31+00:00\",\"mainEntityOfPage\":{\"@id\":\"https:\\\/\\\/www.ernanipolo.com.br\\\/wp\\\/repercussao-na-imprensa-da-homenagem-de-deputado-emerito-ao-presidente-do-progressistas-celso-bernardi\\\/\"},\"wordCount\":50,\"commentCount\":0,\"publisher\":{\"@id\":\"https:\\\/\\\/www.ernanipolo.com.br\\\/wp\\\/#organization\"},\"articleSection\":[\"Uncategorized\"],\"inLanguage\":\"pt-BR\",\"potentialAction\":[{\"@type\":\"CommentAction\",\"name\":\"Comment\",\"target\":[\"https:\\\/\\\/www.ernanipolo.com.br\\\/wp\\\/repercussao-na-imprensa-da-homenagem-de-deputado-emerito-ao-presidente-do-progressistas-celso-bernardi\\\/#respond\"]}]},{\"@type\":\"WebPage\",\"@id\":\"https:\\\/\\\/www.ernanipolo.com.br\\\/wp\\\/repercussao-na-imprensa-da-homenagem-de-deputado-emerito-ao-presidente-do-progressistas-celso-bernardi\\\/\",\"url\":\"https:\\\/\\\/www.ernanipolo.com.br\\\/wp\\\/repercussao-na-imprensa-da-homenagem-de-deputado-emerito-ao-presidente-do-progressistas-celso-bernardi\\\/\",\"name\":\"Repercuss\u00e3o na imprensa da homenagem de deputado em\u00e9rito ao presidente do Progressistas Celso Bernardi - Ernani Polo\",\"isPartOf\":{\"@id\":\"https:\\\/\\\/www.ernanipolo.com.br\\\/wp\\\/#website\"},\"datePublished\":\"2021-12-16T12:43:18+00:00\",\"dateModified\":\"2022-02-12T16:58:31+00:00\",\"inLanguage\":\"pt-BR\",\"potentialAction\":[{\"@type\":\"ReadAction\",\"target\":[\"https:\\\/\\\/www.ernanipolo.com.br\\\/wp\\\/repercussao-na-imprensa-da-homenagem-de-deputado-emerito-ao-presidente-do-progressistas-celso-bernardi\\\/\"]}]},{\"@type\":\"WebSite\",\"@id\":\"https:\\\/\\\/www.ernanipolo.com.br\\\/wp\\\/#website\",\"url\":\"https:\\\/\\\/www.ernanipolo.com.br\\\/wp\\\/\",\"name\":\"Ernani Polo\",\"description\":\"\",\"publisher\":{\"@id\":\"https:\\\/\\\/www.ernanipolo.com.br\\\/wp\\\/#organization\"},\"potentialAction\":[{\"@type\":\"SearchAction\",\"target\":{\"@type\":\"EntryPoint\",\"urlTemplate\":\"https:\\\/\\\/www.ernanipolo.com.br\\\/wp\\\/?s={search_term_string}\"},\"query-input\":{\"@type\":\"PropertyValueSpecification\",\"valueRequired\":true,\"valueName\":\"search_term_string\"}}],\"inLanguage\":\"pt-BR\"},{\"@type\":\"Organization\",\"@id\":\"https:\\\/\\\/www.ernanipolo.com.br\\\/wp\\\/#organization\",\"name\":\"Ernani Polo\",\"url\":\"https:\\\/\\\/www.ernanipolo.com.br\\\/wp\\\/\",\"logo\":{\"@type\":\"ImageObject\",\"inLanguage\":\"pt-BR\",\"@id\":\"https:\\\/\\\/www.ernanipolo.com.br\\\/wp\\\/#\\\/schema\\\/logo\\\/image\\\/\",\"url\":\"https:\\\/\\\/www.ernanipolo.com.br\\\/wp\\\/wp-content\\\/uploads\\\/2023\\\/09\\\/Logo-Azul-Ernani-Polo.png\",\"contentUrl\":\"https:\\\/\\\/www.ernanipolo.com.br\\\/wp\\\/wp-content\\\/uploads\\\/2023\\\/09\\\/Logo-Azul-Ernani-Polo.png\",\"width\":630,\"height\":162,\"caption\":\"Ernani Polo\"},\"image\":{\"@id\":\"https:\\\/\\\/www.ernanipolo.com.br\\\/wp\\\/#\\\/schema\\\/logo\\\/image\\\/\"}},{\"@type\":\"Person\",\"@id\":\"https:\\\/\\\/www.ernanipolo.com.br\\\/wp\\\/#\\\/schema\\\/person\\\/495081e5f89df1864e457bc25058eb32\",\"name\":\"Assessoria\",\"image\":{\"@type\":\"ImageObject\",\"inLanguage\":\"pt-BR\",\"@id\":\"https:\\\/\\\/secure.gravatar.com\\\/avatar\\\/fb9fbf9c7f51269c39fd7432c2ca37dcb848f2e01061b91c2515b159534f94f8?s=96&d=mm&r=g\",\"url\":\"https:\\\/\\\/secure.gravatar.com\\\/avatar\\\/fb9fbf9c7f51269c39fd7432c2ca37dcb848f2e01061b91c2515b159534f94f8?s=96&d=mm&r=g\",\"contentUrl\":\"https:\\\/\\\/secure.gravatar.com\\\/avatar\\\/fb9fbf9c7f51269c39fd7432c2ca37dcb848f2e01061b91c2515b159534f94f8?s=96&d=mm&r=g\",\"caption\":\"Assessoria\"},\"url\":\"https:\\\/\\\/www.ernanipolo.com.br\\\/wp\\\/author\\\/assessoria\\\/\"}]}<\/script>\n<!-- \/ Yoast SEO plugin. -->","yoast_head_json":{"title":"Repercuss\u00e3o na imprensa da homenagem de deputado em\u00e9rito ao presidente do Progressistas Celso Bernardi - Ernani Polo","robots":{"index":"index","follow":"follow","max-snippet":"max-snippet:-1","max-image-preview":"max-image-preview:large","max-video-preview":"max-video-preview:-1"},"canonical":"https:\/\/www.ernanipolo.com.br\/wp\/repercussao-na-imprensa-da-homenagem-de-deputado-emerito-ao-presidente-do-progressistas-celso-bernardi\/","og_locale":"pt_BR","og_type":"article","og_title":"Repercuss\u00e3o na imprensa da homenagem de deputado em\u00e9rito ao presidente do Progressistas Celso Bernardi - Ernani Polo","og_description":"Ainda sobre a nossa homenagem que realizamos para o presidente Celso Bernardi, agora deputado em\u00e9rito, em 15 de dezembro de &hellip; Continue reading Repercuss\u00e3o na imprensa da homenagem de deputado em\u00e9rito ao presidente do Progressistas Celso Bernardi","og_url":"https:\/\/www.ernanipolo.com.br\/wp\/repercussao-na-imprensa-da-homenagem-de-deputado-emerito-ao-presidente-do-progressistas-celso-bernardi\/","og_site_name":"Ernani Polo","article_published_time":"2021-12-16T12:43:18+00:00","article_modified_time":"2022-02-12T16:58:31+00:00","og_image":[{"url":"https:\/\/www.ernanipolo.com.br\/wp\/wp-content\/uploads\/2022\/02\/9-1.jpg","type":"","width":"","height":""}],"author":"Assessoria","twitter_card":"summary_large_image","twitter_misc":{"Escrito por":"Assessoria","Est. tempo de leitura":"1 minuto"},"schema":{"@context":"https:\/\/schema.org","@graph":[{"@type":"Article","@id":"https:\/\/www.ernanipolo.com.br\/wp\/repercussao-na-imprensa-da-homenagem-de-deputado-emerito-ao-presidente-do-progressistas-celso-bernardi\/#article","isPartOf":{"@id":"https:\/\/www.ernanipolo.com.br\/wp\/repercussao-na-imprensa-da-homenagem-de-deputado-emerito-ao-presidente-do-progressistas-celso-bernardi\/"},"author":{"name":"Assessoria","@id":"https:\/\/www.ernanipolo.com.br\/wp\/#\/schema\/person\/495081e5f89df1864e457bc25058eb32"},"headline":"Repercuss\u00e3o na imprensa da homenagem de deputado em\u00e9rito ao presidente do Progressistas Celso Bernardi","datePublished":"2021-12-16T12:43:18+00:00","dateModified":"2022-02-12T16:58:31+00:00","mainEntityOfPage":{"@id":"https:\/\/www.ernanipolo.com.br\/wp\/repercussao-na-imprensa-da-homenagem-de-deputado-emerito-ao-presidente-do-progressistas-celso-bernardi\/"},"wordCount":50,"commentCount":0,"publisher":{"@id":"https:\/\/www.ernanipolo.com.br\/wp\/#organization"},"articleSection":["Uncategorized"],"inLanguage":"pt-BR","potentialAction":[{"@type":"CommentAction","name":"Comment","target":["https:\/\/www.ernanipolo.com.br\/wp\/repercussao-na-imprensa-da-homenagem-de-deputado-emerito-ao-presidente-do-progressistas-celso-bernardi\/#respond"]}]},{"@type":"WebPage","@id":"https:\/\/www.ernanipolo.com.br\/wp\/repercussao-na-imprensa-da-homenagem-de-deputado-emerito-ao-presidente-do-progressistas-celso-bernardi\/","url":"https:\/\/www.ernanipolo.com.br\/wp\/repercussao-na-imprensa-da-homenagem-de-deputado-emerito-ao-presidente-do-progressistas-celso-bernardi\/","name":"Repercuss\u00e3o na imprensa da homenagem de deputado em\u00e9rito ao presidente do Progressistas Celso Bernardi - Ernani Polo","isPartOf":{"@id":"https:\/\/www.ernanipolo.com.br\/wp\/#website"},"datePublished":"2021-12-16T12:43:18+00:00","dateModified":"2022-02-12T16:58:31+00:00","inLanguage":"pt-BR","potentialAction":[{"@type":"ReadAction","target":["https:\/\/www.ernanipolo.com.br\/wp\/repercussao-na-imprensa-da-homenagem-de-deputado-emerito-ao-presidente-do-progressistas-celso-bernardi\/"]}]},{"@type":"WebSite","@id":"https:\/\/www.ernanipolo.com.br\/wp\/#website","url":"https:\/\/www.ernanipolo.com.br\/wp\/","name":"Ernani Polo","description":"","publisher":{"@id":"https:\/\/www.ernanipolo.com.br\/wp\/#organization"},"potentialAction":[{"@type":"SearchAction","target":{"@type":"EntryPoint","urlTemplate":"https:\/\/www.ernanipolo.com.br\/wp\/?s={search_term_string}"},"query-input":{"@type":"PropertyValueSpecification","valueRequired":true,"valueName":"search_term_string"}}],"inLanguage":"pt-BR"},{"@type":"Organization","@id":"https:\/\/www.ernanipolo.com.br\/wp\/#organization","name":"Ernani Polo","url":"https:\/\/www.ernanipolo.com.br\/wp\/","logo":{"@type":"ImageObject","inLanguage":"pt-BR","@id":"https:\/\/www.ernanipolo.com.br\/wp\/#\/schema\/logo\/image\/","url":"https:\/\/www.ernanipolo.com.br\/wp\/wp-content\/uploads\/2023\/09\/Logo-Azul-Ernani-Polo.png","contentUrl":"https:\/\/www.ernanipolo.com.br\/wp\/wp-content\/uploads\/2023\/09\/Logo-Azul-Ernani-Polo.png","width":630,"height":162,"caption":"Ernani Polo"},"image":{"@id":"https:\/\/www.ernanipolo.com.br\/wp\/#\/schema\/logo\/image\/"}},{"@type":"Person","@id":"https:\/\/www.ernanipolo.com.br\/wp\/#\/schema\/person\/495081e5f89df1864e457bc25058eb32","name":"Assessoria","image":{"@type":"ImageObject","inLanguage":"pt-BR","@id":"https:\/\/secure.gravatar.com\/avatar\/fb9fbf9c7f51269c39fd7432c2ca37dcb848f2e01061b91c2515b159534f94f8?s=96&d=mm&r=g","url":"https:\/\/secure.gravatar.com\/avatar\/fb9fbf9c7f51269c39fd7432c2ca37dcb848f2e01061b91c2515b159534f94f8?s=96&d=mm&r=g","contentUrl":"https:\/\/secure.gravatar.com\/avatar\/fb9fbf9c7f51269c39fd7432c2ca37dcb848f2e01061b91c2515b159534f94f8?s=96&d=mm&r=g","caption":"Assessoria"},"url":"https:\/\/www.ernanipolo.com.br\/wp\/author\/assessoria\/"}]}},"jetpack_featured_media_url":"","jetpack_sharing_enabled":true,"_links":{"self":[{"href":"https:\/\/www.ernanipolo.com.br\/wp\/wp-json\/wp\/v2\/posts\/5276","targetHints":{"allow":["GET"]}}],"collection":[{"href":"https:\/\/www.ernanipolo.com.br\/wp\/wp-json\/wp\/v2\/posts"}],"about":[{"href":"https:\/\/www.ernanipolo.com.br\/wp\/wp-json\/wp\/v2\/types\/post"}],"author":[{"embeddable":true,"href":"https:\/\/www.ernanipolo.com.br\/wp\/wp-json\/wp\/v2\/users\/3"}],"replies":[{"embeddable":true,"href":"https:\/\/www.ernanipolo.com.br\/wp\/wp-json\/wp\/v2\/comments?post=5276"}],"version-history":[{"count":1,"href":"https:\/\/www.ernanipolo.com.br\/wp\/wp-json\/wp\/v2\/posts\/5276\/revisions"}],"predecessor-version":[{"id":5280,"href":"https:\/\/www.ernanipolo.com.br\/wp\/wp-json\/wp\/v2\/posts\/5276\/revisions\/5280"}],"wp:attachment":[{"href":"https:\/\/www.ernanipolo.com.br\/wp\/wp-json\/wp\/v2\/media?parent=5276"}],"wp:term":[{"taxonomy":"category","embeddable":true,"href":"https:\/\/www.ernanipolo.com.br\/wp\/wp-json\/wp\/v2\/categories?post=5276"},{"taxonomy":"post_tag","embeddable":true,"href":"https:\/\/www.ernanipolo.com.br\/wp\/wp-json\/wp\/v2\/tags?post=5276"}],"curies":[{"name":"wp","href":"https:\/\/api.w.org\/{rel}","templated":true}]}}