{"id":5219,"date":"2021-12-07T19:05:16","date_gmt":"2021-12-07T22:05:16","guid":{"rendered":"https:\/\/www.ernanipolo.com.br\/wp\/?p=5219"},"modified":"2022-02-11T17:01:28","modified_gmt":"2022-02-11T20:01:28","slug":"desembargadora-e-a-primeira-mulher-eleita-para-a-presidencia-do-tj-rs","status":"publish","type":"post","link":"https:\/\/www.ernanipolo.com.br\/wp\/desembargadora-e-a-primeira-mulher-eleita-para-a-presidencia-do-tj-rs\/","title":{"rendered":"Desembargadora \u00e9 a primeira mulher eleita para a Presid\u00eancia do TJ\/RS"},"content":{"rendered":"<div id='gallery-1' class='gallery galleryid-5219 gallery-columns-1 gallery-size-large'><figure class='gallery-item'>\n\t\t\t<div class='gallery-icon landscape'>\n\t\t\t\t<a href='https:\/\/www.ernanipolo.com.br\/wp\/desembargadora-e-a-primeira-mulher-eleita-para-a-presidencia-do-tj-rs\/attachment\/15\/'><img fetchpriority=\"high\" decoding=\"async\" width=\"1024\" height=\"1024\" src=\"https:\/\/www.ernanipolo.com.br\/wp\/wp-content\/uploads\/2022\/02\/15-1024x1024.jpg\" class=\"attachment-large size-large\" alt=\"\" srcset=\"https:\/\/www.ernanipolo.com.br\/wp\/wp-content\/uploads\/2022\/02\/15-1024x1024.jpg 1024w, https:\/\/www.ernanipolo.com.br\/wp\/wp-content\/uploads\/2022\/02\/15-300x300.jpg 300w, https:\/\/www.ernanipolo.com.br\/wp\/wp-content\/uploads\/2022\/02\/15-150x150.jpg 150w, https:\/\/www.ernanipolo.com.br\/wp\/wp-content\/uploads\/2022\/02\/15-768x768.jpg 768w, https:\/\/www.ernanipolo.com.br\/wp\/wp-content\/uploads\/2022\/02\/15-116x116.jpg 116w, https:\/\/www.ernanipolo.com.br\/wp\/wp-content\/uploads\/2022\/02\/15.jpg 1080w\" sizes=\"(max-width: 1024px) 100vw, 1024px\" \/><\/a>\n\t\t\t<\/div><\/figure>\n\t\t<\/div>\n\n<p>Cumprimento a desembargadora Iris Helena Medeiros Nogueira por ter sido eleita para a presid\u00eancia do Tribunal de Justi\u00e7a do Rio Grande do Sul, a primeira mulher a ocupar o cargo, fato muito relevante. Desejo sucesso na nova administra\u00e7\u00e3o para o bi\u00eanio 2022\/2023. N\u00e3o podemos deixar passar em branco todas as hist\u00f3rias de mulheres que conquistaram, que foram al\u00e9m e venceram.<\/p>\n","protected":false},"excerpt":{"rendered":"<p>Cumprimento a desembargadora Iris Helena Medeiros Nogueira por ter sido eleita para a presid\u00eancia do Tribunal de Justi\u00e7a do Rio &hellip; <a href=\"https:\/\/www.ernanipolo.com.br\/wp\/desembargadora-e-a-primeira-mulher-eleita-para-a-presidencia-do-tj-rs\/\" class=\"more-link\">Continue reading <span class=\"screen-reader-text\">Desembargadora \u00e9 a primeira mulher eleita para a Presid\u00eancia do TJ\/RS<\/span><\/a><\/p>\n","protected":false},"author":3,"featured_media":0,"comment_status":"open","ping_status":"open","sticky":false,"template":"","format":"standard","meta":{"_acf_changed":false,"_jetpack_memberships_contains_paid_content":false,"footnotes":""},"categories":[1],"tags":[],"class_list":["post-5219","post","type-post","status-publish","format-standard","hentry","category-uncategorized"],"acf":[],"yoast_head":"<!-- This site is optimized with the Yoast SEO plugin v27.5 - https:\/\/yoast.com\/product\/yoast-seo-wordpress\/ -->\n<title>Desembargadora \u00e9 a primeira mulher eleita para a Presid\u00eancia do TJ\/RS - Ernani Polo<\/title>\n<meta name=\"robots\" content=\"index, follow, max-snippet:-1, max-image-preview:large, max-video-preview:-1\" \/>\n<link rel=\"canonical\" href=\"https:\/\/www.ernanipolo.com.br\/wp\/desembargadora-e-a-primeira-mulher-eleita-para-a-presidencia-do-tj-rs\/\" \/>\n<meta property=\"og:locale\" content=\"pt_BR\" \/>\n<meta property=\"og:type\" content=\"article\" \/>\n<meta property=\"og:title\" content=\"Desembargadora \u00e9 a primeira mulher eleita para a Presid\u00eancia do TJ\/RS - Ernani Polo\" \/>\n<meta property=\"og:description\" content=\"Cumprimento a desembargadora Iris Helena Medeiros Nogueira por ter sido eleita para a presid\u00eancia do Tribunal de Justi\u00e7a do Rio &hellip; Continue reading Desembargadora \u00e9 a primeira mulher eleita para a Presid\u00eancia do TJ\/RS\" \/>\n<meta property=\"og:url\" content=\"https:\/\/www.ernanipolo.com.br\/wp\/desembargadora-e-a-primeira-mulher-eleita-para-a-presidencia-do-tj-rs\/\" \/>\n<meta property=\"og:site_name\" content=\"Ernani Polo\" \/>\n<meta property=\"article:published_time\" content=\"2021-12-07T22:05:16+00:00\" \/>\n<meta property=\"article:modified_time\" content=\"2022-02-11T20:01:28+00:00\" \/>\n<meta property=\"og:image\" content=\"https:\/\/www.ernanipolo.com.br\/wp\/wp-content\/uploads\/2022\/02\/15-1024x1024.jpg\" \/>\n<meta name=\"author\" content=\"Assessoria\" \/>\n<meta name=\"twitter:card\" content=\"summary_large_image\" \/>\n<meta name=\"twitter:label1\" content=\"Escrito por\" \/>\n\t<meta name=\"twitter:data1\" content=\"Assessoria\" \/>\n\t<meta name=\"twitter:label2\" content=\"Est. tempo de leitura\" \/>\n\t<meta name=\"twitter:data2\" content=\"1 minuto\" \/>\n<script type=\"application\/ld+json\" class=\"yoast-schema-graph\">{\"@context\":\"https:\\\/\\\/schema.org\",\"@graph\":[{\"@type\":\"Article\",\"@id\":\"https:\\\/\\\/www.ernanipolo.com.br\\\/wp\\\/desembargadora-e-a-primeira-mulher-eleita-para-a-presidencia-do-tj-rs\\\/#article\",\"isPartOf\":{\"@id\":\"https:\\\/\\\/www.ernanipolo.com.br\\\/wp\\\/desembargadora-e-a-primeira-mulher-eleita-para-a-presidencia-do-tj-rs\\\/\"},\"author\":{\"name\":\"Assessoria\",\"@id\":\"https:\\\/\\\/www.ernanipolo.com.br\\\/wp\\\/#\\\/schema\\\/person\\\/495081e5f89df1864e457bc25058eb32\"},\"headline\":\"Desembargadora \u00e9 a primeira mulher eleita para a Presid\u00eancia do TJ\\\/RS\",\"datePublished\":\"2021-12-07T22:05:16+00:00\",\"dateModified\":\"2022-02-11T20:01:28+00:00\",\"mainEntityOfPage\":{\"@id\":\"https:\\\/\\\/www.ernanipolo.com.br\\\/wp\\\/desembargadora-e-a-primeira-mulher-eleita-para-a-presidencia-do-tj-rs\\\/\"},\"wordCount\":83,\"commentCount\":0,\"publisher\":{\"@id\":\"https:\\\/\\\/www.ernanipolo.com.br\\\/wp\\\/#organization\"},\"articleSection\":[\"Uncategorized\"],\"inLanguage\":\"pt-BR\",\"potentialAction\":[{\"@type\":\"CommentAction\",\"name\":\"Comment\",\"target\":[\"https:\\\/\\\/www.ernanipolo.com.br\\\/wp\\\/desembargadora-e-a-primeira-mulher-eleita-para-a-presidencia-do-tj-rs\\\/#respond\"]}]},{\"@type\":\"WebPage\",\"@id\":\"https:\\\/\\\/www.ernanipolo.com.br\\\/wp\\\/desembargadora-e-a-primeira-mulher-eleita-para-a-presidencia-do-tj-rs\\\/\",\"url\":\"https:\\\/\\\/www.ernanipolo.com.br\\\/wp\\\/desembargadora-e-a-primeira-mulher-eleita-para-a-presidencia-do-tj-rs\\\/\",\"name\":\"Desembargadora \u00e9 a primeira mulher eleita para a Presid\u00eancia do TJ\\\/RS - Ernani Polo\",\"isPartOf\":{\"@id\":\"https:\\\/\\\/www.ernanipolo.com.br\\\/wp\\\/#website\"},\"datePublished\":\"2021-12-07T22:05:16+00:00\",\"dateModified\":\"2022-02-11T20:01:28+00:00\",\"inLanguage\":\"pt-BR\",\"potentialAction\":[{\"@type\":\"ReadAction\",\"target\":[\"https:\\\/\\\/www.ernanipolo.com.br\\\/wp\\\/desembargadora-e-a-primeira-mulher-eleita-para-a-presidencia-do-tj-rs\\\/\"]}]},{\"@type\":\"WebSite\",\"@id\":\"https:\\\/\\\/www.ernanipolo.com.br\\\/wp\\\/#website\",\"url\":\"https:\\\/\\\/www.ernanipolo.com.br\\\/wp\\\/\",\"name\":\"Ernani Polo\",\"description\":\"\",\"publisher\":{\"@id\":\"https:\\\/\\\/www.ernanipolo.com.br\\\/wp\\\/#organization\"},\"potentialAction\":[{\"@type\":\"SearchAction\",\"target\":{\"@type\":\"EntryPoint\",\"urlTemplate\":\"https:\\\/\\\/www.ernanipolo.com.br\\\/wp\\\/?s={search_term_string}\"},\"query-input\":{\"@type\":\"PropertyValueSpecification\",\"valueRequired\":true,\"valueName\":\"search_term_string\"}}],\"inLanguage\":\"pt-BR\"},{\"@type\":\"Organization\",\"@id\":\"https:\\\/\\\/www.ernanipolo.com.br\\\/wp\\\/#organization\",\"name\":\"Ernani Polo\",\"url\":\"https:\\\/\\\/www.ernanipolo.com.br\\\/wp\\\/\",\"logo\":{\"@type\":\"ImageObject\",\"inLanguage\":\"pt-BR\",\"@id\":\"https:\\\/\\\/www.ernanipolo.com.br\\\/wp\\\/#\\\/schema\\\/logo\\\/image\\\/\",\"url\":\"https:\\\/\\\/www.ernanipolo.com.br\\\/wp\\\/wp-content\\\/uploads\\\/2023\\\/09\\\/Logo-Azul-Ernani-Polo.png\",\"contentUrl\":\"https:\\\/\\\/www.ernanipolo.com.br\\\/wp\\\/wp-content\\\/uploads\\\/2023\\\/09\\\/Logo-Azul-Ernani-Polo.png\",\"width\":630,\"height\":162,\"caption\":\"Ernani Polo\"},\"image\":{\"@id\":\"https:\\\/\\\/www.ernanipolo.com.br\\\/wp\\\/#\\\/schema\\\/logo\\\/image\\\/\"}},{\"@type\":\"Person\",\"@id\":\"https:\\\/\\\/www.ernanipolo.com.br\\\/wp\\\/#\\\/schema\\\/person\\\/495081e5f89df1864e457bc25058eb32\",\"name\":\"Assessoria\",\"image\":{\"@type\":\"ImageObject\",\"inLanguage\":\"pt-BR\",\"@id\":\"https:\\\/\\\/secure.gravatar.com\\\/avatar\\\/fb9fbf9c7f51269c39fd7432c2ca37dcb848f2e01061b91c2515b159534f94f8?s=96&d=mm&r=g\",\"url\":\"https:\\\/\\\/secure.gravatar.com\\\/avatar\\\/fb9fbf9c7f51269c39fd7432c2ca37dcb848f2e01061b91c2515b159534f94f8?s=96&d=mm&r=g\",\"contentUrl\":\"https:\\\/\\\/secure.gravatar.com\\\/avatar\\\/fb9fbf9c7f51269c39fd7432c2ca37dcb848f2e01061b91c2515b159534f94f8?s=96&d=mm&r=g\",\"caption\":\"Assessoria\"},\"url\":\"https:\\\/\\\/www.ernanipolo.com.br\\\/wp\\\/author\\\/assessoria\\\/\"}]}<\/script>\n<!-- \/ Yoast SEO plugin. -->","yoast_head_json":{"title":"Desembargadora \u00e9 a primeira mulher eleita para a Presid\u00eancia do TJ\/RS - Ernani Polo","robots":{"index":"index","follow":"follow","max-snippet":"max-snippet:-1","max-image-preview":"max-image-preview:large","max-video-preview":"max-video-preview:-1"},"canonical":"https:\/\/www.ernanipolo.com.br\/wp\/desembargadora-e-a-primeira-mulher-eleita-para-a-presidencia-do-tj-rs\/","og_locale":"pt_BR","og_type":"article","og_title":"Desembargadora \u00e9 a primeira mulher eleita para a Presid\u00eancia do TJ\/RS - Ernani Polo","og_description":"Cumprimento a desembargadora Iris Helena Medeiros Nogueira por ter sido eleita para a presid\u00eancia do Tribunal de Justi\u00e7a do Rio &hellip; Continue reading Desembargadora \u00e9 a primeira mulher eleita para a Presid\u00eancia do TJ\/RS","og_url":"https:\/\/www.ernanipolo.com.br\/wp\/desembargadora-e-a-primeira-mulher-eleita-para-a-presidencia-do-tj-rs\/","og_site_name":"Ernani Polo","article_published_time":"2021-12-07T22:05:16+00:00","article_modified_time":"2022-02-11T20:01:28+00:00","og_image":[{"url":"https:\/\/www.ernanipolo.com.br\/wp\/wp-content\/uploads\/2022\/02\/15-1024x1024.jpg","type":"","width":"","height":""}],"author":"Assessoria","twitter_card":"summary_large_image","twitter_misc":{"Escrito por":"Assessoria","Est. tempo de leitura":"1 minuto"},"schema":{"@context":"https:\/\/schema.org","@graph":[{"@type":"Article","@id":"https:\/\/www.ernanipolo.com.br\/wp\/desembargadora-e-a-primeira-mulher-eleita-para-a-presidencia-do-tj-rs\/#article","isPartOf":{"@id":"https:\/\/www.ernanipolo.com.br\/wp\/desembargadora-e-a-primeira-mulher-eleita-para-a-presidencia-do-tj-rs\/"},"author":{"name":"Assessoria","@id":"https:\/\/www.ernanipolo.com.br\/wp\/#\/schema\/person\/495081e5f89df1864e457bc25058eb32"},"headline":"Desembargadora \u00e9 a primeira mulher eleita para a Presid\u00eancia do TJ\/RS","datePublished":"2021-12-07T22:05:16+00:00","dateModified":"2022-02-11T20:01:28+00:00","mainEntityOfPage":{"@id":"https:\/\/www.ernanipolo.com.br\/wp\/desembargadora-e-a-primeira-mulher-eleita-para-a-presidencia-do-tj-rs\/"},"wordCount":83,"commentCount":0,"publisher":{"@id":"https:\/\/www.ernanipolo.com.br\/wp\/#organization"},"articleSection":["Uncategorized"],"inLanguage":"pt-BR","potentialAction":[{"@type":"CommentAction","name":"Comment","target":["https:\/\/www.ernanipolo.com.br\/wp\/desembargadora-e-a-primeira-mulher-eleita-para-a-presidencia-do-tj-rs\/#respond"]}]},{"@type":"WebPage","@id":"https:\/\/www.ernanipolo.com.br\/wp\/desembargadora-e-a-primeira-mulher-eleita-para-a-presidencia-do-tj-rs\/","url":"https:\/\/www.ernanipolo.com.br\/wp\/desembargadora-e-a-primeira-mulher-eleita-para-a-presidencia-do-tj-rs\/","name":"Desembargadora \u00e9 a primeira mulher eleita para a Presid\u00eancia do TJ\/RS - Ernani Polo","isPartOf":{"@id":"https:\/\/www.ernanipolo.com.br\/wp\/#website"},"datePublished":"2021-12-07T22:05:16+00:00","dateModified":"2022-02-11T20:01:28+00:00","inLanguage":"pt-BR","potentialAction":[{"@type":"ReadAction","target":["https:\/\/www.ernanipolo.com.br\/wp\/desembargadora-e-a-primeira-mulher-eleita-para-a-presidencia-do-tj-rs\/"]}]},{"@type":"WebSite","@id":"https:\/\/www.ernanipolo.com.br\/wp\/#website","url":"https:\/\/www.ernanipolo.com.br\/wp\/","name":"Ernani Polo","description":"","publisher":{"@id":"https:\/\/www.ernanipolo.com.br\/wp\/#organization"},"potentialAction":[{"@type":"SearchAction","target":{"@type":"EntryPoint","urlTemplate":"https:\/\/www.ernanipolo.com.br\/wp\/?s={search_term_string}"},"query-input":{"@type":"PropertyValueSpecification","valueRequired":true,"valueName":"search_term_string"}}],"inLanguage":"pt-BR"},{"@type":"Organization","@id":"https:\/\/www.ernanipolo.com.br\/wp\/#organization","name":"Ernani Polo","url":"https:\/\/www.ernanipolo.com.br\/wp\/","logo":{"@type":"ImageObject","inLanguage":"pt-BR","@id":"https:\/\/www.ernanipolo.com.br\/wp\/#\/schema\/logo\/image\/","url":"https:\/\/www.ernanipolo.com.br\/wp\/wp-content\/uploads\/2023\/09\/Logo-Azul-Ernani-Polo.png","contentUrl":"https:\/\/www.ernanipolo.com.br\/wp\/wp-content\/uploads\/2023\/09\/Logo-Azul-Ernani-Polo.png","width":630,"height":162,"caption":"Ernani Polo"},"image":{"@id":"https:\/\/www.ernanipolo.com.br\/wp\/#\/schema\/logo\/image\/"}},{"@type":"Person","@id":"https:\/\/www.ernanipolo.com.br\/wp\/#\/schema\/person\/495081e5f89df1864e457bc25058eb32","name":"Assessoria","image":{"@type":"ImageObject","inLanguage":"pt-BR","@id":"https:\/\/secure.gravatar.com\/avatar\/fb9fbf9c7f51269c39fd7432c2ca37dcb848f2e01061b91c2515b159534f94f8?s=96&d=mm&r=g","url":"https:\/\/secure.gravatar.com\/avatar\/fb9fbf9c7f51269c39fd7432c2ca37dcb848f2e01061b91c2515b159534f94f8?s=96&d=mm&r=g","contentUrl":"https:\/\/secure.gravatar.com\/avatar\/fb9fbf9c7f51269c39fd7432c2ca37dcb848f2e01061b91c2515b159534f94f8?s=96&d=mm&r=g","caption":"Assessoria"},"url":"https:\/\/www.ernanipolo.com.br\/wp\/author\/assessoria\/"}]}},"jetpack_featured_media_url":"","jetpack_sharing_enabled":true,"_links":{"self":[{"href":"https:\/\/www.ernanipolo.com.br\/wp\/wp-json\/wp\/v2\/posts\/5219","targetHints":{"allow":["GET"]}}],"collection":[{"href":"https:\/\/www.ernanipolo.com.br\/wp\/wp-json\/wp\/v2\/posts"}],"about":[{"href":"https:\/\/www.ernanipolo.com.br\/wp\/wp-json\/wp\/v2\/types\/post"}],"author":[{"embeddable":true,"href":"https:\/\/www.ernanipolo.com.br\/wp\/wp-json\/wp\/v2\/users\/3"}],"replies":[{"embeddable":true,"href":"https:\/\/www.ernanipolo.com.br\/wp\/wp-json\/wp\/v2\/comments?post=5219"}],"version-history":[{"count":1,"href":"https:\/\/www.ernanipolo.com.br\/wp\/wp-json\/wp\/v2\/posts\/5219\/revisions"}],"predecessor-version":[{"id":5221,"href":"https:\/\/www.ernanipolo.com.br\/wp\/wp-json\/wp\/v2\/posts\/5219\/revisions\/5221"}],"wp:attachment":[{"href":"https:\/\/www.ernanipolo.com.br\/wp\/wp-json\/wp\/v2\/media?parent=5219"}],"wp:term":[{"taxonomy":"category","embeddable":true,"href":"https:\/\/www.ernanipolo.com.br\/wp\/wp-json\/wp\/v2\/categories?post=5219"},{"taxonomy":"post_tag","embeddable":true,"href":"https:\/\/www.ernanipolo.com.br\/wp\/wp-json\/wp\/v2\/tags?post=5219"}],"curies":[{"name":"wp","href":"https:\/\/api.w.org\/{rel}","templated":true}]}}