{"id":5049,"date":"2021-10-09T17:33:18","date_gmt":"2021-10-09T20:33:18","guid":{"rendered":"http:\/\/www.ernanipolo.com.br\/wp\/?p=5049"},"modified":"2021-10-09T17:33:18","modified_gmt":"2021-10-09T20:33:18","slug":"centro-de-reabilitacao-auditiva-e-intelectual-de-tres-de-maio-tera-inauguracao-oficial-em-novembro","status":"publish","type":"post","link":"https:\/\/www.ernanipolo.com.br\/wp\/centro-de-reabilitacao-auditiva-e-intelectual-de-tres-de-maio-tera-inauguracao-oficial-em-novembro\/","title":{"rendered":"Centro de Reabilita\u00e7\u00e3o Auditiva e Intelectual de Tr\u00eas de Maio ter\u00e1 inaugura\u00e7\u00e3o oficial em novembro"},"content":{"rendered":"<p>Esta semana o deputado estadual Ernani Polo esteve no Pal\u00e1cio Piratini, acompanhando o presidente da Federa\u00e7\u00e3o das Apaes RS, Afonso Tochetto, o presidente da Apae de Tr\u00eas de Maio, Vilson Foletto, o vice presidente, Paulo Camargo e o diretor de comunica\u00e7\u00e3o da Federa\u00e7\u00e3o das Apaes, Paulo Bogado, durante entrega de convite ao governador em exerc\u00edcio, Ranolfo Vieira J\u00fanior, para a inaugura\u00e7\u00e3o oficial das instala\u00e7\u00f5es do Centro de Reabilita\u00e7\u00e3o Auditiva e Intelectual, CER2, que teve segundo piso constru\u00eddo, com inclus\u00e3o de equipamentos, ato que acontecer\u00e1 em 19 de novembro. Esteve presente tamb\u00e9m no ato o comandante estadual do corpo de bombeiros militar, Coronel Bonfanti, que tamb\u00e9m \u00e9 natural de Tr\u00eas de Maio.<\/p>\n<p>O Cetro \u00e9 refer\u00eancia na regi\u00e3o Noroeste, atendendo 17 munic\u00edpios, cumprindo um papel de extrema relev\u00e2ncia social. ao prestar atendimentos especializados a pessoas com defici\u00eancia. O Centro j\u00e1 est\u00e1 em atividade ap\u00f3s as reformas, por\u00e9m sua inaugura\u00e7\u00e3o n\u00e3o foi poss\u00edvel devido a Pandemia, o que agora poder\u00e1 ser realizado no m\u00eas de novembro.<\/p>\n<p>&#8221; Como idealizador da Frente Parlamentar em Defesa das Pessoas com Defici\u00eancia da Assembleia Legislativa, desenvolvemos v\u00e1rias a\u00e7\u00f5es em parceria com a Federa\u00e7\u00e3o das Apaes, para apoiar estas entidades de cada munic\u00edpio e regi\u00e3o, que realizam um trabalho exemplar. Esta reestrutura\u00e7\u00e3o do centro em Tr\u00eas de Maio, refer\u00eancia na regi\u00e3o Noroeste, \u00e9 uma importante not\u00edcia para tantas fam\u00edlias que necessitam de atendimento especializado&#8221;, ressalta o deputado Ernani Polo.<\/p>\n<p>O convite para o ator de inaugura\u00e7\u00e3o tamb\u00e9m foi levado a presidente em exerc\u00edcio da Assembleia Legislativa, deputada Kelly Moraes.<\/p>\n","protected":false},"excerpt":{"rendered":"<p>Esta semana o deputado estadual Ernani Polo esteve no Pal\u00e1cio Piratini, acompanhando o presidente da Federa\u00e7\u00e3o das Apaes RS, Afonso &hellip; <a href=\"https:\/\/www.ernanipolo.com.br\/wp\/centro-de-reabilitacao-auditiva-e-intelectual-de-tres-de-maio-tera-inauguracao-oficial-em-novembro\/\" class=\"more-link\">Continue reading <span class=\"screen-reader-text\">Centro de Reabilita\u00e7\u00e3o Auditiva e Intelectual de Tr\u00eas de Maio ter\u00e1 inaugura\u00e7\u00e3o oficial em novembro<\/span><\/a><\/p>\n","protected":false},"author":3,"featured_media":5050,"comment_status":"open","ping_status":"open","sticky":false,"template":"","format":"standard","meta":{"_acf_changed":false,"_jetpack_memberships_contains_paid_content":false,"footnotes":""},"categories":[37,39],"tags":[],"class_list":["post-5049","post","type-post","status-publish","format-standard","has-post-thumbnail","hentry","category-noticias","category-destaque"],"acf":[],"yoast_head":"<!-- This site is optimized with the Yoast SEO plugin v27.5 - https:\/\/yoast.com\/product\/yoast-seo-wordpress\/ -->\n<title>Centro de Reabilita\u00e7\u00e3o Auditiva e Intelectual de Tr\u00eas de Maio ter\u00e1 inaugura\u00e7\u00e3o oficial em novembro - Ernani Polo<\/title>\n<meta name=\"robots\" content=\"index, follow, max-snippet:-1, max-image-preview:large, max-video-preview:-1\" \/>\n<link rel=\"canonical\" href=\"https:\/\/www.ernanipolo.com.br\/wp\/centro-de-reabilitacao-auditiva-e-intelectual-de-tres-de-maio-tera-inauguracao-oficial-em-novembro\/\" \/>\n<meta property=\"og:locale\" content=\"pt_BR\" \/>\n<meta property=\"og:type\" content=\"article\" \/>\n<meta property=\"og:title\" content=\"Centro de Reabilita\u00e7\u00e3o Auditiva e Intelectual de Tr\u00eas de Maio ter\u00e1 inaugura\u00e7\u00e3o oficial em novembro - Ernani Polo\" \/>\n<meta property=\"og:description\" content=\"Esta semana o deputado estadual Ernani Polo esteve no Pal\u00e1cio Piratini, acompanhando o presidente da Federa\u00e7\u00e3o das Apaes RS, Afonso &hellip; Continue reading Centro de Reabilita\u00e7\u00e3o Auditiva e Intelectual de Tr\u00eas de Maio ter\u00e1 inaugura\u00e7\u00e3o oficial em novembro\" \/>\n<meta property=\"og:url\" content=\"https:\/\/www.ernanipolo.com.br\/wp\/centro-de-reabilitacao-auditiva-e-intelectual-de-tres-de-maio-tera-inauguracao-oficial-em-novembro\/\" \/>\n<meta property=\"og:site_name\" content=\"Ernani Polo\" \/>\n<meta property=\"article:published_time\" content=\"2021-10-09T20:33:18+00:00\" \/>\n<meta property=\"og:image\" content=\"https:\/\/www.ernanipolo.com.br\/wp\/wp-content\/uploads\/2021\/10\/244592175_4588234977899427_5263975214754228925_n.jpg\" \/>\n\t<meta property=\"og:image:width\" content=\"1600\" \/>\n\t<meta property=\"og:image:height\" content=\"1066\" \/>\n\t<meta property=\"og:image:type\" content=\"image\/jpeg\" \/>\n<meta name=\"author\" content=\"Assessoria\" \/>\n<meta name=\"twitter:card\" content=\"summary_large_image\" \/>\n<meta name=\"twitter:label1\" content=\"Escrito por\" \/>\n\t<meta name=\"twitter:data1\" content=\"Assessoria\" \/>\n\t<meta name=\"twitter:label2\" content=\"Est. tempo de leitura\" \/>\n\t<meta name=\"twitter:data2\" content=\"1 minuto\" \/>\n<script type=\"application\/ld+json\" class=\"yoast-schema-graph\">{\"@context\":\"https:\\\/\\\/schema.org\",\"@graph\":[{\"@type\":\"Article\",\"@id\":\"https:\\\/\\\/www.ernanipolo.com.br\\\/wp\\\/centro-de-reabilitacao-auditiva-e-intelectual-de-tres-de-maio-tera-inauguracao-oficial-em-novembro\\\/#article\",\"isPartOf\":{\"@id\":\"https:\\\/\\\/www.ernanipolo.com.br\\\/wp\\\/centro-de-reabilitacao-auditiva-e-intelectual-de-tres-de-maio-tera-inauguracao-oficial-em-novembro\\\/\"},\"author\":{\"name\":\"Assessoria\",\"@id\":\"https:\\\/\\\/www.ernanipolo.com.br\\\/wp\\\/#\\\/schema\\\/person\\\/495081e5f89df1864e457bc25058eb32\"},\"headline\":\"Centro de Reabilita\u00e7\u00e3o Auditiva e Intelectual de Tr\u00eas de Maio ter\u00e1 inaugura\u00e7\u00e3o oficial em novembro\",\"datePublished\":\"2021-10-09T20:33:18+00:00\",\"mainEntityOfPage\":{\"@id\":\"https:\\\/\\\/www.ernanipolo.com.br\\\/wp\\\/centro-de-reabilitacao-auditiva-e-intelectual-de-tres-de-maio-tera-inauguracao-oficial-em-novembro\\\/\"},\"wordCount\":305,\"commentCount\":0,\"publisher\":{\"@id\":\"https:\\\/\\\/www.ernanipolo.com.br\\\/wp\\\/#organization\"},\"image\":{\"@id\":\"https:\\\/\\\/www.ernanipolo.com.br\\\/wp\\\/centro-de-reabilitacao-auditiva-e-intelectual-de-tres-de-maio-tera-inauguracao-oficial-em-novembro\\\/#primaryimage\"},\"thumbnailUrl\":\"https:\\\/\\\/www.ernanipolo.com.br\\\/wp\\\/wp-content\\\/uploads\\\/2021\\\/10\\\/244592175_4588234977899427_5263975214754228925_n.jpg\",\"articleSection\":[\"Not\u00edcias\",\"Destaque\"],\"inLanguage\":\"pt-BR\",\"potentialAction\":[{\"@type\":\"CommentAction\",\"name\":\"Comment\",\"target\":[\"https:\\\/\\\/www.ernanipolo.com.br\\\/wp\\\/centro-de-reabilitacao-auditiva-e-intelectual-de-tres-de-maio-tera-inauguracao-oficial-em-novembro\\\/#respond\"]}]},{\"@type\":\"WebPage\",\"@id\":\"https:\\\/\\\/www.ernanipolo.com.br\\\/wp\\\/centro-de-reabilitacao-auditiva-e-intelectual-de-tres-de-maio-tera-inauguracao-oficial-em-novembro\\\/\",\"url\":\"https:\\\/\\\/www.ernanipolo.com.br\\\/wp\\\/centro-de-reabilitacao-auditiva-e-intelectual-de-tres-de-maio-tera-inauguracao-oficial-em-novembro\\\/\",\"name\":\"Centro de Reabilita\u00e7\u00e3o Auditiva e Intelectual de Tr\u00eas de Maio ter\u00e1 inaugura\u00e7\u00e3o oficial em novembro - Ernani Polo\",\"isPartOf\":{\"@id\":\"https:\\\/\\\/www.ernanipolo.com.br\\\/wp\\\/#website\"},\"primaryImageOfPage\":{\"@id\":\"https:\\\/\\\/www.ernanipolo.com.br\\\/wp\\\/centro-de-reabilitacao-auditiva-e-intelectual-de-tres-de-maio-tera-inauguracao-oficial-em-novembro\\\/#primaryimage\"},\"image\":{\"@id\":\"https:\\\/\\\/www.ernanipolo.com.br\\\/wp\\\/centro-de-reabilitacao-auditiva-e-intelectual-de-tres-de-maio-tera-inauguracao-oficial-em-novembro\\\/#primaryimage\"},\"thumbnailUrl\":\"https:\\\/\\\/www.ernanipolo.com.br\\\/wp\\\/wp-content\\\/uploads\\\/2021\\\/10\\\/244592175_4588234977899427_5263975214754228925_n.jpg\",\"datePublished\":\"2021-10-09T20:33:18+00:00\",\"inLanguage\":\"pt-BR\",\"potentialAction\":[{\"@type\":\"ReadAction\",\"target\":[\"https:\\\/\\\/www.ernanipolo.com.br\\\/wp\\\/centro-de-reabilitacao-auditiva-e-intelectual-de-tres-de-maio-tera-inauguracao-oficial-em-novembro\\\/\"]}]},{\"@type\":\"ImageObject\",\"inLanguage\":\"pt-BR\",\"@id\":\"https:\\\/\\\/www.ernanipolo.com.br\\\/wp\\\/centro-de-reabilitacao-auditiva-e-intelectual-de-tres-de-maio-tera-inauguracao-oficial-em-novembro\\\/#primaryimage\",\"url\":\"https:\\\/\\\/www.ernanipolo.com.br\\\/wp\\\/wp-content\\\/uploads\\\/2021\\\/10\\\/244592175_4588234977899427_5263975214754228925_n.jpg\",\"contentUrl\":\"https:\\\/\\\/www.ernanipolo.com.br\\\/wp\\\/wp-content\\\/uploads\\\/2021\\\/10\\\/244592175_4588234977899427_5263975214754228925_n.jpg\",\"width\":1600,\"height\":1066,\"caption\":\"Convite para inaugura\u00e7\u00e3o oficial do centro em Tr\u00eas de Maio foi entregue ao governador em exerc\u00edcio Ranolfo Vieira J\u00fanior\"},{\"@type\":\"WebSite\",\"@id\":\"https:\\\/\\\/www.ernanipolo.com.br\\\/wp\\\/#website\",\"url\":\"https:\\\/\\\/www.ernanipolo.com.br\\\/wp\\\/\",\"name\":\"Ernani Polo\",\"description\":\"\",\"publisher\":{\"@id\":\"https:\\\/\\\/www.ernanipolo.com.br\\\/wp\\\/#organization\"},\"potentialAction\":[{\"@type\":\"SearchAction\",\"target\":{\"@type\":\"EntryPoint\",\"urlTemplate\":\"https:\\\/\\\/www.ernanipolo.com.br\\\/wp\\\/?s={search_term_string}\"},\"query-input\":{\"@type\":\"PropertyValueSpecification\",\"valueRequired\":true,\"valueName\":\"search_term_string\"}}],\"inLanguage\":\"pt-BR\"},{\"@type\":\"Organization\",\"@id\":\"https:\\\/\\\/www.ernanipolo.com.br\\\/wp\\\/#organization\",\"name\":\"Ernani Polo\",\"url\":\"https:\\\/\\\/www.ernanipolo.com.br\\\/wp\\\/\",\"logo\":{\"@type\":\"ImageObject\",\"inLanguage\":\"pt-BR\",\"@id\":\"https:\\\/\\\/www.ernanipolo.com.br\\\/wp\\\/#\\\/schema\\\/logo\\\/image\\\/\",\"url\":\"https:\\\/\\\/www.ernanipolo.com.br\\\/wp\\\/wp-content\\\/uploads\\\/2023\\\/09\\\/Logo-Azul-Ernani-Polo.png\",\"contentUrl\":\"https:\\\/\\\/www.ernanipolo.com.br\\\/wp\\\/wp-content\\\/uploads\\\/2023\\\/09\\\/Logo-Azul-Ernani-Polo.png\",\"width\":630,\"height\":162,\"caption\":\"Ernani Polo\"},\"image\":{\"@id\":\"https:\\\/\\\/www.ernanipolo.com.br\\\/wp\\\/#\\\/schema\\\/logo\\\/image\\\/\"}},{\"@type\":\"Person\",\"@id\":\"https:\\\/\\\/www.ernanipolo.com.br\\\/wp\\\/#\\\/schema\\\/person\\\/495081e5f89df1864e457bc25058eb32\",\"name\":\"Assessoria\",\"image\":{\"@type\":\"ImageObject\",\"inLanguage\":\"pt-BR\",\"@id\":\"https:\\\/\\\/secure.gravatar.com\\\/avatar\\\/fb9fbf9c7f51269c39fd7432c2ca37dcb848f2e01061b91c2515b159534f94f8?s=96&d=mm&r=g\",\"url\":\"https:\\\/\\\/secure.gravatar.com\\\/avatar\\\/fb9fbf9c7f51269c39fd7432c2ca37dcb848f2e01061b91c2515b159534f94f8?s=96&d=mm&r=g\",\"contentUrl\":\"https:\\\/\\\/secure.gravatar.com\\\/avatar\\\/fb9fbf9c7f51269c39fd7432c2ca37dcb848f2e01061b91c2515b159534f94f8?s=96&d=mm&r=g\",\"caption\":\"Assessoria\"},\"url\":\"https:\\\/\\\/www.ernanipolo.com.br\\\/wp\\\/author\\\/assessoria\\\/\"}]}<\/script>\n<!-- \/ Yoast SEO plugin. -->","yoast_head_json":{"title":"Centro de Reabilita\u00e7\u00e3o Auditiva e Intelectual de Tr\u00eas de Maio ter\u00e1 inaugura\u00e7\u00e3o oficial em novembro - Ernani Polo","robots":{"index":"index","follow":"follow","max-snippet":"max-snippet:-1","max-image-preview":"max-image-preview:large","max-video-preview":"max-video-preview:-1"},"canonical":"https:\/\/www.ernanipolo.com.br\/wp\/centro-de-reabilitacao-auditiva-e-intelectual-de-tres-de-maio-tera-inauguracao-oficial-em-novembro\/","og_locale":"pt_BR","og_type":"article","og_title":"Centro de Reabilita\u00e7\u00e3o Auditiva e Intelectual de Tr\u00eas de Maio ter\u00e1 inaugura\u00e7\u00e3o oficial em novembro - Ernani Polo","og_description":"Esta semana o deputado estadual Ernani Polo esteve no Pal\u00e1cio Piratini, acompanhando o presidente da Federa\u00e7\u00e3o das Apaes RS, Afonso &hellip; Continue reading Centro de Reabilita\u00e7\u00e3o Auditiva e Intelectual de Tr\u00eas de Maio ter\u00e1 inaugura\u00e7\u00e3o oficial em novembro","og_url":"https:\/\/www.ernanipolo.com.br\/wp\/centro-de-reabilitacao-auditiva-e-intelectual-de-tres-de-maio-tera-inauguracao-oficial-em-novembro\/","og_site_name":"Ernani Polo","article_published_time":"2021-10-09T20:33:18+00:00","og_image":[{"width":1600,"height":1066,"url":"https:\/\/www.ernanipolo.com.br\/wp\/wp-content\/uploads\/2021\/10\/244592175_4588234977899427_5263975214754228925_n.jpg","type":"image\/jpeg"}],"author":"Assessoria","twitter_card":"summary_large_image","twitter_misc":{"Escrito por":"Assessoria","Est. tempo de leitura":"1 minuto"},"schema":{"@context":"https:\/\/schema.org","@graph":[{"@type":"Article","@id":"https:\/\/www.ernanipolo.com.br\/wp\/centro-de-reabilitacao-auditiva-e-intelectual-de-tres-de-maio-tera-inauguracao-oficial-em-novembro\/#article","isPartOf":{"@id":"https:\/\/www.ernanipolo.com.br\/wp\/centro-de-reabilitacao-auditiva-e-intelectual-de-tres-de-maio-tera-inauguracao-oficial-em-novembro\/"},"author":{"name":"Assessoria","@id":"https:\/\/www.ernanipolo.com.br\/wp\/#\/schema\/person\/495081e5f89df1864e457bc25058eb32"},"headline":"Centro de Reabilita\u00e7\u00e3o Auditiva e Intelectual de Tr\u00eas de Maio ter\u00e1 inaugura\u00e7\u00e3o oficial em novembro","datePublished":"2021-10-09T20:33:18+00:00","mainEntityOfPage":{"@id":"https:\/\/www.ernanipolo.com.br\/wp\/centro-de-reabilitacao-auditiva-e-intelectual-de-tres-de-maio-tera-inauguracao-oficial-em-novembro\/"},"wordCount":305,"commentCount":0,"publisher":{"@id":"https:\/\/www.ernanipolo.com.br\/wp\/#organization"},"image":{"@id":"https:\/\/www.ernanipolo.com.br\/wp\/centro-de-reabilitacao-auditiva-e-intelectual-de-tres-de-maio-tera-inauguracao-oficial-em-novembro\/#primaryimage"},"thumbnailUrl":"https:\/\/www.ernanipolo.com.br\/wp\/wp-content\/uploads\/2021\/10\/244592175_4588234977899427_5263975214754228925_n.jpg","articleSection":["Not\u00edcias","Destaque"],"inLanguage":"pt-BR","potentialAction":[{"@type":"CommentAction","name":"Comment","target":["https:\/\/www.ernanipolo.com.br\/wp\/centro-de-reabilitacao-auditiva-e-intelectual-de-tres-de-maio-tera-inauguracao-oficial-em-novembro\/#respond"]}]},{"@type":"WebPage","@id":"https:\/\/www.ernanipolo.com.br\/wp\/centro-de-reabilitacao-auditiva-e-intelectual-de-tres-de-maio-tera-inauguracao-oficial-em-novembro\/","url":"https:\/\/www.ernanipolo.com.br\/wp\/centro-de-reabilitacao-auditiva-e-intelectual-de-tres-de-maio-tera-inauguracao-oficial-em-novembro\/","name":"Centro de Reabilita\u00e7\u00e3o Auditiva e Intelectual de Tr\u00eas de Maio ter\u00e1 inaugura\u00e7\u00e3o oficial em novembro - Ernani Polo","isPartOf":{"@id":"https:\/\/www.ernanipolo.com.br\/wp\/#website"},"primaryImageOfPage":{"@id":"https:\/\/www.ernanipolo.com.br\/wp\/centro-de-reabilitacao-auditiva-e-intelectual-de-tres-de-maio-tera-inauguracao-oficial-em-novembro\/#primaryimage"},"image":{"@id":"https:\/\/www.ernanipolo.com.br\/wp\/centro-de-reabilitacao-auditiva-e-intelectual-de-tres-de-maio-tera-inauguracao-oficial-em-novembro\/#primaryimage"},"thumbnailUrl":"https:\/\/www.ernanipolo.com.br\/wp\/wp-content\/uploads\/2021\/10\/244592175_4588234977899427_5263975214754228925_n.jpg","datePublished":"2021-10-09T20:33:18+00:00","inLanguage":"pt-BR","potentialAction":[{"@type":"ReadAction","target":["https:\/\/www.ernanipolo.com.br\/wp\/centro-de-reabilitacao-auditiva-e-intelectual-de-tres-de-maio-tera-inauguracao-oficial-em-novembro\/"]}]},{"@type":"ImageObject","inLanguage":"pt-BR","@id":"https:\/\/www.ernanipolo.com.br\/wp\/centro-de-reabilitacao-auditiva-e-intelectual-de-tres-de-maio-tera-inauguracao-oficial-em-novembro\/#primaryimage","url":"https:\/\/www.ernanipolo.com.br\/wp\/wp-content\/uploads\/2021\/10\/244592175_4588234977899427_5263975214754228925_n.jpg","contentUrl":"https:\/\/www.ernanipolo.com.br\/wp\/wp-content\/uploads\/2021\/10\/244592175_4588234977899427_5263975214754228925_n.jpg","width":1600,"height":1066,"caption":"Convite para inaugura\u00e7\u00e3o oficial do centro em Tr\u00eas de Maio foi entregue ao governador em exerc\u00edcio Ranolfo Vieira J\u00fanior"},{"@type":"WebSite","@id":"https:\/\/www.ernanipolo.com.br\/wp\/#website","url":"https:\/\/www.ernanipolo.com.br\/wp\/","name":"Ernani Polo","description":"","publisher":{"@id":"https:\/\/www.ernanipolo.com.br\/wp\/#organization"},"potentialAction":[{"@type":"SearchAction","target":{"@type":"EntryPoint","urlTemplate":"https:\/\/www.ernanipolo.com.br\/wp\/?s={search_term_string}"},"query-input":{"@type":"PropertyValueSpecification","valueRequired":true,"valueName":"search_term_string"}}],"inLanguage":"pt-BR"},{"@type":"Organization","@id":"https:\/\/www.ernanipolo.com.br\/wp\/#organization","name":"Ernani Polo","url":"https:\/\/www.ernanipolo.com.br\/wp\/","logo":{"@type":"ImageObject","inLanguage":"pt-BR","@id":"https:\/\/www.ernanipolo.com.br\/wp\/#\/schema\/logo\/image\/","url":"https:\/\/www.ernanipolo.com.br\/wp\/wp-content\/uploads\/2023\/09\/Logo-Azul-Ernani-Polo.png","contentUrl":"https:\/\/www.ernanipolo.com.br\/wp\/wp-content\/uploads\/2023\/09\/Logo-Azul-Ernani-Polo.png","width":630,"height":162,"caption":"Ernani Polo"},"image":{"@id":"https:\/\/www.ernanipolo.com.br\/wp\/#\/schema\/logo\/image\/"}},{"@type":"Person","@id":"https:\/\/www.ernanipolo.com.br\/wp\/#\/schema\/person\/495081e5f89df1864e457bc25058eb32","name":"Assessoria","image":{"@type":"ImageObject","inLanguage":"pt-BR","@id":"https:\/\/secure.gravatar.com\/avatar\/fb9fbf9c7f51269c39fd7432c2ca37dcb848f2e01061b91c2515b159534f94f8?s=96&d=mm&r=g","url":"https:\/\/secure.gravatar.com\/avatar\/fb9fbf9c7f51269c39fd7432c2ca37dcb848f2e01061b91c2515b159534f94f8?s=96&d=mm&r=g","contentUrl":"https:\/\/secure.gravatar.com\/avatar\/fb9fbf9c7f51269c39fd7432c2ca37dcb848f2e01061b91c2515b159534f94f8?s=96&d=mm&r=g","caption":"Assessoria"},"url":"https:\/\/www.ernanipolo.com.br\/wp\/author\/assessoria\/"}]}},"jetpack_featured_media_url":"https:\/\/www.ernanipolo.com.br\/wp\/wp-content\/uploads\/2021\/10\/244592175_4588234977899427_5263975214754228925_n.jpg","jetpack_sharing_enabled":true,"_links":{"self":[{"href":"https:\/\/www.ernanipolo.com.br\/wp\/wp-json\/wp\/v2\/posts\/5049","targetHints":{"allow":["GET"]}}],"collection":[{"href":"https:\/\/www.ernanipolo.com.br\/wp\/wp-json\/wp\/v2\/posts"}],"about":[{"href":"https:\/\/www.ernanipolo.com.br\/wp\/wp-json\/wp\/v2\/types\/post"}],"author":[{"embeddable":true,"href":"https:\/\/www.ernanipolo.com.br\/wp\/wp-json\/wp\/v2\/users\/3"}],"replies":[{"embeddable":true,"href":"https:\/\/www.ernanipolo.com.br\/wp\/wp-json\/wp\/v2\/comments?post=5049"}],"version-history":[{"count":0,"href":"https:\/\/www.ernanipolo.com.br\/wp\/wp-json\/wp\/v2\/posts\/5049\/revisions"}],"wp:featuredmedia":[{"embeddable":true,"href":"https:\/\/www.ernanipolo.com.br\/wp\/wp-json\/wp\/v2\/media\/5050"}],"wp:attachment":[{"href":"https:\/\/www.ernanipolo.com.br\/wp\/wp-json\/wp\/v2\/media?parent=5049"}],"wp:term":[{"taxonomy":"category","embeddable":true,"href":"https:\/\/www.ernanipolo.com.br\/wp\/wp-json\/wp\/v2\/categories?post=5049"},{"taxonomy":"post_tag","embeddable":true,"href":"https:\/\/www.ernanipolo.com.br\/wp\/wp-json\/wp\/v2\/tags?post=5049"}],"curies":[{"name":"wp","href":"https:\/\/api.w.org\/{rel}","templated":true}]}}