{"id":4834,"date":"2021-05-19T18:03:02","date_gmt":"2021-05-19T21:03:02","guid":{"rendered":"http:\/\/www.ernanipolo.com.br\/wp\/?p=4834"},"modified":"2021-05-21T14:21:35","modified_gmt":"2021-05-21T17:21:35","slug":"deputado-ernani-polo-promove-videoconferencia-com-secretario-da-seguranca-publica-e-comitiva-de-rosario-do-sul","status":"publish","type":"post","link":"https:\/\/www.ernanipolo.com.br\/wp\/deputado-ernani-polo-promove-videoconferencia-com-secretario-da-seguranca-publica-e-comitiva-de-rosario-do-sul\/","title":{"rendered":"Deputado Ernani Polo promove videoconfer\u00eancia com secret\u00e1rio da Seguran\u00e7a P\u00fablica e comitiva de Ros\u00e1rio do Sul"},"content":{"rendered":"<p>O deputado Ernani Polo intermediou videoconfer\u00eancia com o vice-governador do Estado e secret\u00e1rio da Seguran\u00e7a P\u00fablica Ranolfo Vieira Jr. e com comitiva de Ros\u00e1rio do Sul, ocasi\u00e3o na qual foi solicitado aumento de efetivo do policiamento, tendo em vista o crescimento da criminalidade verificado no munic\u00edpio nos \u00faltimos meses.<\/p>\n<p>Preocupado com essa situa\u00e7\u00e3o, o vereador Alisson Sampaio prop\u00f4s a reuni\u00e3o virtual para buscar alternativas para a seguran\u00e7a dos rosarienses.<\/p>\n<p>De acordo com o vice-prefeito Eduardo Ustra Ribeiro, o assunto j\u00e1 vem sendo tratado h\u00e1 algum tempo em Ros\u00e1rio do Sul e na regi\u00e3o, devido ao baixo efetivo da Brigada Militar e da Pol\u00edcia Civil. A situa\u00e7\u00e3o da seguran\u00e7a p\u00fablica, entretanto, se agravou nos \u00faltimos cinco meses, ap\u00f3s a ocorr\u00eancia de dois homic\u00eddios no centro da cidade: \u201cA viol\u00eancia vem se intensificando em Ros\u00e1rio, o que nos preocupa muito, tamb\u00e9m em decorr\u00eancia da falta de efetivo na cidade\u201d, manifestou.<\/p>\n<p>O secret\u00e1rio da Seguran\u00e7a comprometeu-se a aumentar o efetivo de Ros\u00e1rio do Sul, informando que ser\u00e3o destinados alguns servidores ao munic\u00edpio, oriundos da pr\u00f3xima turma de formandos da Brigada Militar. \u201cA partir do m\u00eas de setembro ser\u00e3o enviados mais policiais ao munic\u00edpio, aumentando o efetivo tanto da Brigada Militar, quanto da Pol\u00edcia Civil\u201d, disse.<\/p>\n<p>O presidente do Sindicato Rural, Gilberto Schilling falou sobre a dificuldade de manter o policiamento em um munic\u00edpio com tamanha extens\u00e3o territorial, como \u00e9 o caso de Ros\u00e1rio do Sul: \u201cO munic\u00edpio, por possuir uma grande extens\u00e3o rural, acaba tendo dificuldades com rela\u00e7\u00e3o \u00e0 seguran\u00e7a p\u00fablica. Somado a isso, temos tamb\u00e9m a falta de efetivo, o que prejudica ainda mais a situa\u00e7\u00e3o de nossa comunidade. Entendemos que o munic\u00edpio necessita de um aporte com rela\u00e7\u00e3o \u00e0 Pol\u00edcia Militar e Pol\u00edcia Civil\u201d, explicou.<\/p>\n<p>Gilberto Schilling destacou tamb\u00e9m a import\u00e2ncia da parceria do deputado Ernani Polo: \u201c\u00e9 fundamental que tenhamos um parlamentar parceiro da nossa regi\u00e3o e do nosso munic\u00edpio, que possa interceder e nos ajudar com essas quest\u00f5es\u201d, finalizou.<\/p>\n","protected":false},"excerpt":{"rendered":"<p>O deputado Ernani Polo intermediou videoconfer\u00eancia com o vice-governador do Estado e secret\u00e1rio da Seguran\u00e7a P\u00fablica Ranolfo Vieira Jr. e &hellip; <a href=\"https:\/\/www.ernanipolo.com.br\/wp\/deputado-ernani-polo-promove-videoconferencia-com-secretario-da-seguranca-publica-e-comitiva-de-rosario-do-sul\/\" class=\"more-link\">Continue reading <span class=\"screen-reader-text\">Deputado Ernani Polo promove videoconfer\u00eancia com secret\u00e1rio da Seguran\u00e7a P\u00fablica e comitiva de Ros\u00e1rio do Sul<\/span><\/a><\/p>\n","protected":false},"author":3,"featured_media":4835,"comment_status":"open","ping_status":"open","sticky":false,"template":"","format":"standard","meta":{"_acf_changed":false,"_jetpack_memberships_contains_paid_content":false,"footnotes":""},"categories":[37,39,45],"tags":[],"class_list":["post-4834","post","type-post","status-publish","format-standard","has-post-thumbnail","hentry","category-noticias","category-destaque","category-agricultura"],"acf":[],"yoast_head":"<!-- This site is optimized with the Yoast SEO plugin v27.5 - https:\/\/yoast.com\/product\/yoast-seo-wordpress\/ -->\n<title>Deputado Ernani Polo promove videoconfer\u00eancia com secret\u00e1rio da Seguran\u00e7a P\u00fablica e comitiva de Ros\u00e1rio do Sul - Ernani Polo<\/title>\n<meta name=\"robots\" content=\"index, follow, max-snippet:-1, max-image-preview:large, max-video-preview:-1\" \/>\n<link rel=\"canonical\" href=\"https:\/\/www.ernanipolo.com.br\/wp\/deputado-ernani-polo-promove-videoconferencia-com-secretario-da-seguranca-publica-e-comitiva-de-rosario-do-sul\/\" \/>\n<meta property=\"og:locale\" content=\"pt_BR\" \/>\n<meta property=\"og:type\" content=\"article\" \/>\n<meta property=\"og:title\" content=\"Deputado Ernani Polo promove videoconfer\u00eancia com secret\u00e1rio da Seguran\u00e7a P\u00fablica e comitiva de Ros\u00e1rio do Sul - Ernani Polo\" \/>\n<meta property=\"og:description\" content=\"O deputado Ernani Polo intermediou videoconfer\u00eancia com o vice-governador do Estado e secret\u00e1rio da Seguran\u00e7a P\u00fablica Ranolfo Vieira Jr. e &hellip; Continue reading Deputado Ernani Polo promove videoconfer\u00eancia com secret\u00e1rio da Seguran\u00e7a P\u00fablica e comitiva de Ros\u00e1rio do Sul\" \/>\n<meta property=\"og:url\" content=\"https:\/\/www.ernanipolo.com.br\/wp\/deputado-ernani-polo-promove-videoconferencia-com-secretario-da-seguranca-publica-e-comitiva-de-rosario-do-sul\/\" \/>\n<meta property=\"og:site_name\" content=\"Ernani Polo\" \/>\n<meta property=\"article:published_time\" content=\"2021-05-19T21:03:02+00:00\" \/>\n<meta property=\"article:modified_time\" content=\"2021-05-21T17:21:35+00:00\" \/>\n<meta property=\"og:image\" content=\"https:\/\/www.ernanipolo.com.br\/wp\/wp-content\/uploads\/2021\/05\/WhatsApp-Image-2021-05-19-at-11.39.51.jpeg\" \/>\n\t<meta property=\"og:image:width\" content=\"540\" \/>\n\t<meta property=\"og:image:height\" content=\"1200\" \/>\n\t<meta property=\"og:image:type\" content=\"image\/jpeg\" \/>\n<meta name=\"author\" content=\"Assessoria\" \/>\n<meta name=\"twitter:card\" content=\"summary_large_image\" \/>\n<meta name=\"twitter:label1\" content=\"Escrito por\" \/>\n\t<meta name=\"twitter:data1\" content=\"Assessoria\" \/>\n\t<meta name=\"twitter:label2\" content=\"Est. tempo de leitura\" \/>\n\t<meta name=\"twitter:data2\" content=\"2 minutos\" \/>\n<script type=\"application\/ld+json\" class=\"yoast-schema-graph\">{\"@context\":\"https:\\\/\\\/schema.org\",\"@graph\":[{\"@type\":\"Article\",\"@id\":\"https:\\\/\\\/www.ernanipolo.com.br\\\/wp\\\/deputado-ernani-polo-promove-videoconferencia-com-secretario-da-seguranca-publica-e-comitiva-de-rosario-do-sul\\\/#article\",\"isPartOf\":{\"@id\":\"https:\\\/\\\/www.ernanipolo.com.br\\\/wp\\\/deputado-ernani-polo-promove-videoconferencia-com-secretario-da-seguranca-publica-e-comitiva-de-rosario-do-sul\\\/\"},\"author\":{\"name\":\"Assessoria\",\"@id\":\"https:\\\/\\\/www.ernanipolo.com.br\\\/wp\\\/#\\\/schema\\\/person\\\/495081e5f89df1864e457bc25058eb32\"},\"headline\":\"Deputado Ernani Polo promove videoconfer\u00eancia com secret\u00e1rio da Seguran\u00e7a P\u00fablica e comitiva de Ros\u00e1rio do Sul\",\"datePublished\":\"2021-05-19T21:03:02+00:00\",\"dateModified\":\"2021-05-21T17:21:35+00:00\",\"mainEntityOfPage\":{\"@id\":\"https:\\\/\\\/www.ernanipolo.com.br\\\/wp\\\/deputado-ernani-polo-promove-videoconferencia-com-secretario-da-seguranca-publica-e-comitiva-de-rosario-do-sul\\\/\"},\"wordCount\":390,\"commentCount\":0,\"publisher\":{\"@id\":\"https:\\\/\\\/www.ernanipolo.com.br\\\/wp\\\/#organization\"},\"image\":{\"@id\":\"https:\\\/\\\/www.ernanipolo.com.br\\\/wp\\\/deputado-ernani-polo-promove-videoconferencia-com-secretario-da-seguranca-publica-e-comitiva-de-rosario-do-sul\\\/#primaryimage\"},\"thumbnailUrl\":\"https:\\\/\\\/www.ernanipolo.com.br\\\/wp\\\/wp-content\\\/uploads\\\/2021\\\/05\\\/WhatsApp-Image-2021-05-19-at-11.39.51.jpeg\",\"articleSection\":[\"Not\u00edcias\",\"Destaque\",\"agricultura\"],\"inLanguage\":\"pt-BR\",\"potentialAction\":[{\"@type\":\"CommentAction\",\"name\":\"Comment\",\"target\":[\"https:\\\/\\\/www.ernanipolo.com.br\\\/wp\\\/deputado-ernani-polo-promove-videoconferencia-com-secretario-da-seguranca-publica-e-comitiva-de-rosario-do-sul\\\/#respond\"]}]},{\"@type\":\"WebPage\",\"@id\":\"https:\\\/\\\/www.ernanipolo.com.br\\\/wp\\\/deputado-ernani-polo-promove-videoconferencia-com-secretario-da-seguranca-publica-e-comitiva-de-rosario-do-sul\\\/\",\"url\":\"https:\\\/\\\/www.ernanipolo.com.br\\\/wp\\\/deputado-ernani-polo-promove-videoconferencia-com-secretario-da-seguranca-publica-e-comitiva-de-rosario-do-sul\\\/\",\"name\":\"Deputado Ernani Polo promove videoconfer\u00eancia com secret\u00e1rio da Seguran\u00e7a P\u00fablica e comitiva de Ros\u00e1rio do Sul - Ernani Polo\",\"isPartOf\":{\"@id\":\"https:\\\/\\\/www.ernanipolo.com.br\\\/wp\\\/#website\"},\"primaryImageOfPage\":{\"@id\":\"https:\\\/\\\/www.ernanipolo.com.br\\\/wp\\\/deputado-ernani-polo-promove-videoconferencia-com-secretario-da-seguranca-publica-e-comitiva-de-rosario-do-sul\\\/#primaryimage\"},\"image\":{\"@id\":\"https:\\\/\\\/www.ernanipolo.com.br\\\/wp\\\/deputado-ernani-polo-promove-videoconferencia-com-secretario-da-seguranca-publica-e-comitiva-de-rosario-do-sul\\\/#primaryimage\"},\"thumbnailUrl\":\"https:\\\/\\\/www.ernanipolo.com.br\\\/wp\\\/wp-content\\\/uploads\\\/2021\\\/05\\\/WhatsApp-Image-2021-05-19-at-11.39.51.jpeg\",\"datePublished\":\"2021-05-19T21:03:02+00:00\",\"dateModified\":\"2021-05-21T17:21:35+00:00\",\"inLanguage\":\"pt-BR\",\"potentialAction\":[{\"@type\":\"ReadAction\",\"target\":[\"https:\\\/\\\/www.ernanipolo.com.br\\\/wp\\\/deputado-ernani-polo-promove-videoconferencia-com-secretario-da-seguranca-publica-e-comitiva-de-rosario-do-sul\\\/\"]}]},{\"@type\":\"ImageObject\",\"inLanguage\":\"pt-BR\",\"@id\":\"https:\\\/\\\/www.ernanipolo.com.br\\\/wp\\\/deputado-ernani-polo-promove-videoconferencia-com-secretario-da-seguranca-publica-e-comitiva-de-rosario-do-sul\\\/#primaryimage\",\"url\":\"https:\\\/\\\/www.ernanipolo.com.br\\\/wp\\\/wp-content\\\/uploads\\\/2021\\\/05\\\/WhatsApp-Image-2021-05-19-at-11.39.51.jpeg\",\"contentUrl\":\"https:\\\/\\\/www.ernanipolo.com.br\\\/wp\\\/wp-content\\\/uploads\\\/2021\\\/05\\\/WhatsApp-Image-2021-05-19-at-11.39.51.jpeg\",\"width\":540,\"height\":1200},{\"@type\":\"WebSite\",\"@id\":\"https:\\\/\\\/www.ernanipolo.com.br\\\/wp\\\/#website\",\"url\":\"https:\\\/\\\/www.ernanipolo.com.br\\\/wp\\\/\",\"name\":\"Ernani Polo\",\"description\":\"\",\"publisher\":{\"@id\":\"https:\\\/\\\/www.ernanipolo.com.br\\\/wp\\\/#organization\"},\"potentialAction\":[{\"@type\":\"SearchAction\",\"target\":{\"@type\":\"EntryPoint\",\"urlTemplate\":\"https:\\\/\\\/www.ernanipolo.com.br\\\/wp\\\/?s={search_term_string}\"},\"query-input\":{\"@type\":\"PropertyValueSpecification\",\"valueRequired\":true,\"valueName\":\"search_term_string\"}}],\"inLanguage\":\"pt-BR\"},{\"@type\":\"Organization\",\"@id\":\"https:\\\/\\\/www.ernanipolo.com.br\\\/wp\\\/#organization\",\"name\":\"Ernani Polo\",\"url\":\"https:\\\/\\\/www.ernanipolo.com.br\\\/wp\\\/\",\"logo\":{\"@type\":\"ImageObject\",\"inLanguage\":\"pt-BR\",\"@id\":\"https:\\\/\\\/www.ernanipolo.com.br\\\/wp\\\/#\\\/schema\\\/logo\\\/image\\\/\",\"url\":\"https:\\\/\\\/www.ernanipolo.com.br\\\/wp\\\/wp-content\\\/uploads\\\/2023\\\/09\\\/Logo-Azul-Ernani-Polo.png\",\"contentUrl\":\"https:\\\/\\\/www.ernanipolo.com.br\\\/wp\\\/wp-content\\\/uploads\\\/2023\\\/09\\\/Logo-Azul-Ernani-Polo.png\",\"width\":630,\"height\":162,\"caption\":\"Ernani Polo\"},\"image\":{\"@id\":\"https:\\\/\\\/www.ernanipolo.com.br\\\/wp\\\/#\\\/schema\\\/logo\\\/image\\\/\"}},{\"@type\":\"Person\",\"@id\":\"https:\\\/\\\/www.ernanipolo.com.br\\\/wp\\\/#\\\/schema\\\/person\\\/495081e5f89df1864e457bc25058eb32\",\"name\":\"Assessoria\",\"image\":{\"@type\":\"ImageObject\",\"inLanguage\":\"pt-BR\",\"@id\":\"https:\\\/\\\/secure.gravatar.com\\\/avatar\\\/fb9fbf9c7f51269c39fd7432c2ca37dcb848f2e01061b91c2515b159534f94f8?s=96&d=mm&r=g\",\"url\":\"https:\\\/\\\/secure.gravatar.com\\\/avatar\\\/fb9fbf9c7f51269c39fd7432c2ca37dcb848f2e01061b91c2515b159534f94f8?s=96&d=mm&r=g\",\"contentUrl\":\"https:\\\/\\\/secure.gravatar.com\\\/avatar\\\/fb9fbf9c7f51269c39fd7432c2ca37dcb848f2e01061b91c2515b159534f94f8?s=96&d=mm&r=g\",\"caption\":\"Assessoria\"},\"url\":\"https:\\\/\\\/www.ernanipolo.com.br\\\/wp\\\/author\\\/assessoria\\\/\"}]}<\/script>\n<!-- \/ Yoast SEO plugin. -->","yoast_head_json":{"title":"Deputado Ernani Polo promove videoconfer\u00eancia com secret\u00e1rio da Seguran\u00e7a P\u00fablica e comitiva de Ros\u00e1rio do Sul - Ernani Polo","robots":{"index":"index","follow":"follow","max-snippet":"max-snippet:-1","max-image-preview":"max-image-preview:large","max-video-preview":"max-video-preview:-1"},"canonical":"https:\/\/www.ernanipolo.com.br\/wp\/deputado-ernani-polo-promove-videoconferencia-com-secretario-da-seguranca-publica-e-comitiva-de-rosario-do-sul\/","og_locale":"pt_BR","og_type":"article","og_title":"Deputado Ernani Polo promove videoconfer\u00eancia com secret\u00e1rio da Seguran\u00e7a P\u00fablica e comitiva de Ros\u00e1rio do Sul - Ernani Polo","og_description":"O deputado Ernani Polo intermediou videoconfer\u00eancia com o vice-governador do Estado e secret\u00e1rio da Seguran\u00e7a P\u00fablica Ranolfo Vieira Jr. e &hellip; Continue reading Deputado Ernani Polo promove videoconfer\u00eancia com secret\u00e1rio da Seguran\u00e7a P\u00fablica e comitiva de Ros\u00e1rio do Sul","og_url":"https:\/\/www.ernanipolo.com.br\/wp\/deputado-ernani-polo-promove-videoconferencia-com-secretario-da-seguranca-publica-e-comitiva-de-rosario-do-sul\/","og_site_name":"Ernani Polo","article_published_time":"2021-05-19T21:03:02+00:00","article_modified_time":"2021-05-21T17:21:35+00:00","og_image":[{"width":540,"height":1200,"url":"https:\/\/www.ernanipolo.com.br\/wp\/wp-content\/uploads\/2021\/05\/WhatsApp-Image-2021-05-19-at-11.39.51.jpeg","type":"image\/jpeg"}],"author":"Assessoria","twitter_card":"summary_large_image","twitter_misc":{"Escrito por":"Assessoria","Est. tempo de leitura":"2 minutos"},"schema":{"@context":"https:\/\/schema.org","@graph":[{"@type":"Article","@id":"https:\/\/www.ernanipolo.com.br\/wp\/deputado-ernani-polo-promove-videoconferencia-com-secretario-da-seguranca-publica-e-comitiva-de-rosario-do-sul\/#article","isPartOf":{"@id":"https:\/\/www.ernanipolo.com.br\/wp\/deputado-ernani-polo-promove-videoconferencia-com-secretario-da-seguranca-publica-e-comitiva-de-rosario-do-sul\/"},"author":{"name":"Assessoria","@id":"https:\/\/www.ernanipolo.com.br\/wp\/#\/schema\/person\/495081e5f89df1864e457bc25058eb32"},"headline":"Deputado Ernani Polo promove videoconfer\u00eancia com secret\u00e1rio da Seguran\u00e7a P\u00fablica e comitiva de Ros\u00e1rio do Sul","datePublished":"2021-05-19T21:03:02+00:00","dateModified":"2021-05-21T17:21:35+00:00","mainEntityOfPage":{"@id":"https:\/\/www.ernanipolo.com.br\/wp\/deputado-ernani-polo-promove-videoconferencia-com-secretario-da-seguranca-publica-e-comitiva-de-rosario-do-sul\/"},"wordCount":390,"commentCount":0,"publisher":{"@id":"https:\/\/www.ernanipolo.com.br\/wp\/#organization"},"image":{"@id":"https:\/\/www.ernanipolo.com.br\/wp\/deputado-ernani-polo-promove-videoconferencia-com-secretario-da-seguranca-publica-e-comitiva-de-rosario-do-sul\/#primaryimage"},"thumbnailUrl":"https:\/\/www.ernanipolo.com.br\/wp\/wp-content\/uploads\/2021\/05\/WhatsApp-Image-2021-05-19-at-11.39.51.jpeg","articleSection":["Not\u00edcias","Destaque","agricultura"],"inLanguage":"pt-BR","potentialAction":[{"@type":"CommentAction","name":"Comment","target":["https:\/\/www.ernanipolo.com.br\/wp\/deputado-ernani-polo-promove-videoconferencia-com-secretario-da-seguranca-publica-e-comitiva-de-rosario-do-sul\/#respond"]}]},{"@type":"WebPage","@id":"https:\/\/www.ernanipolo.com.br\/wp\/deputado-ernani-polo-promove-videoconferencia-com-secretario-da-seguranca-publica-e-comitiva-de-rosario-do-sul\/","url":"https:\/\/www.ernanipolo.com.br\/wp\/deputado-ernani-polo-promove-videoconferencia-com-secretario-da-seguranca-publica-e-comitiva-de-rosario-do-sul\/","name":"Deputado Ernani Polo promove videoconfer\u00eancia com secret\u00e1rio da Seguran\u00e7a P\u00fablica e comitiva de Ros\u00e1rio do Sul - Ernani Polo","isPartOf":{"@id":"https:\/\/www.ernanipolo.com.br\/wp\/#website"},"primaryImageOfPage":{"@id":"https:\/\/www.ernanipolo.com.br\/wp\/deputado-ernani-polo-promove-videoconferencia-com-secretario-da-seguranca-publica-e-comitiva-de-rosario-do-sul\/#primaryimage"},"image":{"@id":"https:\/\/www.ernanipolo.com.br\/wp\/deputado-ernani-polo-promove-videoconferencia-com-secretario-da-seguranca-publica-e-comitiva-de-rosario-do-sul\/#primaryimage"},"thumbnailUrl":"https:\/\/www.ernanipolo.com.br\/wp\/wp-content\/uploads\/2021\/05\/WhatsApp-Image-2021-05-19-at-11.39.51.jpeg","datePublished":"2021-05-19T21:03:02+00:00","dateModified":"2021-05-21T17:21:35+00:00","inLanguage":"pt-BR","potentialAction":[{"@type":"ReadAction","target":["https:\/\/www.ernanipolo.com.br\/wp\/deputado-ernani-polo-promove-videoconferencia-com-secretario-da-seguranca-publica-e-comitiva-de-rosario-do-sul\/"]}]},{"@type":"ImageObject","inLanguage":"pt-BR","@id":"https:\/\/www.ernanipolo.com.br\/wp\/deputado-ernani-polo-promove-videoconferencia-com-secretario-da-seguranca-publica-e-comitiva-de-rosario-do-sul\/#primaryimage","url":"https:\/\/www.ernanipolo.com.br\/wp\/wp-content\/uploads\/2021\/05\/WhatsApp-Image-2021-05-19-at-11.39.51.jpeg","contentUrl":"https:\/\/www.ernanipolo.com.br\/wp\/wp-content\/uploads\/2021\/05\/WhatsApp-Image-2021-05-19-at-11.39.51.jpeg","width":540,"height":1200},{"@type":"WebSite","@id":"https:\/\/www.ernanipolo.com.br\/wp\/#website","url":"https:\/\/www.ernanipolo.com.br\/wp\/","name":"Ernani Polo","description":"","publisher":{"@id":"https:\/\/www.ernanipolo.com.br\/wp\/#organization"},"potentialAction":[{"@type":"SearchAction","target":{"@type":"EntryPoint","urlTemplate":"https:\/\/www.ernanipolo.com.br\/wp\/?s={search_term_string}"},"query-input":{"@type":"PropertyValueSpecification","valueRequired":true,"valueName":"search_term_string"}}],"inLanguage":"pt-BR"},{"@type":"Organization","@id":"https:\/\/www.ernanipolo.com.br\/wp\/#organization","name":"Ernani Polo","url":"https:\/\/www.ernanipolo.com.br\/wp\/","logo":{"@type":"ImageObject","inLanguage":"pt-BR","@id":"https:\/\/www.ernanipolo.com.br\/wp\/#\/schema\/logo\/image\/","url":"https:\/\/www.ernanipolo.com.br\/wp\/wp-content\/uploads\/2023\/09\/Logo-Azul-Ernani-Polo.png","contentUrl":"https:\/\/www.ernanipolo.com.br\/wp\/wp-content\/uploads\/2023\/09\/Logo-Azul-Ernani-Polo.png","width":630,"height":162,"caption":"Ernani Polo"},"image":{"@id":"https:\/\/www.ernanipolo.com.br\/wp\/#\/schema\/logo\/image\/"}},{"@type":"Person","@id":"https:\/\/www.ernanipolo.com.br\/wp\/#\/schema\/person\/495081e5f89df1864e457bc25058eb32","name":"Assessoria","image":{"@type":"ImageObject","inLanguage":"pt-BR","@id":"https:\/\/secure.gravatar.com\/avatar\/fb9fbf9c7f51269c39fd7432c2ca37dcb848f2e01061b91c2515b159534f94f8?s=96&d=mm&r=g","url":"https:\/\/secure.gravatar.com\/avatar\/fb9fbf9c7f51269c39fd7432c2ca37dcb848f2e01061b91c2515b159534f94f8?s=96&d=mm&r=g","contentUrl":"https:\/\/secure.gravatar.com\/avatar\/fb9fbf9c7f51269c39fd7432c2ca37dcb848f2e01061b91c2515b159534f94f8?s=96&d=mm&r=g","caption":"Assessoria"},"url":"https:\/\/www.ernanipolo.com.br\/wp\/author\/assessoria\/"}]}},"jetpack_featured_media_url":"https:\/\/www.ernanipolo.com.br\/wp\/wp-content\/uploads\/2021\/05\/WhatsApp-Image-2021-05-19-at-11.39.51.jpeg","jetpack_sharing_enabled":true,"_links":{"self":[{"href":"https:\/\/www.ernanipolo.com.br\/wp\/wp-json\/wp\/v2\/posts\/4834","targetHints":{"allow":["GET"]}}],"collection":[{"href":"https:\/\/www.ernanipolo.com.br\/wp\/wp-json\/wp\/v2\/posts"}],"about":[{"href":"https:\/\/www.ernanipolo.com.br\/wp\/wp-json\/wp\/v2\/types\/post"}],"author":[{"embeddable":true,"href":"https:\/\/www.ernanipolo.com.br\/wp\/wp-json\/wp\/v2\/users\/3"}],"replies":[{"embeddable":true,"href":"https:\/\/www.ernanipolo.com.br\/wp\/wp-json\/wp\/v2\/comments?post=4834"}],"version-history":[{"count":0,"href":"https:\/\/www.ernanipolo.com.br\/wp\/wp-json\/wp\/v2\/posts\/4834\/revisions"}],"wp:featuredmedia":[{"embeddable":true,"href":"https:\/\/www.ernanipolo.com.br\/wp\/wp-json\/wp\/v2\/media\/4835"}],"wp:attachment":[{"href":"https:\/\/www.ernanipolo.com.br\/wp\/wp-json\/wp\/v2\/media?parent=4834"}],"wp:term":[{"taxonomy":"category","embeddable":true,"href":"https:\/\/www.ernanipolo.com.br\/wp\/wp-json\/wp\/v2\/categories?post=4834"},{"taxonomy":"post_tag","embeddable":true,"href":"https:\/\/www.ernanipolo.com.br\/wp\/wp-json\/wp\/v2\/tags?post=4834"}],"curies":[{"name":"wp","href":"https:\/\/api.w.org\/{rel}","templated":true}]}}