{"id":4304,"date":"2020-12-14T15:04:13","date_gmt":"2020-12-14T18:04:13","guid":{"rendered":"http:\/\/www.ernanipolo.com.br\/wp\/?p=4304"},"modified":"2020-12-14T15:04:32","modified_gmt":"2020-12-14T18:04:32","slug":"presidente-da-assembleia-participa-de-assinatura-do-programa-estadual-de-producao-de-etanol-amilaceo","status":"publish","type":"post","link":"https:\/\/www.ernanipolo.com.br\/wp\/presidente-da-assembleia-participa-de-assinatura-do-programa-estadual-de-producao-de-etanol-amilaceo\/","title":{"rendered":"Presidente da Assembleia participa de assinatura do Programa Estadual de Produ\u00e7\u00e3o de Etanol Amil\u00e1ceo"},"content":{"rendered":"<p>Nesta segunda-feira, (14), o presidente da Assembleia Legislativa, deputado Ernani Polo participei da assinatura, em cerim\u00f4nia em formato h\u00edbrido no Pal\u00e1cio Piratini, do projeto de lei que institui o Programa Estadual de Produ\u00e7\u00e3o de Etanol Amil\u00e1ceo, o Pr\u00f3-Etanol.<br \/>\nO Rio Grande do Sul \u00e9 o maior produtor nacional de biodiesel. Um combust\u00edvel limpo, com baixo teor poluente e fonte de energia renov\u00e1vel. O setor do biodiesel era praticamente inexistente anos atr\u00e1s no Estado. Atualmente, est\u00e1 em evolu\u00e7\u00e3o.<\/p>\n<p>Polo afirmou que esta evolu\u00e7\u00e3o e crescimento dependem exclusivamente da manuten\u00e7\u00e3o da competitividade, j\u00e1 que uma grande parte da produ\u00e7\u00e3o ga\u00facha \u00e9 direcionada para outros Estados. &#8220;\u00c9 necess\u00e1rio manter a condi\u00e7\u00e3o tribut\u00e1ria competitiva do RS, sob pena de perdermos parte do espa\u00e7o conquistado. No passado, por exemplo, j\u00e1 chegamos a ter maior percentual no mercado brasileiro. Estamos atentos \u00e0s demandas do setor&#8221;, disse. A proposta foi constru\u00edda em conjunto pela Frente Parlamentar em Defesa da Produ\u00e7\u00e3o e Autossufici\u00eancia de Etanol da Assembleia Legislativa, coordenada pelo colega deputado Elton Weber e prev\u00ea uma pol\u00edtica estadual de est\u00edmulo \u00e0 produ\u00e7\u00e3o de etanol baseada em mat\u00e9ria-prima de amil\u00e1ceos ou fontes de amido. A inten\u00e7\u00e3o \u00e9 reduzir a depend\u00eancia do RS do etanol externo.<\/p>\n","protected":false},"excerpt":{"rendered":"<p>Nesta segunda-feira, (14), o presidente da Assembleia Legislativa, deputado Ernani Polo participei da assinatura, em cerim\u00f4nia em formato h\u00edbrido no &hellip; <a href=\"https:\/\/www.ernanipolo.com.br\/wp\/presidente-da-assembleia-participa-de-assinatura-do-programa-estadual-de-producao-de-etanol-amilaceo\/\" class=\"more-link\">Continue reading <span class=\"screen-reader-text\">Presidente da Assembleia participa de assinatura do Programa Estadual de Produ\u00e7\u00e3o de Etanol Amil\u00e1ceo<\/span><\/a><\/p>\n","protected":false},"author":3,"featured_media":4305,"comment_status":"open","ping_status":"open","sticky":false,"template":"","format":"standard","meta":{"_acf_changed":false,"_jetpack_memberships_contains_paid_content":false,"footnotes":""},"categories":[37,45],"tags":[],"class_list":["post-4304","post","type-post","status-publish","format-standard","has-post-thumbnail","hentry","category-noticias","category-agricultura"],"acf":[],"yoast_head":"<!-- This site is optimized with the Yoast SEO plugin v27.5 - https:\/\/yoast.com\/product\/yoast-seo-wordpress\/ -->\n<title>Presidente da Assembleia participa de assinatura do Programa Estadual de Produ\u00e7\u00e3o de Etanol Amil\u00e1ceo - Ernani Polo<\/title>\n<meta name=\"robots\" content=\"index, follow, max-snippet:-1, max-image-preview:large, max-video-preview:-1\" \/>\n<link rel=\"canonical\" href=\"https:\/\/www.ernanipolo.com.br\/wp\/presidente-da-assembleia-participa-de-assinatura-do-programa-estadual-de-producao-de-etanol-amilaceo\/\" \/>\n<meta property=\"og:locale\" content=\"pt_BR\" \/>\n<meta property=\"og:type\" content=\"article\" \/>\n<meta property=\"og:title\" content=\"Presidente da Assembleia participa de assinatura do Programa Estadual de Produ\u00e7\u00e3o de Etanol Amil\u00e1ceo - Ernani Polo\" \/>\n<meta property=\"og:description\" content=\"Nesta segunda-feira, (14), o presidente da Assembleia Legislativa, deputado Ernani Polo participei da assinatura, em cerim\u00f4nia em formato h\u00edbrido no &hellip; Continue reading Presidente da Assembleia participa de assinatura do Programa Estadual de Produ\u00e7\u00e3o de Etanol Amil\u00e1ceo\" \/>\n<meta property=\"og:url\" content=\"https:\/\/www.ernanipolo.com.br\/wp\/presidente-da-assembleia-participa-de-assinatura-do-programa-estadual-de-producao-de-etanol-amilaceo\/\" \/>\n<meta property=\"og:site_name\" content=\"Ernani Polo\" \/>\n<meta property=\"article:published_time\" content=\"2020-12-14T18:04:13+00:00\" \/>\n<meta property=\"article:modified_time\" content=\"2020-12-14T18:04:32+00:00\" \/>\n<meta property=\"og:image\" content=\"https:\/\/www.ernanipolo.com.br\/wp\/wp-content\/uploads\/2020\/12\/131416193_1580015448862391_4084937630575773958_o.jpg\" \/>\n\t<meta property=\"og:image:width\" content=\"1240\" \/>\n\t<meta property=\"og:image:height\" content=\"827\" \/>\n\t<meta property=\"og:image:type\" content=\"image\/jpeg\" \/>\n<meta name=\"author\" content=\"Assessoria\" \/>\n<meta name=\"twitter:card\" content=\"summary_large_image\" \/>\n<meta name=\"twitter:label1\" content=\"Escrito por\" \/>\n\t<meta name=\"twitter:data1\" content=\"Assessoria\" \/>\n\t<meta name=\"twitter:label2\" content=\"Est. tempo de leitura\" \/>\n\t<meta name=\"twitter:data2\" content=\"1 minuto\" \/>\n<script type=\"application\/ld+json\" class=\"yoast-schema-graph\">{\"@context\":\"https:\\\/\\\/schema.org\",\"@graph\":[{\"@type\":\"Article\",\"@id\":\"https:\\\/\\\/www.ernanipolo.com.br\\\/wp\\\/presidente-da-assembleia-participa-de-assinatura-do-programa-estadual-de-producao-de-etanol-amilaceo\\\/#article\",\"isPartOf\":{\"@id\":\"https:\\\/\\\/www.ernanipolo.com.br\\\/wp\\\/presidente-da-assembleia-participa-de-assinatura-do-programa-estadual-de-producao-de-etanol-amilaceo\\\/\"},\"author\":{\"name\":\"Assessoria\",\"@id\":\"https:\\\/\\\/www.ernanipolo.com.br\\\/wp\\\/#\\\/schema\\\/person\\\/495081e5f89df1864e457bc25058eb32\"},\"headline\":\"Presidente da Assembleia participa de assinatura do Programa Estadual de Produ\u00e7\u00e3o de Etanol Amil\u00e1ceo\",\"datePublished\":\"2020-12-14T18:04:13+00:00\",\"dateModified\":\"2020-12-14T18:04:32+00:00\",\"mainEntityOfPage\":{\"@id\":\"https:\\\/\\\/www.ernanipolo.com.br\\\/wp\\\/presidente-da-assembleia-participa-de-assinatura-do-programa-estadual-de-producao-de-etanol-amilaceo\\\/\"},\"wordCount\":235,\"commentCount\":0,\"publisher\":{\"@id\":\"https:\\\/\\\/www.ernanipolo.com.br\\\/wp\\\/#organization\"},\"image\":{\"@id\":\"https:\\\/\\\/www.ernanipolo.com.br\\\/wp\\\/presidente-da-assembleia-participa-de-assinatura-do-programa-estadual-de-producao-de-etanol-amilaceo\\\/#primaryimage\"},\"thumbnailUrl\":\"https:\\\/\\\/www.ernanipolo.com.br\\\/wp\\\/wp-content\\\/uploads\\\/2020\\\/12\\\/131416193_1580015448862391_4084937630575773958_o.jpg\",\"articleSection\":[\"Not\u00edcias\",\"agricultura\"],\"inLanguage\":\"pt-BR\",\"potentialAction\":[{\"@type\":\"CommentAction\",\"name\":\"Comment\",\"target\":[\"https:\\\/\\\/www.ernanipolo.com.br\\\/wp\\\/presidente-da-assembleia-participa-de-assinatura-do-programa-estadual-de-producao-de-etanol-amilaceo\\\/#respond\"]}]},{\"@type\":\"WebPage\",\"@id\":\"https:\\\/\\\/www.ernanipolo.com.br\\\/wp\\\/presidente-da-assembleia-participa-de-assinatura-do-programa-estadual-de-producao-de-etanol-amilaceo\\\/\",\"url\":\"https:\\\/\\\/www.ernanipolo.com.br\\\/wp\\\/presidente-da-assembleia-participa-de-assinatura-do-programa-estadual-de-producao-de-etanol-amilaceo\\\/\",\"name\":\"Presidente da Assembleia participa de assinatura do Programa Estadual de Produ\u00e7\u00e3o de Etanol Amil\u00e1ceo - Ernani Polo\",\"isPartOf\":{\"@id\":\"https:\\\/\\\/www.ernanipolo.com.br\\\/wp\\\/#website\"},\"primaryImageOfPage\":{\"@id\":\"https:\\\/\\\/www.ernanipolo.com.br\\\/wp\\\/presidente-da-assembleia-participa-de-assinatura-do-programa-estadual-de-producao-de-etanol-amilaceo\\\/#primaryimage\"},\"image\":{\"@id\":\"https:\\\/\\\/www.ernanipolo.com.br\\\/wp\\\/presidente-da-assembleia-participa-de-assinatura-do-programa-estadual-de-producao-de-etanol-amilaceo\\\/#primaryimage\"},\"thumbnailUrl\":\"https:\\\/\\\/www.ernanipolo.com.br\\\/wp\\\/wp-content\\\/uploads\\\/2020\\\/12\\\/131416193_1580015448862391_4084937630575773958_o.jpg\",\"datePublished\":\"2020-12-14T18:04:13+00:00\",\"dateModified\":\"2020-12-14T18:04:32+00:00\",\"inLanguage\":\"pt-BR\",\"potentialAction\":[{\"@type\":\"ReadAction\",\"target\":[\"https:\\\/\\\/www.ernanipolo.com.br\\\/wp\\\/presidente-da-assembleia-participa-de-assinatura-do-programa-estadual-de-producao-de-etanol-amilaceo\\\/\"]}]},{\"@type\":\"ImageObject\",\"inLanguage\":\"pt-BR\",\"@id\":\"https:\\\/\\\/www.ernanipolo.com.br\\\/wp\\\/presidente-da-assembleia-participa-de-assinatura-do-programa-estadual-de-producao-de-etanol-amilaceo\\\/#primaryimage\",\"url\":\"https:\\\/\\\/www.ernanipolo.com.br\\\/wp\\\/wp-content\\\/uploads\\\/2020\\\/12\\\/131416193_1580015448862391_4084937630575773958_o.jpg\",\"contentUrl\":\"https:\\\/\\\/www.ernanipolo.com.br\\\/wp\\\/wp-content\\\/uploads\\\/2020\\\/12\\\/131416193_1580015448862391_4084937630575773958_o.jpg\",\"width\":1240,\"height\":827},{\"@type\":\"WebSite\",\"@id\":\"https:\\\/\\\/www.ernanipolo.com.br\\\/wp\\\/#website\",\"url\":\"https:\\\/\\\/www.ernanipolo.com.br\\\/wp\\\/\",\"name\":\"Ernani Polo\",\"description\":\"\",\"publisher\":{\"@id\":\"https:\\\/\\\/www.ernanipolo.com.br\\\/wp\\\/#organization\"},\"potentialAction\":[{\"@type\":\"SearchAction\",\"target\":{\"@type\":\"EntryPoint\",\"urlTemplate\":\"https:\\\/\\\/www.ernanipolo.com.br\\\/wp\\\/?s={search_term_string}\"},\"query-input\":{\"@type\":\"PropertyValueSpecification\",\"valueRequired\":true,\"valueName\":\"search_term_string\"}}],\"inLanguage\":\"pt-BR\"},{\"@type\":\"Organization\",\"@id\":\"https:\\\/\\\/www.ernanipolo.com.br\\\/wp\\\/#organization\",\"name\":\"Ernani Polo\",\"url\":\"https:\\\/\\\/www.ernanipolo.com.br\\\/wp\\\/\",\"logo\":{\"@type\":\"ImageObject\",\"inLanguage\":\"pt-BR\",\"@id\":\"https:\\\/\\\/www.ernanipolo.com.br\\\/wp\\\/#\\\/schema\\\/logo\\\/image\\\/\",\"url\":\"https:\\\/\\\/www.ernanipolo.com.br\\\/wp\\\/wp-content\\\/uploads\\\/2023\\\/09\\\/Logo-Azul-Ernani-Polo.png\",\"contentUrl\":\"https:\\\/\\\/www.ernanipolo.com.br\\\/wp\\\/wp-content\\\/uploads\\\/2023\\\/09\\\/Logo-Azul-Ernani-Polo.png\",\"width\":630,\"height\":162,\"caption\":\"Ernani Polo\"},\"image\":{\"@id\":\"https:\\\/\\\/www.ernanipolo.com.br\\\/wp\\\/#\\\/schema\\\/logo\\\/image\\\/\"}},{\"@type\":\"Person\",\"@id\":\"https:\\\/\\\/www.ernanipolo.com.br\\\/wp\\\/#\\\/schema\\\/person\\\/495081e5f89df1864e457bc25058eb32\",\"name\":\"Assessoria\",\"image\":{\"@type\":\"ImageObject\",\"inLanguage\":\"pt-BR\",\"@id\":\"https:\\\/\\\/secure.gravatar.com\\\/avatar\\\/fb9fbf9c7f51269c39fd7432c2ca37dcb848f2e01061b91c2515b159534f94f8?s=96&d=mm&r=g\",\"url\":\"https:\\\/\\\/secure.gravatar.com\\\/avatar\\\/fb9fbf9c7f51269c39fd7432c2ca37dcb848f2e01061b91c2515b159534f94f8?s=96&d=mm&r=g\",\"contentUrl\":\"https:\\\/\\\/secure.gravatar.com\\\/avatar\\\/fb9fbf9c7f51269c39fd7432c2ca37dcb848f2e01061b91c2515b159534f94f8?s=96&d=mm&r=g\",\"caption\":\"Assessoria\"},\"url\":\"https:\\\/\\\/www.ernanipolo.com.br\\\/wp\\\/author\\\/assessoria\\\/\"}]}<\/script>\n<!-- \/ Yoast SEO plugin. -->","yoast_head_json":{"title":"Presidente da Assembleia participa de assinatura do Programa Estadual de Produ\u00e7\u00e3o de Etanol Amil\u00e1ceo - Ernani Polo","robots":{"index":"index","follow":"follow","max-snippet":"max-snippet:-1","max-image-preview":"max-image-preview:large","max-video-preview":"max-video-preview:-1"},"canonical":"https:\/\/www.ernanipolo.com.br\/wp\/presidente-da-assembleia-participa-de-assinatura-do-programa-estadual-de-producao-de-etanol-amilaceo\/","og_locale":"pt_BR","og_type":"article","og_title":"Presidente da Assembleia participa de assinatura do Programa Estadual de Produ\u00e7\u00e3o de Etanol Amil\u00e1ceo - Ernani Polo","og_description":"Nesta segunda-feira, (14), o presidente da Assembleia Legislativa, deputado Ernani Polo participei da assinatura, em cerim\u00f4nia em formato h\u00edbrido no &hellip; Continue reading Presidente da Assembleia participa de assinatura do Programa Estadual de Produ\u00e7\u00e3o de Etanol Amil\u00e1ceo","og_url":"https:\/\/www.ernanipolo.com.br\/wp\/presidente-da-assembleia-participa-de-assinatura-do-programa-estadual-de-producao-de-etanol-amilaceo\/","og_site_name":"Ernani Polo","article_published_time":"2020-12-14T18:04:13+00:00","article_modified_time":"2020-12-14T18:04:32+00:00","og_image":[{"width":1240,"height":827,"url":"https:\/\/www.ernanipolo.com.br\/wp\/wp-content\/uploads\/2020\/12\/131416193_1580015448862391_4084937630575773958_o.jpg","type":"image\/jpeg"}],"author":"Assessoria","twitter_card":"summary_large_image","twitter_misc":{"Escrito por":"Assessoria","Est. tempo de leitura":"1 minuto"},"schema":{"@context":"https:\/\/schema.org","@graph":[{"@type":"Article","@id":"https:\/\/www.ernanipolo.com.br\/wp\/presidente-da-assembleia-participa-de-assinatura-do-programa-estadual-de-producao-de-etanol-amilaceo\/#article","isPartOf":{"@id":"https:\/\/www.ernanipolo.com.br\/wp\/presidente-da-assembleia-participa-de-assinatura-do-programa-estadual-de-producao-de-etanol-amilaceo\/"},"author":{"name":"Assessoria","@id":"https:\/\/www.ernanipolo.com.br\/wp\/#\/schema\/person\/495081e5f89df1864e457bc25058eb32"},"headline":"Presidente da Assembleia participa de assinatura do Programa Estadual de Produ\u00e7\u00e3o de Etanol Amil\u00e1ceo","datePublished":"2020-12-14T18:04:13+00:00","dateModified":"2020-12-14T18:04:32+00:00","mainEntityOfPage":{"@id":"https:\/\/www.ernanipolo.com.br\/wp\/presidente-da-assembleia-participa-de-assinatura-do-programa-estadual-de-producao-de-etanol-amilaceo\/"},"wordCount":235,"commentCount":0,"publisher":{"@id":"https:\/\/www.ernanipolo.com.br\/wp\/#organization"},"image":{"@id":"https:\/\/www.ernanipolo.com.br\/wp\/presidente-da-assembleia-participa-de-assinatura-do-programa-estadual-de-producao-de-etanol-amilaceo\/#primaryimage"},"thumbnailUrl":"https:\/\/www.ernanipolo.com.br\/wp\/wp-content\/uploads\/2020\/12\/131416193_1580015448862391_4084937630575773958_o.jpg","articleSection":["Not\u00edcias","agricultura"],"inLanguage":"pt-BR","potentialAction":[{"@type":"CommentAction","name":"Comment","target":["https:\/\/www.ernanipolo.com.br\/wp\/presidente-da-assembleia-participa-de-assinatura-do-programa-estadual-de-producao-de-etanol-amilaceo\/#respond"]}]},{"@type":"WebPage","@id":"https:\/\/www.ernanipolo.com.br\/wp\/presidente-da-assembleia-participa-de-assinatura-do-programa-estadual-de-producao-de-etanol-amilaceo\/","url":"https:\/\/www.ernanipolo.com.br\/wp\/presidente-da-assembleia-participa-de-assinatura-do-programa-estadual-de-producao-de-etanol-amilaceo\/","name":"Presidente da Assembleia participa de assinatura do Programa Estadual de Produ\u00e7\u00e3o de Etanol Amil\u00e1ceo - Ernani Polo","isPartOf":{"@id":"https:\/\/www.ernanipolo.com.br\/wp\/#website"},"primaryImageOfPage":{"@id":"https:\/\/www.ernanipolo.com.br\/wp\/presidente-da-assembleia-participa-de-assinatura-do-programa-estadual-de-producao-de-etanol-amilaceo\/#primaryimage"},"image":{"@id":"https:\/\/www.ernanipolo.com.br\/wp\/presidente-da-assembleia-participa-de-assinatura-do-programa-estadual-de-producao-de-etanol-amilaceo\/#primaryimage"},"thumbnailUrl":"https:\/\/www.ernanipolo.com.br\/wp\/wp-content\/uploads\/2020\/12\/131416193_1580015448862391_4084937630575773958_o.jpg","datePublished":"2020-12-14T18:04:13+00:00","dateModified":"2020-12-14T18:04:32+00:00","inLanguage":"pt-BR","potentialAction":[{"@type":"ReadAction","target":["https:\/\/www.ernanipolo.com.br\/wp\/presidente-da-assembleia-participa-de-assinatura-do-programa-estadual-de-producao-de-etanol-amilaceo\/"]}]},{"@type":"ImageObject","inLanguage":"pt-BR","@id":"https:\/\/www.ernanipolo.com.br\/wp\/presidente-da-assembleia-participa-de-assinatura-do-programa-estadual-de-producao-de-etanol-amilaceo\/#primaryimage","url":"https:\/\/www.ernanipolo.com.br\/wp\/wp-content\/uploads\/2020\/12\/131416193_1580015448862391_4084937630575773958_o.jpg","contentUrl":"https:\/\/www.ernanipolo.com.br\/wp\/wp-content\/uploads\/2020\/12\/131416193_1580015448862391_4084937630575773958_o.jpg","width":1240,"height":827},{"@type":"WebSite","@id":"https:\/\/www.ernanipolo.com.br\/wp\/#website","url":"https:\/\/www.ernanipolo.com.br\/wp\/","name":"Ernani Polo","description":"","publisher":{"@id":"https:\/\/www.ernanipolo.com.br\/wp\/#organization"},"potentialAction":[{"@type":"SearchAction","target":{"@type":"EntryPoint","urlTemplate":"https:\/\/www.ernanipolo.com.br\/wp\/?s={search_term_string}"},"query-input":{"@type":"PropertyValueSpecification","valueRequired":true,"valueName":"search_term_string"}}],"inLanguage":"pt-BR"},{"@type":"Organization","@id":"https:\/\/www.ernanipolo.com.br\/wp\/#organization","name":"Ernani Polo","url":"https:\/\/www.ernanipolo.com.br\/wp\/","logo":{"@type":"ImageObject","inLanguage":"pt-BR","@id":"https:\/\/www.ernanipolo.com.br\/wp\/#\/schema\/logo\/image\/","url":"https:\/\/www.ernanipolo.com.br\/wp\/wp-content\/uploads\/2023\/09\/Logo-Azul-Ernani-Polo.png","contentUrl":"https:\/\/www.ernanipolo.com.br\/wp\/wp-content\/uploads\/2023\/09\/Logo-Azul-Ernani-Polo.png","width":630,"height":162,"caption":"Ernani Polo"},"image":{"@id":"https:\/\/www.ernanipolo.com.br\/wp\/#\/schema\/logo\/image\/"}},{"@type":"Person","@id":"https:\/\/www.ernanipolo.com.br\/wp\/#\/schema\/person\/495081e5f89df1864e457bc25058eb32","name":"Assessoria","image":{"@type":"ImageObject","inLanguage":"pt-BR","@id":"https:\/\/secure.gravatar.com\/avatar\/fb9fbf9c7f51269c39fd7432c2ca37dcb848f2e01061b91c2515b159534f94f8?s=96&d=mm&r=g","url":"https:\/\/secure.gravatar.com\/avatar\/fb9fbf9c7f51269c39fd7432c2ca37dcb848f2e01061b91c2515b159534f94f8?s=96&d=mm&r=g","contentUrl":"https:\/\/secure.gravatar.com\/avatar\/fb9fbf9c7f51269c39fd7432c2ca37dcb848f2e01061b91c2515b159534f94f8?s=96&d=mm&r=g","caption":"Assessoria"},"url":"https:\/\/www.ernanipolo.com.br\/wp\/author\/assessoria\/"}]}},"jetpack_featured_media_url":"https:\/\/www.ernanipolo.com.br\/wp\/wp-content\/uploads\/2020\/12\/131416193_1580015448862391_4084937630575773958_o.jpg","jetpack_sharing_enabled":true,"_links":{"self":[{"href":"https:\/\/www.ernanipolo.com.br\/wp\/wp-json\/wp\/v2\/posts\/4304","targetHints":{"allow":["GET"]}}],"collection":[{"href":"https:\/\/www.ernanipolo.com.br\/wp\/wp-json\/wp\/v2\/posts"}],"about":[{"href":"https:\/\/www.ernanipolo.com.br\/wp\/wp-json\/wp\/v2\/types\/post"}],"author":[{"embeddable":true,"href":"https:\/\/www.ernanipolo.com.br\/wp\/wp-json\/wp\/v2\/users\/3"}],"replies":[{"embeddable":true,"href":"https:\/\/www.ernanipolo.com.br\/wp\/wp-json\/wp\/v2\/comments?post=4304"}],"version-history":[{"count":0,"href":"https:\/\/www.ernanipolo.com.br\/wp\/wp-json\/wp\/v2\/posts\/4304\/revisions"}],"wp:featuredmedia":[{"embeddable":true,"href":"https:\/\/www.ernanipolo.com.br\/wp\/wp-json\/wp\/v2\/media\/4305"}],"wp:attachment":[{"href":"https:\/\/www.ernanipolo.com.br\/wp\/wp-json\/wp\/v2\/media?parent=4304"}],"wp:term":[{"taxonomy":"category","embeddable":true,"href":"https:\/\/www.ernanipolo.com.br\/wp\/wp-json\/wp\/v2\/categories?post=4304"},{"taxonomy":"post_tag","embeddable":true,"href":"https:\/\/www.ernanipolo.com.br\/wp\/wp-json\/wp\/v2\/tags?post=4304"}],"curies":[{"name":"wp","href":"https:\/\/api.w.org\/{rel}","templated":true}]}}