{"id":4276,"date":"2020-12-10T11:02:15","date_gmt":"2020-12-10T14:02:15","guid":{"rendered":"http:\/\/www.ernanipolo.com.br\/wp\/?p=4276"},"modified":"2020-12-10T11:17:16","modified_gmt":"2020-12-10T14:17:16","slug":"presidente-da-assembleia-acompanha-inauguracao-da-nova-ponte-do-guaiba","status":"publish","type":"post","link":"https:\/\/www.ernanipolo.com.br\/wp\/presidente-da-assembleia-acompanha-inauguracao-da-nova-ponte-do-guaiba\/","title":{"rendered":"Presidente da Assembleia acompanha inaugura\u00e7\u00e3o da nova Ponte do Gua\u00edba"},"content":{"rendered":"<p>O presidente da Assembleia Legislativa, Ernani Polo, acompanhou na manh\u00e3 desta quinta-feira (10) o presidente da Rep\u00fablica, Jair Bolsonaro na inaugura\u00e7\u00e3o da nova Ponte do Gua\u00edba, em Porto Alegre. A travessia, cuja obra foi iniciada em outubro de 2014, ser\u00e1 liberada ao tr\u00e2nsito de ve\u00edculos de forma parcial, j\u00e1 que ainda faltam quatro das sete al\u00e7as de acesso. O governo federal ainda precisa realocar cerca de 600 fam\u00edlias das vilas Areia e Tio Zeca, \u00e0s margens da avenida Volunt\u00e1rios da P\u00e1tria, para concluir a obra, o que n\u00e3o h\u00e1 previs\u00e3o.<\/p>\n<p>A constru\u00e7\u00e3o compreende uma travessia de 2,9 quil\u00f4metros de extens\u00e3o sobre o Gua\u00edba e 7,3 quil\u00f4metros de acessos. Ao contr\u00e1rio da travessia antiga, a nova n\u00e3o tem v\u00e3o m\u00f3vel. O ponto mais alto da travessia fica a 40 metros de altura em rela\u00e7\u00e3o ao n\u00edvel do Gua\u00edba. A nova ponte \u00e9 tr\u00eas vezes mais alta do que a antiga para que navios passem pelo trecho sem obst\u00e1culos como ocorre atualmente. Com 28 metros de largura nos v\u00e3os principais, a pista conta com duas faixas de rolamento com acostamento e ref\u00fagio central. A ponte antiga, inaugurada em 1958, continuar\u00e1 em opera\u00e7\u00e3o.<\/p>\n<p>A obra \u00e9 um dos projetos considerados priorit\u00e1rios para o Rio Grande do Sul que integra o Cresce RS, da Assembleia Legislativa. O programa monitora desde o ano passado 19 projetos estrat\u00e9gicos para o desenvolvimento do Estado. O investimento \u00e9 estimado em quase R$ 1 bilh\u00e3o, incluindo o reassentamento de 1.176 fam\u00edlias, a maioria estava dentro de uma unidade de conserva\u00e7\u00e3o ambiental, o Parque Estadual Delta do Jacu\u00ed. A expectativa \u00e9 de que 50 mil ve\u00edculos cruzem a nova ponte por dia, conforme o Dnit (Departamento Nacional de Infraestrutura de Transportes).<\/p>\n<p>A solenidade tamb\u00e9m contou com a presen\u00e7a do ministros da Infraestrutura, Tarc\u00edsio Gomes de Freitas, da Cidadania, Onyx Lorenzoni, das Rela\u00e7\u00f5es Exteriores, Ernesto Ara\u00fajo, e do chefe do Gabinete de Seguran\u00e7a Institucional da Presid\u00eancia da Rep\u00fablica, General Augusto Heleno; do governador Eduardo Leite (PSDB); do vice-governador Ranolfo Vieira Junior (PTB); do prefeito de Porto Alegre, Nelson Marchezan J\u00fanior (PSDB); do prefeito eleito da capital, Sebasti\u00e3o Melo (MDB); dos deputados estaduais Vilmar Louren\u00e7o (PSL), Ruy Irigaray (PSL), Tenente-Coronel Zucco (PSL); dos federais Osmar Terra (MDB), Alceu Moreira (MDB), Bibo Nunes (PSL), Daniel Trzeciak (PSDB), Giovani Cherini (PL), Lucas Redecker (PSDB), Marcelo Moraes (PTB), Nereu Crispim (PSL), Pedro Westphalen (PP), Ubiratan Sanderson (PSL), Ronaldo Santini (PTB), Danrlei de Deus Hinterholz (PSD) e Marcelo Brum (PSL); o senador Luis Carlos Heinze (PP).<\/p>\n","protected":false},"excerpt":{"rendered":"<p>O presidente da Assembleia Legislativa, Ernani Polo, acompanhou na manh\u00e3 desta quinta-feira (10) o presidente da Rep\u00fablica, Jair Bolsonaro na &hellip; <a href=\"https:\/\/www.ernanipolo.com.br\/wp\/presidente-da-assembleia-acompanha-inauguracao-da-nova-ponte-do-guaiba\/\" class=\"more-link\">Continue reading <span class=\"screen-reader-text\">Presidente da Assembleia acompanha inaugura\u00e7\u00e3o da nova Ponte do Gua\u00edba<\/span><\/a><\/p>\n","protected":false},"author":3,"featured_media":4277,"comment_status":"open","ping_status":"open","sticky":false,"template":"","format":"standard","meta":{"_acf_changed":false,"_jetpack_memberships_contains_paid_content":false,"footnotes":""},"categories":[37,39,45],"tags":[40],"class_list":["post-4276","post","type-post","status-publish","format-standard","has-post-thumbnail","hentry","category-noticias","category-destaque","category-agricultura","tag-agricultura"],"acf":[],"yoast_head":"<!-- This site is optimized with the Yoast SEO plugin v27.5 - https:\/\/yoast.com\/product\/yoast-seo-wordpress\/ -->\n<title>Presidente da Assembleia acompanha inaugura\u00e7\u00e3o da nova Ponte do Gua\u00edba - Ernani Polo<\/title>\n<meta name=\"robots\" content=\"index, follow, max-snippet:-1, max-image-preview:large, max-video-preview:-1\" \/>\n<link rel=\"canonical\" href=\"https:\/\/www.ernanipolo.com.br\/wp\/presidente-da-assembleia-acompanha-inauguracao-da-nova-ponte-do-guaiba\/\" \/>\n<meta property=\"og:locale\" content=\"pt_BR\" \/>\n<meta property=\"og:type\" content=\"article\" \/>\n<meta property=\"og:title\" content=\"Presidente da Assembleia acompanha inaugura\u00e7\u00e3o da nova Ponte do Gua\u00edba - Ernani Polo\" \/>\n<meta property=\"og:description\" content=\"O presidente da Assembleia Legislativa, Ernani Polo, acompanhou na manh\u00e3 desta quinta-feira (10) o presidente da Rep\u00fablica, Jair Bolsonaro na &hellip; Continue reading Presidente da Assembleia acompanha inaugura\u00e7\u00e3o da nova Ponte do Gua\u00edba\" \/>\n<meta property=\"og:url\" content=\"https:\/\/www.ernanipolo.com.br\/wp\/presidente-da-assembleia-acompanha-inauguracao-da-nova-ponte-do-guaiba\/\" \/>\n<meta property=\"og:site_name\" content=\"Ernani Polo\" \/>\n<meta property=\"article:published_time\" content=\"2020-12-10T14:02:15+00:00\" \/>\n<meta property=\"article:modified_time\" content=\"2020-12-10T14:17:16+00:00\" \/>\n<meta property=\"og:image\" content=\"https:\/\/www.ernanipolo.com.br\/wp\/wp-content\/uploads\/2020\/12\/WhatsApp-Image-2020-12-10-at-10.26.30.jpeg\" \/>\n\t<meta property=\"og:image:width\" content=\"1280\" \/>\n\t<meta property=\"og:image:height\" content=\"960\" \/>\n\t<meta property=\"og:image:type\" content=\"image\/jpeg\" \/>\n<meta name=\"author\" content=\"Assessoria\" \/>\n<meta name=\"twitter:card\" content=\"summary_large_image\" \/>\n<meta name=\"twitter:label1\" content=\"Escrito por\" \/>\n\t<meta name=\"twitter:data1\" content=\"Assessoria\" \/>\n\t<meta name=\"twitter:label2\" content=\"Est. tempo de leitura\" \/>\n\t<meta name=\"twitter:data2\" content=\"2 minutos\" \/>\n<script type=\"application\/ld+json\" class=\"yoast-schema-graph\">{\"@context\":\"https:\\\/\\\/schema.org\",\"@graph\":[{\"@type\":\"Article\",\"@id\":\"https:\\\/\\\/www.ernanipolo.com.br\\\/wp\\\/presidente-da-assembleia-acompanha-inauguracao-da-nova-ponte-do-guaiba\\\/#article\",\"isPartOf\":{\"@id\":\"https:\\\/\\\/www.ernanipolo.com.br\\\/wp\\\/presidente-da-assembleia-acompanha-inauguracao-da-nova-ponte-do-guaiba\\\/\"},\"author\":{\"name\":\"Assessoria\",\"@id\":\"https:\\\/\\\/www.ernanipolo.com.br\\\/wp\\\/#\\\/schema\\\/person\\\/495081e5f89df1864e457bc25058eb32\"},\"headline\":\"Presidente da Assembleia acompanha inaugura\u00e7\u00e3o da nova Ponte do Gua\u00edba\",\"datePublished\":\"2020-12-10T14:02:15+00:00\",\"dateModified\":\"2020-12-10T14:17:16+00:00\",\"mainEntityOfPage\":{\"@id\":\"https:\\\/\\\/www.ernanipolo.com.br\\\/wp\\\/presidente-da-assembleia-acompanha-inauguracao-da-nova-ponte-do-guaiba\\\/\"},\"wordCount\":451,\"commentCount\":0,\"publisher\":{\"@id\":\"https:\\\/\\\/www.ernanipolo.com.br\\\/wp\\\/#organization\"},\"image\":{\"@id\":\"https:\\\/\\\/www.ernanipolo.com.br\\\/wp\\\/presidente-da-assembleia-acompanha-inauguracao-da-nova-ponte-do-guaiba\\\/#primaryimage\"},\"thumbnailUrl\":\"https:\\\/\\\/www.ernanipolo.com.br\\\/wp\\\/wp-content\\\/uploads\\\/2020\\\/12\\\/WhatsApp-Image-2020-12-10-at-10.26.30.jpeg\",\"keywords\":[\"agricultura\"],\"articleSection\":[\"Not\u00edcias\",\"Destaque\",\"agricultura\"],\"inLanguage\":\"pt-BR\",\"potentialAction\":[{\"@type\":\"CommentAction\",\"name\":\"Comment\",\"target\":[\"https:\\\/\\\/www.ernanipolo.com.br\\\/wp\\\/presidente-da-assembleia-acompanha-inauguracao-da-nova-ponte-do-guaiba\\\/#respond\"]}]},{\"@type\":\"WebPage\",\"@id\":\"https:\\\/\\\/www.ernanipolo.com.br\\\/wp\\\/presidente-da-assembleia-acompanha-inauguracao-da-nova-ponte-do-guaiba\\\/\",\"url\":\"https:\\\/\\\/www.ernanipolo.com.br\\\/wp\\\/presidente-da-assembleia-acompanha-inauguracao-da-nova-ponte-do-guaiba\\\/\",\"name\":\"Presidente da Assembleia acompanha inaugura\u00e7\u00e3o da nova Ponte do Gua\u00edba - Ernani Polo\",\"isPartOf\":{\"@id\":\"https:\\\/\\\/www.ernanipolo.com.br\\\/wp\\\/#website\"},\"primaryImageOfPage\":{\"@id\":\"https:\\\/\\\/www.ernanipolo.com.br\\\/wp\\\/presidente-da-assembleia-acompanha-inauguracao-da-nova-ponte-do-guaiba\\\/#primaryimage\"},\"image\":{\"@id\":\"https:\\\/\\\/www.ernanipolo.com.br\\\/wp\\\/presidente-da-assembleia-acompanha-inauguracao-da-nova-ponte-do-guaiba\\\/#primaryimage\"},\"thumbnailUrl\":\"https:\\\/\\\/www.ernanipolo.com.br\\\/wp\\\/wp-content\\\/uploads\\\/2020\\\/12\\\/WhatsApp-Image-2020-12-10-at-10.26.30.jpeg\",\"datePublished\":\"2020-12-10T14:02:15+00:00\",\"dateModified\":\"2020-12-10T14:17:16+00:00\",\"inLanguage\":\"pt-BR\",\"potentialAction\":[{\"@type\":\"ReadAction\",\"target\":[\"https:\\\/\\\/www.ernanipolo.com.br\\\/wp\\\/presidente-da-assembleia-acompanha-inauguracao-da-nova-ponte-do-guaiba\\\/\"]}]},{\"@type\":\"ImageObject\",\"inLanguage\":\"pt-BR\",\"@id\":\"https:\\\/\\\/www.ernanipolo.com.br\\\/wp\\\/presidente-da-assembleia-acompanha-inauguracao-da-nova-ponte-do-guaiba\\\/#primaryimage\",\"url\":\"https:\\\/\\\/www.ernanipolo.com.br\\\/wp\\\/wp-content\\\/uploads\\\/2020\\\/12\\\/WhatsApp-Image-2020-12-10-at-10.26.30.jpeg\",\"contentUrl\":\"https:\\\/\\\/www.ernanipolo.com.br\\\/wp\\\/wp-content\\\/uploads\\\/2020\\\/12\\\/WhatsApp-Image-2020-12-10-at-10.26.30.jpeg\",\"width\":1280,\"height\":960},{\"@type\":\"WebSite\",\"@id\":\"https:\\\/\\\/www.ernanipolo.com.br\\\/wp\\\/#website\",\"url\":\"https:\\\/\\\/www.ernanipolo.com.br\\\/wp\\\/\",\"name\":\"Ernani Polo\",\"description\":\"\",\"publisher\":{\"@id\":\"https:\\\/\\\/www.ernanipolo.com.br\\\/wp\\\/#organization\"},\"potentialAction\":[{\"@type\":\"SearchAction\",\"target\":{\"@type\":\"EntryPoint\",\"urlTemplate\":\"https:\\\/\\\/www.ernanipolo.com.br\\\/wp\\\/?s={search_term_string}\"},\"query-input\":{\"@type\":\"PropertyValueSpecification\",\"valueRequired\":true,\"valueName\":\"search_term_string\"}}],\"inLanguage\":\"pt-BR\"},{\"@type\":\"Organization\",\"@id\":\"https:\\\/\\\/www.ernanipolo.com.br\\\/wp\\\/#organization\",\"name\":\"Ernani Polo\",\"url\":\"https:\\\/\\\/www.ernanipolo.com.br\\\/wp\\\/\",\"logo\":{\"@type\":\"ImageObject\",\"inLanguage\":\"pt-BR\",\"@id\":\"https:\\\/\\\/www.ernanipolo.com.br\\\/wp\\\/#\\\/schema\\\/logo\\\/image\\\/\",\"url\":\"https:\\\/\\\/www.ernanipolo.com.br\\\/wp\\\/wp-content\\\/uploads\\\/2023\\\/09\\\/Logo-Azul-Ernani-Polo.png\",\"contentUrl\":\"https:\\\/\\\/www.ernanipolo.com.br\\\/wp\\\/wp-content\\\/uploads\\\/2023\\\/09\\\/Logo-Azul-Ernani-Polo.png\",\"width\":630,\"height\":162,\"caption\":\"Ernani Polo\"},\"image\":{\"@id\":\"https:\\\/\\\/www.ernanipolo.com.br\\\/wp\\\/#\\\/schema\\\/logo\\\/image\\\/\"}},{\"@type\":\"Person\",\"@id\":\"https:\\\/\\\/www.ernanipolo.com.br\\\/wp\\\/#\\\/schema\\\/person\\\/495081e5f89df1864e457bc25058eb32\",\"name\":\"Assessoria\",\"image\":{\"@type\":\"ImageObject\",\"inLanguage\":\"pt-BR\",\"@id\":\"https:\\\/\\\/secure.gravatar.com\\\/avatar\\\/fb9fbf9c7f51269c39fd7432c2ca37dcb848f2e01061b91c2515b159534f94f8?s=96&d=mm&r=g\",\"url\":\"https:\\\/\\\/secure.gravatar.com\\\/avatar\\\/fb9fbf9c7f51269c39fd7432c2ca37dcb848f2e01061b91c2515b159534f94f8?s=96&d=mm&r=g\",\"contentUrl\":\"https:\\\/\\\/secure.gravatar.com\\\/avatar\\\/fb9fbf9c7f51269c39fd7432c2ca37dcb848f2e01061b91c2515b159534f94f8?s=96&d=mm&r=g\",\"caption\":\"Assessoria\"},\"url\":\"https:\\\/\\\/www.ernanipolo.com.br\\\/wp\\\/author\\\/assessoria\\\/\"}]}<\/script>\n<!-- \/ Yoast SEO plugin. -->","yoast_head_json":{"title":"Presidente da Assembleia acompanha inaugura\u00e7\u00e3o da nova Ponte do Gua\u00edba - Ernani Polo","robots":{"index":"index","follow":"follow","max-snippet":"max-snippet:-1","max-image-preview":"max-image-preview:large","max-video-preview":"max-video-preview:-1"},"canonical":"https:\/\/www.ernanipolo.com.br\/wp\/presidente-da-assembleia-acompanha-inauguracao-da-nova-ponte-do-guaiba\/","og_locale":"pt_BR","og_type":"article","og_title":"Presidente da Assembleia acompanha inaugura\u00e7\u00e3o da nova Ponte do Gua\u00edba - Ernani Polo","og_description":"O presidente da Assembleia Legislativa, Ernani Polo, acompanhou na manh\u00e3 desta quinta-feira (10) o presidente da Rep\u00fablica, Jair Bolsonaro na &hellip; Continue reading Presidente da Assembleia acompanha inaugura\u00e7\u00e3o da nova Ponte do Gua\u00edba","og_url":"https:\/\/www.ernanipolo.com.br\/wp\/presidente-da-assembleia-acompanha-inauguracao-da-nova-ponte-do-guaiba\/","og_site_name":"Ernani Polo","article_published_time":"2020-12-10T14:02:15+00:00","article_modified_time":"2020-12-10T14:17:16+00:00","og_image":[{"width":1280,"height":960,"url":"https:\/\/www.ernanipolo.com.br\/wp\/wp-content\/uploads\/2020\/12\/WhatsApp-Image-2020-12-10-at-10.26.30.jpeg","type":"image\/jpeg"}],"author":"Assessoria","twitter_card":"summary_large_image","twitter_misc":{"Escrito por":"Assessoria","Est. tempo de leitura":"2 minutos"},"schema":{"@context":"https:\/\/schema.org","@graph":[{"@type":"Article","@id":"https:\/\/www.ernanipolo.com.br\/wp\/presidente-da-assembleia-acompanha-inauguracao-da-nova-ponte-do-guaiba\/#article","isPartOf":{"@id":"https:\/\/www.ernanipolo.com.br\/wp\/presidente-da-assembleia-acompanha-inauguracao-da-nova-ponte-do-guaiba\/"},"author":{"name":"Assessoria","@id":"https:\/\/www.ernanipolo.com.br\/wp\/#\/schema\/person\/495081e5f89df1864e457bc25058eb32"},"headline":"Presidente da Assembleia acompanha inaugura\u00e7\u00e3o da nova Ponte do Gua\u00edba","datePublished":"2020-12-10T14:02:15+00:00","dateModified":"2020-12-10T14:17:16+00:00","mainEntityOfPage":{"@id":"https:\/\/www.ernanipolo.com.br\/wp\/presidente-da-assembleia-acompanha-inauguracao-da-nova-ponte-do-guaiba\/"},"wordCount":451,"commentCount":0,"publisher":{"@id":"https:\/\/www.ernanipolo.com.br\/wp\/#organization"},"image":{"@id":"https:\/\/www.ernanipolo.com.br\/wp\/presidente-da-assembleia-acompanha-inauguracao-da-nova-ponte-do-guaiba\/#primaryimage"},"thumbnailUrl":"https:\/\/www.ernanipolo.com.br\/wp\/wp-content\/uploads\/2020\/12\/WhatsApp-Image-2020-12-10-at-10.26.30.jpeg","keywords":["agricultura"],"articleSection":["Not\u00edcias","Destaque","agricultura"],"inLanguage":"pt-BR","potentialAction":[{"@type":"CommentAction","name":"Comment","target":["https:\/\/www.ernanipolo.com.br\/wp\/presidente-da-assembleia-acompanha-inauguracao-da-nova-ponte-do-guaiba\/#respond"]}]},{"@type":"WebPage","@id":"https:\/\/www.ernanipolo.com.br\/wp\/presidente-da-assembleia-acompanha-inauguracao-da-nova-ponte-do-guaiba\/","url":"https:\/\/www.ernanipolo.com.br\/wp\/presidente-da-assembleia-acompanha-inauguracao-da-nova-ponte-do-guaiba\/","name":"Presidente da Assembleia acompanha inaugura\u00e7\u00e3o da nova Ponte do Gua\u00edba - Ernani Polo","isPartOf":{"@id":"https:\/\/www.ernanipolo.com.br\/wp\/#website"},"primaryImageOfPage":{"@id":"https:\/\/www.ernanipolo.com.br\/wp\/presidente-da-assembleia-acompanha-inauguracao-da-nova-ponte-do-guaiba\/#primaryimage"},"image":{"@id":"https:\/\/www.ernanipolo.com.br\/wp\/presidente-da-assembleia-acompanha-inauguracao-da-nova-ponte-do-guaiba\/#primaryimage"},"thumbnailUrl":"https:\/\/www.ernanipolo.com.br\/wp\/wp-content\/uploads\/2020\/12\/WhatsApp-Image-2020-12-10-at-10.26.30.jpeg","datePublished":"2020-12-10T14:02:15+00:00","dateModified":"2020-12-10T14:17:16+00:00","inLanguage":"pt-BR","potentialAction":[{"@type":"ReadAction","target":["https:\/\/www.ernanipolo.com.br\/wp\/presidente-da-assembleia-acompanha-inauguracao-da-nova-ponte-do-guaiba\/"]}]},{"@type":"ImageObject","inLanguage":"pt-BR","@id":"https:\/\/www.ernanipolo.com.br\/wp\/presidente-da-assembleia-acompanha-inauguracao-da-nova-ponte-do-guaiba\/#primaryimage","url":"https:\/\/www.ernanipolo.com.br\/wp\/wp-content\/uploads\/2020\/12\/WhatsApp-Image-2020-12-10-at-10.26.30.jpeg","contentUrl":"https:\/\/www.ernanipolo.com.br\/wp\/wp-content\/uploads\/2020\/12\/WhatsApp-Image-2020-12-10-at-10.26.30.jpeg","width":1280,"height":960},{"@type":"WebSite","@id":"https:\/\/www.ernanipolo.com.br\/wp\/#website","url":"https:\/\/www.ernanipolo.com.br\/wp\/","name":"Ernani Polo","description":"","publisher":{"@id":"https:\/\/www.ernanipolo.com.br\/wp\/#organization"},"potentialAction":[{"@type":"SearchAction","target":{"@type":"EntryPoint","urlTemplate":"https:\/\/www.ernanipolo.com.br\/wp\/?s={search_term_string}"},"query-input":{"@type":"PropertyValueSpecification","valueRequired":true,"valueName":"search_term_string"}}],"inLanguage":"pt-BR"},{"@type":"Organization","@id":"https:\/\/www.ernanipolo.com.br\/wp\/#organization","name":"Ernani Polo","url":"https:\/\/www.ernanipolo.com.br\/wp\/","logo":{"@type":"ImageObject","inLanguage":"pt-BR","@id":"https:\/\/www.ernanipolo.com.br\/wp\/#\/schema\/logo\/image\/","url":"https:\/\/www.ernanipolo.com.br\/wp\/wp-content\/uploads\/2023\/09\/Logo-Azul-Ernani-Polo.png","contentUrl":"https:\/\/www.ernanipolo.com.br\/wp\/wp-content\/uploads\/2023\/09\/Logo-Azul-Ernani-Polo.png","width":630,"height":162,"caption":"Ernani Polo"},"image":{"@id":"https:\/\/www.ernanipolo.com.br\/wp\/#\/schema\/logo\/image\/"}},{"@type":"Person","@id":"https:\/\/www.ernanipolo.com.br\/wp\/#\/schema\/person\/495081e5f89df1864e457bc25058eb32","name":"Assessoria","image":{"@type":"ImageObject","inLanguage":"pt-BR","@id":"https:\/\/secure.gravatar.com\/avatar\/fb9fbf9c7f51269c39fd7432c2ca37dcb848f2e01061b91c2515b159534f94f8?s=96&d=mm&r=g","url":"https:\/\/secure.gravatar.com\/avatar\/fb9fbf9c7f51269c39fd7432c2ca37dcb848f2e01061b91c2515b159534f94f8?s=96&d=mm&r=g","contentUrl":"https:\/\/secure.gravatar.com\/avatar\/fb9fbf9c7f51269c39fd7432c2ca37dcb848f2e01061b91c2515b159534f94f8?s=96&d=mm&r=g","caption":"Assessoria"},"url":"https:\/\/www.ernanipolo.com.br\/wp\/author\/assessoria\/"}]}},"jetpack_featured_media_url":"https:\/\/www.ernanipolo.com.br\/wp\/wp-content\/uploads\/2020\/12\/WhatsApp-Image-2020-12-10-at-10.26.30.jpeg","jetpack_sharing_enabled":true,"_links":{"self":[{"href":"https:\/\/www.ernanipolo.com.br\/wp\/wp-json\/wp\/v2\/posts\/4276","targetHints":{"allow":["GET"]}}],"collection":[{"href":"https:\/\/www.ernanipolo.com.br\/wp\/wp-json\/wp\/v2\/posts"}],"about":[{"href":"https:\/\/www.ernanipolo.com.br\/wp\/wp-json\/wp\/v2\/types\/post"}],"author":[{"embeddable":true,"href":"https:\/\/www.ernanipolo.com.br\/wp\/wp-json\/wp\/v2\/users\/3"}],"replies":[{"embeddable":true,"href":"https:\/\/www.ernanipolo.com.br\/wp\/wp-json\/wp\/v2\/comments?post=4276"}],"version-history":[{"count":0,"href":"https:\/\/www.ernanipolo.com.br\/wp\/wp-json\/wp\/v2\/posts\/4276\/revisions"}],"wp:featuredmedia":[{"embeddable":true,"href":"https:\/\/www.ernanipolo.com.br\/wp\/wp-json\/wp\/v2\/media\/4277"}],"wp:attachment":[{"href":"https:\/\/www.ernanipolo.com.br\/wp\/wp-json\/wp\/v2\/media?parent=4276"}],"wp:term":[{"taxonomy":"category","embeddable":true,"href":"https:\/\/www.ernanipolo.com.br\/wp\/wp-json\/wp\/v2\/categories?post=4276"},{"taxonomy":"post_tag","embeddable":true,"href":"https:\/\/www.ernanipolo.com.br\/wp\/wp-json\/wp\/v2\/tags?post=4276"}],"curies":[{"name":"wp","href":"https:\/\/api.w.org\/{rel}","templated":true}]}}