{"id":4199,"date":"2020-12-03T18:40:59","date_gmt":"2020-12-03T21:40:59","guid":{"rendered":"http:\/\/www.ernanipolo.com.br\/wp\/?p=4199"},"modified":"2020-12-04T17:55:17","modified_gmt":"2020-12-04T20:55:17","slug":"deputado-ernani-polo-participa-de-videoconferencia-sobre-avancos-das-obras-fisicas-do-hospital-publico-regional-de-palmeira-das-missoes","status":"publish","type":"post","link":"https:\/\/www.ernanipolo.com.br\/wp\/deputado-ernani-polo-participa-de-videoconferencia-sobre-avancos-das-obras-fisicas-do-hospital-publico-regional-de-palmeira-das-missoes\/","title":{"rendered":"Avan\u00e7os das obras f\u00edsicas do Hospital P\u00fablico Regional de Palmeira das Miss\u00f5es s\u00e3o tema de videoconfer\u00eancia"},"content":{"rendered":"<p>O presidente da Assembleia Legislativa, deputado estadual Ernani Polo intermediou uma videoconfer\u00eancia com a secret\u00e1ria estadual da Sa\u00fade, Arita Bergmann, para tratar sobre os avan\u00e7os nas obras f\u00edsicas do Hospital P\u00fablico Regional de Palmeira das Miss\u00f5es. Na oportunidade, o coordenador do projeto, Gesiel Serra, relatou novidades, como a libera\u00e7\u00e3o recente de R$ 31,8 milh\u00f5es do governo federal para a iniciativa. Outros R$ 38 milh\u00f5es haviam sido liberados quando a obra come\u00e7ou, no ano passado. Eles tamb\u00e9m conversamos sobre a futura gest\u00e3o do HPR, o que ainda falta defini\u00e7\u00e3o.<\/p>\n<p>\u201cEstamos aqui para abra\u00e7ar esta causa juntos\u201d, disse a secret\u00e1ria Arita, na reuni\u00e3o. O projeto tamb\u00e9m tem apoio de v\u00e1rios parlamentares, como o Senador Luis Carlos Heinze, e os deputados federais Pedro Westphalen, Jer\u00f4nimo Georgen e Ubiratan Sanderson.<br \/>\nA expectativa \u00e9 iniciar a opera\u00e7\u00e3o do hospital em 2023, atendendo a 72 munic\u00edpios das regi\u00f5es Norte e Noroeste do Rio Grande do Sul.<\/p>\n","protected":false},"excerpt":{"rendered":"<p>O presidente da Assembleia Legislativa, deputado estadual Ernani Polo intermediou uma videoconfer\u00eancia com a secret\u00e1ria estadual da Sa\u00fade, Arita Bergmann, &hellip; <a href=\"https:\/\/www.ernanipolo.com.br\/wp\/deputado-ernani-polo-participa-de-videoconferencia-sobre-avancos-das-obras-fisicas-do-hospital-publico-regional-de-palmeira-das-missoes\/\" class=\"more-link\">Continue reading <span class=\"screen-reader-text\">Avan\u00e7os das obras f\u00edsicas do Hospital P\u00fablico Regional de Palmeira das Miss\u00f5es s\u00e3o tema de videoconfer\u00eancia<\/span><\/a><\/p>\n","protected":false},"author":3,"featured_media":4200,"comment_status":"open","ping_status":"open","sticky":false,"template":"","format":"standard","meta":{"_acf_changed":false,"_jetpack_memberships_contains_paid_content":false,"footnotes":""},"categories":[37,45],"tags":[],"class_list":["post-4199","post","type-post","status-publish","format-standard","has-post-thumbnail","hentry","category-noticias","category-agricultura"],"acf":[],"yoast_head":"<!-- This site is optimized with the Yoast SEO plugin v27.5 - https:\/\/yoast.com\/product\/yoast-seo-wordpress\/ -->\n<title>Avan\u00e7os das obras f\u00edsicas do Hospital P\u00fablico Regional de Palmeira das Miss\u00f5es s\u00e3o tema de videoconfer\u00eancia - Ernani Polo<\/title>\n<meta name=\"robots\" content=\"index, follow, max-snippet:-1, max-image-preview:large, max-video-preview:-1\" \/>\n<link rel=\"canonical\" href=\"https:\/\/www.ernanipolo.com.br\/wp\/deputado-ernani-polo-participa-de-videoconferencia-sobre-avancos-das-obras-fisicas-do-hospital-publico-regional-de-palmeira-das-missoes\/\" \/>\n<meta property=\"og:locale\" content=\"pt_BR\" \/>\n<meta property=\"og:type\" content=\"article\" \/>\n<meta property=\"og:title\" content=\"Avan\u00e7os das obras f\u00edsicas do Hospital P\u00fablico Regional de Palmeira das Miss\u00f5es s\u00e3o tema de videoconfer\u00eancia - Ernani Polo\" \/>\n<meta property=\"og:description\" content=\"O presidente da Assembleia Legislativa, deputado estadual Ernani Polo intermediou uma videoconfer\u00eancia com a secret\u00e1ria estadual da Sa\u00fade, Arita Bergmann, &hellip; Continue reading Avan\u00e7os das obras f\u00edsicas do Hospital P\u00fablico Regional de Palmeira das Miss\u00f5es s\u00e3o tema de videoconfer\u00eancia\" \/>\n<meta property=\"og:url\" content=\"https:\/\/www.ernanipolo.com.br\/wp\/deputado-ernani-polo-participa-de-videoconferencia-sobre-avancos-das-obras-fisicas-do-hospital-publico-regional-de-palmeira-das-missoes\/\" \/>\n<meta property=\"og:site_name\" content=\"Ernani Polo\" \/>\n<meta property=\"article:published_time\" content=\"2020-12-03T21:40:59+00:00\" \/>\n<meta property=\"article:modified_time\" content=\"2020-12-04T20:55:17+00:00\" \/>\n<meta property=\"og:image\" content=\"https:\/\/www.ernanipolo.com.br\/wp\/wp-content\/uploads\/2020\/12\/128426346_1571512619712674_7256101071912788914_o-1.jpg\" \/>\n\t<meta property=\"og:image:width\" content=\"1280\" \/>\n\t<meta property=\"og:image:height\" content=\"851\" \/>\n\t<meta property=\"og:image:type\" content=\"image\/jpeg\" \/>\n<meta name=\"author\" content=\"Assessoria\" \/>\n<meta name=\"twitter:card\" content=\"summary_large_image\" \/>\n<meta name=\"twitter:label1\" content=\"Escrito por\" \/>\n\t<meta name=\"twitter:data1\" content=\"Assessoria\" \/>\n\t<meta name=\"twitter:label2\" content=\"Est. tempo de leitura\" \/>\n\t<meta name=\"twitter:data2\" content=\"1 minuto\" \/>\n<script type=\"application\/ld+json\" class=\"yoast-schema-graph\">{\"@context\":\"https:\\\/\\\/schema.org\",\"@graph\":[{\"@type\":\"Article\",\"@id\":\"https:\\\/\\\/www.ernanipolo.com.br\\\/wp\\\/deputado-ernani-polo-participa-de-videoconferencia-sobre-avancos-das-obras-fisicas-do-hospital-publico-regional-de-palmeira-das-missoes\\\/#article\",\"isPartOf\":{\"@id\":\"https:\\\/\\\/www.ernanipolo.com.br\\\/wp\\\/deputado-ernani-polo-participa-de-videoconferencia-sobre-avancos-das-obras-fisicas-do-hospital-publico-regional-de-palmeira-das-missoes\\\/\"},\"author\":{\"name\":\"Assessoria\",\"@id\":\"https:\\\/\\\/www.ernanipolo.com.br\\\/wp\\\/#\\\/schema\\\/person\\\/495081e5f89df1864e457bc25058eb32\"},\"headline\":\"Avan\u00e7os das obras f\u00edsicas do Hospital P\u00fablico Regional de Palmeira das Miss\u00f5es s\u00e3o tema de videoconfer\u00eancia\",\"datePublished\":\"2020-12-03T21:40:59+00:00\",\"dateModified\":\"2020-12-04T20:55:17+00:00\",\"mainEntityOfPage\":{\"@id\":\"https:\\\/\\\/www.ernanipolo.com.br\\\/wp\\\/deputado-ernani-polo-participa-de-videoconferencia-sobre-avancos-das-obras-fisicas-do-hospital-publico-regional-de-palmeira-das-missoes\\\/\"},\"wordCount\":190,\"commentCount\":0,\"publisher\":{\"@id\":\"https:\\\/\\\/www.ernanipolo.com.br\\\/wp\\\/#organization\"},\"image\":{\"@id\":\"https:\\\/\\\/www.ernanipolo.com.br\\\/wp\\\/deputado-ernani-polo-participa-de-videoconferencia-sobre-avancos-das-obras-fisicas-do-hospital-publico-regional-de-palmeira-das-missoes\\\/#primaryimage\"},\"thumbnailUrl\":\"https:\\\/\\\/www.ernanipolo.com.br\\\/wp\\\/wp-content\\\/uploads\\\/2020\\\/12\\\/128426346_1571512619712674_7256101071912788914_o-1.jpg\",\"articleSection\":[\"Not\u00edcias\",\"agricultura\"],\"inLanguage\":\"pt-BR\",\"potentialAction\":[{\"@type\":\"CommentAction\",\"name\":\"Comment\",\"target\":[\"https:\\\/\\\/www.ernanipolo.com.br\\\/wp\\\/deputado-ernani-polo-participa-de-videoconferencia-sobre-avancos-das-obras-fisicas-do-hospital-publico-regional-de-palmeira-das-missoes\\\/#respond\"]}]},{\"@type\":\"WebPage\",\"@id\":\"https:\\\/\\\/www.ernanipolo.com.br\\\/wp\\\/deputado-ernani-polo-participa-de-videoconferencia-sobre-avancos-das-obras-fisicas-do-hospital-publico-regional-de-palmeira-das-missoes\\\/\",\"url\":\"https:\\\/\\\/www.ernanipolo.com.br\\\/wp\\\/deputado-ernani-polo-participa-de-videoconferencia-sobre-avancos-das-obras-fisicas-do-hospital-publico-regional-de-palmeira-das-missoes\\\/\",\"name\":\"Avan\u00e7os das obras f\u00edsicas do Hospital P\u00fablico Regional de Palmeira das Miss\u00f5es s\u00e3o tema de videoconfer\u00eancia - Ernani Polo\",\"isPartOf\":{\"@id\":\"https:\\\/\\\/www.ernanipolo.com.br\\\/wp\\\/#website\"},\"primaryImageOfPage\":{\"@id\":\"https:\\\/\\\/www.ernanipolo.com.br\\\/wp\\\/deputado-ernani-polo-participa-de-videoconferencia-sobre-avancos-das-obras-fisicas-do-hospital-publico-regional-de-palmeira-das-missoes\\\/#primaryimage\"},\"image\":{\"@id\":\"https:\\\/\\\/www.ernanipolo.com.br\\\/wp\\\/deputado-ernani-polo-participa-de-videoconferencia-sobre-avancos-das-obras-fisicas-do-hospital-publico-regional-de-palmeira-das-missoes\\\/#primaryimage\"},\"thumbnailUrl\":\"https:\\\/\\\/www.ernanipolo.com.br\\\/wp\\\/wp-content\\\/uploads\\\/2020\\\/12\\\/128426346_1571512619712674_7256101071912788914_o-1.jpg\",\"datePublished\":\"2020-12-03T21:40:59+00:00\",\"dateModified\":\"2020-12-04T20:55:17+00:00\",\"inLanguage\":\"pt-BR\",\"potentialAction\":[{\"@type\":\"ReadAction\",\"target\":[\"https:\\\/\\\/www.ernanipolo.com.br\\\/wp\\\/deputado-ernani-polo-participa-de-videoconferencia-sobre-avancos-das-obras-fisicas-do-hospital-publico-regional-de-palmeira-das-missoes\\\/\"]}]},{\"@type\":\"ImageObject\",\"inLanguage\":\"pt-BR\",\"@id\":\"https:\\\/\\\/www.ernanipolo.com.br\\\/wp\\\/deputado-ernani-polo-participa-de-videoconferencia-sobre-avancos-das-obras-fisicas-do-hospital-publico-regional-de-palmeira-das-missoes\\\/#primaryimage\",\"url\":\"https:\\\/\\\/www.ernanipolo.com.br\\\/wp\\\/wp-content\\\/uploads\\\/2020\\\/12\\\/128426346_1571512619712674_7256101071912788914_o-1.jpg\",\"contentUrl\":\"https:\\\/\\\/www.ernanipolo.com.br\\\/wp\\\/wp-content\\\/uploads\\\/2020\\\/12\\\/128426346_1571512619712674_7256101071912788914_o-1.jpg\",\"width\":1280,\"height\":851},{\"@type\":\"WebSite\",\"@id\":\"https:\\\/\\\/www.ernanipolo.com.br\\\/wp\\\/#website\",\"url\":\"https:\\\/\\\/www.ernanipolo.com.br\\\/wp\\\/\",\"name\":\"Ernani Polo\",\"description\":\"\",\"publisher\":{\"@id\":\"https:\\\/\\\/www.ernanipolo.com.br\\\/wp\\\/#organization\"},\"potentialAction\":[{\"@type\":\"SearchAction\",\"target\":{\"@type\":\"EntryPoint\",\"urlTemplate\":\"https:\\\/\\\/www.ernanipolo.com.br\\\/wp\\\/?s={search_term_string}\"},\"query-input\":{\"@type\":\"PropertyValueSpecification\",\"valueRequired\":true,\"valueName\":\"search_term_string\"}}],\"inLanguage\":\"pt-BR\"},{\"@type\":\"Organization\",\"@id\":\"https:\\\/\\\/www.ernanipolo.com.br\\\/wp\\\/#organization\",\"name\":\"Ernani Polo\",\"url\":\"https:\\\/\\\/www.ernanipolo.com.br\\\/wp\\\/\",\"logo\":{\"@type\":\"ImageObject\",\"inLanguage\":\"pt-BR\",\"@id\":\"https:\\\/\\\/www.ernanipolo.com.br\\\/wp\\\/#\\\/schema\\\/logo\\\/image\\\/\",\"url\":\"https:\\\/\\\/www.ernanipolo.com.br\\\/wp\\\/wp-content\\\/uploads\\\/2023\\\/09\\\/Logo-Azul-Ernani-Polo.png\",\"contentUrl\":\"https:\\\/\\\/www.ernanipolo.com.br\\\/wp\\\/wp-content\\\/uploads\\\/2023\\\/09\\\/Logo-Azul-Ernani-Polo.png\",\"width\":630,\"height\":162,\"caption\":\"Ernani Polo\"},\"image\":{\"@id\":\"https:\\\/\\\/www.ernanipolo.com.br\\\/wp\\\/#\\\/schema\\\/logo\\\/image\\\/\"}},{\"@type\":\"Person\",\"@id\":\"https:\\\/\\\/www.ernanipolo.com.br\\\/wp\\\/#\\\/schema\\\/person\\\/495081e5f89df1864e457bc25058eb32\",\"name\":\"Assessoria\",\"image\":{\"@type\":\"ImageObject\",\"inLanguage\":\"pt-BR\",\"@id\":\"https:\\\/\\\/secure.gravatar.com\\\/avatar\\\/fb9fbf9c7f51269c39fd7432c2ca37dcb848f2e01061b91c2515b159534f94f8?s=96&d=mm&r=g\",\"url\":\"https:\\\/\\\/secure.gravatar.com\\\/avatar\\\/fb9fbf9c7f51269c39fd7432c2ca37dcb848f2e01061b91c2515b159534f94f8?s=96&d=mm&r=g\",\"contentUrl\":\"https:\\\/\\\/secure.gravatar.com\\\/avatar\\\/fb9fbf9c7f51269c39fd7432c2ca37dcb848f2e01061b91c2515b159534f94f8?s=96&d=mm&r=g\",\"caption\":\"Assessoria\"},\"url\":\"https:\\\/\\\/www.ernanipolo.com.br\\\/wp\\\/author\\\/assessoria\\\/\"}]}<\/script>\n<!-- \/ Yoast SEO plugin. -->","yoast_head_json":{"title":"Avan\u00e7os das obras f\u00edsicas do Hospital P\u00fablico Regional de Palmeira das Miss\u00f5es s\u00e3o tema de videoconfer\u00eancia - Ernani Polo","robots":{"index":"index","follow":"follow","max-snippet":"max-snippet:-1","max-image-preview":"max-image-preview:large","max-video-preview":"max-video-preview:-1"},"canonical":"https:\/\/www.ernanipolo.com.br\/wp\/deputado-ernani-polo-participa-de-videoconferencia-sobre-avancos-das-obras-fisicas-do-hospital-publico-regional-de-palmeira-das-missoes\/","og_locale":"pt_BR","og_type":"article","og_title":"Avan\u00e7os das obras f\u00edsicas do Hospital P\u00fablico Regional de Palmeira das Miss\u00f5es s\u00e3o tema de videoconfer\u00eancia - Ernani Polo","og_description":"O presidente da Assembleia Legislativa, deputado estadual Ernani Polo intermediou uma videoconfer\u00eancia com a secret\u00e1ria estadual da Sa\u00fade, Arita Bergmann, &hellip; Continue reading Avan\u00e7os das obras f\u00edsicas do Hospital P\u00fablico Regional de Palmeira das Miss\u00f5es s\u00e3o tema de videoconfer\u00eancia","og_url":"https:\/\/www.ernanipolo.com.br\/wp\/deputado-ernani-polo-participa-de-videoconferencia-sobre-avancos-das-obras-fisicas-do-hospital-publico-regional-de-palmeira-das-missoes\/","og_site_name":"Ernani Polo","article_published_time":"2020-12-03T21:40:59+00:00","article_modified_time":"2020-12-04T20:55:17+00:00","og_image":[{"width":1280,"height":851,"url":"https:\/\/www.ernanipolo.com.br\/wp\/wp-content\/uploads\/2020\/12\/128426346_1571512619712674_7256101071912788914_o-1.jpg","type":"image\/jpeg"}],"author":"Assessoria","twitter_card":"summary_large_image","twitter_misc":{"Escrito por":"Assessoria","Est. tempo de leitura":"1 minuto"},"schema":{"@context":"https:\/\/schema.org","@graph":[{"@type":"Article","@id":"https:\/\/www.ernanipolo.com.br\/wp\/deputado-ernani-polo-participa-de-videoconferencia-sobre-avancos-das-obras-fisicas-do-hospital-publico-regional-de-palmeira-das-missoes\/#article","isPartOf":{"@id":"https:\/\/www.ernanipolo.com.br\/wp\/deputado-ernani-polo-participa-de-videoconferencia-sobre-avancos-das-obras-fisicas-do-hospital-publico-regional-de-palmeira-das-missoes\/"},"author":{"name":"Assessoria","@id":"https:\/\/www.ernanipolo.com.br\/wp\/#\/schema\/person\/495081e5f89df1864e457bc25058eb32"},"headline":"Avan\u00e7os das obras f\u00edsicas do Hospital P\u00fablico Regional de Palmeira das Miss\u00f5es s\u00e3o tema de videoconfer\u00eancia","datePublished":"2020-12-03T21:40:59+00:00","dateModified":"2020-12-04T20:55:17+00:00","mainEntityOfPage":{"@id":"https:\/\/www.ernanipolo.com.br\/wp\/deputado-ernani-polo-participa-de-videoconferencia-sobre-avancos-das-obras-fisicas-do-hospital-publico-regional-de-palmeira-das-missoes\/"},"wordCount":190,"commentCount":0,"publisher":{"@id":"https:\/\/www.ernanipolo.com.br\/wp\/#organization"},"image":{"@id":"https:\/\/www.ernanipolo.com.br\/wp\/deputado-ernani-polo-participa-de-videoconferencia-sobre-avancos-das-obras-fisicas-do-hospital-publico-regional-de-palmeira-das-missoes\/#primaryimage"},"thumbnailUrl":"https:\/\/www.ernanipolo.com.br\/wp\/wp-content\/uploads\/2020\/12\/128426346_1571512619712674_7256101071912788914_o-1.jpg","articleSection":["Not\u00edcias","agricultura"],"inLanguage":"pt-BR","potentialAction":[{"@type":"CommentAction","name":"Comment","target":["https:\/\/www.ernanipolo.com.br\/wp\/deputado-ernani-polo-participa-de-videoconferencia-sobre-avancos-das-obras-fisicas-do-hospital-publico-regional-de-palmeira-das-missoes\/#respond"]}]},{"@type":"WebPage","@id":"https:\/\/www.ernanipolo.com.br\/wp\/deputado-ernani-polo-participa-de-videoconferencia-sobre-avancos-das-obras-fisicas-do-hospital-publico-regional-de-palmeira-das-missoes\/","url":"https:\/\/www.ernanipolo.com.br\/wp\/deputado-ernani-polo-participa-de-videoconferencia-sobre-avancos-das-obras-fisicas-do-hospital-publico-regional-de-palmeira-das-missoes\/","name":"Avan\u00e7os das obras f\u00edsicas do Hospital P\u00fablico Regional de Palmeira das Miss\u00f5es s\u00e3o tema de videoconfer\u00eancia - Ernani Polo","isPartOf":{"@id":"https:\/\/www.ernanipolo.com.br\/wp\/#website"},"primaryImageOfPage":{"@id":"https:\/\/www.ernanipolo.com.br\/wp\/deputado-ernani-polo-participa-de-videoconferencia-sobre-avancos-das-obras-fisicas-do-hospital-publico-regional-de-palmeira-das-missoes\/#primaryimage"},"image":{"@id":"https:\/\/www.ernanipolo.com.br\/wp\/deputado-ernani-polo-participa-de-videoconferencia-sobre-avancos-das-obras-fisicas-do-hospital-publico-regional-de-palmeira-das-missoes\/#primaryimage"},"thumbnailUrl":"https:\/\/www.ernanipolo.com.br\/wp\/wp-content\/uploads\/2020\/12\/128426346_1571512619712674_7256101071912788914_o-1.jpg","datePublished":"2020-12-03T21:40:59+00:00","dateModified":"2020-12-04T20:55:17+00:00","inLanguage":"pt-BR","potentialAction":[{"@type":"ReadAction","target":["https:\/\/www.ernanipolo.com.br\/wp\/deputado-ernani-polo-participa-de-videoconferencia-sobre-avancos-das-obras-fisicas-do-hospital-publico-regional-de-palmeira-das-missoes\/"]}]},{"@type":"ImageObject","inLanguage":"pt-BR","@id":"https:\/\/www.ernanipolo.com.br\/wp\/deputado-ernani-polo-participa-de-videoconferencia-sobre-avancos-das-obras-fisicas-do-hospital-publico-regional-de-palmeira-das-missoes\/#primaryimage","url":"https:\/\/www.ernanipolo.com.br\/wp\/wp-content\/uploads\/2020\/12\/128426346_1571512619712674_7256101071912788914_o-1.jpg","contentUrl":"https:\/\/www.ernanipolo.com.br\/wp\/wp-content\/uploads\/2020\/12\/128426346_1571512619712674_7256101071912788914_o-1.jpg","width":1280,"height":851},{"@type":"WebSite","@id":"https:\/\/www.ernanipolo.com.br\/wp\/#website","url":"https:\/\/www.ernanipolo.com.br\/wp\/","name":"Ernani Polo","description":"","publisher":{"@id":"https:\/\/www.ernanipolo.com.br\/wp\/#organization"},"potentialAction":[{"@type":"SearchAction","target":{"@type":"EntryPoint","urlTemplate":"https:\/\/www.ernanipolo.com.br\/wp\/?s={search_term_string}"},"query-input":{"@type":"PropertyValueSpecification","valueRequired":true,"valueName":"search_term_string"}}],"inLanguage":"pt-BR"},{"@type":"Organization","@id":"https:\/\/www.ernanipolo.com.br\/wp\/#organization","name":"Ernani Polo","url":"https:\/\/www.ernanipolo.com.br\/wp\/","logo":{"@type":"ImageObject","inLanguage":"pt-BR","@id":"https:\/\/www.ernanipolo.com.br\/wp\/#\/schema\/logo\/image\/","url":"https:\/\/www.ernanipolo.com.br\/wp\/wp-content\/uploads\/2023\/09\/Logo-Azul-Ernani-Polo.png","contentUrl":"https:\/\/www.ernanipolo.com.br\/wp\/wp-content\/uploads\/2023\/09\/Logo-Azul-Ernani-Polo.png","width":630,"height":162,"caption":"Ernani Polo"},"image":{"@id":"https:\/\/www.ernanipolo.com.br\/wp\/#\/schema\/logo\/image\/"}},{"@type":"Person","@id":"https:\/\/www.ernanipolo.com.br\/wp\/#\/schema\/person\/495081e5f89df1864e457bc25058eb32","name":"Assessoria","image":{"@type":"ImageObject","inLanguage":"pt-BR","@id":"https:\/\/secure.gravatar.com\/avatar\/fb9fbf9c7f51269c39fd7432c2ca37dcb848f2e01061b91c2515b159534f94f8?s=96&d=mm&r=g","url":"https:\/\/secure.gravatar.com\/avatar\/fb9fbf9c7f51269c39fd7432c2ca37dcb848f2e01061b91c2515b159534f94f8?s=96&d=mm&r=g","contentUrl":"https:\/\/secure.gravatar.com\/avatar\/fb9fbf9c7f51269c39fd7432c2ca37dcb848f2e01061b91c2515b159534f94f8?s=96&d=mm&r=g","caption":"Assessoria"},"url":"https:\/\/www.ernanipolo.com.br\/wp\/author\/assessoria\/"}]}},"jetpack_featured_media_url":"https:\/\/www.ernanipolo.com.br\/wp\/wp-content\/uploads\/2020\/12\/128426346_1571512619712674_7256101071912788914_o-1.jpg","jetpack_sharing_enabled":true,"_links":{"self":[{"href":"https:\/\/www.ernanipolo.com.br\/wp\/wp-json\/wp\/v2\/posts\/4199","targetHints":{"allow":["GET"]}}],"collection":[{"href":"https:\/\/www.ernanipolo.com.br\/wp\/wp-json\/wp\/v2\/posts"}],"about":[{"href":"https:\/\/www.ernanipolo.com.br\/wp\/wp-json\/wp\/v2\/types\/post"}],"author":[{"embeddable":true,"href":"https:\/\/www.ernanipolo.com.br\/wp\/wp-json\/wp\/v2\/users\/3"}],"replies":[{"embeddable":true,"href":"https:\/\/www.ernanipolo.com.br\/wp\/wp-json\/wp\/v2\/comments?post=4199"}],"version-history":[{"count":0,"href":"https:\/\/www.ernanipolo.com.br\/wp\/wp-json\/wp\/v2\/posts\/4199\/revisions"}],"wp:featuredmedia":[{"embeddable":true,"href":"https:\/\/www.ernanipolo.com.br\/wp\/wp-json\/wp\/v2\/media\/4200"}],"wp:attachment":[{"href":"https:\/\/www.ernanipolo.com.br\/wp\/wp-json\/wp\/v2\/media?parent=4199"}],"wp:term":[{"taxonomy":"category","embeddable":true,"href":"https:\/\/www.ernanipolo.com.br\/wp\/wp-json\/wp\/v2\/categories?post=4199"},{"taxonomy":"post_tag","embeddable":true,"href":"https:\/\/www.ernanipolo.com.br\/wp\/wp-json\/wp\/v2\/tags?post=4199"}],"curies":[{"name":"wp","href":"https:\/\/api.w.org\/{rel}","templated":true}]}}