{"id":4161,"date":"2020-11-30T13:56:35","date_gmt":"2020-11-30T16:56:35","guid":{"rendered":"http:\/\/www.ernanipolo.com.br\/wp\/?p=4161"},"modified":"2020-12-01T14:01:55","modified_gmt":"2020-12-01T17:01:55","slug":"carta-aberta-a-sociedade-gaucha","status":"publish","type":"post","link":"https:\/\/www.ernanipolo.com.br\/wp\/carta-aberta-a-sociedade-gaucha\/","title":{"rendered":"Carta aberta \u00e0 sociedade ga\u00facha"},"content":{"rendered":"<p>Com a reacelera\u00e7\u00e3o dos casos de coronav\u00edrus, \u00e9 preciso fazer um alerta a todos os ga\u00fachos: cuidem-se, protejam-se, evitem qualquer tipo de aglomera\u00e7\u00e3o desnecess\u00e1ria, usem m\u00e1scaras, higienizem as m\u00e3os e superf\u00edcies. Enfim, respeitem os protocolos sanit\u00e1rios! Isso \u00e9 fundamental para que n\u00e3o aconte\u00e7a uma nova parada nas atividades em qualquer segmento.<\/p>\n<p>O momento \u00e9 desafiador, pois rec\u00e9m estamos nos reconstruindo, reabrindo neg\u00f3cios e voltando ao trabalho. N\u00e3o podemos suportar, mais uma vez, o fechamento do com\u00e9rcio, da ind\u00fastria e dos servi\u00e7os.<\/p>\n<p>Compreendemos os que podem e t\u00eam condi\u00e7\u00f5es de ficar em casa. Por\u00e9m, \u00e9 necess\u00e1rio ter consci\u00eancia de que muitas pessoas precisam trabalhar para seu sustento. Grande parte dos trabalhadores e empreendedores s\u00f3 \u00e9 remunerado quando presta algum servi\u00e7o. Para muitos deles, a \u00fanica forma de manter seus colaboradores, gerar renda e sustentar suas fam\u00edlias \u00e9 continuar em atividade. Portanto, o trabalho tamb\u00e9m salva vidas!<\/p>\n<p>Queremos ver nosso Rio Grande do Sul funcionando, empreendendo e sendo competitivo. E a \u00fanica solu\u00e7\u00e3o para que sigamos com nossas atividades, com nosso trabalho, \u00e9 a uni\u00e3o de todos contra o v\u00edrus! Para isso, \u00e9 necess\u00e1rio que cada um fa\u00e7a a sua parte e se cuide. As palavras de ordem s\u00e3o preven\u00e7\u00e3o e respeito aos protocolos sanit\u00e1rios. Juntos, vamos superar este momento e levar o Rio Grande do Sul adiante.<\/p>\n<p>A responsabilidade \u00e9 de todos n\u00f3s!<\/p>\n<p><em>Deputado Ernani Polo<br \/>\n<\/em><em>Presidente da Assembleia Legislativa do Rio Grande do Sul<\/em><\/p>\n","protected":false},"excerpt":{"rendered":"<p>Com a reacelera\u00e7\u00e3o dos casos de coronav\u00edrus, \u00e9 preciso fazer um alerta a todos os ga\u00fachos: cuidem-se, protejam-se, evitem qualquer &hellip; <a href=\"https:\/\/www.ernanipolo.com.br\/wp\/carta-aberta-a-sociedade-gaucha\/\" class=\"more-link\">Continue reading <span class=\"screen-reader-text\">Carta aberta \u00e0 sociedade ga\u00facha<\/span><\/a><\/p>\n","protected":false},"author":3,"featured_media":4162,"comment_status":"open","ping_status":"open","sticky":false,"template":"","format":"standard","meta":{"_acf_changed":false,"_jetpack_memberships_contains_paid_content":false,"footnotes":""},"categories":[37,45],"tags":[],"class_list":["post-4161","post","type-post","status-publish","format-standard","has-post-thumbnail","hentry","category-noticias","category-agricultura"],"acf":[],"yoast_head":"<!-- This site is optimized with the Yoast SEO plugin v27.5 - https:\/\/yoast.com\/product\/yoast-seo-wordpress\/ -->\n<title>Carta aberta \u00e0 sociedade ga\u00facha - Ernani Polo<\/title>\n<meta name=\"robots\" content=\"index, follow, max-snippet:-1, max-image-preview:large, max-video-preview:-1\" \/>\n<link rel=\"canonical\" href=\"https:\/\/www.ernanipolo.com.br\/wp\/carta-aberta-a-sociedade-gaucha\/\" \/>\n<meta property=\"og:locale\" content=\"pt_BR\" \/>\n<meta property=\"og:type\" content=\"article\" \/>\n<meta property=\"og:title\" content=\"Carta aberta \u00e0 sociedade ga\u00facha - Ernani Polo\" \/>\n<meta property=\"og:description\" content=\"Com a reacelera\u00e7\u00e3o dos casos de coronav\u00edrus, \u00e9 preciso fazer um alerta a todos os ga\u00fachos: cuidem-se, protejam-se, evitem qualquer &hellip; Continue reading Carta aberta \u00e0 sociedade ga\u00facha\" \/>\n<meta property=\"og:url\" content=\"https:\/\/www.ernanipolo.com.br\/wp\/carta-aberta-a-sociedade-gaucha\/\" \/>\n<meta property=\"og:site_name\" content=\"Ernani Polo\" \/>\n<meta property=\"article:published_time\" content=\"2020-11-30T16:56:35+00:00\" \/>\n<meta property=\"article:modified_time\" content=\"2020-12-01T17:01:55+00:00\" \/>\n<meta property=\"og:image\" content=\"https:\/\/www.ernanipolo.com.br\/wp\/wp-content\/uploads\/2020\/12\/275451_S.jpg\" \/>\n\t<meta property=\"og:image:width\" content=\"600\" \/>\n\t<meta property=\"og:image:height\" content=\"310\" \/>\n\t<meta property=\"og:image:type\" content=\"image\/jpeg\" \/>\n<meta name=\"author\" content=\"Assessoria\" \/>\n<meta name=\"twitter:card\" content=\"summary_large_image\" \/>\n<meta name=\"twitter:label1\" content=\"Escrito por\" \/>\n\t<meta name=\"twitter:data1\" content=\"Assessoria\" \/>\n\t<meta name=\"twitter:label2\" content=\"Est. tempo de leitura\" \/>\n\t<meta name=\"twitter:data2\" content=\"1 minuto\" \/>\n<script type=\"application\/ld+json\" class=\"yoast-schema-graph\">{\"@context\":\"https:\\\/\\\/schema.org\",\"@graph\":[{\"@type\":\"Article\",\"@id\":\"https:\\\/\\\/www.ernanipolo.com.br\\\/wp\\\/carta-aberta-a-sociedade-gaucha\\\/#article\",\"isPartOf\":{\"@id\":\"https:\\\/\\\/www.ernanipolo.com.br\\\/wp\\\/carta-aberta-a-sociedade-gaucha\\\/\"},\"author\":{\"name\":\"Assessoria\",\"@id\":\"https:\\\/\\\/www.ernanipolo.com.br\\\/wp\\\/#\\\/schema\\\/person\\\/495081e5f89df1864e457bc25058eb32\"},\"headline\":\"Carta aberta \u00e0 sociedade ga\u00facha\",\"datePublished\":\"2020-11-30T16:56:35+00:00\",\"dateModified\":\"2020-12-01T17:01:55+00:00\",\"mainEntityOfPage\":{\"@id\":\"https:\\\/\\\/www.ernanipolo.com.br\\\/wp\\\/carta-aberta-a-sociedade-gaucha\\\/\"},\"wordCount\":264,\"commentCount\":0,\"publisher\":{\"@id\":\"https:\\\/\\\/www.ernanipolo.com.br\\\/wp\\\/#organization\"},\"image\":{\"@id\":\"https:\\\/\\\/www.ernanipolo.com.br\\\/wp\\\/carta-aberta-a-sociedade-gaucha\\\/#primaryimage\"},\"thumbnailUrl\":\"https:\\\/\\\/www.ernanipolo.com.br\\\/wp\\\/wp-content\\\/uploads\\\/2020\\\/12\\\/275451_S.jpg\",\"articleSection\":[\"Not\u00edcias\",\"agricultura\"],\"inLanguage\":\"pt-BR\",\"potentialAction\":[{\"@type\":\"CommentAction\",\"name\":\"Comment\",\"target\":[\"https:\\\/\\\/www.ernanipolo.com.br\\\/wp\\\/carta-aberta-a-sociedade-gaucha\\\/#respond\"]}]},{\"@type\":\"WebPage\",\"@id\":\"https:\\\/\\\/www.ernanipolo.com.br\\\/wp\\\/carta-aberta-a-sociedade-gaucha\\\/\",\"url\":\"https:\\\/\\\/www.ernanipolo.com.br\\\/wp\\\/carta-aberta-a-sociedade-gaucha\\\/\",\"name\":\"Carta aberta \u00e0 sociedade ga\u00facha - Ernani Polo\",\"isPartOf\":{\"@id\":\"https:\\\/\\\/www.ernanipolo.com.br\\\/wp\\\/#website\"},\"primaryImageOfPage\":{\"@id\":\"https:\\\/\\\/www.ernanipolo.com.br\\\/wp\\\/carta-aberta-a-sociedade-gaucha\\\/#primaryimage\"},\"image\":{\"@id\":\"https:\\\/\\\/www.ernanipolo.com.br\\\/wp\\\/carta-aberta-a-sociedade-gaucha\\\/#primaryimage\"},\"thumbnailUrl\":\"https:\\\/\\\/www.ernanipolo.com.br\\\/wp\\\/wp-content\\\/uploads\\\/2020\\\/12\\\/275451_S.jpg\",\"datePublished\":\"2020-11-30T16:56:35+00:00\",\"dateModified\":\"2020-12-01T17:01:55+00:00\",\"inLanguage\":\"pt-BR\",\"potentialAction\":[{\"@type\":\"ReadAction\",\"target\":[\"https:\\\/\\\/www.ernanipolo.com.br\\\/wp\\\/carta-aberta-a-sociedade-gaucha\\\/\"]}]},{\"@type\":\"ImageObject\",\"inLanguage\":\"pt-BR\",\"@id\":\"https:\\\/\\\/www.ernanipolo.com.br\\\/wp\\\/carta-aberta-a-sociedade-gaucha\\\/#primaryimage\",\"url\":\"https:\\\/\\\/www.ernanipolo.com.br\\\/wp\\\/wp-content\\\/uploads\\\/2020\\\/12\\\/275451_S.jpg\",\"contentUrl\":\"https:\\\/\\\/www.ernanipolo.com.br\\\/wp\\\/wp-content\\\/uploads\\\/2020\\\/12\\\/275451_S.jpg\",\"width\":600,\"height\":310},{\"@type\":\"WebSite\",\"@id\":\"https:\\\/\\\/www.ernanipolo.com.br\\\/wp\\\/#website\",\"url\":\"https:\\\/\\\/www.ernanipolo.com.br\\\/wp\\\/\",\"name\":\"Ernani Polo\",\"description\":\"\",\"publisher\":{\"@id\":\"https:\\\/\\\/www.ernanipolo.com.br\\\/wp\\\/#organization\"},\"potentialAction\":[{\"@type\":\"SearchAction\",\"target\":{\"@type\":\"EntryPoint\",\"urlTemplate\":\"https:\\\/\\\/www.ernanipolo.com.br\\\/wp\\\/?s={search_term_string}\"},\"query-input\":{\"@type\":\"PropertyValueSpecification\",\"valueRequired\":true,\"valueName\":\"search_term_string\"}}],\"inLanguage\":\"pt-BR\"},{\"@type\":\"Organization\",\"@id\":\"https:\\\/\\\/www.ernanipolo.com.br\\\/wp\\\/#organization\",\"name\":\"Ernani Polo\",\"url\":\"https:\\\/\\\/www.ernanipolo.com.br\\\/wp\\\/\",\"logo\":{\"@type\":\"ImageObject\",\"inLanguage\":\"pt-BR\",\"@id\":\"https:\\\/\\\/www.ernanipolo.com.br\\\/wp\\\/#\\\/schema\\\/logo\\\/image\\\/\",\"url\":\"https:\\\/\\\/www.ernanipolo.com.br\\\/wp\\\/wp-content\\\/uploads\\\/2023\\\/09\\\/Logo-Azul-Ernani-Polo.png\",\"contentUrl\":\"https:\\\/\\\/www.ernanipolo.com.br\\\/wp\\\/wp-content\\\/uploads\\\/2023\\\/09\\\/Logo-Azul-Ernani-Polo.png\",\"width\":630,\"height\":162,\"caption\":\"Ernani Polo\"},\"image\":{\"@id\":\"https:\\\/\\\/www.ernanipolo.com.br\\\/wp\\\/#\\\/schema\\\/logo\\\/image\\\/\"}},{\"@type\":\"Person\",\"@id\":\"https:\\\/\\\/www.ernanipolo.com.br\\\/wp\\\/#\\\/schema\\\/person\\\/495081e5f89df1864e457bc25058eb32\",\"name\":\"Assessoria\",\"image\":{\"@type\":\"ImageObject\",\"inLanguage\":\"pt-BR\",\"@id\":\"https:\\\/\\\/secure.gravatar.com\\\/avatar\\\/fb9fbf9c7f51269c39fd7432c2ca37dcb848f2e01061b91c2515b159534f94f8?s=96&d=mm&r=g\",\"url\":\"https:\\\/\\\/secure.gravatar.com\\\/avatar\\\/fb9fbf9c7f51269c39fd7432c2ca37dcb848f2e01061b91c2515b159534f94f8?s=96&d=mm&r=g\",\"contentUrl\":\"https:\\\/\\\/secure.gravatar.com\\\/avatar\\\/fb9fbf9c7f51269c39fd7432c2ca37dcb848f2e01061b91c2515b159534f94f8?s=96&d=mm&r=g\",\"caption\":\"Assessoria\"},\"url\":\"https:\\\/\\\/www.ernanipolo.com.br\\\/wp\\\/author\\\/assessoria\\\/\"}]}<\/script>\n<!-- \/ Yoast SEO plugin. -->","yoast_head_json":{"title":"Carta aberta \u00e0 sociedade ga\u00facha - Ernani Polo","robots":{"index":"index","follow":"follow","max-snippet":"max-snippet:-1","max-image-preview":"max-image-preview:large","max-video-preview":"max-video-preview:-1"},"canonical":"https:\/\/www.ernanipolo.com.br\/wp\/carta-aberta-a-sociedade-gaucha\/","og_locale":"pt_BR","og_type":"article","og_title":"Carta aberta \u00e0 sociedade ga\u00facha - Ernani Polo","og_description":"Com a reacelera\u00e7\u00e3o dos casos de coronav\u00edrus, \u00e9 preciso fazer um alerta a todos os ga\u00fachos: cuidem-se, protejam-se, evitem qualquer &hellip; Continue reading Carta aberta \u00e0 sociedade ga\u00facha","og_url":"https:\/\/www.ernanipolo.com.br\/wp\/carta-aberta-a-sociedade-gaucha\/","og_site_name":"Ernani Polo","article_published_time":"2020-11-30T16:56:35+00:00","article_modified_time":"2020-12-01T17:01:55+00:00","og_image":[{"width":600,"height":310,"url":"https:\/\/www.ernanipolo.com.br\/wp\/wp-content\/uploads\/2020\/12\/275451_S.jpg","type":"image\/jpeg"}],"author":"Assessoria","twitter_card":"summary_large_image","twitter_misc":{"Escrito por":"Assessoria","Est. tempo de leitura":"1 minuto"},"schema":{"@context":"https:\/\/schema.org","@graph":[{"@type":"Article","@id":"https:\/\/www.ernanipolo.com.br\/wp\/carta-aberta-a-sociedade-gaucha\/#article","isPartOf":{"@id":"https:\/\/www.ernanipolo.com.br\/wp\/carta-aberta-a-sociedade-gaucha\/"},"author":{"name":"Assessoria","@id":"https:\/\/www.ernanipolo.com.br\/wp\/#\/schema\/person\/495081e5f89df1864e457bc25058eb32"},"headline":"Carta aberta \u00e0 sociedade ga\u00facha","datePublished":"2020-11-30T16:56:35+00:00","dateModified":"2020-12-01T17:01:55+00:00","mainEntityOfPage":{"@id":"https:\/\/www.ernanipolo.com.br\/wp\/carta-aberta-a-sociedade-gaucha\/"},"wordCount":264,"commentCount":0,"publisher":{"@id":"https:\/\/www.ernanipolo.com.br\/wp\/#organization"},"image":{"@id":"https:\/\/www.ernanipolo.com.br\/wp\/carta-aberta-a-sociedade-gaucha\/#primaryimage"},"thumbnailUrl":"https:\/\/www.ernanipolo.com.br\/wp\/wp-content\/uploads\/2020\/12\/275451_S.jpg","articleSection":["Not\u00edcias","agricultura"],"inLanguage":"pt-BR","potentialAction":[{"@type":"CommentAction","name":"Comment","target":["https:\/\/www.ernanipolo.com.br\/wp\/carta-aberta-a-sociedade-gaucha\/#respond"]}]},{"@type":"WebPage","@id":"https:\/\/www.ernanipolo.com.br\/wp\/carta-aberta-a-sociedade-gaucha\/","url":"https:\/\/www.ernanipolo.com.br\/wp\/carta-aberta-a-sociedade-gaucha\/","name":"Carta aberta \u00e0 sociedade ga\u00facha - Ernani Polo","isPartOf":{"@id":"https:\/\/www.ernanipolo.com.br\/wp\/#website"},"primaryImageOfPage":{"@id":"https:\/\/www.ernanipolo.com.br\/wp\/carta-aberta-a-sociedade-gaucha\/#primaryimage"},"image":{"@id":"https:\/\/www.ernanipolo.com.br\/wp\/carta-aberta-a-sociedade-gaucha\/#primaryimage"},"thumbnailUrl":"https:\/\/www.ernanipolo.com.br\/wp\/wp-content\/uploads\/2020\/12\/275451_S.jpg","datePublished":"2020-11-30T16:56:35+00:00","dateModified":"2020-12-01T17:01:55+00:00","inLanguage":"pt-BR","potentialAction":[{"@type":"ReadAction","target":["https:\/\/www.ernanipolo.com.br\/wp\/carta-aberta-a-sociedade-gaucha\/"]}]},{"@type":"ImageObject","inLanguage":"pt-BR","@id":"https:\/\/www.ernanipolo.com.br\/wp\/carta-aberta-a-sociedade-gaucha\/#primaryimage","url":"https:\/\/www.ernanipolo.com.br\/wp\/wp-content\/uploads\/2020\/12\/275451_S.jpg","contentUrl":"https:\/\/www.ernanipolo.com.br\/wp\/wp-content\/uploads\/2020\/12\/275451_S.jpg","width":600,"height":310},{"@type":"WebSite","@id":"https:\/\/www.ernanipolo.com.br\/wp\/#website","url":"https:\/\/www.ernanipolo.com.br\/wp\/","name":"Ernani Polo","description":"","publisher":{"@id":"https:\/\/www.ernanipolo.com.br\/wp\/#organization"},"potentialAction":[{"@type":"SearchAction","target":{"@type":"EntryPoint","urlTemplate":"https:\/\/www.ernanipolo.com.br\/wp\/?s={search_term_string}"},"query-input":{"@type":"PropertyValueSpecification","valueRequired":true,"valueName":"search_term_string"}}],"inLanguage":"pt-BR"},{"@type":"Organization","@id":"https:\/\/www.ernanipolo.com.br\/wp\/#organization","name":"Ernani Polo","url":"https:\/\/www.ernanipolo.com.br\/wp\/","logo":{"@type":"ImageObject","inLanguage":"pt-BR","@id":"https:\/\/www.ernanipolo.com.br\/wp\/#\/schema\/logo\/image\/","url":"https:\/\/www.ernanipolo.com.br\/wp\/wp-content\/uploads\/2023\/09\/Logo-Azul-Ernani-Polo.png","contentUrl":"https:\/\/www.ernanipolo.com.br\/wp\/wp-content\/uploads\/2023\/09\/Logo-Azul-Ernani-Polo.png","width":630,"height":162,"caption":"Ernani Polo"},"image":{"@id":"https:\/\/www.ernanipolo.com.br\/wp\/#\/schema\/logo\/image\/"}},{"@type":"Person","@id":"https:\/\/www.ernanipolo.com.br\/wp\/#\/schema\/person\/495081e5f89df1864e457bc25058eb32","name":"Assessoria","image":{"@type":"ImageObject","inLanguage":"pt-BR","@id":"https:\/\/secure.gravatar.com\/avatar\/fb9fbf9c7f51269c39fd7432c2ca37dcb848f2e01061b91c2515b159534f94f8?s=96&d=mm&r=g","url":"https:\/\/secure.gravatar.com\/avatar\/fb9fbf9c7f51269c39fd7432c2ca37dcb848f2e01061b91c2515b159534f94f8?s=96&d=mm&r=g","contentUrl":"https:\/\/secure.gravatar.com\/avatar\/fb9fbf9c7f51269c39fd7432c2ca37dcb848f2e01061b91c2515b159534f94f8?s=96&d=mm&r=g","caption":"Assessoria"},"url":"https:\/\/www.ernanipolo.com.br\/wp\/author\/assessoria\/"}]}},"jetpack_featured_media_url":"https:\/\/www.ernanipolo.com.br\/wp\/wp-content\/uploads\/2020\/12\/275451_S.jpg","jetpack_sharing_enabled":true,"_links":{"self":[{"href":"https:\/\/www.ernanipolo.com.br\/wp\/wp-json\/wp\/v2\/posts\/4161","targetHints":{"allow":["GET"]}}],"collection":[{"href":"https:\/\/www.ernanipolo.com.br\/wp\/wp-json\/wp\/v2\/posts"}],"about":[{"href":"https:\/\/www.ernanipolo.com.br\/wp\/wp-json\/wp\/v2\/types\/post"}],"author":[{"embeddable":true,"href":"https:\/\/www.ernanipolo.com.br\/wp\/wp-json\/wp\/v2\/users\/3"}],"replies":[{"embeddable":true,"href":"https:\/\/www.ernanipolo.com.br\/wp\/wp-json\/wp\/v2\/comments?post=4161"}],"version-history":[{"count":0,"href":"https:\/\/www.ernanipolo.com.br\/wp\/wp-json\/wp\/v2\/posts\/4161\/revisions"}],"wp:featuredmedia":[{"embeddable":true,"href":"https:\/\/www.ernanipolo.com.br\/wp\/wp-json\/wp\/v2\/media\/4162"}],"wp:attachment":[{"href":"https:\/\/www.ernanipolo.com.br\/wp\/wp-json\/wp\/v2\/media?parent=4161"}],"wp:term":[{"taxonomy":"category","embeddable":true,"href":"https:\/\/www.ernanipolo.com.br\/wp\/wp-json\/wp\/v2\/categories?post=4161"},{"taxonomy":"post_tag","embeddable":true,"href":"https:\/\/www.ernanipolo.com.br\/wp\/wp-json\/wp\/v2\/tags?post=4161"}],"curies":[{"name":"wp","href":"https:\/\/api.w.org\/{rel}","templated":true}]}}