{"id":4158,"date":"2020-12-01T12:44:22","date_gmt":"2020-12-01T15:44:22","guid":{"rendered":"http:\/\/www.ernanipolo.com.br\/wp\/?p=4158"},"modified":"2020-12-01T12:44:22","modified_gmt":"2020-12-01T15:44:22","slug":"definidas-as-14-propostas-que-serao-votadas-pela-assembleia-na-sessao-do-dia-8","status":"publish","type":"post","link":"https:\/\/www.ernanipolo.com.br\/wp\/definidas-as-14-propostas-que-serao-votadas-pela-assembleia-na-sessao-do-dia-8\/","title":{"rendered":"Definidas as 14 propostas que ser\u00e3o votadas pela Assembleia na sess\u00e3o do dia 8"},"content":{"rendered":"<p>Em reuni\u00e3o conduzida pelo presidente da Assembleia Legislativa, Ernani Polo, l\u00edderes de bancadas definiram nesta ter\u00e7a-feira (1\u00ba) as 14 propostas que ser\u00e3o votadas na sess\u00e3o plen\u00e1ria de 8 de dezembro, \u00e0s 14h. Atualmente, durante o per\u00edodo de excepcionalidade devido \u00e0 pandemia de coronav\u00edrus, os l\u00edderes definem a Ordem do Dia na semana anterior \u00e0 vota\u00e7\u00e3o.<\/p>\n<p>Na sess\u00e3o de hoje (1\u00ba), \u00e0s 14h, ser\u00e3o apreciados 14 projetos pelos deputados estaduais. Amanh\u00e3 tamb\u00e9m haver\u00e1 sess\u00e3o, no mesmo hor\u00e1rio. Est\u00e3o na Ordem do Dia dois projetos do Poder Executivo.<\/p>\n<p><strong>Lista dos projetos da Ordem do Dia de hoje (1\u00ba), \u00e0s 14h:<\/strong><br \/>\nPL 256\/2019, do deputado Alo\u00edsio Classmann (PTB), que inclui no Calend\u00e1rio Oficial de Eventos do Estado Estrelas do La\u00e7o \u2013 O Rodeio das Mulheres do Rio Grande do Sul.<\/p>\n<p>PL 470\/2019, do deputado Dirceu Franciscon (PTB), que declara o munic\u00edpio de Ipiranga do Sul, \u201cO Ber\u00e7o do Plantio Direto\u201d.<\/p>\n<p>PL 476\/2019, do deputado Z\u00e9 Nunes (PT), que reconhece o Festimel como relevante interesse cultural e d\u00e1 outras provid\u00eancias.<\/p>\n<p>PL 477\/2019, do deputado Z\u00e9 Nunes (PT), que declara o munic\u00edpio Balne\u00e1rio Pinhal a Capital Estadual do Mel e d\u00e1 outras provid\u00eancias.<\/p>\n<p>PL 531\/2019, do deputado Issur Koch (PP), que reconhece como relevante interesse cultural do Estado do Rio Grande do Sul a Banda de M\u00fasica da Brigada Militar dos munic\u00edpios de Novo Hamburgo, Santa Maria e Pelotas.<\/p>\n<p>PL 35\/2020, do Poder Executivo, que disp\u00f5e sobre o reajuste dos pisos salariais no \u00e2mbito do Estado do Rio Grande do Sul, para as categorias profissionais que menciona, com fundamento na Lei Complementar Federal 103, de 14 de julho de 2000, que autoriza os Estados e o Distrito Federal a instituir o piso salarial a que se refere o inciso V do art. 7\u00ba da Constitui\u00e7\u00e3o Federal, por aplica\u00e7\u00e3o do disposto no par\u00e1grafo \u00fanico do seu art. 22.<\/p>\n<p>PL 177\/2018, do deputado Z\u00e9 Nunes (PT), que reconhece como de relevante interesse cultural do Estado do Rio Grande do Sul, o Quilombo Mocambo, e d\u00e1 outras provid\u00eancias.<\/p>\n<p>PL 82\/2019, dos deputados Luiz Fernando Mainardi (PT), Luciana Genro (Psol) e Sebasti\u00e3o Melo (MDB), que disp\u00f5e sobre a transpar\u00eancia dos registros da \u00e1rea da seguran\u00e7a p\u00fablica e d\u00e1 outras provid\u00eancias.<\/p>\n<p>PL 406\/2019, do deputado Mateus Wesp (PSDB), que inclui no Calend\u00e1rio de Eventos Oficiais do Estado do Rio Grande do Sul, a \u201cRonda de S\u00e3o Pedro\u201d, realizada no munic\u00edpio de S\u00e3o Borja.<\/p>\n<p>PL 17\/2020, do deputado Luiz Henrique Viana (PSDB), que altera a Lei 15.363, de 5 de novembro de 2019, que consolida a legisla\u00e7\u00e3o relativa \u00e0 Prote\u00e7\u00e3o aos Animais no Estado do Rio Grande do Sul.<\/p>\n<p>PL 111\/2020, da deputada Sofia Cavedon (PT), que autoriza a institui\u00e7\u00e3o de aux\u00edlio emergencial para institui\u00e7\u00f5es e espa\u00e7os culturais e d\u00e1 outras provid\u00eancias.<\/p>\n<p>PL 169\/2020, do Poder Executivo, que altera a Lei 13.615, de 4 de janeiro de 2011, que autoriza o Poder Executivo a doar im\u00f3vel ao munic\u00edpio de Esta\u00e7\u00e3o.<\/p>\n<p>PL 266\/2017, do deputado Z\u00e9 Nunes (PT), que institui o Dia Estadual do Assalariado Rural no Estado do RS.<\/p>\n<p>PL 140\/2019, do deputado Luiz Henrique Viana (PSDB), que d\u00e1 prioridade de atendimento \u00e0s pessoas com Transtorno do Espectro Autista em estabelecimentos p\u00fablicos e privados.<\/p>\n<p><strong>Lista dos projetos da Ordem do Dia de amanh\u00e3 (2), \u00e0s 14h:<\/strong><br \/>\nPLC 242\/2020, do Poder Executivo, que altera a Lei Complementar 10.098, de 3 de fevereiro de 1994, que disp\u00f5e sobre o estatuto e regime jur\u00eddico \u00fanico dos servidores p\u00fablicos civis do Estado do Rio Grande do Sul.<\/p>\n<p>PL 208\/2020, do Poder Executivo, que estima a receita e fixa a despesa do Estado para o exerc\u00edcio financeiro de 2021 (LOA &#8211; Lei Or\u00e7ament\u00e1ria Anual).<\/p>\n<p>Lista dos projetos da Ordem do Dia de 8 de dezembro, \u00e0s 14h:<br \/>\nPL 172\/2020, do Poder Executivo, que autoriza o Daer (Departamento Aut\u00f4nomo de Estradas de Rodagem) a transferir ao munic\u00edpio de Viadutos a titularidade de segmento da rodovia ERS-331.<\/p>\n<p>PL 143\/2019, do deputado Dr. Thiago Duarte (DEM), que disp\u00f5e sobre o planejamento familiar no Estado do Rio Grande do Sul e d\u00e1 outras provid\u00eancias.<\/p>\n<p>PL 203\/2019, do deputado Fernando Marroni (PT), que disp\u00f5e sobre a obrigatoriedade da realiza\u00e7\u00e3o do \u201cTeste do Quadril\u201d (exame para detectar a displasia do desenvolvimento dos quadris) em todos os rec\u00e9m-nascidos nos ber\u00e7\u00e1rios das maternidades do Estado do Rio Grande do Sul.<\/p>\n<p>PL 330\/2019, do deputado S\u00e9rgio Turra (PP), que inclui o Festipizza, de Serafina Corr\u00eaa, no Calend\u00e1rio Oficial de Eventos do Estado.<\/p>\n<p>PL 416\/2019, da deputada Silvana Covatti (PP), que disp\u00f5e sobre o exerc\u00edcio do of\u00edcio de Leiloeiro P\u00fablico Oficial.<\/p>\n<p>PL 432\/2019, do deputado Luiz Marenco (PDT), que denomina Rodovia Noel Guarany a ERS-561, em toda a sua extens\u00e3o.<\/p>\n<p>PL 155\/2020, da deputada Franciane Bayer (PSB), que institui o Dia Estadual da Pessoa com Vis\u00e3o Monocular no Rio Grande do Sul e d\u00e1 outras provid\u00eancias.<\/p>\n<p>PL 168\/2020, do Poder Executivo, que altera a Lei 13.617, de 4 de janeiro de 2011, que autoriza o Poder Executivo a doar im\u00f3vel ao munic\u00edpio de Feliz.<\/p>\n<p>PL 170\/2020, do Poder Executivo, que altera a Lei 12.939, de 11 de abril de 2008, que autoriza o Poder Executivo a doar im\u00f3vel ao munic\u00edpio de Nova Candel\u00e1ria.<\/p>\n<p>PL 171\/2020, do Poder Executivo, que autoriza o Daer (Departamento Aut\u00f4nomo de Estradas de Rodagem) transferir ao munic\u00edpio de Lajeado a titularidade de segmento da rodovia ERS-421.<\/p>\n<p>PL 192\/2020, do Poder Executivo, que altera a Lei 15.326, de 1\u00ba de outubro de 2019, que disp\u00f5e sobre o Plano Plurianual para o quadri\u00eanio 2020-2023 e d\u00e1 outras provid\u00eancias.<\/p>\n<p>PDL (Projeto de Decreto Legislativo) 16\/2020, da Comiss\u00e3o de Seguran\u00e7a e Servi\u00e7os P\u00fablicos da Assembleia Legislativa, que aprova a indica\u00e7\u00e3o do nome de Alexandre Alves Porsse para compor o Conselho Superior da Agergs (Ag\u00eancia Estadual de Regula\u00e7\u00e3o dos Servi\u00e7os P\u00fablicos Delegados do Rio Grande do Sul).<\/p>\n<p>RDI (Requerimentos Diversos) 11\/2020, do deputado Edson Brum (MDB), que indica Alceu Moreira da Silva para ser agraciado com a distin\u00e7\u00e3o \u201cDeputado Em\u00e9rito\u201d.<\/p>\n<p>PR (Projeto de Resolu\u00e7\u00e3o)**, da Mesa Diretora da Assembleia Legislativa, que disp\u00f5e sobre a elei\u00e7\u00e3o da Mesa no ano de 2021 e sua respectiva posse e sobre as sess\u00f5es especiais e solenes de forma h\u00edbrida na Assembleia Legislativa do Estado do Rio Grande do Sul.<\/p>\n<p>**O n\u00famero deve ser definido ainda nesta ter\u00e7a-feira (1\u00ba).<\/p>\n","protected":false},"excerpt":{"rendered":"<p>Em reuni\u00e3o conduzida pelo presidente da Assembleia Legislativa, Ernani Polo, l\u00edderes de bancadas definiram nesta ter\u00e7a-feira (1\u00ba) as 14 propostas &hellip; <a href=\"https:\/\/www.ernanipolo.com.br\/wp\/definidas-as-14-propostas-que-serao-votadas-pela-assembleia-na-sessao-do-dia-8\/\" class=\"more-link\">Continue reading <span class=\"screen-reader-text\">Definidas as 14 propostas que ser\u00e3o votadas pela Assembleia na sess\u00e3o do dia 8<\/span><\/a><\/p>\n","protected":false},"author":3,"featured_media":4159,"comment_status":"open","ping_status":"open","sticky":false,"template":"","format":"standard","meta":{"_acf_changed":false,"_jetpack_memberships_contains_paid_content":false,"footnotes":""},"categories":[37,39,45],"tags":[40],"class_list":["post-4158","post","type-post","status-publish","format-standard","has-post-thumbnail","hentry","category-noticias","category-destaque","category-agricultura","tag-agricultura"],"acf":[],"yoast_head":"<!-- This site is optimized with the Yoast SEO plugin v27.5 - https:\/\/yoast.com\/product\/yoast-seo-wordpress\/ -->\n<title>Definidas as 14 propostas que ser\u00e3o votadas pela Assembleia na sess\u00e3o do dia 8 - Ernani Polo<\/title>\n<meta name=\"robots\" content=\"index, follow, max-snippet:-1, max-image-preview:large, max-video-preview:-1\" \/>\n<link rel=\"canonical\" href=\"https:\/\/www.ernanipolo.com.br\/wp\/definidas-as-14-propostas-que-serao-votadas-pela-assembleia-na-sessao-do-dia-8\/\" \/>\n<meta property=\"og:locale\" content=\"pt_BR\" \/>\n<meta property=\"og:type\" content=\"article\" \/>\n<meta property=\"og:title\" content=\"Definidas as 14 propostas que ser\u00e3o votadas pela Assembleia na sess\u00e3o do dia 8 - Ernani Polo\" \/>\n<meta property=\"og:description\" content=\"Em reuni\u00e3o conduzida pelo presidente da Assembleia Legislativa, Ernani Polo, l\u00edderes de bancadas definiram nesta ter\u00e7a-feira (1\u00ba) as 14 propostas &hellip; Continue reading Definidas as 14 propostas que ser\u00e3o votadas pela Assembleia na sess\u00e3o do dia 8\" \/>\n<meta property=\"og:url\" content=\"https:\/\/www.ernanipolo.com.br\/wp\/definidas-as-14-propostas-que-serao-votadas-pela-assembleia-na-sessao-do-dia-8\/\" \/>\n<meta property=\"og:site_name\" content=\"Ernani Polo\" \/>\n<meta property=\"article:published_time\" content=\"2020-12-01T15:44:22+00:00\" \/>\n<meta property=\"og:image\" content=\"https:\/\/www.ernanipolo.com.br\/wp\/wp-content\/uploads\/2020\/12\/WhatsApp-Image-2020-12-01-at-12.10.27.jpeg\" \/>\n\t<meta property=\"og:image:width\" content=\"1240\" \/>\n\t<meta property=\"og:image:height\" content=\"827\" \/>\n\t<meta property=\"og:image:type\" content=\"image\/jpeg\" \/>\n<meta name=\"author\" content=\"Assessoria\" \/>\n<meta name=\"twitter:card\" content=\"summary_large_image\" \/>\n<meta name=\"twitter:label1\" content=\"Escrito por\" \/>\n\t<meta name=\"twitter:data1\" content=\"Assessoria\" \/>\n\t<meta name=\"twitter:label2\" content=\"Est. tempo de leitura\" \/>\n\t<meta name=\"twitter:data2\" content=\"5 minutos\" \/>\n<script type=\"application\/ld+json\" class=\"yoast-schema-graph\">{\"@context\":\"https:\\\/\\\/schema.org\",\"@graph\":[{\"@type\":\"Article\",\"@id\":\"https:\\\/\\\/www.ernanipolo.com.br\\\/wp\\\/definidas-as-14-propostas-que-serao-votadas-pela-assembleia-na-sessao-do-dia-8\\\/#article\",\"isPartOf\":{\"@id\":\"https:\\\/\\\/www.ernanipolo.com.br\\\/wp\\\/definidas-as-14-propostas-que-serao-votadas-pela-assembleia-na-sessao-do-dia-8\\\/\"},\"author\":{\"name\":\"Assessoria\",\"@id\":\"https:\\\/\\\/www.ernanipolo.com.br\\\/wp\\\/#\\\/schema\\\/person\\\/495081e5f89df1864e457bc25058eb32\"},\"headline\":\"Definidas as 14 propostas que ser\u00e3o votadas pela Assembleia na sess\u00e3o do dia 8\",\"datePublished\":\"2020-12-01T15:44:22+00:00\",\"mainEntityOfPage\":{\"@id\":\"https:\\\/\\\/www.ernanipolo.com.br\\\/wp\\\/definidas-as-14-propostas-que-serao-votadas-pela-assembleia-na-sessao-do-dia-8\\\/\"},\"wordCount\":1079,\"commentCount\":0,\"publisher\":{\"@id\":\"https:\\\/\\\/www.ernanipolo.com.br\\\/wp\\\/#organization\"},\"image\":{\"@id\":\"https:\\\/\\\/www.ernanipolo.com.br\\\/wp\\\/definidas-as-14-propostas-que-serao-votadas-pela-assembleia-na-sessao-do-dia-8\\\/#primaryimage\"},\"thumbnailUrl\":\"https:\\\/\\\/www.ernanipolo.com.br\\\/wp\\\/wp-content\\\/uploads\\\/2020\\\/12\\\/WhatsApp-Image-2020-12-01-at-12.10.27.jpeg\",\"keywords\":[\"agricultura\"],\"articleSection\":[\"Not\u00edcias\",\"Destaque\",\"agricultura\"],\"inLanguage\":\"pt-BR\",\"potentialAction\":[{\"@type\":\"CommentAction\",\"name\":\"Comment\",\"target\":[\"https:\\\/\\\/www.ernanipolo.com.br\\\/wp\\\/definidas-as-14-propostas-que-serao-votadas-pela-assembleia-na-sessao-do-dia-8\\\/#respond\"]}]},{\"@type\":\"WebPage\",\"@id\":\"https:\\\/\\\/www.ernanipolo.com.br\\\/wp\\\/definidas-as-14-propostas-que-serao-votadas-pela-assembleia-na-sessao-do-dia-8\\\/\",\"url\":\"https:\\\/\\\/www.ernanipolo.com.br\\\/wp\\\/definidas-as-14-propostas-que-serao-votadas-pela-assembleia-na-sessao-do-dia-8\\\/\",\"name\":\"Definidas as 14 propostas que ser\u00e3o votadas pela Assembleia na sess\u00e3o do dia 8 - Ernani Polo\",\"isPartOf\":{\"@id\":\"https:\\\/\\\/www.ernanipolo.com.br\\\/wp\\\/#website\"},\"primaryImageOfPage\":{\"@id\":\"https:\\\/\\\/www.ernanipolo.com.br\\\/wp\\\/definidas-as-14-propostas-que-serao-votadas-pela-assembleia-na-sessao-do-dia-8\\\/#primaryimage\"},\"image\":{\"@id\":\"https:\\\/\\\/www.ernanipolo.com.br\\\/wp\\\/definidas-as-14-propostas-que-serao-votadas-pela-assembleia-na-sessao-do-dia-8\\\/#primaryimage\"},\"thumbnailUrl\":\"https:\\\/\\\/www.ernanipolo.com.br\\\/wp\\\/wp-content\\\/uploads\\\/2020\\\/12\\\/WhatsApp-Image-2020-12-01-at-12.10.27.jpeg\",\"datePublished\":\"2020-12-01T15:44:22+00:00\",\"inLanguage\":\"pt-BR\",\"potentialAction\":[{\"@type\":\"ReadAction\",\"target\":[\"https:\\\/\\\/www.ernanipolo.com.br\\\/wp\\\/definidas-as-14-propostas-que-serao-votadas-pela-assembleia-na-sessao-do-dia-8\\\/\"]}]},{\"@type\":\"ImageObject\",\"inLanguage\":\"pt-BR\",\"@id\":\"https:\\\/\\\/www.ernanipolo.com.br\\\/wp\\\/definidas-as-14-propostas-que-serao-votadas-pela-assembleia-na-sessao-do-dia-8\\\/#primaryimage\",\"url\":\"https:\\\/\\\/www.ernanipolo.com.br\\\/wp\\\/wp-content\\\/uploads\\\/2020\\\/12\\\/WhatsApp-Image-2020-12-01-at-12.10.27.jpeg\",\"contentUrl\":\"https:\\\/\\\/www.ernanipolo.com.br\\\/wp\\\/wp-content\\\/uploads\\\/2020\\\/12\\\/WhatsApp-Image-2020-12-01-at-12.10.27.jpeg\",\"width\":1240,\"height\":827},{\"@type\":\"WebSite\",\"@id\":\"https:\\\/\\\/www.ernanipolo.com.br\\\/wp\\\/#website\",\"url\":\"https:\\\/\\\/www.ernanipolo.com.br\\\/wp\\\/\",\"name\":\"Ernani Polo\",\"description\":\"\",\"publisher\":{\"@id\":\"https:\\\/\\\/www.ernanipolo.com.br\\\/wp\\\/#organization\"},\"potentialAction\":[{\"@type\":\"SearchAction\",\"target\":{\"@type\":\"EntryPoint\",\"urlTemplate\":\"https:\\\/\\\/www.ernanipolo.com.br\\\/wp\\\/?s={search_term_string}\"},\"query-input\":{\"@type\":\"PropertyValueSpecification\",\"valueRequired\":true,\"valueName\":\"search_term_string\"}}],\"inLanguage\":\"pt-BR\"},{\"@type\":\"Organization\",\"@id\":\"https:\\\/\\\/www.ernanipolo.com.br\\\/wp\\\/#organization\",\"name\":\"Ernani Polo\",\"url\":\"https:\\\/\\\/www.ernanipolo.com.br\\\/wp\\\/\",\"logo\":{\"@type\":\"ImageObject\",\"inLanguage\":\"pt-BR\",\"@id\":\"https:\\\/\\\/www.ernanipolo.com.br\\\/wp\\\/#\\\/schema\\\/logo\\\/image\\\/\",\"url\":\"https:\\\/\\\/www.ernanipolo.com.br\\\/wp\\\/wp-content\\\/uploads\\\/2023\\\/09\\\/Logo-Azul-Ernani-Polo.png\",\"contentUrl\":\"https:\\\/\\\/www.ernanipolo.com.br\\\/wp\\\/wp-content\\\/uploads\\\/2023\\\/09\\\/Logo-Azul-Ernani-Polo.png\",\"width\":630,\"height\":162,\"caption\":\"Ernani Polo\"},\"image\":{\"@id\":\"https:\\\/\\\/www.ernanipolo.com.br\\\/wp\\\/#\\\/schema\\\/logo\\\/image\\\/\"}},{\"@type\":\"Person\",\"@id\":\"https:\\\/\\\/www.ernanipolo.com.br\\\/wp\\\/#\\\/schema\\\/person\\\/495081e5f89df1864e457bc25058eb32\",\"name\":\"Assessoria\",\"image\":{\"@type\":\"ImageObject\",\"inLanguage\":\"pt-BR\",\"@id\":\"https:\\\/\\\/secure.gravatar.com\\\/avatar\\\/fb9fbf9c7f51269c39fd7432c2ca37dcb848f2e01061b91c2515b159534f94f8?s=96&d=mm&r=g\",\"url\":\"https:\\\/\\\/secure.gravatar.com\\\/avatar\\\/fb9fbf9c7f51269c39fd7432c2ca37dcb848f2e01061b91c2515b159534f94f8?s=96&d=mm&r=g\",\"contentUrl\":\"https:\\\/\\\/secure.gravatar.com\\\/avatar\\\/fb9fbf9c7f51269c39fd7432c2ca37dcb848f2e01061b91c2515b159534f94f8?s=96&d=mm&r=g\",\"caption\":\"Assessoria\"},\"url\":\"https:\\\/\\\/www.ernanipolo.com.br\\\/wp\\\/author\\\/assessoria\\\/\"}]}<\/script>\n<!-- \/ Yoast SEO plugin. -->","yoast_head_json":{"title":"Definidas as 14 propostas que ser\u00e3o votadas pela Assembleia na sess\u00e3o do dia 8 - Ernani Polo","robots":{"index":"index","follow":"follow","max-snippet":"max-snippet:-1","max-image-preview":"max-image-preview:large","max-video-preview":"max-video-preview:-1"},"canonical":"https:\/\/www.ernanipolo.com.br\/wp\/definidas-as-14-propostas-que-serao-votadas-pela-assembleia-na-sessao-do-dia-8\/","og_locale":"pt_BR","og_type":"article","og_title":"Definidas as 14 propostas que ser\u00e3o votadas pela Assembleia na sess\u00e3o do dia 8 - Ernani Polo","og_description":"Em reuni\u00e3o conduzida pelo presidente da Assembleia Legislativa, Ernani Polo, l\u00edderes de bancadas definiram nesta ter\u00e7a-feira (1\u00ba) as 14 propostas &hellip; Continue reading Definidas as 14 propostas que ser\u00e3o votadas pela Assembleia na sess\u00e3o do dia 8","og_url":"https:\/\/www.ernanipolo.com.br\/wp\/definidas-as-14-propostas-que-serao-votadas-pela-assembleia-na-sessao-do-dia-8\/","og_site_name":"Ernani Polo","article_published_time":"2020-12-01T15:44:22+00:00","og_image":[{"width":1240,"height":827,"url":"https:\/\/www.ernanipolo.com.br\/wp\/wp-content\/uploads\/2020\/12\/WhatsApp-Image-2020-12-01-at-12.10.27.jpeg","type":"image\/jpeg"}],"author":"Assessoria","twitter_card":"summary_large_image","twitter_misc":{"Escrito por":"Assessoria","Est. tempo de leitura":"5 minutos"},"schema":{"@context":"https:\/\/schema.org","@graph":[{"@type":"Article","@id":"https:\/\/www.ernanipolo.com.br\/wp\/definidas-as-14-propostas-que-serao-votadas-pela-assembleia-na-sessao-do-dia-8\/#article","isPartOf":{"@id":"https:\/\/www.ernanipolo.com.br\/wp\/definidas-as-14-propostas-que-serao-votadas-pela-assembleia-na-sessao-do-dia-8\/"},"author":{"name":"Assessoria","@id":"https:\/\/www.ernanipolo.com.br\/wp\/#\/schema\/person\/495081e5f89df1864e457bc25058eb32"},"headline":"Definidas as 14 propostas que ser\u00e3o votadas pela Assembleia na sess\u00e3o do dia 8","datePublished":"2020-12-01T15:44:22+00:00","mainEntityOfPage":{"@id":"https:\/\/www.ernanipolo.com.br\/wp\/definidas-as-14-propostas-que-serao-votadas-pela-assembleia-na-sessao-do-dia-8\/"},"wordCount":1079,"commentCount":0,"publisher":{"@id":"https:\/\/www.ernanipolo.com.br\/wp\/#organization"},"image":{"@id":"https:\/\/www.ernanipolo.com.br\/wp\/definidas-as-14-propostas-que-serao-votadas-pela-assembleia-na-sessao-do-dia-8\/#primaryimage"},"thumbnailUrl":"https:\/\/www.ernanipolo.com.br\/wp\/wp-content\/uploads\/2020\/12\/WhatsApp-Image-2020-12-01-at-12.10.27.jpeg","keywords":["agricultura"],"articleSection":["Not\u00edcias","Destaque","agricultura"],"inLanguage":"pt-BR","potentialAction":[{"@type":"CommentAction","name":"Comment","target":["https:\/\/www.ernanipolo.com.br\/wp\/definidas-as-14-propostas-que-serao-votadas-pela-assembleia-na-sessao-do-dia-8\/#respond"]}]},{"@type":"WebPage","@id":"https:\/\/www.ernanipolo.com.br\/wp\/definidas-as-14-propostas-que-serao-votadas-pela-assembleia-na-sessao-do-dia-8\/","url":"https:\/\/www.ernanipolo.com.br\/wp\/definidas-as-14-propostas-que-serao-votadas-pela-assembleia-na-sessao-do-dia-8\/","name":"Definidas as 14 propostas que ser\u00e3o votadas pela Assembleia na sess\u00e3o do dia 8 - Ernani Polo","isPartOf":{"@id":"https:\/\/www.ernanipolo.com.br\/wp\/#website"},"primaryImageOfPage":{"@id":"https:\/\/www.ernanipolo.com.br\/wp\/definidas-as-14-propostas-que-serao-votadas-pela-assembleia-na-sessao-do-dia-8\/#primaryimage"},"image":{"@id":"https:\/\/www.ernanipolo.com.br\/wp\/definidas-as-14-propostas-que-serao-votadas-pela-assembleia-na-sessao-do-dia-8\/#primaryimage"},"thumbnailUrl":"https:\/\/www.ernanipolo.com.br\/wp\/wp-content\/uploads\/2020\/12\/WhatsApp-Image-2020-12-01-at-12.10.27.jpeg","datePublished":"2020-12-01T15:44:22+00:00","inLanguage":"pt-BR","potentialAction":[{"@type":"ReadAction","target":["https:\/\/www.ernanipolo.com.br\/wp\/definidas-as-14-propostas-que-serao-votadas-pela-assembleia-na-sessao-do-dia-8\/"]}]},{"@type":"ImageObject","inLanguage":"pt-BR","@id":"https:\/\/www.ernanipolo.com.br\/wp\/definidas-as-14-propostas-que-serao-votadas-pela-assembleia-na-sessao-do-dia-8\/#primaryimage","url":"https:\/\/www.ernanipolo.com.br\/wp\/wp-content\/uploads\/2020\/12\/WhatsApp-Image-2020-12-01-at-12.10.27.jpeg","contentUrl":"https:\/\/www.ernanipolo.com.br\/wp\/wp-content\/uploads\/2020\/12\/WhatsApp-Image-2020-12-01-at-12.10.27.jpeg","width":1240,"height":827},{"@type":"WebSite","@id":"https:\/\/www.ernanipolo.com.br\/wp\/#website","url":"https:\/\/www.ernanipolo.com.br\/wp\/","name":"Ernani Polo","description":"","publisher":{"@id":"https:\/\/www.ernanipolo.com.br\/wp\/#organization"},"potentialAction":[{"@type":"SearchAction","target":{"@type":"EntryPoint","urlTemplate":"https:\/\/www.ernanipolo.com.br\/wp\/?s={search_term_string}"},"query-input":{"@type":"PropertyValueSpecification","valueRequired":true,"valueName":"search_term_string"}}],"inLanguage":"pt-BR"},{"@type":"Organization","@id":"https:\/\/www.ernanipolo.com.br\/wp\/#organization","name":"Ernani Polo","url":"https:\/\/www.ernanipolo.com.br\/wp\/","logo":{"@type":"ImageObject","inLanguage":"pt-BR","@id":"https:\/\/www.ernanipolo.com.br\/wp\/#\/schema\/logo\/image\/","url":"https:\/\/www.ernanipolo.com.br\/wp\/wp-content\/uploads\/2023\/09\/Logo-Azul-Ernani-Polo.png","contentUrl":"https:\/\/www.ernanipolo.com.br\/wp\/wp-content\/uploads\/2023\/09\/Logo-Azul-Ernani-Polo.png","width":630,"height":162,"caption":"Ernani Polo"},"image":{"@id":"https:\/\/www.ernanipolo.com.br\/wp\/#\/schema\/logo\/image\/"}},{"@type":"Person","@id":"https:\/\/www.ernanipolo.com.br\/wp\/#\/schema\/person\/495081e5f89df1864e457bc25058eb32","name":"Assessoria","image":{"@type":"ImageObject","inLanguage":"pt-BR","@id":"https:\/\/secure.gravatar.com\/avatar\/fb9fbf9c7f51269c39fd7432c2ca37dcb848f2e01061b91c2515b159534f94f8?s=96&d=mm&r=g","url":"https:\/\/secure.gravatar.com\/avatar\/fb9fbf9c7f51269c39fd7432c2ca37dcb848f2e01061b91c2515b159534f94f8?s=96&d=mm&r=g","contentUrl":"https:\/\/secure.gravatar.com\/avatar\/fb9fbf9c7f51269c39fd7432c2ca37dcb848f2e01061b91c2515b159534f94f8?s=96&d=mm&r=g","caption":"Assessoria"},"url":"https:\/\/www.ernanipolo.com.br\/wp\/author\/assessoria\/"}]}},"jetpack_featured_media_url":"https:\/\/www.ernanipolo.com.br\/wp\/wp-content\/uploads\/2020\/12\/WhatsApp-Image-2020-12-01-at-12.10.27.jpeg","jetpack_sharing_enabled":true,"_links":{"self":[{"href":"https:\/\/www.ernanipolo.com.br\/wp\/wp-json\/wp\/v2\/posts\/4158","targetHints":{"allow":["GET"]}}],"collection":[{"href":"https:\/\/www.ernanipolo.com.br\/wp\/wp-json\/wp\/v2\/posts"}],"about":[{"href":"https:\/\/www.ernanipolo.com.br\/wp\/wp-json\/wp\/v2\/types\/post"}],"author":[{"embeddable":true,"href":"https:\/\/www.ernanipolo.com.br\/wp\/wp-json\/wp\/v2\/users\/3"}],"replies":[{"embeddable":true,"href":"https:\/\/www.ernanipolo.com.br\/wp\/wp-json\/wp\/v2\/comments?post=4158"}],"version-history":[{"count":0,"href":"https:\/\/www.ernanipolo.com.br\/wp\/wp-json\/wp\/v2\/posts\/4158\/revisions"}],"wp:featuredmedia":[{"embeddable":true,"href":"https:\/\/www.ernanipolo.com.br\/wp\/wp-json\/wp\/v2\/media\/4159"}],"wp:attachment":[{"href":"https:\/\/www.ernanipolo.com.br\/wp\/wp-json\/wp\/v2\/media?parent=4158"}],"wp:term":[{"taxonomy":"category","embeddable":true,"href":"https:\/\/www.ernanipolo.com.br\/wp\/wp-json\/wp\/v2\/categories?post=4158"},{"taxonomy":"post_tag","embeddable":true,"href":"https:\/\/www.ernanipolo.com.br\/wp\/wp-json\/wp\/v2\/tags?post=4158"}],"curies":[{"name":"wp","href":"https:\/\/api.w.org\/{rel}","templated":true}]}}