{"id":4115,"date":"2020-11-25T13:20:40","date_gmt":"2020-11-25T16:20:40","guid":{"rendered":"http:\/\/www.ernanipolo.com.br\/wp\/?p=4115"},"modified":"2020-11-25T13:20:40","modified_gmt":"2020-11-25T16:20:40","slug":"procurador-geral-do-estado-recebe-medalha-da-55a-legislatura","status":"publish","type":"post","link":"https:\/\/www.ernanipolo.com.br\/wp\/procurador-geral-do-estado-recebe-medalha-da-55a-legislatura\/","title":{"rendered":"Procurador-Geral do Estado recebe medalha da 55\u00aa Legislatura"},"content":{"rendered":"<p>Em cerim\u00f4nia realizada no Teatro Dante Barone da Assembleia Legislativa, na manh\u00e3 desta quarta-feira (25), obedecendo todos os protocolos indicados pela Organiza\u00e7\u00e3o Mundial da Sa\u00fade com rela\u00e7\u00e3o \u00e0 preven\u00e7\u00e3o do coronav\u00edrus, foi entregue a Medalha da 55\u00aa Legislatura ao procurador-geral do Estado, Eduardo Cunha da Costa, por iniciativa foi do deputado Ruiy Irigaray (PSL).<\/p>\n<p>O presidente da Assembleia Legislativa, deputado Ernani Polo (PP) destacou durante sua fala a import\u00e2ncia de uma rela\u00e7\u00e3o altiva e produtiva entre os Tr\u00eas Poderes para a democracia e o consequente bem-estar da popula\u00e7\u00e3o: \u201cUm exemplo dessa rela\u00e7\u00e3o \u00e9 a parceria estabelecida com o procurador-geral do Estado, Eduardo Cunha da Costa, que atua no Executivo. Sempre aberto ao di\u00e1logo, \u00e0 constru\u00e7\u00e3o conjunta, \u00e0 busca de alternativas em favor do nosso Estado\u201d, lembrou o parlamentar.<\/p>\n<p>Eduardo Cunha da Costa agradeceu a honraria do Parlamento e falou sobre o trabalho que tem conduzido na Procuradoria, focado na agilidade do atendimento \u00e0 sociedade ga\u00facha e na otimiza\u00e7\u00e3o dos processos.<\/p>\n<p>De acordo com o proponente, a compet\u00eancia de Eduardo Cunha da Costa frente \u00e0 Procuradoria Geral do Estado se traduz na alta produtividade de sua equipe, principalmente com rela\u00e7\u00e3o ao trabalho de desburocratiza\u00e7\u00e3o que lidera frente \u00e0 entidade, que visa otimizar e agilizar os processos.<\/p>\n<p><strong>O Homenageado<\/strong><\/p>\n<p>Eduardo Cunha da Costa \u00e9 membro da Procuradoria-Geral do Estado desde 2007. Atuou em Procuradorias Regionais, no Gabinete do Procurador-Geral do Estado e junto ao Tribunal de Contas do Estado. \u00c9 pesquisador, doutorando em Direito e integra a diretoria de \u00f3rg\u00e3os de representa\u00e7\u00e3o de procuradores-gerais. Seu trabalho \u00e9 a s\u00edntese de quem defende o Estado e o interesse p\u00fablico. Tem sua base em valores importantes como colabora\u00e7\u00e3o, comprometimento, efetividade, \u00e9tica e qualidade t\u00e9cnica.<\/p>\n","protected":false},"excerpt":{"rendered":"<p>Em cerim\u00f4nia realizada no Teatro Dante Barone da Assembleia Legislativa, na manh\u00e3 desta quarta-feira (25), obedecendo todos os protocolos indicados &hellip; <a href=\"https:\/\/www.ernanipolo.com.br\/wp\/procurador-geral-do-estado-recebe-medalha-da-55a-legislatura\/\" class=\"more-link\">Continue reading <span class=\"screen-reader-text\">Procurador-Geral do Estado recebe medalha da 55\u00aa Legislatura<\/span><\/a><\/p>\n","protected":false},"author":3,"featured_media":4116,"comment_status":"open","ping_status":"open","sticky":false,"template":"","format":"standard","meta":{"_acf_changed":false,"_jetpack_memberships_contains_paid_content":false,"footnotes":""},"categories":[37,39,45],"tags":[40],"class_list":["post-4115","post","type-post","status-publish","format-standard","has-post-thumbnail","hentry","category-noticias","category-destaque","category-agricultura","tag-agricultura"],"acf":[],"yoast_head":"<!-- This site is optimized with the Yoast SEO plugin v27.5 - https:\/\/yoast.com\/product\/yoast-seo-wordpress\/ -->\n<title>Procurador-Geral do Estado recebe medalha da 55\u00aa Legislatura - Ernani Polo<\/title>\n<meta name=\"robots\" content=\"index, follow, max-snippet:-1, max-image-preview:large, max-video-preview:-1\" \/>\n<link rel=\"canonical\" href=\"https:\/\/www.ernanipolo.com.br\/wp\/procurador-geral-do-estado-recebe-medalha-da-55a-legislatura\/\" \/>\n<meta property=\"og:locale\" content=\"pt_BR\" \/>\n<meta property=\"og:type\" content=\"article\" \/>\n<meta property=\"og:title\" content=\"Procurador-Geral do Estado recebe medalha da 55\u00aa Legislatura - Ernani Polo\" \/>\n<meta property=\"og:description\" content=\"Em cerim\u00f4nia realizada no Teatro Dante Barone da Assembleia Legislativa, na manh\u00e3 desta quarta-feira (25), obedecendo todos os protocolos indicados &hellip; Continue reading Procurador-Geral do Estado recebe medalha da 55\u00aa Legislatura\" \/>\n<meta property=\"og:url\" content=\"https:\/\/www.ernanipolo.com.br\/wp\/procurador-geral-do-estado-recebe-medalha-da-55a-legislatura\/\" \/>\n<meta property=\"og:site_name\" content=\"Ernani Polo\" \/>\n<meta property=\"article:published_time\" content=\"2020-11-25T16:20:40+00:00\" \/>\n<meta property=\"og:image\" content=\"https:\/\/www.ernanipolo.com.br\/wp\/wp-content\/uploads\/2020\/11\/WhatsApp-Image-2020-11-25-at-11.44.53.jpeg\" \/>\n\t<meta property=\"og:image:width\" content=\"1240\" \/>\n\t<meta property=\"og:image:height\" content=\"828\" \/>\n\t<meta property=\"og:image:type\" content=\"image\/jpeg\" \/>\n<meta name=\"author\" content=\"Assessoria\" \/>\n<meta name=\"twitter:card\" content=\"summary_large_image\" \/>\n<meta name=\"twitter:label1\" content=\"Escrito por\" \/>\n\t<meta name=\"twitter:data1\" content=\"Assessoria\" \/>\n\t<meta name=\"twitter:label2\" content=\"Est. tempo de leitura\" \/>\n\t<meta name=\"twitter:data2\" content=\"1 minuto\" \/>\n<script type=\"application\/ld+json\" class=\"yoast-schema-graph\">{\"@context\":\"https:\\\/\\\/schema.org\",\"@graph\":[{\"@type\":\"Article\",\"@id\":\"https:\\\/\\\/www.ernanipolo.com.br\\\/wp\\\/procurador-geral-do-estado-recebe-medalha-da-55a-legislatura\\\/#article\",\"isPartOf\":{\"@id\":\"https:\\\/\\\/www.ernanipolo.com.br\\\/wp\\\/procurador-geral-do-estado-recebe-medalha-da-55a-legislatura\\\/\"},\"author\":{\"name\":\"Assessoria\",\"@id\":\"https:\\\/\\\/www.ernanipolo.com.br\\\/wp\\\/#\\\/schema\\\/person\\\/495081e5f89df1864e457bc25058eb32\"},\"headline\":\"Procurador-Geral do Estado recebe medalha da 55\u00aa Legislatura\",\"datePublished\":\"2020-11-25T16:20:40+00:00\",\"mainEntityOfPage\":{\"@id\":\"https:\\\/\\\/www.ernanipolo.com.br\\\/wp\\\/procurador-geral-do-estado-recebe-medalha-da-55a-legislatura\\\/\"},\"wordCount\":298,\"commentCount\":0,\"publisher\":{\"@id\":\"https:\\\/\\\/www.ernanipolo.com.br\\\/wp\\\/#organization\"},\"image\":{\"@id\":\"https:\\\/\\\/www.ernanipolo.com.br\\\/wp\\\/procurador-geral-do-estado-recebe-medalha-da-55a-legislatura\\\/#primaryimage\"},\"thumbnailUrl\":\"https:\\\/\\\/www.ernanipolo.com.br\\\/wp\\\/wp-content\\\/uploads\\\/2020\\\/11\\\/WhatsApp-Image-2020-11-25-at-11.44.53.jpeg\",\"keywords\":[\"agricultura\"],\"articleSection\":[\"Not\u00edcias\",\"Destaque\",\"agricultura\"],\"inLanguage\":\"pt-BR\",\"potentialAction\":[{\"@type\":\"CommentAction\",\"name\":\"Comment\",\"target\":[\"https:\\\/\\\/www.ernanipolo.com.br\\\/wp\\\/procurador-geral-do-estado-recebe-medalha-da-55a-legislatura\\\/#respond\"]}]},{\"@type\":\"WebPage\",\"@id\":\"https:\\\/\\\/www.ernanipolo.com.br\\\/wp\\\/procurador-geral-do-estado-recebe-medalha-da-55a-legislatura\\\/\",\"url\":\"https:\\\/\\\/www.ernanipolo.com.br\\\/wp\\\/procurador-geral-do-estado-recebe-medalha-da-55a-legislatura\\\/\",\"name\":\"Procurador-Geral do Estado recebe medalha da 55\u00aa Legislatura - Ernani Polo\",\"isPartOf\":{\"@id\":\"https:\\\/\\\/www.ernanipolo.com.br\\\/wp\\\/#website\"},\"primaryImageOfPage\":{\"@id\":\"https:\\\/\\\/www.ernanipolo.com.br\\\/wp\\\/procurador-geral-do-estado-recebe-medalha-da-55a-legislatura\\\/#primaryimage\"},\"image\":{\"@id\":\"https:\\\/\\\/www.ernanipolo.com.br\\\/wp\\\/procurador-geral-do-estado-recebe-medalha-da-55a-legislatura\\\/#primaryimage\"},\"thumbnailUrl\":\"https:\\\/\\\/www.ernanipolo.com.br\\\/wp\\\/wp-content\\\/uploads\\\/2020\\\/11\\\/WhatsApp-Image-2020-11-25-at-11.44.53.jpeg\",\"datePublished\":\"2020-11-25T16:20:40+00:00\",\"inLanguage\":\"pt-BR\",\"potentialAction\":[{\"@type\":\"ReadAction\",\"target\":[\"https:\\\/\\\/www.ernanipolo.com.br\\\/wp\\\/procurador-geral-do-estado-recebe-medalha-da-55a-legislatura\\\/\"]}]},{\"@type\":\"ImageObject\",\"inLanguage\":\"pt-BR\",\"@id\":\"https:\\\/\\\/www.ernanipolo.com.br\\\/wp\\\/procurador-geral-do-estado-recebe-medalha-da-55a-legislatura\\\/#primaryimage\",\"url\":\"https:\\\/\\\/www.ernanipolo.com.br\\\/wp\\\/wp-content\\\/uploads\\\/2020\\\/11\\\/WhatsApp-Image-2020-11-25-at-11.44.53.jpeg\",\"contentUrl\":\"https:\\\/\\\/www.ernanipolo.com.br\\\/wp\\\/wp-content\\\/uploads\\\/2020\\\/11\\\/WhatsApp-Image-2020-11-25-at-11.44.53.jpeg\",\"width\":1240,\"height\":828},{\"@type\":\"WebSite\",\"@id\":\"https:\\\/\\\/www.ernanipolo.com.br\\\/wp\\\/#website\",\"url\":\"https:\\\/\\\/www.ernanipolo.com.br\\\/wp\\\/\",\"name\":\"Ernani Polo\",\"description\":\"\",\"publisher\":{\"@id\":\"https:\\\/\\\/www.ernanipolo.com.br\\\/wp\\\/#organization\"},\"potentialAction\":[{\"@type\":\"SearchAction\",\"target\":{\"@type\":\"EntryPoint\",\"urlTemplate\":\"https:\\\/\\\/www.ernanipolo.com.br\\\/wp\\\/?s={search_term_string}\"},\"query-input\":{\"@type\":\"PropertyValueSpecification\",\"valueRequired\":true,\"valueName\":\"search_term_string\"}}],\"inLanguage\":\"pt-BR\"},{\"@type\":\"Organization\",\"@id\":\"https:\\\/\\\/www.ernanipolo.com.br\\\/wp\\\/#organization\",\"name\":\"Ernani Polo\",\"url\":\"https:\\\/\\\/www.ernanipolo.com.br\\\/wp\\\/\",\"logo\":{\"@type\":\"ImageObject\",\"inLanguage\":\"pt-BR\",\"@id\":\"https:\\\/\\\/www.ernanipolo.com.br\\\/wp\\\/#\\\/schema\\\/logo\\\/image\\\/\",\"url\":\"https:\\\/\\\/www.ernanipolo.com.br\\\/wp\\\/wp-content\\\/uploads\\\/2023\\\/09\\\/Logo-Azul-Ernani-Polo.png\",\"contentUrl\":\"https:\\\/\\\/www.ernanipolo.com.br\\\/wp\\\/wp-content\\\/uploads\\\/2023\\\/09\\\/Logo-Azul-Ernani-Polo.png\",\"width\":630,\"height\":162,\"caption\":\"Ernani Polo\"},\"image\":{\"@id\":\"https:\\\/\\\/www.ernanipolo.com.br\\\/wp\\\/#\\\/schema\\\/logo\\\/image\\\/\"}},{\"@type\":\"Person\",\"@id\":\"https:\\\/\\\/www.ernanipolo.com.br\\\/wp\\\/#\\\/schema\\\/person\\\/495081e5f89df1864e457bc25058eb32\",\"name\":\"Assessoria\",\"image\":{\"@type\":\"ImageObject\",\"inLanguage\":\"pt-BR\",\"@id\":\"https:\\\/\\\/secure.gravatar.com\\\/avatar\\\/fb9fbf9c7f51269c39fd7432c2ca37dcb848f2e01061b91c2515b159534f94f8?s=96&d=mm&r=g\",\"url\":\"https:\\\/\\\/secure.gravatar.com\\\/avatar\\\/fb9fbf9c7f51269c39fd7432c2ca37dcb848f2e01061b91c2515b159534f94f8?s=96&d=mm&r=g\",\"contentUrl\":\"https:\\\/\\\/secure.gravatar.com\\\/avatar\\\/fb9fbf9c7f51269c39fd7432c2ca37dcb848f2e01061b91c2515b159534f94f8?s=96&d=mm&r=g\",\"caption\":\"Assessoria\"},\"url\":\"https:\\\/\\\/www.ernanipolo.com.br\\\/wp\\\/author\\\/assessoria\\\/\"}]}<\/script>\n<!-- \/ Yoast SEO plugin. -->","yoast_head_json":{"title":"Procurador-Geral do Estado recebe medalha da 55\u00aa Legislatura - Ernani Polo","robots":{"index":"index","follow":"follow","max-snippet":"max-snippet:-1","max-image-preview":"max-image-preview:large","max-video-preview":"max-video-preview:-1"},"canonical":"https:\/\/www.ernanipolo.com.br\/wp\/procurador-geral-do-estado-recebe-medalha-da-55a-legislatura\/","og_locale":"pt_BR","og_type":"article","og_title":"Procurador-Geral do Estado recebe medalha da 55\u00aa Legislatura - Ernani Polo","og_description":"Em cerim\u00f4nia realizada no Teatro Dante Barone da Assembleia Legislativa, na manh\u00e3 desta quarta-feira (25), obedecendo todos os protocolos indicados &hellip; Continue reading Procurador-Geral do Estado recebe medalha da 55\u00aa Legislatura","og_url":"https:\/\/www.ernanipolo.com.br\/wp\/procurador-geral-do-estado-recebe-medalha-da-55a-legislatura\/","og_site_name":"Ernani Polo","article_published_time":"2020-11-25T16:20:40+00:00","og_image":[{"width":1240,"height":828,"url":"https:\/\/www.ernanipolo.com.br\/wp\/wp-content\/uploads\/2020\/11\/WhatsApp-Image-2020-11-25-at-11.44.53.jpeg","type":"image\/jpeg"}],"author":"Assessoria","twitter_card":"summary_large_image","twitter_misc":{"Escrito por":"Assessoria","Est. tempo de leitura":"1 minuto"},"schema":{"@context":"https:\/\/schema.org","@graph":[{"@type":"Article","@id":"https:\/\/www.ernanipolo.com.br\/wp\/procurador-geral-do-estado-recebe-medalha-da-55a-legislatura\/#article","isPartOf":{"@id":"https:\/\/www.ernanipolo.com.br\/wp\/procurador-geral-do-estado-recebe-medalha-da-55a-legislatura\/"},"author":{"name":"Assessoria","@id":"https:\/\/www.ernanipolo.com.br\/wp\/#\/schema\/person\/495081e5f89df1864e457bc25058eb32"},"headline":"Procurador-Geral do Estado recebe medalha da 55\u00aa Legislatura","datePublished":"2020-11-25T16:20:40+00:00","mainEntityOfPage":{"@id":"https:\/\/www.ernanipolo.com.br\/wp\/procurador-geral-do-estado-recebe-medalha-da-55a-legislatura\/"},"wordCount":298,"commentCount":0,"publisher":{"@id":"https:\/\/www.ernanipolo.com.br\/wp\/#organization"},"image":{"@id":"https:\/\/www.ernanipolo.com.br\/wp\/procurador-geral-do-estado-recebe-medalha-da-55a-legislatura\/#primaryimage"},"thumbnailUrl":"https:\/\/www.ernanipolo.com.br\/wp\/wp-content\/uploads\/2020\/11\/WhatsApp-Image-2020-11-25-at-11.44.53.jpeg","keywords":["agricultura"],"articleSection":["Not\u00edcias","Destaque","agricultura"],"inLanguage":"pt-BR","potentialAction":[{"@type":"CommentAction","name":"Comment","target":["https:\/\/www.ernanipolo.com.br\/wp\/procurador-geral-do-estado-recebe-medalha-da-55a-legislatura\/#respond"]}]},{"@type":"WebPage","@id":"https:\/\/www.ernanipolo.com.br\/wp\/procurador-geral-do-estado-recebe-medalha-da-55a-legislatura\/","url":"https:\/\/www.ernanipolo.com.br\/wp\/procurador-geral-do-estado-recebe-medalha-da-55a-legislatura\/","name":"Procurador-Geral do Estado recebe medalha da 55\u00aa Legislatura - Ernani Polo","isPartOf":{"@id":"https:\/\/www.ernanipolo.com.br\/wp\/#website"},"primaryImageOfPage":{"@id":"https:\/\/www.ernanipolo.com.br\/wp\/procurador-geral-do-estado-recebe-medalha-da-55a-legislatura\/#primaryimage"},"image":{"@id":"https:\/\/www.ernanipolo.com.br\/wp\/procurador-geral-do-estado-recebe-medalha-da-55a-legislatura\/#primaryimage"},"thumbnailUrl":"https:\/\/www.ernanipolo.com.br\/wp\/wp-content\/uploads\/2020\/11\/WhatsApp-Image-2020-11-25-at-11.44.53.jpeg","datePublished":"2020-11-25T16:20:40+00:00","inLanguage":"pt-BR","potentialAction":[{"@type":"ReadAction","target":["https:\/\/www.ernanipolo.com.br\/wp\/procurador-geral-do-estado-recebe-medalha-da-55a-legislatura\/"]}]},{"@type":"ImageObject","inLanguage":"pt-BR","@id":"https:\/\/www.ernanipolo.com.br\/wp\/procurador-geral-do-estado-recebe-medalha-da-55a-legislatura\/#primaryimage","url":"https:\/\/www.ernanipolo.com.br\/wp\/wp-content\/uploads\/2020\/11\/WhatsApp-Image-2020-11-25-at-11.44.53.jpeg","contentUrl":"https:\/\/www.ernanipolo.com.br\/wp\/wp-content\/uploads\/2020\/11\/WhatsApp-Image-2020-11-25-at-11.44.53.jpeg","width":1240,"height":828},{"@type":"WebSite","@id":"https:\/\/www.ernanipolo.com.br\/wp\/#website","url":"https:\/\/www.ernanipolo.com.br\/wp\/","name":"Ernani Polo","description":"","publisher":{"@id":"https:\/\/www.ernanipolo.com.br\/wp\/#organization"},"potentialAction":[{"@type":"SearchAction","target":{"@type":"EntryPoint","urlTemplate":"https:\/\/www.ernanipolo.com.br\/wp\/?s={search_term_string}"},"query-input":{"@type":"PropertyValueSpecification","valueRequired":true,"valueName":"search_term_string"}}],"inLanguage":"pt-BR"},{"@type":"Organization","@id":"https:\/\/www.ernanipolo.com.br\/wp\/#organization","name":"Ernani Polo","url":"https:\/\/www.ernanipolo.com.br\/wp\/","logo":{"@type":"ImageObject","inLanguage":"pt-BR","@id":"https:\/\/www.ernanipolo.com.br\/wp\/#\/schema\/logo\/image\/","url":"https:\/\/www.ernanipolo.com.br\/wp\/wp-content\/uploads\/2023\/09\/Logo-Azul-Ernani-Polo.png","contentUrl":"https:\/\/www.ernanipolo.com.br\/wp\/wp-content\/uploads\/2023\/09\/Logo-Azul-Ernani-Polo.png","width":630,"height":162,"caption":"Ernani Polo"},"image":{"@id":"https:\/\/www.ernanipolo.com.br\/wp\/#\/schema\/logo\/image\/"}},{"@type":"Person","@id":"https:\/\/www.ernanipolo.com.br\/wp\/#\/schema\/person\/495081e5f89df1864e457bc25058eb32","name":"Assessoria","image":{"@type":"ImageObject","inLanguage":"pt-BR","@id":"https:\/\/secure.gravatar.com\/avatar\/fb9fbf9c7f51269c39fd7432c2ca37dcb848f2e01061b91c2515b159534f94f8?s=96&d=mm&r=g","url":"https:\/\/secure.gravatar.com\/avatar\/fb9fbf9c7f51269c39fd7432c2ca37dcb848f2e01061b91c2515b159534f94f8?s=96&d=mm&r=g","contentUrl":"https:\/\/secure.gravatar.com\/avatar\/fb9fbf9c7f51269c39fd7432c2ca37dcb848f2e01061b91c2515b159534f94f8?s=96&d=mm&r=g","caption":"Assessoria"},"url":"https:\/\/www.ernanipolo.com.br\/wp\/author\/assessoria\/"}]}},"jetpack_featured_media_url":"https:\/\/www.ernanipolo.com.br\/wp\/wp-content\/uploads\/2020\/11\/WhatsApp-Image-2020-11-25-at-11.44.53.jpeg","jetpack_sharing_enabled":true,"_links":{"self":[{"href":"https:\/\/www.ernanipolo.com.br\/wp\/wp-json\/wp\/v2\/posts\/4115","targetHints":{"allow":["GET"]}}],"collection":[{"href":"https:\/\/www.ernanipolo.com.br\/wp\/wp-json\/wp\/v2\/posts"}],"about":[{"href":"https:\/\/www.ernanipolo.com.br\/wp\/wp-json\/wp\/v2\/types\/post"}],"author":[{"embeddable":true,"href":"https:\/\/www.ernanipolo.com.br\/wp\/wp-json\/wp\/v2\/users\/3"}],"replies":[{"embeddable":true,"href":"https:\/\/www.ernanipolo.com.br\/wp\/wp-json\/wp\/v2\/comments?post=4115"}],"version-history":[{"count":0,"href":"https:\/\/www.ernanipolo.com.br\/wp\/wp-json\/wp\/v2\/posts\/4115\/revisions"}],"wp:featuredmedia":[{"embeddable":true,"href":"https:\/\/www.ernanipolo.com.br\/wp\/wp-json\/wp\/v2\/media\/4116"}],"wp:attachment":[{"href":"https:\/\/www.ernanipolo.com.br\/wp\/wp-json\/wp\/v2\/media?parent=4115"}],"wp:term":[{"taxonomy":"category","embeddable":true,"href":"https:\/\/www.ernanipolo.com.br\/wp\/wp-json\/wp\/v2\/categories?post=4115"},{"taxonomy":"post_tag","embeddable":true,"href":"https:\/\/www.ernanipolo.com.br\/wp\/wp-json\/wp\/v2\/tags?post=4115"}],"curies":[{"name":"wp","href":"https:\/\/api.w.org\/{rel}","templated":true}]}}