{"id":4108,"date":"2020-11-24T12:05:35","date_gmt":"2020-11-24T15:05:35","guid":{"rendered":"http:\/\/www.ernanipolo.com.br\/wp\/?p=4108"},"modified":"2020-11-24T12:12:12","modified_gmt":"2020-11-24T15:12:12","slug":"musico-joao-luiz-correa-e-homenageado-com-medalha-do-merito-farroupilha","status":"publish","type":"post","link":"https:\/\/www.ernanipolo.com.br\/wp\/musico-joao-luiz-correa-e-homenageado-com-medalha-do-merito-farroupilha\/","title":{"rendered":"M\u00fasico Jo\u00e3o Luiz Corr\u00eaa \u00e9 homenageado com Medalha do M\u00e9rito Farroupilha"},"content":{"rendered":"<p>O presidente da Assembleia Legislativa, Ernani Polo, entregou ao m\u00fasico Jo\u00e3o Luiz Corr\u00eaa, na noite desta segunda-feira (23), a Medalha do M\u00e9rito Farroupilha, a mais alta honraria do Parlamento ga\u00facho. A cerim\u00f4nia teve formato h\u00edbrido: reuniu familiares, convidados e autoridades no Teatro Dante Barone, e foi acompanhada pelo p\u00fablico por meio das redes sociais e da TV Assembleia. \u201cAo entregarmos a Medalha do M\u00e9rito Farroupilha a Jo\u00e3o Luiz Corr\u00eaa, homenageamos toda a classe art\u00edstica, que sofreu fortemente com as restri\u00e7\u00f5es impostas pela pandemia\u201d, justificou Polo, lembrando que o m\u00fasico liderou um movimento em favor de colegas de profiss\u00e3o que ficaram sem trabalho em decorr\u00eancia da crise sanit\u00e1ria.<\/p>\n<p>M\u00fasico profissional e compositor, Jo\u00e3o Luiz Corr\u00eaa \u00e9 autor de sucessos como\u00a0Um Bagual Corcoveador, Fandango Em Soledade, Pau Que D\u00e1 Cavaco, Gauch\u00e3o de Apartamento e Quando Tapeia o Chapel\u00e3o.\u00a0Algumas de suas can\u00e7\u00f5es, lan\u00e7adas no in\u00edcio de sua caminhada art\u00edstica, ainda est\u00e3o entre as mais executadas nos fandangos e nas emissoras de r\u00e1dio. Dono de um estilo fandangueiro, realiza cerca de 220 shows por ano, consolidando-se como um dos principais nomes do meio musical ga\u00facho.<\/p>\n<p>O presidente da Assembleia lembrou que Jo\u00e3o Luiz Corr\u00eaa teve atua\u00e7\u00e3o determinante para mobilizar a classe art\u00edstica ga\u00facha na busca de alternativas de sobreviv\u00eancia, para permitir atividades dos CTGs e clubes durante a Semana Farroupilha e na constru\u00e7\u00e3o\u00a0 da Caravana Farroupilha Virtual junto com a Assembleia Legislativa, Famurs, Banrisul, Corsan e Rio Grande Seguros. \u201cEle alertou para as dificuldades enfrentadas pela classe art\u00edstica e trabalhou de modo incans\u00e1vel para que as atividades pudessem ser realizadas de forma respons\u00e1vel e segura\u201d, atestou o parlamentar.<\/p>\n<p>Durante a cerim\u00f4nia, foi exibido um v\u00eddeo em que familiares, amigos, colegas de profiss\u00e3o e autoridades, como o ex-governador Jos\u00e9 Ivo Sartori e o atual governador Eduardo Leite, manifestaram reconhecimento ao artista. A produ\u00e7\u00e3o mostrou tamb\u00e9m uma apresenta\u00e7\u00e3o do m\u00fasico na Times Square, em Nova Iorque.<\/p>\n<p>Ao agradecer a outorga, Corr\u00eaa afirmou que \u00e9 \u201cum soldado da cultura do Rio Grande do Sul\u201d e que representa, na condi\u00e7\u00e3o de homenageado, todos os m\u00fasicos ga\u00fachos, independentemente de g\u00eanero.<\/p>\n<p><strong>Trajet\u00f3ria<\/strong><br \/>\nJo\u00e3o Luiz Corr\u00eaa iniciou sua trajet\u00f3ria em 1989. Atuou em diferentes grupos da m\u00fasica ga\u00facha at\u00e9 1998, quando decidiu seguir carreira solo. Em 19 anos, lan\u00e7ou 16 trabalhos gravados em CD e cinco em DVD, al\u00e9m de dois trabalhos gravados em CD somente pelo Grupo Campeirismo, do qual faz parte. Jo\u00e3o Luiz Corr\u00eaa foi premiado com cinco Discos de Ouro, um Disco de Platina e dois DVDs de Ouro, um dos quais \u00e9\u00a0 o primeiro DVD de Ouro da m\u00fasica ga\u00facha.<\/p>\n<p>Em 2016, o m\u00fasico ganhou o trof\u00e9u Vitor Mateus Teixeira na categoria Melhor Capa de CD (Pra quem vive de bombacha &#8211; Vol. 10). Foi indicado \u00e0 premia\u00e7\u00e3o Melhores do Ano da M\u00fasica Regional Ga\u00facha por tr\u00eas anos consecutivos, vencendo nas categorias de Melhor Grupo de Baile nos anos de 2016, 2017 e 2018 e de Melhor M\u00fasica em 2018.<\/p>\n<p>Em cerim\u00f4nia de premia\u00e7\u00e3o no dia 27 de agosto de 2018, durante a 21\u00aa edi\u00e7\u00e3o do Trof\u00e9u Guri, foi homenageado como uma das 10 personalidades que tiveram destaque em suas atividades profissionais e promoveram o nome do Rio Grande do Sul no pa\u00eds e no mundo.<\/p>\n","protected":false},"excerpt":{"rendered":"<p>O presidente da Assembleia Legislativa, Ernani Polo, entregou ao m\u00fasico Jo\u00e3o Luiz Corr\u00eaa, na noite desta segunda-feira (23), a Medalha &hellip; <a href=\"https:\/\/www.ernanipolo.com.br\/wp\/musico-joao-luiz-correa-e-homenageado-com-medalha-do-merito-farroupilha\/\" class=\"more-link\">Continue reading <span class=\"screen-reader-text\">M\u00fasico Jo\u00e3o Luiz Corr\u00eaa \u00e9 homenageado com Medalha do M\u00e9rito Farroupilha<\/span><\/a><\/p>\n","protected":false},"author":3,"featured_media":4109,"comment_status":"open","ping_status":"open","sticky":false,"template":"","format":"standard","meta":{"_acf_changed":false,"_jetpack_memberships_contains_paid_content":false,"footnotes":""},"categories":[37,39,45],"tags":[40],"class_list":["post-4108","post","type-post","status-publish","format-standard","has-post-thumbnail","hentry","category-noticias","category-destaque","category-agricultura","tag-agricultura"],"acf":[],"yoast_head":"<!-- This site is optimized with the Yoast SEO plugin v27.5 - https:\/\/yoast.com\/product\/yoast-seo-wordpress\/ -->\n<title>M\u00fasico Jo\u00e3o Luiz Corr\u00eaa \u00e9 homenageado com Medalha do M\u00e9rito Farroupilha - Ernani Polo<\/title>\n<meta name=\"robots\" content=\"index, follow, max-snippet:-1, max-image-preview:large, max-video-preview:-1\" \/>\n<link rel=\"canonical\" href=\"https:\/\/www.ernanipolo.com.br\/wp\/musico-joao-luiz-correa-e-homenageado-com-medalha-do-merito-farroupilha\/\" \/>\n<meta property=\"og:locale\" content=\"pt_BR\" \/>\n<meta property=\"og:type\" content=\"article\" \/>\n<meta property=\"og:title\" content=\"M\u00fasico Jo\u00e3o Luiz Corr\u00eaa \u00e9 homenageado com Medalha do M\u00e9rito Farroupilha - Ernani Polo\" \/>\n<meta property=\"og:description\" content=\"O presidente da Assembleia Legislativa, Ernani Polo, entregou ao m\u00fasico Jo\u00e3o Luiz Corr\u00eaa, na noite desta segunda-feira (23), a Medalha &hellip; Continue reading M\u00fasico Jo\u00e3o Luiz Corr\u00eaa \u00e9 homenageado com Medalha do M\u00e9rito Farroupilha\" \/>\n<meta property=\"og:url\" content=\"https:\/\/www.ernanipolo.com.br\/wp\/musico-joao-luiz-correa-e-homenageado-com-medalha-do-merito-farroupilha\/\" \/>\n<meta property=\"og:site_name\" content=\"Ernani Polo\" \/>\n<meta property=\"article:published_time\" content=\"2020-11-24T15:05:35+00:00\" \/>\n<meta property=\"article:modified_time\" content=\"2020-11-24T15:12:12+00:00\" \/>\n<meta property=\"og:image\" content=\"https:\/\/www.ernanipolo.com.br\/wp\/wp-content\/uploads\/2020\/11\/WhatsApp-Image-2020-11-23-at-20.13.11.jpeg\" \/>\n\t<meta property=\"og:image:width\" content=\"1240\" \/>\n\t<meta property=\"og:image:height\" content=\"827\" \/>\n\t<meta property=\"og:image:type\" content=\"image\/jpeg\" \/>\n<meta name=\"author\" content=\"Assessoria\" \/>\n<meta name=\"twitter:card\" content=\"summary_large_image\" \/>\n<meta name=\"twitter:label1\" content=\"Escrito por\" \/>\n\t<meta name=\"twitter:data1\" content=\"Assessoria\" \/>\n\t<meta name=\"twitter:label2\" content=\"Est. tempo de leitura\" \/>\n\t<meta name=\"twitter:data2\" content=\"3 minutos\" \/>\n<script type=\"application\/ld+json\" class=\"yoast-schema-graph\">{\"@context\":\"https:\\\/\\\/schema.org\",\"@graph\":[{\"@type\":\"Article\",\"@id\":\"https:\\\/\\\/www.ernanipolo.com.br\\\/wp\\\/musico-joao-luiz-correa-e-homenageado-com-medalha-do-merito-farroupilha\\\/#article\",\"isPartOf\":{\"@id\":\"https:\\\/\\\/www.ernanipolo.com.br\\\/wp\\\/musico-joao-luiz-correa-e-homenageado-com-medalha-do-merito-farroupilha\\\/\"},\"author\":{\"name\":\"Assessoria\",\"@id\":\"https:\\\/\\\/www.ernanipolo.com.br\\\/wp\\\/#\\\/schema\\\/person\\\/495081e5f89df1864e457bc25058eb32\"},\"headline\":\"M\u00fasico Jo\u00e3o Luiz Corr\u00eaa \u00e9 homenageado com Medalha do M\u00e9rito Farroupilha\",\"datePublished\":\"2020-11-24T15:05:35+00:00\",\"dateModified\":\"2020-11-24T15:12:12+00:00\",\"mainEntityOfPage\":{\"@id\":\"https:\\\/\\\/www.ernanipolo.com.br\\\/wp\\\/musico-joao-luiz-correa-e-homenageado-com-medalha-do-merito-farroupilha\\\/\"},\"wordCount\":600,\"commentCount\":0,\"publisher\":{\"@id\":\"https:\\\/\\\/www.ernanipolo.com.br\\\/wp\\\/#organization\"},\"image\":{\"@id\":\"https:\\\/\\\/www.ernanipolo.com.br\\\/wp\\\/musico-joao-luiz-correa-e-homenageado-com-medalha-do-merito-farroupilha\\\/#primaryimage\"},\"thumbnailUrl\":\"https:\\\/\\\/www.ernanipolo.com.br\\\/wp\\\/wp-content\\\/uploads\\\/2020\\\/11\\\/WhatsApp-Image-2020-11-23-at-20.13.11.jpeg\",\"keywords\":[\"agricultura\"],\"articleSection\":[\"Not\u00edcias\",\"Destaque\",\"agricultura\"],\"inLanguage\":\"pt-BR\",\"potentialAction\":[{\"@type\":\"CommentAction\",\"name\":\"Comment\",\"target\":[\"https:\\\/\\\/www.ernanipolo.com.br\\\/wp\\\/musico-joao-luiz-correa-e-homenageado-com-medalha-do-merito-farroupilha\\\/#respond\"]}]},{\"@type\":\"WebPage\",\"@id\":\"https:\\\/\\\/www.ernanipolo.com.br\\\/wp\\\/musico-joao-luiz-correa-e-homenageado-com-medalha-do-merito-farroupilha\\\/\",\"url\":\"https:\\\/\\\/www.ernanipolo.com.br\\\/wp\\\/musico-joao-luiz-correa-e-homenageado-com-medalha-do-merito-farroupilha\\\/\",\"name\":\"M\u00fasico Jo\u00e3o Luiz Corr\u00eaa \u00e9 homenageado com Medalha do M\u00e9rito Farroupilha - Ernani Polo\",\"isPartOf\":{\"@id\":\"https:\\\/\\\/www.ernanipolo.com.br\\\/wp\\\/#website\"},\"primaryImageOfPage\":{\"@id\":\"https:\\\/\\\/www.ernanipolo.com.br\\\/wp\\\/musico-joao-luiz-correa-e-homenageado-com-medalha-do-merito-farroupilha\\\/#primaryimage\"},\"image\":{\"@id\":\"https:\\\/\\\/www.ernanipolo.com.br\\\/wp\\\/musico-joao-luiz-correa-e-homenageado-com-medalha-do-merito-farroupilha\\\/#primaryimage\"},\"thumbnailUrl\":\"https:\\\/\\\/www.ernanipolo.com.br\\\/wp\\\/wp-content\\\/uploads\\\/2020\\\/11\\\/WhatsApp-Image-2020-11-23-at-20.13.11.jpeg\",\"datePublished\":\"2020-11-24T15:05:35+00:00\",\"dateModified\":\"2020-11-24T15:12:12+00:00\",\"inLanguage\":\"pt-BR\",\"potentialAction\":[{\"@type\":\"ReadAction\",\"target\":[\"https:\\\/\\\/www.ernanipolo.com.br\\\/wp\\\/musico-joao-luiz-correa-e-homenageado-com-medalha-do-merito-farroupilha\\\/\"]}]},{\"@type\":\"ImageObject\",\"inLanguage\":\"pt-BR\",\"@id\":\"https:\\\/\\\/www.ernanipolo.com.br\\\/wp\\\/musico-joao-luiz-correa-e-homenageado-com-medalha-do-merito-farroupilha\\\/#primaryimage\",\"url\":\"https:\\\/\\\/www.ernanipolo.com.br\\\/wp\\\/wp-content\\\/uploads\\\/2020\\\/11\\\/WhatsApp-Image-2020-11-23-at-20.13.11.jpeg\",\"contentUrl\":\"https:\\\/\\\/www.ernanipolo.com.br\\\/wp\\\/wp-content\\\/uploads\\\/2020\\\/11\\\/WhatsApp-Image-2020-11-23-at-20.13.11.jpeg\",\"width\":1240,\"height\":827},{\"@type\":\"WebSite\",\"@id\":\"https:\\\/\\\/www.ernanipolo.com.br\\\/wp\\\/#website\",\"url\":\"https:\\\/\\\/www.ernanipolo.com.br\\\/wp\\\/\",\"name\":\"Ernani Polo\",\"description\":\"\",\"publisher\":{\"@id\":\"https:\\\/\\\/www.ernanipolo.com.br\\\/wp\\\/#organization\"},\"potentialAction\":[{\"@type\":\"SearchAction\",\"target\":{\"@type\":\"EntryPoint\",\"urlTemplate\":\"https:\\\/\\\/www.ernanipolo.com.br\\\/wp\\\/?s={search_term_string}\"},\"query-input\":{\"@type\":\"PropertyValueSpecification\",\"valueRequired\":true,\"valueName\":\"search_term_string\"}}],\"inLanguage\":\"pt-BR\"},{\"@type\":\"Organization\",\"@id\":\"https:\\\/\\\/www.ernanipolo.com.br\\\/wp\\\/#organization\",\"name\":\"Ernani Polo\",\"url\":\"https:\\\/\\\/www.ernanipolo.com.br\\\/wp\\\/\",\"logo\":{\"@type\":\"ImageObject\",\"inLanguage\":\"pt-BR\",\"@id\":\"https:\\\/\\\/www.ernanipolo.com.br\\\/wp\\\/#\\\/schema\\\/logo\\\/image\\\/\",\"url\":\"https:\\\/\\\/www.ernanipolo.com.br\\\/wp\\\/wp-content\\\/uploads\\\/2023\\\/09\\\/Logo-Azul-Ernani-Polo.png\",\"contentUrl\":\"https:\\\/\\\/www.ernanipolo.com.br\\\/wp\\\/wp-content\\\/uploads\\\/2023\\\/09\\\/Logo-Azul-Ernani-Polo.png\",\"width\":630,\"height\":162,\"caption\":\"Ernani Polo\"},\"image\":{\"@id\":\"https:\\\/\\\/www.ernanipolo.com.br\\\/wp\\\/#\\\/schema\\\/logo\\\/image\\\/\"}},{\"@type\":\"Person\",\"@id\":\"https:\\\/\\\/www.ernanipolo.com.br\\\/wp\\\/#\\\/schema\\\/person\\\/495081e5f89df1864e457bc25058eb32\",\"name\":\"Assessoria\",\"image\":{\"@type\":\"ImageObject\",\"inLanguage\":\"pt-BR\",\"@id\":\"https:\\\/\\\/secure.gravatar.com\\\/avatar\\\/fb9fbf9c7f51269c39fd7432c2ca37dcb848f2e01061b91c2515b159534f94f8?s=96&d=mm&r=g\",\"url\":\"https:\\\/\\\/secure.gravatar.com\\\/avatar\\\/fb9fbf9c7f51269c39fd7432c2ca37dcb848f2e01061b91c2515b159534f94f8?s=96&d=mm&r=g\",\"contentUrl\":\"https:\\\/\\\/secure.gravatar.com\\\/avatar\\\/fb9fbf9c7f51269c39fd7432c2ca37dcb848f2e01061b91c2515b159534f94f8?s=96&d=mm&r=g\",\"caption\":\"Assessoria\"},\"url\":\"https:\\\/\\\/www.ernanipolo.com.br\\\/wp\\\/author\\\/assessoria\\\/\"}]}<\/script>\n<!-- \/ Yoast SEO plugin. -->","yoast_head_json":{"title":"M\u00fasico Jo\u00e3o Luiz Corr\u00eaa \u00e9 homenageado com Medalha do M\u00e9rito Farroupilha - Ernani Polo","robots":{"index":"index","follow":"follow","max-snippet":"max-snippet:-1","max-image-preview":"max-image-preview:large","max-video-preview":"max-video-preview:-1"},"canonical":"https:\/\/www.ernanipolo.com.br\/wp\/musico-joao-luiz-correa-e-homenageado-com-medalha-do-merito-farroupilha\/","og_locale":"pt_BR","og_type":"article","og_title":"M\u00fasico Jo\u00e3o Luiz Corr\u00eaa \u00e9 homenageado com Medalha do M\u00e9rito Farroupilha - Ernani Polo","og_description":"O presidente da Assembleia Legislativa, Ernani Polo, entregou ao m\u00fasico Jo\u00e3o Luiz Corr\u00eaa, na noite desta segunda-feira (23), a Medalha &hellip; Continue reading M\u00fasico Jo\u00e3o Luiz Corr\u00eaa \u00e9 homenageado com Medalha do M\u00e9rito Farroupilha","og_url":"https:\/\/www.ernanipolo.com.br\/wp\/musico-joao-luiz-correa-e-homenageado-com-medalha-do-merito-farroupilha\/","og_site_name":"Ernani Polo","article_published_time":"2020-11-24T15:05:35+00:00","article_modified_time":"2020-11-24T15:12:12+00:00","og_image":[{"width":1240,"height":827,"url":"https:\/\/www.ernanipolo.com.br\/wp\/wp-content\/uploads\/2020\/11\/WhatsApp-Image-2020-11-23-at-20.13.11.jpeg","type":"image\/jpeg"}],"author":"Assessoria","twitter_card":"summary_large_image","twitter_misc":{"Escrito por":"Assessoria","Est. tempo de leitura":"3 minutos"},"schema":{"@context":"https:\/\/schema.org","@graph":[{"@type":"Article","@id":"https:\/\/www.ernanipolo.com.br\/wp\/musico-joao-luiz-correa-e-homenageado-com-medalha-do-merito-farroupilha\/#article","isPartOf":{"@id":"https:\/\/www.ernanipolo.com.br\/wp\/musico-joao-luiz-correa-e-homenageado-com-medalha-do-merito-farroupilha\/"},"author":{"name":"Assessoria","@id":"https:\/\/www.ernanipolo.com.br\/wp\/#\/schema\/person\/495081e5f89df1864e457bc25058eb32"},"headline":"M\u00fasico Jo\u00e3o Luiz Corr\u00eaa \u00e9 homenageado com Medalha do M\u00e9rito Farroupilha","datePublished":"2020-11-24T15:05:35+00:00","dateModified":"2020-11-24T15:12:12+00:00","mainEntityOfPage":{"@id":"https:\/\/www.ernanipolo.com.br\/wp\/musico-joao-luiz-correa-e-homenageado-com-medalha-do-merito-farroupilha\/"},"wordCount":600,"commentCount":0,"publisher":{"@id":"https:\/\/www.ernanipolo.com.br\/wp\/#organization"},"image":{"@id":"https:\/\/www.ernanipolo.com.br\/wp\/musico-joao-luiz-correa-e-homenageado-com-medalha-do-merito-farroupilha\/#primaryimage"},"thumbnailUrl":"https:\/\/www.ernanipolo.com.br\/wp\/wp-content\/uploads\/2020\/11\/WhatsApp-Image-2020-11-23-at-20.13.11.jpeg","keywords":["agricultura"],"articleSection":["Not\u00edcias","Destaque","agricultura"],"inLanguage":"pt-BR","potentialAction":[{"@type":"CommentAction","name":"Comment","target":["https:\/\/www.ernanipolo.com.br\/wp\/musico-joao-luiz-correa-e-homenageado-com-medalha-do-merito-farroupilha\/#respond"]}]},{"@type":"WebPage","@id":"https:\/\/www.ernanipolo.com.br\/wp\/musico-joao-luiz-correa-e-homenageado-com-medalha-do-merito-farroupilha\/","url":"https:\/\/www.ernanipolo.com.br\/wp\/musico-joao-luiz-correa-e-homenageado-com-medalha-do-merito-farroupilha\/","name":"M\u00fasico Jo\u00e3o Luiz Corr\u00eaa \u00e9 homenageado com Medalha do M\u00e9rito Farroupilha - Ernani Polo","isPartOf":{"@id":"https:\/\/www.ernanipolo.com.br\/wp\/#website"},"primaryImageOfPage":{"@id":"https:\/\/www.ernanipolo.com.br\/wp\/musico-joao-luiz-correa-e-homenageado-com-medalha-do-merito-farroupilha\/#primaryimage"},"image":{"@id":"https:\/\/www.ernanipolo.com.br\/wp\/musico-joao-luiz-correa-e-homenageado-com-medalha-do-merito-farroupilha\/#primaryimage"},"thumbnailUrl":"https:\/\/www.ernanipolo.com.br\/wp\/wp-content\/uploads\/2020\/11\/WhatsApp-Image-2020-11-23-at-20.13.11.jpeg","datePublished":"2020-11-24T15:05:35+00:00","dateModified":"2020-11-24T15:12:12+00:00","inLanguage":"pt-BR","potentialAction":[{"@type":"ReadAction","target":["https:\/\/www.ernanipolo.com.br\/wp\/musico-joao-luiz-correa-e-homenageado-com-medalha-do-merito-farroupilha\/"]}]},{"@type":"ImageObject","inLanguage":"pt-BR","@id":"https:\/\/www.ernanipolo.com.br\/wp\/musico-joao-luiz-correa-e-homenageado-com-medalha-do-merito-farroupilha\/#primaryimage","url":"https:\/\/www.ernanipolo.com.br\/wp\/wp-content\/uploads\/2020\/11\/WhatsApp-Image-2020-11-23-at-20.13.11.jpeg","contentUrl":"https:\/\/www.ernanipolo.com.br\/wp\/wp-content\/uploads\/2020\/11\/WhatsApp-Image-2020-11-23-at-20.13.11.jpeg","width":1240,"height":827},{"@type":"WebSite","@id":"https:\/\/www.ernanipolo.com.br\/wp\/#website","url":"https:\/\/www.ernanipolo.com.br\/wp\/","name":"Ernani Polo","description":"","publisher":{"@id":"https:\/\/www.ernanipolo.com.br\/wp\/#organization"},"potentialAction":[{"@type":"SearchAction","target":{"@type":"EntryPoint","urlTemplate":"https:\/\/www.ernanipolo.com.br\/wp\/?s={search_term_string}"},"query-input":{"@type":"PropertyValueSpecification","valueRequired":true,"valueName":"search_term_string"}}],"inLanguage":"pt-BR"},{"@type":"Organization","@id":"https:\/\/www.ernanipolo.com.br\/wp\/#organization","name":"Ernani Polo","url":"https:\/\/www.ernanipolo.com.br\/wp\/","logo":{"@type":"ImageObject","inLanguage":"pt-BR","@id":"https:\/\/www.ernanipolo.com.br\/wp\/#\/schema\/logo\/image\/","url":"https:\/\/www.ernanipolo.com.br\/wp\/wp-content\/uploads\/2023\/09\/Logo-Azul-Ernani-Polo.png","contentUrl":"https:\/\/www.ernanipolo.com.br\/wp\/wp-content\/uploads\/2023\/09\/Logo-Azul-Ernani-Polo.png","width":630,"height":162,"caption":"Ernani Polo"},"image":{"@id":"https:\/\/www.ernanipolo.com.br\/wp\/#\/schema\/logo\/image\/"}},{"@type":"Person","@id":"https:\/\/www.ernanipolo.com.br\/wp\/#\/schema\/person\/495081e5f89df1864e457bc25058eb32","name":"Assessoria","image":{"@type":"ImageObject","inLanguage":"pt-BR","@id":"https:\/\/secure.gravatar.com\/avatar\/fb9fbf9c7f51269c39fd7432c2ca37dcb848f2e01061b91c2515b159534f94f8?s=96&d=mm&r=g","url":"https:\/\/secure.gravatar.com\/avatar\/fb9fbf9c7f51269c39fd7432c2ca37dcb848f2e01061b91c2515b159534f94f8?s=96&d=mm&r=g","contentUrl":"https:\/\/secure.gravatar.com\/avatar\/fb9fbf9c7f51269c39fd7432c2ca37dcb848f2e01061b91c2515b159534f94f8?s=96&d=mm&r=g","caption":"Assessoria"},"url":"https:\/\/www.ernanipolo.com.br\/wp\/author\/assessoria\/"}]}},"jetpack_featured_media_url":"https:\/\/www.ernanipolo.com.br\/wp\/wp-content\/uploads\/2020\/11\/WhatsApp-Image-2020-11-23-at-20.13.11.jpeg","jetpack_sharing_enabled":true,"_links":{"self":[{"href":"https:\/\/www.ernanipolo.com.br\/wp\/wp-json\/wp\/v2\/posts\/4108","targetHints":{"allow":["GET"]}}],"collection":[{"href":"https:\/\/www.ernanipolo.com.br\/wp\/wp-json\/wp\/v2\/posts"}],"about":[{"href":"https:\/\/www.ernanipolo.com.br\/wp\/wp-json\/wp\/v2\/types\/post"}],"author":[{"embeddable":true,"href":"https:\/\/www.ernanipolo.com.br\/wp\/wp-json\/wp\/v2\/users\/3"}],"replies":[{"embeddable":true,"href":"https:\/\/www.ernanipolo.com.br\/wp\/wp-json\/wp\/v2\/comments?post=4108"}],"version-history":[{"count":0,"href":"https:\/\/www.ernanipolo.com.br\/wp\/wp-json\/wp\/v2\/posts\/4108\/revisions"}],"wp:featuredmedia":[{"embeddable":true,"href":"https:\/\/www.ernanipolo.com.br\/wp\/wp-json\/wp\/v2\/media\/4109"}],"wp:attachment":[{"href":"https:\/\/www.ernanipolo.com.br\/wp\/wp-json\/wp\/v2\/media?parent=4108"}],"wp:term":[{"taxonomy":"category","embeddable":true,"href":"https:\/\/www.ernanipolo.com.br\/wp\/wp-json\/wp\/v2\/categories?post=4108"},{"taxonomy":"post_tag","embeddable":true,"href":"https:\/\/www.ernanipolo.com.br\/wp\/wp-json\/wp\/v2\/tags?post=4108"}],"curies":[{"name":"wp","href":"https:\/\/api.w.org\/{rel}","templated":true}]}}