{"id":4096,"date":"2020-11-20T14:44:38","date_gmt":"2020-11-20T17:44:38","guid":{"rendered":"http:\/\/www.ernanipolo.com.br\/wp\/?p=4096"},"modified":"2020-11-20T14:44:38","modified_gmt":"2020-11-20T17:44:38","slug":"rs-zona-livre-aftosa-e-tema-de-videoconferencia-com-ministra-da-agricultura-tereza-cristina","status":"publish","type":"post","link":"https:\/\/www.ernanipolo.com.br\/wp\/rs-zona-livre-aftosa-e-tema-de-videoconferencia-com-ministra-da-agricultura-tereza-cristina\/","title":{"rendered":"RS Zona Livre Aftosa \u00e9 tema de videoconfer\u00eancia com ministra da Agricultura, Tereza Cristina"},"content":{"rendered":"<p>Sempre disposta e aberta a ouvir as demandas do Rio Grande do Sul, a ministra da Agricultura, Tereza Cristina, participou de videoconfer\u00eancia que intermediada pelo presidente da Assembleia Legislativa, deputado estadual Ernani Polo junto \u00e0 representantes do setor da prote\u00edna animal. O principal assunto foi o avan\u00e7o do status sanit\u00e1rio de zona livre de aftosa sem vacina\u00e7\u00e3o, que deve ser reconhecido pela OIE (Organiza\u00e7\u00e3o Mundial de Sa\u00fade Animal) em maio.<\/p>\n<p>O encontro virtual contou com a participa\u00e7\u00e3o dos secret\u00e1rios da Agricultura do RS, Covatti Filho, e do PR, Norberto Ortigara.<\/p>\n<p>O presidente Polo destacou que est\u00e1 foi uma oportunidade de trocar ideias com representantes de entidades da prote\u00edna animal, cooperativas e empresas sobre os pr\u00f3ximos passos e as medidas a serem tomadas. \u201dO objetivo \u00e9 antecipar-se ao reconhecimento e, desde j\u00e1, trabalhar pela amplia\u00e7\u00e3o dos mercados para os produtos ga\u00fachos\u201d, disse.<\/p>\n<p>A ministra Tereza Cristina avaliou que a abertura de mercados \u00e9 algo que leva tempo, mas comentou que \u00e9 poss\u00edvel montar um cronograma com todos os passos t\u00e9cnicos e comerciais que est\u00e3o pela frente. \u201cVamos verificar o que podemos antecipar para que, em maio, quando tivermos o reconhecimento, j\u00e1 tenhamos algumas coisas adiantadas\u201d, disse.<\/p>\n<p>O secret\u00e1rio de Defesa Animal do Minist\u00e9rio da Agricultura, Pecu\u00e1ria e Abastecimento, Jos\u00e9 Guilherme Leal, antecipou que ocorrer\u00e1 uma reuni\u00e3o do comit\u00ea cient\u00edfico da OIE em fevereiro, quando poder\u00e3o ser solicitadas novas informa\u00e7\u00f5es ao Brasil. At\u00e9 l\u00e1, segundo ele, o envolvimento dos produtores e do setor precisa ser mantido e aprimorado.<\/p>\n<p>Polo ressaltou ainda que o avan\u00e7o do status sanit\u00e1rio \u00e9 um reconhecimento ao trabalho \u00e1rduo de muita gente ao longo de 20 anos, uma coopera\u00e7\u00e3o entre os setores p\u00fablico e privado. \u201c\u00c9 uma prova de que os dois lados podem andar e avan\u00e7ar juntos.\u00a0N\u00e3o posso deixar de agradecer \u00e0 ministra Tereza Cristina pela atua\u00e7\u00e3o em prol do agro, um trabalho reconhecido em todo o pa\u00eds. Ficamos de marcar um novo encontro ampliado, no fim de fevereiro ou in\u00edcio de mar\u00e7o, para dar sequ\u00eancia ao assunto\u201c, destacou Ernani.<\/p>\n<p>&nbsp;<\/p>\n","protected":false},"excerpt":{"rendered":"<p>Sempre disposta e aberta a ouvir as demandas do Rio Grande do Sul, a ministra da Agricultura, Tereza Cristina, participou &hellip; <a href=\"https:\/\/www.ernanipolo.com.br\/wp\/rs-zona-livre-aftosa-e-tema-de-videoconferencia-com-ministra-da-agricultura-tereza-cristina\/\" class=\"more-link\">Continue reading <span class=\"screen-reader-text\">RS Zona Livre Aftosa \u00e9 tema de videoconfer\u00eancia com ministra da Agricultura, Tereza Cristina<\/span><\/a><\/p>\n","protected":false},"author":3,"featured_media":4097,"comment_status":"open","ping_status":"open","sticky":false,"template":"","format":"standard","meta":{"_acf_changed":false,"_jetpack_memberships_contains_paid_content":false,"footnotes":""},"categories":[37,45],"tags":[],"class_list":["post-4096","post","type-post","status-publish","format-standard","has-post-thumbnail","hentry","category-noticias","category-agricultura"],"acf":[],"yoast_head":"<!-- This site is optimized with the Yoast SEO plugin v27.5 - https:\/\/yoast.com\/product\/yoast-seo-wordpress\/ -->\n<title>RS Zona Livre Aftosa \u00e9 tema de videoconfer\u00eancia com ministra da Agricultura, Tereza Cristina - Ernani Polo<\/title>\n<meta name=\"robots\" content=\"index, follow, max-snippet:-1, max-image-preview:large, max-video-preview:-1\" \/>\n<link rel=\"canonical\" href=\"https:\/\/www.ernanipolo.com.br\/wp\/rs-zona-livre-aftosa-e-tema-de-videoconferencia-com-ministra-da-agricultura-tereza-cristina\/\" \/>\n<meta property=\"og:locale\" content=\"pt_BR\" \/>\n<meta property=\"og:type\" content=\"article\" \/>\n<meta property=\"og:title\" content=\"RS Zona Livre Aftosa \u00e9 tema de videoconfer\u00eancia com ministra da Agricultura, Tereza Cristina - Ernani Polo\" \/>\n<meta property=\"og:description\" content=\"Sempre disposta e aberta a ouvir as demandas do Rio Grande do Sul, a ministra da Agricultura, Tereza Cristina, participou &hellip; Continue reading RS Zona Livre Aftosa \u00e9 tema de videoconfer\u00eancia com ministra da Agricultura, Tereza Cristina\" \/>\n<meta property=\"og:url\" content=\"https:\/\/www.ernanipolo.com.br\/wp\/rs-zona-livre-aftosa-e-tema-de-videoconferencia-com-ministra-da-agricultura-tereza-cristina\/\" \/>\n<meta property=\"og:site_name\" content=\"Ernani Polo\" \/>\n<meta property=\"article:published_time\" content=\"2020-11-20T17:44:38+00:00\" \/>\n<meta property=\"og:image\" content=\"https:\/\/www.ernanipolo.com.br\/wp\/wp-content\/uploads\/2020\/11\/C267B1ED-7253-4D86-AAD4-278B57829906.jpeg\" \/>\n\t<meta property=\"og:image:width\" content=\"1240\" \/>\n\t<meta property=\"og:image:height\" content=\"827\" \/>\n\t<meta property=\"og:image:type\" content=\"image\/jpeg\" \/>\n<meta name=\"author\" content=\"Assessoria\" \/>\n<meta name=\"twitter:card\" content=\"summary_large_image\" \/>\n<meta name=\"twitter:label1\" content=\"Escrito por\" \/>\n\t<meta name=\"twitter:data1\" content=\"Assessoria\" \/>\n\t<meta name=\"twitter:label2\" content=\"Est. tempo de leitura\" \/>\n\t<meta name=\"twitter:data2\" content=\"2 minutos\" \/>\n<script type=\"application\/ld+json\" class=\"yoast-schema-graph\">{\"@context\":\"https:\\\/\\\/schema.org\",\"@graph\":[{\"@type\":\"Article\",\"@id\":\"https:\\\/\\\/www.ernanipolo.com.br\\\/wp\\\/rs-zona-livre-aftosa-e-tema-de-videoconferencia-com-ministra-da-agricultura-tereza-cristina\\\/#article\",\"isPartOf\":{\"@id\":\"https:\\\/\\\/www.ernanipolo.com.br\\\/wp\\\/rs-zona-livre-aftosa-e-tema-de-videoconferencia-com-ministra-da-agricultura-tereza-cristina\\\/\"},\"author\":{\"name\":\"Assessoria\",\"@id\":\"https:\\\/\\\/www.ernanipolo.com.br\\\/wp\\\/#\\\/schema\\\/person\\\/495081e5f89df1864e457bc25058eb32\"},\"headline\":\"RS Zona Livre Aftosa \u00e9 tema de videoconfer\u00eancia com ministra da Agricultura, Tereza Cristina\",\"datePublished\":\"2020-11-20T17:44:38+00:00\",\"mainEntityOfPage\":{\"@id\":\"https:\\\/\\\/www.ernanipolo.com.br\\\/wp\\\/rs-zona-livre-aftosa-e-tema-de-videoconferencia-com-ministra-da-agricultura-tereza-cristina\\\/\"},\"wordCount\":375,\"commentCount\":0,\"publisher\":{\"@id\":\"https:\\\/\\\/www.ernanipolo.com.br\\\/wp\\\/#organization\"},\"image\":{\"@id\":\"https:\\\/\\\/www.ernanipolo.com.br\\\/wp\\\/rs-zona-livre-aftosa-e-tema-de-videoconferencia-com-ministra-da-agricultura-tereza-cristina\\\/#primaryimage\"},\"thumbnailUrl\":\"https:\\\/\\\/www.ernanipolo.com.br\\\/wp\\\/wp-content\\\/uploads\\\/2020\\\/11\\\/C267B1ED-7253-4D86-AAD4-278B57829906.jpeg\",\"articleSection\":[\"Not\u00edcias\",\"agricultura\"],\"inLanguage\":\"pt-BR\",\"potentialAction\":[{\"@type\":\"CommentAction\",\"name\":\"Comment\",\"target\":[\"https:\\\/\\\/www.ernanipolo.com.br\\\/wp\\\/rs-zona-livre-aftosa-e-tema-de-videoconferencia-com-ministra-da-agricultura-tereza-cristina\\\/#respond\"]}]},{\"@type\":\"WebPage\",\"@id\":\"https:\\\/\\\/www.ernanipolo.com.br\\\/wp\\\/rs-zona-livre-aftosa-e-tema-de-videoconferencia-com-ministra-da-agricultura-tereza-cristina\\\/\",\"url\":\"https:\\\/\\\/www.ernanipolo.com.br\\\/wp\\\/rs-zona-livre-aftosa-e-tema-de-videoconferencia-com-ministra-da-agricultura-tereza-cristina\\\/\",\"name\":\"RS Zona Livre Aftosa \u00e9 tema de videoconfer\u00eancia com ministra da Agricultura, Tereza Cristina - Ernani Polo\",\"isPartOf\":{\"@id\":\"https:\\\/\\\/www.ernanipolo.com.br\\\/wp\\\/#website\"},\"primaryImageOfPage\":{\"@id\":\"https:\\\/\\\/www.ernanipolo.com.br\\\/wp\\\/rs-zona-livre-aftosa-e-tema-de-videoconferencia-com-ministra-da-agricultura-tereza-cristina\\\/#primaryimage\"},\"image\":{\"@id\":\"https:\\\/\\\/www.ernanipolo.com.br\\\/wp\\\/rs-zona-livre-aftosa-e-tema-de-videoconferencia-com-ministra-da-agricultura-tereza-cristina\\\/#primaryimage\"},\"thumbnailUrl\":\"https:\\\/\\\/www.ernanipolo.com.br\\\/wp\\\/wp-content\\\/uploads\\\/2020\\\/11\\\/C267B1ED-7253-4D86-AAD4-278B57829906.jpeg\",\"datePublished\":\"2020-11-20T17:44:38+00:00\",\"inLanguage\":\"pt-BR\",\"potentialAction\":[{\"@type\":\"ReadAction\",\"target\":[\"https:\\\/\\\/www.ernanipolo.com.br\\\/wp\\\/rs-zona-livre-aftosa-e-tema-de-videoconferencia-com-ministra-da-agricultura-tereza-cristina\\\/\"]}]},{\"@type\":\"ImageObject\",\"inLanguage\":\"pt-BR\",\"@id\":\"https:\\\/\\\/www.ernanipolo.com.br\\\/wp\\\/rs-zona-livre-aftosa-e-tema-de-videoconferencia-com-ministra-da-agricultura-tereza-cristina\\\/#primaryimage\",\"url\":\"https:\\\/\\\/www.ernanipolo.com.br\\\/wp\\\/wp-content\\\/uploads\\\/2020\\\/11\\\/C267B1ED-7253-4D86-AAD4-278B57829906.jpeg\",\"contentUrl\":\"https:\\\/\\\/www.ernanipolo.com.br\\\/wp\\\/wp-content\\\/uploads\\\/2020\\\/11\\\/C267B1ED-7253-4D86-AAD4-278B57829906.jpeg\",\"width\":1240,\"height\":827},{\"@type\":\"WebSite\",\"@id\":\"https:\\\/\\\/www.ernanipolo.com.br\\\/wp\\\/#website\",\"url\":\"https:\\\/\\\/www.ernanipolo.com.br\\\/wp\\\/\",\"name\":\"Ernani Polo\",\"description\":\"\",\"publisher\":{\"@id\":\"https:\\\/\\\/www.ernanipolo.com.br\\\/wp\\\/#organization\"},\"potentialAction\":[{\"@type\":\"SearchAction\",\"target\":{\"@type\":\"EntryPoint\",\"urlTemplate\":\"https:\\\/\\\/www.ernanipolo.com.br\\\/wp\\\/?s={search_term_string}\"},\"query-input\":{\"@type\":\"PropertyValueSpecification\",\"valueRequired\":true,\"valueName\":\"search_term_string\"}}],\"inLanguage\":\"pt-BR\"},{\"@type\":\"Organization\",\"@id\":\"https:\\\/\\\/www.ernanipolo.com.br\\\/wp\\\/#organization\",\"name\":\"Ernani Polo\",\"url\":\"https:\\\/\\\/www.ernanipolo.com.br\\\/wp\\\/\",\"logo\":{\"@type\":\"ImageObject\",\"inLanguage\":\"pt-BR\",\"@id\":\"https:\\\/\\\/www.ernanipolo.com.br\\\/wp\\\/#\\\/schema\\\/logo\\\/image\\\/\",\"url\":\"https:\\\/\\\/www.ernanipolo.com.br\\\/wp\\\/wp-content\\\/uploads\\\/2023\\\/09\\\/Logo-Azul-Ernani-Polo.png\",\"contentUrl\":\"https:\\\/\\\/www.ernanipolo.com.br\\\/wp\\\/wp-content\\\/uploads\\\/2023\\\/09\\\/Logo-Azul-Ernani-Polo.png\",\"width\":630,\"height\":162,\"caption\":\"Ernani Polo\"},\"image\":{\"@id\":\"https:\\\/\\\/www.ernanipolo.com.br\\\/wp\\\/#\\\/schema\\\/logo\\\/image\\\/\"}},{\"@type\":\"Person\",\"@id\":\"https:\\\/\\\/www.ernanipolo.com.br\\\/wp\\\/#\\\/schema\\\/person\\\/495081e5f89df1864e457bc25058eb32\",\"name\":\"Assessoria\",\"image\":{\"@type\":\"ImageObject\",\"inLanguage\":\"pt-BR\",\"@id\":\"https:\\\/\\\/secure.gravatar.com\\\/avatar\\\/fb9fbf9c7f51269c39fd7432c2ca37dcb848f2e01061b91c2515b159534f94f8?s=96&d=mm&r=g\",\"url\":\"https:\\\/\\\/secure.gravatar.com\\\/avatar\\\/fb9fbf9c7f51269c39fd7432c2ca37dcb848f2e01061b91c2515b159534f94f8?s=96&d=mm&r=g\",\"contentUrl\":\"https:\\\/\\\/secure.gravatar.com\\\/avatar\\\/fb9fbf9c7f51269c39fd7432c2ca37dcb848f2e01061b91c2515b159534f94f8?s=96&d=mm&r=g\",\"caption\":\"Assessoria\"},\"url\":\"https:\\\/\\\/www.ernanipolo.com.br\\\/wp\\\/author\\\/assessoria\\\/\"}]}<\/script>\n<!-- \/ Yoast SEO plugin. -->","yoast_head_json":{"title":"RS Zona Livre Aftosa \u00e9 tema de videoconfer\u00eancia com ministra da Agricultura, Tereza Cristina - Ernani Polo","robots":{"index":"index","follow":"follow","max-snippet":"max-snippet:-1","max-image-preview":"max-image-preview:large","max-video-preview":"max-video-preview:-1"},"canonical":"https:\/\/www.ernanipolo.com.br\/wp\/rs-zona-livre-aftosa-e-tema-de-videoconferencia-com-ministra-da-agricultura-tereza-cristina\/","og_locale":"pt_BR","og_type":"article","og_title":"RS Zona Livre Aftosa \u00e9 tema de videoconfer\u00eancia com ministra da Agricultura, Tereza Cristina - Ernani Polo","og_description":"Sempre disposta e aberta a ouvir as demandas do Rio Grande do Sul, a ministra da Agricultura, Tereza Cristina, participou &hellip; Continue reading RS Zona Livre Aftosa \u00e9 tema de videoconfer\u00eancia com ministra da Agricultura, Tereza Cristina","og_url":"https:\/\/www.ernanipolo.com.br\/wp\/rs-zona-livre-aftosa-e-tema-de-videoconferencia-com-ministra-da-agricultura-tereza-cristina\/","og_site_name":"Ernani Polo","article_published_time":"2020-11-20T17:44:38+00:00","og_image":[{"width":1240,"height":827,"url":"https:\/\/www.ernanipolo.com.br\/wp\/wp-content\/uploads\/2020\/11\/C267B1ED-7253-4D86-AAD4-278B57829906.jpeg","type":"image\/jpeg"}],"author":"Assessoria","twitter_card":"summary_large_image","twitter_misc":{"Escrito por":"Assessoria","Est. tempo de leitura":"2 minutos"},"schema":{"@context":"https:\/\/schema.org","@graph":[{"@type":"Article","@id":"https:\/\/www.ernanipolo.com.br\/wp\/rs-zona-livre-aftosa-e-tema-de-videoconferencia-com-ministra-da-agricultura-tereza-cristina\/#article","isPartOf":{"@id":"https:\/\/www.ernanipolo.com.br\/wp\/rs-zona-livre-aftosa-e-tema-de-videoconferencia-com-ministra-da-agricultura-tereza-cristina\/"},"author":{"name":"Assessoria","@id":"https:\/\/www.ernanipolo.com.br\/wp\/#\/schema\/person\/495081e5f89df1864e457bc25058eb32"},"headline":"RS Zona Livre Aftosa \u00e9 tema de videoconfer\u00eancia com ministra da Agricultura, Tereza Cristina","datePublished":"2020-11-20T17:44:38+00:00","mainEntityOfPage":{"@id":"https:\/\/www.ernanipolo.com.br\/wp\/rs-zona-livre-aftosa-e-tema-de-videoconferencia-com-ministra-da-agricultura-tereza-cristina\/"},"wordCount":375,"commentCount":0,"publisher":{"@id":"https:\/\/www.ernanipolo.com.br\/wp\/#organization"},"image":{"@id":"https:\/\/www.ernanipolo.com.br\/wp\/rs-zona-livre-aftosa-e-tema-de-videoconferencia-com-ministra-da-agricultura-tereza-cristina\/#primaryimage"},"thumbnailUrl":"https:\/\/www.ernanipolo.com.br\/wp\/wp-content\/uploads\/2020\/11\/C267B1ED-7253-4D86-AAD4-278B57829906.jpeg","articleSection":["Not\u00edcias","agricultura"],"inLanguage":"pt-BR","potentialAction":[{"@type":"CommentAction","name":"Comment","target":["https:\/\/www.ernanipolo.com.br\/wp\/rs-zona-livre-aftosa-e-tema-de-videoconferencia-com-ministra-da-agricultura-tereza-cristina\/#respond"]}]},{"@type":"WebPage","@id":"https:\/\/www.ernanipolo.com.br\/wp\/rs-zona-livre-aftosa-e-tema-de-videoconferencia-com-ministra-da-agricultura-tereza-cristina\/","url":"https:\/\/www.ernanipolo.com.br\/wp\/rs-zona-livre-aftosa-e-tema-de-videoconferencia-com-ministra-da-agricultura-tereza-cristina\/","name":"RS Zona Livre Aftosa \u00e9 tema de videoconfer\u00eancia com ministra da Agricultura, Tereza Cristina - Ernani Polo","isPartOf":{"@id":"https:\/\/www.ernanipolo.com.br\/wp\/#website"},"primaryImageOfPage":{"@id":"https:\/\/www.ernanipolo.com.br\/wp\/rs-zona-livre-aftosa-e-tema-de-videoconferencia-com-ministra-da-agricultura-tereza-cristina\/#primaryimage"},"image":{"@id":"https:\/\/www.ernanipolo.com.br\/wp\/rs-zona-livre-aftosa-e-tema-de-videoconferencia-com-ministra-da-agricultura-tereza-cristina\/#primaryimage"},"thumbnailUrl":"https:\/\/www.ernanipolo.com.br\/wp\/wp-content\/uploads\/2020\/11\/C267B1ED-7253-4D86-AAD4-278B57829906.jpeg","datePublished":"2020-11-20T17:44:38+00:00","inLanguage":"pt-BR","potentialAction":[{"@type":"ReadAction","target":["https:\/\/www.ernanipolo.com.br\/wp\/rs-zona-livre-aftosa-e-tema-de-videoconferencia-com-ministra-da-agricultura-tereza-cristina\/"]}]},{"@type":"ImageObject","inLanguage":"pt-BR","@id":"https:\/\/www.ernanipolo.com.br\/wp\/rs-zona-livre-aftosa-e-tema-de-videoconferencia-com-ministra-da-agricultura-tereza-cristina\/#primaryimage","url":"https:\/\/www.ernanipolo.com.br\/wp\/wp-content\/uploads\/2020\/11\/C267B1ED-7253-4D86-AAD4-278B57829906.jpeg","contentUrl":"https:\/\/www.ernanipolo.com.br\/wp\/wp-content\/uploads\/2020\/11\/C267B1ED-7253-4D86-AAD4-278B57829906.jpeg","width":1240,"height":827},{"@type":"WebSite","@id":"https:\/\/www.ernanipolo.com.br\/wp\/#website","url":"https:\/\/www.ernanipolo.com.br\/wp\/","name":"Ernani Polo","description":"","publisher":{"@id":"https:\/\/www.ernanipolo.com.br\/wp\/#organization"},"potentialAction":[{"@type":"SearchAction","target":{"@type":"EntryPoint","urlTemplate":"https:\/\/www.ernanipolo.com.br\/wp\/?s={search_term_string}"},"query-input":{"@type":"PropertyValueSpecification","valueRequired":true,"valueName":"search_term_string"}}],"inLanguage":"pt-BR"},{"@type":"Organization","@id":"https:\/\/www.ernanipolo.com.br\/wp\/#organization","name":"Ernani Polo","url":"https:\/\/www.ernanipolo.com.br\/wp\/","logo":{"@type":"ImageObject","inLanguage":"pt-BR","@id":"https:\/\/www.ernanipolo.com.br\/wp\/#\/schema\/logo\/image\/","url":"https:\/\/www.ernanipolo.com.br\/wp\/wp-content\/uploads\/2023\/09\/Logo-Azul-Ernani-Polo.png","contentUrl":"https:\/\/www.ernanipolo.com.br\/wp\/wp-content\/uploads\/2023\/09\/Logo-Azul-Ernani-Polo.png","width":630,"height":162,"caption":"Ernani Polo"},"image":{"@id":"https:\/\/www.ernanipolo.com.br\/wp\/#\/schema\/logo\/image\/"}},{"@type":"Person","@id":"https:\/\/www.ernanipolo.com.br\/wp\/#\/schema\/person\/495081e5f89df1864e457bc25058eb32","name":"Assessoria","image":{"@type":"ImageObject","inLanguage":"pt-BR","@id":"https:\/\/secure.gravatar.com\/avatar\/fb9fbf9c7f51269c39fd7432c2ca37dcb848f2e01061b91c2515b159534f94f8?s=96&d=mm&r=g","url":"https:\/\/secure.gravatar.com\/avatar\/fb9fbf9c7f51269c39fd7432c2ca37dcb848f2e01061b91c2515b159534f94f8?s=96&d=mm&r=g","contentUrl":"https:\/\/secure.gravatar.com\/avatar\/fb9fbf9c7f51269c39fd7432c2ca37dcb848f2e01061b91c2515b159534f94f8?s=96&d=mm&r=g","caption":"Assessoria"},"url":"https:\/\/www.ernanipolo.com.br\/wp\/author\/assessoria\/"}]}},"jetpack_featured_media_url":"https:\/\/www.ernanipolo.com.br\/wp\/wp-content\/uploads\/2020\/11\/C267B1ED-7253-4D86-AAD4-278B57829906.jpeg","jetpack_sharing_enabled":true,"_links":{"self":[{"href":"https:\/\/www.ernanipolo.com.br\/wp\/wp-json\/wp\/v2\/posts\/4096","targetHints":{"allow":["GET"]}}],"collection":[{"href":"https:\/\/www.ernanipolo.com.br\/wp\/wp-json\/wp\/v2\/posts"}],"about":[{"href":"https:\/\/www.ernanipolo.com.br\/wp\/wp-json\/wp\/v2\/types\/post"}],"author":[{"embeddable":true,"href":"https:\/\/www.ernanipolo.com.br\/wp\/wp-json\/wp\/v2\/users\/3"}],"replies":[{"embeddable":true,"href":"https:\/\/www.ernanipolo.com.br\/wp\/wp-json\/wp\/v2\/comments?post=4096"}],"version-history":[{"count":0,"href":"https:\/\/www.ernanipolo.com.br\/wp\/wp-json\/wp\/v2\/posts\/4096\/revisions"}],"wp:featuredmedia":[{"embeddable":true,"href":"https:\/\/www.ernanipolo.com.br\/wp\/wp-json\/wp\/v2\/media\/4097"}],"wp:attachment":[{"href":"https:\/\/www.ernanipolo.com.br\/wp\/wp-json\/wp\/v2\/media?parent=4096"}],"wp:term":[{"taxonomy":"category","embeddable":true,"href":"https:\/\/www.ernanipolo.com.br\/wp\/wp-json\/wp\/v2\/categories?post=4096"},{"taxonomy":"post_tag","embeddable":true,"href":"https:\/\/www.ernanipolo.com.br\/wp\/wp-json\/wp\/v2\/tags?post=4096"}],"curies":[{"name":"wp","href":"https:\/\/api.w.org\/{rel}","templated":true}]}}