{"id":3692,"date":"2020-09-17T17:11:14","date_gmt":"2020-09-17T20:11:14","guid":{"rendered":"http:\/\/www.ernanipolo.com.br\/wp\/?p=3692"},"modified":"2020-09-17T17:11:14","modified_gmt":"2020-09-17T20:11:14","slug":"presidente-da-assembleia-legislativa-deputado-ernani-polo-e-retratado-em-obra-de-artista-plastico","status":"publish","type":"post","link":"https:\/\/www.ernanipolo.com.br\/wp\/presidente-da-assembleia-legislativa-deputado-ernani-polo-e-retratado-em-obra-de-artista-plastico\/","title":{"rendered":"Presidente da Assembleia Legislativa, deputado Ernani Polo, \u00e9 retratado em obra de artista pl\u00e1stico"},"content":{"rendered":"<p>&nbsp;<\/p>\n<p>Nesta quinta-feira (17), o presidente da Assembleia Legislativa, deputado Ernani Polo, recebeu em seu gabinete, a visita de Felipe Gerling, do Grupo Meu Voto Inteligente e Revista Lideran\u00e7as, acompanhado de seu primo, o artista pl\u00e1stico Eduardo Mattos Carlesso, que pintou um quadro representando o deputado desempenhando seu trabalho \u00e0 frente do Parlamento.<\/p>\n<p>Ernani Polo sentiu-se lisonjeado com a homenagem do artista: &#8220;Uma grande honra ser retratado por um artista t\u00e3o talentoso! Desejo muito sucesso ao Eduardo em sua trajet\u00f3ria! Muito obrigado!&#8221;, manifestou o parlamentar.<\/p>\n<p>&#8220;A arte est\u00e1 na sensibilidade em poder transmitir a imagem do deputado Ernani Polo, diante deste momento \u00edmpar de nossa hist\u00f3ria. Fui o primeiro artista a retratar a imagem do presidente da Assembleia Legislativa&#8221;, destacou Eduardo.<\/p>\n<p>Para Felipe Gerling, o quadro simboliza o protagonismo do deputado Ernani Polo na condu\u00e7\u00e3o do Parlamento ga\u00facho diante deste momento dif\u00edcil. &#8220;O artista conseguiu inserir na imagem toda a for\u00e7a do trabalho que Ernani Polo vem desempenhando na Assembleia Legislativa no enfrentamento da pandemia. Estamos muito orgulhosos de sua gest\u00e3o&#8221;, manifestou Gerling.<\/p>\n","protected":false},"excerpt":{"rendered":"<p>&nbsp; Nesta quinta-feira (17), o presidente da Assembleia Legislativa, deputado Ernani Polo, recebeu em seu gabinete, a visita de Felipe &hellip; <a href=\"https:\/\/www.ernanipolo.com.br\/wp\/presidente-da-assembleia-legislativa-deputado-ernani-polo-e-retratado-em-obra-de-artista-plastico\/\" class=\"more-link\">Continue reading <span class=\"screen-reader-text\">Presidente da Assembleia Legislativa, deputado Ernani Polo, \u00e9 retratado em obra de artista pl\u00e1stico<\/span><\/a><\/p>\n","protected":false},"author":3,"featured_media":3693,"comment_status":"open","ping_status":"open","sticky":false,"template":"","format":"standard","meta":{"_acf_changed":false,"_jetpack_memberships_contains_paid_content":false,"footnotes":""},"categories":[37,39,45],"tags":[40],"class_list":["post-3692","post","type-post","status-publish","format-standard","has-post-thumbnail","hentry","category-noticias","category-destaque","category-agricultura","tag-agricultura"],"acf":[],"yoast_head":"<!-- This site is optimized with the Yoast SEO plugin v27.5 - https:\/\/yoast.com\/product\/yoast-seo-wordpress\/ -->\n<title>Presidente da Assembleia Legislativa, deputado Ernani Polo, \u00e9 retratado em obra de artista pl\u00e1stico - Ernani Polo<\/title>\n<meta name=\"robots\" content=\"index, follow, max-snippet:-1, max-image-preview:large, max-video-preview:-1\" \/>\n<link rel=\"canonical\" href=\"https:\/\/www.ernanipolo.com.br\/wp\/presidente-da-assembleia-legislativa-deputado-ernani-polo-e-retratado-em-obra-de-artista-plastico\/\" \/>\n<meta property=\"og:locale\" content=\"pt_BR\" \/>\n<meta property=\"og:type\" content=\"article\" \/>\n<meta property=\"og:title\" content=\"Presidente da Assembleia Legislativa, deputado Ernani Polo, \u00e9 retratado em obra de artista pl\u00e1stico - Ernani Polo\" \/>\n<meta property=\"og:description\" content=\"&nbsp; Nesta quinta-feira (17), o presidente da Assembleia Legislativa, deputado Ernani Polo, recebeu em seu gabinete, a visita de Felipe &hellip; Continue reading Presidente da Assembleia Legislativa, deputado Ernani Polo, \u00e9 retratado em obra de artista pl\u00e1stico\" \/>\n<meta property=\"og:url\" content=\"https:\/\/www.ernanipolo.com.br\/wp\/presidente-da-assembleia-legislativa-deputado-ernani-polo-e-retratado-em-obra-de-artista-plastico\/\" \/>\n<meta property=\"og:site_name\" content=\"Ernani Polo\" \/>\n<meta property=\"article:published_time\" content=\"2020-09-17T20:11:14+00:00\" \/>\n<meta property=\"og:image\" content=\"https:\/\/www.ernanipolo.com.br\/wp\/wp-content\/uploads\/2020\/09\/WhatsApp-Image-2020-09-17-at-11.53.52-1.jpeg\" \/>\n\t<meta property=\"og:image:width\" content=\"1280\" \/>\n\t<meta property=\"og:image:height\" content=\"853\" \/>\n\t<meta property=\"og:image:type\" content=\"image\/jpeg\" \/>\n<meta name=\"author\" content=\"Assessoria\" \/>\n<meta name=\"twitter:card\" content=\"summary_large_image\" \/>\n<meta name=\"twitter:label1\" content=\"Escrito por\" \/>\n\t<meta name=\"twitter:data1\" content=\"Assessoria\" \/>\n\t<meta name=\"twitter:label2\" content=\"Est. tempo de leitura\" \/>\n\t<meta name=\"twitter:data2\" content=\"1 minuto\" \/>\n<script type=\"application\/ld+json\" class=\"yoast-schema-graph\">{\"@context\":\"https:\\\/\\\/schema.org\",\"@graph\":[{\"@type\":\"Article\",\"@id\":\"https:\\\/\\\/www.ernanipolo.com.br\\\/wp\\\/presidente-da-assembleia-legislativa-deputado-ernani-polo-e-retratado-em-obra-de-artista-plastico\\\/#article\",\"isPartOf\":{\"@id\":\"https:\\\/\\\/www.ernanipolo.com.br\\\/wp\\\/presidente-da-assembleia-legislativa-deputado-ernani-polo-e-retratado-em-obra-de-artista-plastico\\\/\"},\"author\":{\"name\":\"Assessoria\",\"@id\":\"https:\\\/\\\/www.ernanipolo.com.br\\\/wp\\\/#\\\/schema\\\/person\\\/495081e5f89df1864e457bc25058eb32\"},\"headline\":\"Presidente da Assembleia Legislativa, deputado Ernani Polo, \u00e9 retratado em obra de artista pl\u00e1stico\",\"datePublished\":\"2020-09-17T20:11:14+00:00\",\"mainEntityOfPage\":{\"@id\":\"https:\\\/\\\/www.ernanipolo.com.br\\\/wp\\\/presidente-da-assembleia-legislativa-deputado-ernani-polo-e-retratado-em-obra-de-artista-plastico\\\/\"},\"wordCount\":195,\"commentCount\":0,\"publisher\":{\"@id\":\"https:\\\/\\\/www.ernanipolo.com.br\\\/wp\\\/#organization\"},\"image\":{\"@id\":\"https:\\\/\\\/www.ernanipolo.com.br\\\/wp\\\/presidente-da-assembleia-legislativa-deputado-ernani-polo-e-retratado-em-obra-de-artista-plastico\\\/#primaryimage\"},\"thumbnailUrl\":\"https:\\\/\\\/www.ernanipolo.com.br\\\/wp\\\/wp-content\\\/uploads\\\/2020\\\/09\\\/WhatsApp-Image-2020-09-17-at-11.53.52-1.jpeg\",\"keywords\":[\"agricultura\"],\"articleSection\":[\"Not\u00edcias\",\"Destaque\",\"agricultura\"],\"inLanguage\":\"pt-BR\",\"potentialAction\":[{\"@type\":\"CommentAction\",\"name\":\"Comment\",\"target\":[\"https:\\\/\\\/www.ernanipolo.com.br\\\/wp\\\/presidente-da-assembleia-legislativa-deputado-ernani-polo-e-retratado-em-obra-de-artista-plastico\\\/#respond\"]}]},{\"@type\":\"WebPage\",\"@id\":\"https:\\\/\\\/www.ernanipolo.com.br\\\/wp\\\/presidente-da-assembleia-legislativa-deputado-ernani-polo-e-retratado-em-obra-de-artista-plastico\\\/\",\"url\":\"https:\\\/\\\/www.ernanipolo.com.br\\\/wp\\\/presidente-da-assembleia-legislativa-deputado-ernani-polo-e-retratado-em-obra-de-artista-plastico\\\/\",\"name\":\"Presidente da Assembleia Legislativa, deputado Ernani Polo, \u00e9 retratado em obra de artista pl\u00e1stico - Ernani Polo\",\"isPartOf\":{\"@id\":\"https:\\\/\\\/www.ernanipolo.com.br\\\/wp\\\/#website\"},\"primaryImageOfPage\":{\"@id\":\"https:\\\/\\\/www.ernanipolo.com.br\\\/wp\\\/presidente-da-assembleia-legislativa-deputado-ernani-polo-e-retratado-em-obra-de-artista-plastico\\\/#primaryimage\"},\"image\":{\"@id\":\"https:\\\/\\\/www.ernanipolo.com.br\\\/wp\\\/presidente-da-assembleia-legislativa-deputado-ernani-polo-e-retratado-em-obra-de-artista-plastico\\\/#primaryimage\"},\"thumbnailUrl\":\"https:\\\/\\\/www.ernanipolo.com.br\\\/wp\\\/wp-content\\\/uploads\\\/2020\\\/09\\\/WhatsApp-Image-2020-09-17-at-11.53.52-1.jpeg\",\"datePublished\":\"2020-09-17T20:11:14+00:00\",\"inLanguage\":\"pt-BR\",\"potentialAction\":[{\"@type\":\"ReadAction\",\"target\":[\"https:\\\/\\\/www.ernanipolo.com.br\\\/wp\\\/presidente-da-assembleia-legislativa-deputado-ernani-polo-e-retratado-em-obra-de-artista-plastico\\\/\"]}]},{\"@type\":\"ImageObject\",\"inLanguage\":\"pt-BR\",\"@id\":\"https:\\\/\\\/www.ernanipolo.com.br\\\/wp\\\/presidente-da-assembleia-legislativa-deputado-ernani-polo-e-retratado-em-obra-de-artista-plastico\\\/#primaryimage\",\"url\":\"https:\\\/\\\/www.ernanipolo.com.br\\\/wp\\\/wp-content\\\/uploads\\\/2020\\\/09\\\/WhatsApp-Image-2020-09-17-at-11.53.52-1.jpeg\",\"contentUrl\":\"https:\\\/\\\/www.ernanipolo.com.br\\\/wp\\\/wp-content\\\/uploads\\\/2020\\\/09\\\/WhatsApp-Image-2020-09-17-at-11.53.52-1.jpeg\",\"width\":1280,\"height\":853},{\"@type\":\"WebSite\",\"@id\":\"https:\\\/\\\/www.ernanipolo.com.br\\\/wp\\\/#website\",\"url\":\"https:\\\/\\\/www.ernanipolo.com.br\\\/wp\\\/\",\"name\":\"Ernani Polo\",\"description\":\"\",\"publisher\":{\"@id\":\"https:\\\/\\\/www.ernanipolo.com.br\\\/wp\\\/#organization\"},\"potentialAction\":[{\"@type\":\"SearchAction\",\"target\":{\"@type\":\"EntryPoint\",\"urlTemplate\":\"https:\\\/\\\/www.ernanipolo.com.br\\\/wp\\\/?s={search_term_string}\"},\"query-input\":{\"@type\":\"PropertyValueSpecification\",\"valueRequired\":true,\"valueName\":\"search_term_string\"}}],\"inLanguage\":\"pt-BR\"},{\"@type\":\"Organization\",\"@id\":\"https:\\\/\\\/www.ernanipolo.com.br\\\/wp\\\/#organization\",\"name\":\"Ernani Polo\",\"url\":\"https:\\\/\\\/www.ernanipolo.com.br\\\/wp\\\/\",\"logo\":{\"@type\":\"ImageObject\",\"inLanguage\":\"pt-BR\",\"@id\":\"https:\\\/\\\/www.ernanipolo.com.br\\\/wp\\\/#\\\/schema\\\/logo\\\/image\\\/\",\"url\":\"https:\\\/\\\/www.ernanipolo.com.br\\\/wp\\\/wp-content\\\/uploads\\\/2023\\\/09\\\/Logo-Azul-Ernani-Polo.png\",\"contentUrl\":\"https:\\\/\\\/www.ernanipolo.com.br\\\/wp\\\/wp-content\\\/uploads\\\/2023\\\/09\\\/Logo-Azul-Ernani-Polo.png\",\"width\":630,\"height\":162,\"caption\":\"Ernani Polo\"},\"image\":{\"@id\":\"https:\\\/\\\/www.ernanipolo.com.br\\\/wp\\\/#\\\/schema\\\/logo\\\/image\\\/\"}},{\"@type\":\"Person\",\"@id\":\"https:\\\/\\\/www.ernanipolo.com.br\\\/wp\\\/#\\\/schema\\\/person\\\/495081e5f89df1864e457bc25058eb32\",\"name\":\"Assessoria\",\"image\":{\"@type\":\"ImageObject\",\"inLanguage\":\"pt-BR\",\"@id\":\"https:\\\/\\\/secure.gravatar.com\\\/avatar\\\/fb9fbf9c7f51269c39fd7432c2ca37dcb848f2e01061b91c2515b159534f94f8?s=96&d=mm&r=g\",\"url\":\"https:\\\/\\\/secure.gravatar.com\\\/avatar\\\/fb9fbf9c7f51269c39fd7432c2ca37dcb848f2e01061b91c2515b159534f94f8?s=96&d=mm&r=g\",\"contentUrl\":\"https:\\\/\\\/secure.gravatar.com\\\/avatar\\\/fb9fbf9c7f51269c39fd7432c2ca37dcb848f2e01061b91c2515b159534f94f8?s=96&d=mm&r=g\",\"caption\":\"Assessoria\"},\"url\":\"https:\\\/\\\/www.ernanipolo.com.br\\\/wp\\\/author\\\/assessoria\\\/\"}]}<\/script>\n<!-- \/ Yoast SEO plugin. -->","yoast_head_json":{"title":"Presidente da Assembleia Legislativa, deputado Ernani Polo, \u00e9 retratado em obra de artista pl\u00e1stico - Ernani Polo","robots":{"index":"index","follow":"follow","max-snippet":"max-snippet:-1","max-image-preview":"max-image-preview:large","max-video-preview":"max-video-preview:-1"},"canonical":"https:\/\/www.ernanipolo.com.br\/wp\/presidente-da-assembleia-legislativa-deputado-ernani-polo-e-retratado-em-obra-de-artista-plastico\/","og_locale":"pt_BR","og_type":"article","og_title":"Presidente da Assembleia Legislativa, deputado Ernani Polo, \u00e9 retratado em obra de artista pl\u00e1stico - Ernani Polo","og_description":"&nbsp; Nesta quinta-feira (17), o presidente da Assembleia Legislativa, deputado Ernani Polo, recebeu em seu gabinete, a visita de Felipe &hellip; Continue reading Presidente da Assembleia Legislativa, deputado Ernani Polo, \u00e9 retratado em obra de artista pl\u00e1stico","og_url":"https:\/\/www.ernanipolo.com.br\/wp\/presidente-da-assembleia-legislativa-deputado-ernani-polo-e-retratado-em-obra-de-artista-plastico\/","og_site_name":"Ernani Polo","article_published_time":"2020-09-17T20:11:14+00:00","og_image":[{"width":1280,"height":853,"url":"https:\/\/www.ernanipolo.com.br\/wp\/wp-content\/uploads\/2020\/09\/WhatsApp-Image-2020-09-17-at-11.53.52-1.jpeg","type":"image\/jpeg"}],"author":"Assessoria","twitter_card":"summary_large_image","twitter_misc":{"Escrito por":"Assessoria","Est. tempo de leitura":"1 minuto"},"schema":{"@context":"https:\/\/schema.org","@graph":[{"@type":"Article","@id":"https:\/\/www.ernanipolo.com.br\/wp\/presidente-da-assembleia-legislativa-deputado-ernani-polo-e-retratado-em-obra-de-artista-plastico\/#article","isPartOf":{"@id":"https:\/\/www.ernanipolo.com.br\/wp\/presidente-da-assembleia-legislativa-deputado-ernani-polo-e-retratado-em-obra-de-artista-plastico\/"},"author":{"name":"Assessoria","@id":"https:\/\/www.ernanipolo.com.br\/wp\/#\/schema\/person\/495081e5f89df1864e457bc25058eb32"},"headline":"Presidente da Assembleia Legislativa, deputado Ernani Polo, \u00e9 retratado em obra de artista pl\u00e1stico","datePublished":"2020-09-17T20:11:14+00:00","mainEntityOfPage":{"@id":"https:\/\/www.ernanipolo.com.br\/wp\/presidente-da-assembleia-legislativa-deputado-ernani-polo-e-retratado-em-obra-de-artista-plastico\/"},"wordCount":195,"commentCount":0,"publisher":{"@id":"https:\/\/www.ernanipolo.com.br\/wp\/#organization"},"image":{"@id":"https:\/\/www.ernanipolo.com.br\/wp\/presidente-da-assembleia-legislativa-deputado-ernani-polo-e-retratado-em-obra-de-artista-plastico\/#primaryimage"},"thumbnailUrl":"https:\/\/www.ernanipolo.com.br\/wp\/wp-content\/uploads\/2020\/09\/WhatsApp-Image-2020-09-17-at-11.53.52-1.jpeg","keywords":["agricultura"],"articleSection":["Not\u00edcias","Destaque","agricultura"],"inLanguage":"pt-BR","potentialAction":[{"@type":"CommentAction","name":"Comment","target":["https:\/\/www.ernanipolo.com.br\/wp\/presidente-da-assembleia-legislativa-deputado-ernani-polo-e-retratado-em-obra-de-artista-plastico\/#respond"]}]},{"@type":"WebPage","@id":"https:\/\/www.ernanipolo.com.br\/wp\/presidente-da-assembleia-legislativa-deputado-ernani-polo-e-retratado-em-obra-de-artista-plastico\/","url":"https:\/\/www.ernanipolo.com.br\/wp\/presidente-da-assembleia-legislativa-deputado-ernani-polo-e-retratado-em-obra-de-artista-plastico\/","name":"Presidente da Assembleia Legislativa, deputado Ernani Polo, \u00e9 retratado em obra de artista pl\u00e1stico - Ernani Polo","isPartOf":{"@id":"https:\/\/www.ernanipolo.com.br\/wp\/#website"},"primaryImageOfPage":{"@id":"https:\/\/www.ernanipolo.com.br\/wp\/presidente-da-assembleia-legislativa-deputado-ernani-polo-e-retratado-em-obra-de-artista-plastico\/#primaryimage"},"image":{"@id":"https:\/\/www.ernanipolo.com.br\/wp\/presidente-da-assembleia-legislativa-deputado-ernani-polo-e-retratado-em-obra-de-artista-plastico\/#primaryimage"},"thumbnailUrl":"https:\/\/www.ernanipolo.com.br\/wp\/wp-content\/uploads\/2020\/09\/WhatsApp-Image-2020-09-17-at-11.53.52-1.jpeg","datePublished":"2020-09-17T20:11:14+00:00","inLanguage":"pt-BR","potentialAction":[{"@type":"ReadAction","target":["https:\/\/www.ernanipolo.com.br\/wp\/presidente-da-assembleia-legislativa-deputado-ernani-polo-e-retratado-em-obra-de-artista-plastico\/"]}]},{"@type":"ImageObject","inLanguage":"pt-BR","@id":"https:\/\/www.ernanipolo.com.br\/wp\/presidente-da-assembleia-legislativa-deputado-ernani-polo-e-retratado-em-obra-de-artista-plastico\/#primaryimage","url":"https:\/\/www.ernanipolo.com.br\/wp\/wp-content\/uploads\/2020\/09\/WhatsApp-Image-2020-09-17-at-11.53.52-1.jpeg","contentUrl":"https:\/\/www.ernanipolo.com.br\/wp\/wp-content\/uploads\/2020\/09\/WhatsApp-Image-2020-09-17-at-11.53.52-1.jpeg","width":1280,"height":853},{"@type":"WebSite","@id":"https:\/\/www.ernanipolo.com.br\/wp\/#website","url":"https:\/\/www.ernanipolo.com.br\/wp\/","name":"Ernani Polo","description":"","publisher":{"@id":"https:\/\/www.ernanipolo.com.br\/wp\/#organization"},"potentialAction":[{"@type":"SearchAction","target":{"@type":"EntryPoint","urlTemplate":"https:\/\/www.ernanipolo.com.br\/wp\/?s={search_term_string}"},"query-input":{"@type":"PropertyValueSpecification","valueRequired":true,"valueName":"search_term_string"}}],"inLanguage":"pt-BR"},{"@type":"Organization","@id":"https:\/\/www.ernanipolo.com.br\/wp\/#organization","name":"Ernani Polo","url":"https:\/\/www.ernanipolo.com.br\/wp\/","logo":{"@type":"ImageObject","inLanguage":"pt-BR","@id":"https:\/\/www.ernanipolo.com.br\/wp\/#\/schema\/logo\/image\/","url":"https:\/\/www.ernanipolo.com.br\/wp\/wp-content\/uploads\/2023\/09\/Logo-Azul-Ernani-Polo.png","contentUrl":"https:\/\/www.ernanipolo.com.br\/wp\/wp-content\/uploads\/2023\/09\/Logo-Azul-Ernani-Polo.png","width":630,"height":162,"caption":"Ernani Polo"},"image":{"@id":"https:\/\/www.ernanipolo.com.br\/wp\/#\/schema\/logo\/image\/"}},{"@type":"Person","@id":"https:\/\/www.ernanipolo.com.br\/wp\/#\/schema\/person\/495081e5f89df1864e457bc25058eb32","name":"Assessoria","image":{"@type":"ImageObject","inLanguage":"pt-BR","@id":"https:\/\/secure.gravatar.com\/avatar\/fb9fbf9c7f51269c39fd7432c2ca37dcb848f2e01061b91c2515b159534f94f8?s=96&d=mm&r=g","url":"https:\/\/secure.gravatar.com\/avatar\/fb9fbf9c7f51269c39fd7432c2ca37dcb848f2e01061b91c2515b159534f94f8?s=96&d=mm&r=g","contentUrl":"https:\/\/secure.gravatar.com\/avatar\/fb9fbf9c7f51269c39fd7432c2ca37dcb848f2e01061b91c2515b159534f94f8?s=96&d=mm&r=g","caption":"Assessoria"},"url":"https:\/\/www.ernanipolo.com.br\/wp\/author\/assessoria\/"}]}},"jetpack_featured_media_url":"https:\/\/www.ernanipolo.com.br\/wp\/wp-content\/uploads\/2020\/09\/WhatsApp-Image-2020-09-17-at-11.53.52-1.jpeg","jetpack_sharing_enabled":true,"_links":{"self":[{"href":"https:\/\/www.ernanipolo.com.br\/wp\/wp-json\/wp\/v2\/posts\/3692","targetHints":{"allow":["GET"]}}],"collection":[{"href":"https:\/\/www.ernanipolo.com.br\/wp\/wp-json\/wp\/v2\/posts"}],"about":[{"href":"https:\/\/www.ernanipolo.com.br\/wp\/wp-json\/wp\/v2\/types\/post"}],"author":[{"embeddable":true,"href":"https:\/\/www.ernanipolo.com.br\/wp\/wp-json\/wp\/v2\/users\/3"}],"replies":[{"embeddable":true,"href":"https:\/\/www.ernanipolo.com.br\/wp\/wp-json\/wp\/v2\/comments?post=3692"}],"version-history":[{"count":0,"href":"https:\/\/www.ernanipolo.com.br\/wp\/wp-json\/wp\/v2\/posts\/3692\/revisions"}],"wp:featuredmedia":[{"embeddable":true,"href":"https:\/\/www.ernanipolo.com.br\/wp\/wp-json\/wp\/v2\/media\/3693"}],"wp:attachment":[{"href":"https:\/\/www.ernanipolo.com.br\/wp\/wp-json\/wp\/v2\/media?parent=3692"}],"wp:term":[{"taxonomy":"category","embeddable":true,"href":"https:\/\/www.ernanipolo.com.br\/wp\/wp-json\/wp\/v2\/categories?post=3692"},{"taxonomy":"post_tag","embeddable":true,"href":"https:\/\/www.ernanipolo.com.br\/wp\/wp-json\/wp\/v2\/tags?post=3692"}],"curies":[{"name":"wp","href":"https:\/\/api.w.org\/{rel}","templated":true}]}}