{"id":3602,"date":"2020-09-03T11:54:49","date_gmt":"2020-09-03T14:54:49","guid":{"rendered":"http:\/\/www.ernanipolo.com.br\/wp\/?p=3602"},"modified":"2020-09-03T11:54:51","modified_gmt":"2020-09-03T14:54:51","slug":"gramado-pede-apoio-do-presidente-da-assembleia-para-construcao-de-rotatorias-na-ers-115","status":"publish","type":"post","link":"https:\/\/www.ernanipolo.com.br\/wp\/gramado-pede-apoio-do-presidente-da-assembleia-para-construcao-de-rotatorias-na-ers-115\/","title":{"rendered":"Gramado pede apoio do presidente da Assembleia para constru\u00e7\u00e3o de rotat\u00f3rias na ERS-115"},"content":{"rendered":"\n<p>Com frequentes acidentes e at\u00e9 mortes na ERS-115, a comunidade do bairro V\u00e1rzea Grande, o mais populoso de Gramado, reivindica a constru\u00e7\u00e3o de tr\u00eas rotat\u00f3rias em importantes entroncamentos da rodovia. O pedido de apoio para a demanda foi apresentado na manh\u00e3 desta quinta-feira (3) ao presidente da Assembleia Legislativa, Ernani Polo, pelo vereador Rafael Ronsoni, pauta que tamb\u00e9m \u00e9 defendida pelo ex-presidente do Partido Progressista de Gramado Nestor Tissot.<\/p>\n\n\n\n<p>O pedido \u00e9 que as obras contemplem os cruzamentos da rodovia com a rua Primeiro de Maio, a rua Faustino Rissi e na altura do bairro Tr\u00eas Pinheiros. Todas as vias s\u00e3o de acesso ao munic\u00edpio serrano, no sentido do Vale do Paranhana \u00e0 regi\u00e3o das Hort\u00eansias, na zona urbana. No fim de semana passado, moradores realizaram um protesto na entrada de Gramado para pedir provid\u00eancias urgentes. Eles fixaram cruzes nos pontos dos principais acidentes.<\/p>\n\n\n\n<p>Polo encaminhou a reivindica\u00e7\u00e3o e pedido de provid\u00eancias \u00e0 EGR (Empresa Ga\u00facha de Rodovias), j\u00e1 que a via \u00e9 pedagiada.<\/p>\n","protected":false},"excerpt":{"rendered":"<p>Com frequentes acidentes e at\u00e9 mortes na ERS-115, a comunidade do bairro V\u00e1rzea Grande, o mais populoso de Gramado, reivindica &hellip; <a href=\"https:\/\/www.ernanipolo.com.br\/wp\/gramado-pede-apoio-do-presidente-da-assembleia-para-construcao-de-rotatorias-na-ers-115\/\" class=\"more-link\">Continue reading <span class=\"screen-reader-text\">Gramado pede apoio do presidente da Assembleia para constru\u00e7\u00e3o de rotat\u00f3rias na ERS-115<\/span><\/a><\/p>\n","protected":false},"author":3,"featured_media":3603,"comment_status":"open","ping_status":"open","sticky":false,"template":"","format":"standard","meta":{"_acf_changed":false,"_jetpack_memberships_contains_paid_content":false,"footnotes":""},"categories":[1,37,45],"tags":[],"class_list":["post-3602","post","type-post","status-publish","format-standard","has-post-thumbnail","hentry","category-uncategorized","category-noticias","category-agricultura"],"acf":[],"yoast_head":"<!-- This site is optimized with the Yoast SEO plugin v27.5 - https:\/\/yoast.com\/product\/yoast-seo-wordpress\/ -->\n<title>Gramado pede apoio do presidente da Assembleia para constru\u00e7\u00e3o de rotat\u00f3rias na ERS-115 - Ernani Polo<\/title>\n<meta name=\"robots\" content=\"index, follow, max-snippet:-1, max-image-preview:large, max-video-preview:-1\" \/>\n<link rel=\"canonical\" href=\"https:\/\/www.ernanipolo.com.br\/wp\/gramado-pede-apoio-do-presidente-da-assembleia-para-construcao-de-rotatorias-na-ers-115\/\" \/>\n<meta property=\"og:locale\" content=\"pt_BR\" \/>\n<meta property=\"og:type\" content=\"article\" \/>\n<meta property=\"og:title\" content=\"Gramado pede apoio do presidente da Assembleia para constru\u00e7\u00e3o de rotat\u00f3rias na ERS-115 - Ernani Polo\" \/>\n<meta property=\"og:description\" content=\"Com frequentes acidentes e at\u00e9 mortes na ERS-115, a comunidade do bairro V\u00e1rzea Grande, o mais populoso de Gramado, reivindica &hellip; Continue reading Gramado pede apoio do presidente da Assembleia para constru\u00e7\u00e3o de rotat\u00f3rias na ERS-115\" \/>\n<meta property=\"og:url\" content=\"https:\/\/www.ernanipolo.com.br\/wp\/gramado-pede-apoio-do-presidente-da-assembleia-para-construcao-de-rotatorias-na-ers-115\/\" \/>\n<meta property=\"og:site_name\" content=\"Ernani Polo\" \/>\n<meta property=\"article:published_time\" content=\"2020-09-03T14:54:49+00:00\" \/>\n<meta property=\"article:modified_time\" content=\"2020-09-03T14:54:51+00:00\" \/>\n<meta property=\"og:image\" content=\"https:\/\/www.ernanipolo.com.br\/wp\/wp-content\/uploads\/2020\/09\/WhatsApp-Image-2020-09-03-at-11.38.55.jpeg\" \/>\n\t<meta property=\"og:image:width\" content=\"1280\" \/>\n\t<meta property=\"og:image:height\" content=\"851\" \/>\n\t<meta property=\"og:image:type\" content=\"image\/jpeg\" \/>\n<meta name=\"author\" content=\"Assessoria\" \/>\n<meta name=\"twitter:card\" content=\"summary_large_image\" \/>\n<meta name=\"twitter:label1\" content=\"Escrito por\" \/>\n\t<meta name=\"twitter:data1\" content=\"Assessoria\" \/>\n\t<meta name=\"twitter:label2\" content=\"Est. tempo de leitura\" \/>\n\t<meta name=\"twitter:data2\" content=\"1 minuto\" \/>\n<script type=\"application\/ld+json\" class=\"yoast-schema-graph\">{\"@context\":\"https:\\\/\\\/schema.org\",\"@graph\":[{\"@type\":\"Article\",\"@id\":\"https:\\\/\\\/www.ernanipolo.com.br\\\/wp\\\/gramado-pede-apoio-do-presidente-da-assembleia-para-construcao-de-rotatorias-na-ers-115\\\/#article\",\"isPartOf\":{\"@id\":\"https:\\\/\\\/www.ernanipolo.com.br\\\/wp\\\/gramado-pede-apoio-do-presidente-da-assembleia-para-construcao-de-rotatorias-na-ers-115\\\/\"},\"author\":{\"name\":\"Assessoria\",\"@id\":\"https:\\\/\\\/www.ernanipolo.com.br\\\/wp\\\/#\\\/schema\\\/person\\\/495081e5f89df1864e457bc25058eb32\"},\"headline\":\"Gramado pede apoio do presidente da Assembleia para constru\u00e7\u00e3o de rotat\u00f3rias na ERS-115\",\"datePublished\":\"2020-09-03T14:54:49+00:00\",\"dateModified\":\"2020-09-03T14:54:51+00:00\",\"mainEntityOfPage\":{\"@id\":\"https:\\\/\\\/www.ernanipolo.com.br\\\/wp\\\/gramado-pede-apoio-do-presidente-da-assembleia-para-construcao-de-rotatorias-na-ers-115\\\/\"},\"wordCount\":187,\"commentCount\":0,\"publisher\":{\"@id\":\"https:\\\/\\\/www.ernanipolo.com.br\\\/wp\\\/#organization\"},\"image\":{\"@id\":\"https:\\\/\\\/www.ernanipolo.com.br\\\/wp\\\/gramado-pede-apoio-do-presidente-da-assembleia-para-construcao-de-rotatorias-na-ers-115\\\/#primaryimage\"},\"thumbnailUrl\":\"https:\\\/\\\/www.ernanipolo.com.br\\\/wp\\\/wp-content\\\/uploads\\\/2020\\\/09\\\/WhatsApp-Image-2020-09-03-at-11.38.55.jpeg\",\"articleSection\":[\"Uncategorized\",\"Not\u00edcias\",\"agricultura\"],\"inLanguage\":\"pt-BR\",\"potentialAction\":[{\"@type\":\"CommentAction\",\"name\":\"Comment\",\"target\":[\"https:\\\/\\\/www.ernanipolo.com.br\\\/wp\\\/gramado-pede-apoio-do-presidente-da-assembleia-para-construcao-de-rotatorias-na-ers-115\\\/#respond\"]}]},{\"@type\":\"WebPage\",\"@id\":\"https:\\\/\\\/www.ernanipolo.com.br\\\/wp\\\/gramado-pede-apoio-do-presidente-da-assembleia-para-construcao-de-rotatorias-na-ers-115\\\/\",\"url\":\"https:\\\/\\\/www.ernanipolo.com.br\\\/wp\\\/gramado-pede-apoio-do-presidente-da-assembleia-para-construcao-de-rotatorias-na-ers-115\\\/\",\"name\":\"Gramado pede apoio do presidente da Assembleia para constru\u00e7\u00e3o de rotat\u00f3rias na ERS-115 - Ernani Polo\",\"isPartOf\":{\"@id\":\"https:\\\/\\\/www.ernanipolo.com.br\\\/wp\\\/#website\"},\"primaryImageOfPage\":{\"@id\":\"https:\\\/\\\/www.ernanipolo.com.br\\\/wp\\\/gramado-pede-apoio-do-presidente-da-assembleia-para-construcao-de-rotatorias-na-ers-115\\\/#primaryimage\"},\"image\":{\"@id\":\"https:\\\/\\\/www.ernanipolo.com.br\\\/wp\\\/gramado-pede-apoio-do-presidente-da-assembleia-para-construcao-de-rotatorias-na-ers-115\\\/#primaryimage\"},\"thumbnailUrl\":\"https:\\\/\\\/www.ernanipolo.com.br\\\/wp\\\/wp-content\\\/uploads\\\/2020\\\/09\\\/WhatsApp-Image-2020-09-03-at-11.38.55.jpeg\",\"datePublished\":\"2020-09-03T14:54:49+00:00\",\"dateModified\":\"2020-09-03T14:54:51+00:00\",\"inLanguage\":\"pt-BR\",\"potentialAction\":[{\"@type\":\"ReadAction\",\"target\":[\"https:\\\/\\\/www.ernanipolo.com.br\\\/wp\\\/gramado-pede-apoio-do-presidente-da-assembleia-para-construcao-de-rotatorias-na-ers-115\\\/\"]}]},{\"@type\":\"ImageObject\",\"inLanguage\":\"pt-BR\",\"@id\":\"https:\\\/\\\/www.ernanipolo.com.br\\\/wp\\\/gramado-pede-apoio-do-presidente-da-assembleia-para-construcao-de-rotatorias-na-ers-115\\\/#primaryimage\",\"url\":\"https:\\\/\\\/www.ernanipolo.com.br\\\/wp\\\/wp-content\\\/uploads\\\/2020\\\/09\\\/WhatsApp-Image-2020-09-03-at-11.38.55.jpeg\",\"contentUrl\":\"https:\\\/\\\/www.ernanipolo.com.br\\\/wp\\\/wp-content\\\/uploads\\\/2020\\\/09\\\/WhatsApp-Image-2020-09-03-at-11.38.55.jpeg\",\"width\":1280,\"height\":851},{\"@type\":\"WebSite\",\"@id\":\"https:\\\/\\\/www.ernanipolo.com.br\\\/wp\\\/#website\",\"url\":\"https:\\\/\\\/www.ernanipolo.com.br\\\/wp\\\/\",\"name\":\"Ernani Polo\",\"description\":\"\",\"publisher\":{\"@id\":\"https:\\\/\\\/www.ernanipolo.com.br\\\/wp\\\/#organization\"},\"potentialAction\":[{\"@type\":\"SearchAction\",\"target\":{\"@type\":\"EntryPoint\",\"urlTemplate\":\"https:\\\/\\\/www.ernanipolo.com.br\\\/wp\\\/?s={search_term_string}\"},\"query-input\":{\"@type\":\"PropertyValueSpecification\",\"valueRequired\":true,\"valueName\":\"search_term_string\"}}],\"inLanguage\":\"pt-BR\"},{\"@type\":\"Organization\",\"@id\":\"https:\\\/\\\/www.ernanipolo.com.br\\\/wp\\\/#organization\",\"name\":\"Ernani Polo\",\"url\":\"https:\\\/\\\/www.ernanipolo.com.br\\\/wp\\\/\",\"logo\":{\"@type\":\"ImageObject\",\"inLanguage\":\"pt-BR\",\"@id\":\"https:\\\/\\\/www.ernanipolo.com.br\\\/wp\\\/#\\\/schema\\\/logo\\\/image\\\/\",\"url\":\"https:\\\/\\\/www.ernanipolo.com.br\\\/wp\\\/wp-content\\\/uploads\\\/2023\\\/09\\\/Logo-Azul-Ernani-Polo.png\",\"contentUrl\":\"https:\\\/\\\/www.ernanipolo.com.br\\\/wp\\\/wp-content\\\/uploads\\\/2023\\\/09\\\/Logo-Azul-Ernani-Polo.png\",\"width\":630,\"height\":162,\"caption\":\"Ernani Polo\"},\"image\":{\"@id\":\"https:\\\/\\\/www.ernanipolo.com.br\\\/wp\\\/#\\\/schema\\\/logo\\\/image\\\/\"}},{\"@type\":\"Person\",\"@id\":\"https:\\\/\\\/www.ernanipolo.com.br\\\/wp\\\/#\\\/schema\\\/person\\\/495081e5f89df1864e457bc25058eb32\",\"name\":\"Assessoria\",\"image\":{\"@type\":\"ImageObject\",\"inLanguage\":\"pt-BR\",\"@id\":\"https:\\\/\\\/secure.gravatar.com\\\/avatar\\\/fb9fbf9c7f51269c39fd7432c2ca37dcb848f2e01061b91c2515b159534f94f8?s=96&d=mm&r=g\",\"url\":\"https:\\\/\\\/secure.gravatar.com\\\/avatar\\\/fb9fbf9c7f51269c39fd7432c2ca37dcb848f2e01061b91c2515b159534f94f8?s=96&d=mm&r=g\",\"contentUrl\":\"https:\\\/\\\/secure.gravatar.com\\\/avatar\\\/fb9fbf9c7f51269c39fd7432c2ca37dcb848f2e01061b91c2515b159534f94f8?s=96&d=mm&r=g\",\"caption\":\"Assessoria\"},\"url\":\"https:\\\/\\\/www.ernanipolo.com.br\\\/wp\\\/author\\\/assessoria\\\/\"}]}<\/script>\n<!-- \/ Yoast SEO plugin. -->","yoast_head_json":{"title":"Gramado pede apoio do presidente da Assembleia para constru\u00e7\u00e3o de rotat\u00f3rias na ERS-115 - Ernani Polo","robots":{"index":"index","follow":"follow","max-snippet":"max-snippet:-1","max-image-preview":"max-image-preview:large","max-video-preview":"max-video-preview:-1"},"canonical":"https:\/\/www.ernanipolo.com.br\/wp\/gramado-pede-apoio-do-presidente-da-assembleia-para-construcao-de-rotatorias-na-ers-115\/","og_locale":"pt_BR","og_type":"article","og_title":"Gramado pede apoio do presidente da Assembleia para constru\u00e7\u00e3o de rotat\u00f3rias na ERS-115 - Ernani Polo","og_description":"Com frequentes acidentes e at\u00e9 mortes na ERS-115, a comunidade do bairro V\u00e1rzea Grande, o mais populoso de Gramado, reivindica &hellip; Continue reading Gramado pede apoio do presidente da Assembleia para constru\u00e7\u00e3o de rotat\u00f3rias na ERS-115","og_url":"https:\/\/www.ernanipolo.com.br\/wp\/gramado-pede-apoio-do-presidente-da-assembleia-para-construcao-de-rotatorias-na-ers-115\/","og_site_name":"Ernani Polo","article_published_time":"2020-09-03T14:54:49+00:00","article_modified_time":"2020-09-03T14:54:51+00:00","og_image":[{"width":1280,"height":851,"url":"https:\/\/www.ernanipolo.com.br\/wp\/wp-content\/uploads\/2020\/09\/WhatsApp-Image-2020-09-03-at-11.38.55.jpeg","type":"image\/jpeg"}],"author":"Assessoria","twitter_card":"summary_large_image","twitter_misc":{"Escrito por":"Assessoria","Est. tempo de leitura":"1 minuto"},"schema":{"@context":"https:\/\/schema.org","@graph":[{"@type":"Article","@id":"https:\/\/www.ernanipolo.com.br\/wp\/gramado-pede-apoio-do-presidente-da-assembleia-para-construcao-de-rotatorias-na-ers-115\/#article","isPartOf":{"@id":"https:\/\/www.ernanipolo.com.br\/wp\/gramado-pede-apoio-do-presidente-da-assembleia-para-construcao-de-rotatorias-na-ers-115\/"},"author":{"name":"Assessoria","@id":"https:\/\/www.ernanipolo.com.br\/wp\/#\/schema\/person\/495081e5f89df1864e457bc25058eb32"},"headline":"Gramado pede apoio do presidente da Assembleia para constru\u00e7\u00e3o de rotat\u00f3rias na ERS-115","datePublished":"2020-09-03T14:54:49+00:00","dateModified":"2020-09-03T14:54:51+00:00","mainEntityOfPage":{"@id":"https:\/\/www.ernanipolo.com.br\/wp\/gramado-pede-apoio-do-presidente-da-assembleia-para-construcao-de-rotatorias-na-ers-115\/"},"wordCount":187,"commentCount":0,"publisher":{"@id":"https:\/\/www.ernanipolo.com.br\/wp\/#organization"},"image":{"@id":"https:\/\/www.ernanipolo.com.br\/wp\/gramado-pede-apoio-do-presidente-da-assembleia-para-construcao-de-rotatorias-na-ers-115\/#primaryimage"},"thumbnailUrl":"https:\/\/www.ernanipolo.com.br\/wp\/wp-content\/uploads\/2020\/09\/WhatsApp-Image-2020-09-03-at-11.38.55.jpeg","articleSection":["Uncategorized","Not\u00edcias","agricultura"],"inLanguage":"pt-BR","potentialAction":[{"@type":"CommentAction","name":"Comment","target":["https:\/\/www.ernanipolo.com.br\/wp\/gramado-pede-apoio-do-presidente-da-assembleia-para-construcao-de-rotatorias-na-ers-115\/#respond"]}]},{"@type":"WebPage","@id":"https:\/\/www.ernanipolo.com.br\/wp\/gramado-pede-apoio-do-presidente-da-assembleia-para-construcao-de-rotatorias-na-ers-115\/","url":"https:\/\/www.ernanipolo.com.br\/wp\/gramado-pede-apoio-do-presidente-da-assembleia-para-construcao-de-rotatorias-na-ers-115\/","name":"Gramado pede apoio do presidente da Assembleia para constru\u00e7\u00e3o de rotat\u00f3rias na ERS-115 - Ernani Polo","isPartOf":{"@id":"https:\/\/www.ernanipolo.com.br\/wp\/#website"},"primaryImageOfPage":{"@id":"https:\/\/www.ernanipolo.com.br\/wp\/gramado-pede-apoio-do-presidente-da-assembleia-para-construcao-de-rotatorias-na-ers-115\/#primaryimage"},"image":{"@id":"https:\/\/www.ernanipolo.com.br\/wp\/gramado-pede-apoio-do-presidente-da-assembleia-para-construcao-de-rotatorias-na-ers-115\/#primaryimage"},"thumbnailUrl":"https:\/\/www.ernanipolo.com.br\/wp\/wp-content\/uploads\/2020\/09\/WhatsApp-Image-2020-09-03-at-11.38.55.jpeg","datePublished":"2020-09-03T14:54:49+00:00","dateModified":"2020-09-03T14:54:51+00:00","inLanguage":"pt-BR","potentialAction":[{"@type":"ReadAction","target":["https:\/\/www.ernanipolo.com.br\/wp\/gramado-pede-apoio-do-presidente-da-assembleia-para-construcao-de-rotatorias-na-ers-115\/"]}]},{"@type":"ImageObject","inLanguage":"pt-BR","@id":"https:\/\/www.ernanipolo.com.br\/wp\/gramado-pede-apoio-do-presidente-da-assembleia-para-construcao-de-rotatorias-na-ers-115\/#primaryimage","url":"https:\/\/www.ernanipolo.com.br\/wp\/wp-content\/uploads\/2020\/09\/WhatsApp-Image-2020-09-03-at-11.38.55.jpeg","contentUrl":"https:\/\/www.ernanipolo.com.br\/wp\/wp-content\/uploads\/2020\/09\/WhatsApp-Image-2020-09-03-at-11.38.55.jpeg","width":1280,"height":851},{"@type":"WebSite","@id":"https:\/\/www.ernanipolo.com.br\/wp\/#website","url":"https:\/\/www.ernanipolo.com.br\/wp\/","name":"Ernani Polo","description":"","publisher":{"@id":"https:\/\/www.ernanipolo.com.br\/wp\/#organization"},"potentialAction":[{"@type":"SearchAction","target":{"@type":"EntryPoint","urlTemplate":"https:\/\/www.ernanipolo.com.br\/wp\/?s={search_term_string}"},"query-input":{"@type":"PropertyValueSpecification","valueRequired":true,"valueName":"search_term_string"}}],"inLanguage":"pt-BR"},{"@type":"Organization","@id":"https:\/\/www.ernanipolo.com.br\/wp\/#organization","name":"Ernani Polo","url":"https:\/\/www.ernanipolo.com.br\/wp\/","logo":{"@type":"ImageObject","inLanguage":"pt-BR","@id":"https:\/\/www.ernanipolo.com.br\/wp\/#\/schema\/logo\/image\/","url":"https:\/\/www.ernanipolo.com.br\/wp\/wp-content\/uploads\/2023\/09\/Logo-Azul-Ernani-Polo.png","contentUrl":"https:\/\/www.ernanipolo.com.br\/wp\/wp-content\/uploads\/2023\/09\/Logo-Azul-Ernani-Polo.png","width":630,"height":162,"caption":"Ernani Polo"},"image":{"@id":"https:\/\/www.ernanipolo.com.br\/wp\/#\/schema\/logo\/image\/"}},{"@type":"Person","@id":"https:\/\/www.ernanipolo.com.br\/wp\/#\/schema\/person\/495081e5f89df1864e457bc25058eb32","name":"Assessoria","image":{"@type":"ImageObject","inLanguage":"pt-BR","@id":"https:\/\/secure.gravatar.com\/avatar\/fb9fbf9c7f51269c39fd7432c2ca37dcb848f2e01061b91c2515b159534f94f8?s=96&d=mm&r=g","url":"https:\/\/secure.gravatar.com\/avatar\/fb9fbf9c7f51269c39fd7432c2ca37dcb848f2e01061b91c2515b159534f94f8?s=96&d=mm&r=g","contentUrl":"https:\/\/secure.gravatar.com\/avatar\/fb9fbf9c7f51269c39fd7432c2ca37dcb848f2e01061b91c2515b159534f94f8?s=96&d=mm&r=g","caption":"Assessoria"},"url":"https:\/\/www.ernanipolo.com.br\/wp\/author\/assessoria\/"}]}},"jetpack_featured_media_url":"https:\/\/www.ernanipolo.com.br\/wp\/wp-content\/uploads\/2020\/09\/WhatsApp-Image-2020-09-03-at-11.38.55.jpeg","jetpack_sharing_enabled":true,"_links":{"self":[{"href":"https:\/\/www.ernanipolo.com.br\/wp\/wp-json\/wp\/v2\/posts\/3602","targetHints":{"allow":["GET"]}}],"collection":[{"href":"https:\/\/www.ernanipolo.com.br\/wp\/wp-json\/wp\/v2\/posts"}],"about":[{"href":"https:\/\/www.ernanipolo.com.br\/wp\/wp-json\/wp\/v2\/types\/post"}],"author":[{"embeddable":true,"href":"https:\/\/www.ernanipolo.com.br\/wp\/wp-json\/wp\/v2\/users\/3"}],"replies":[{"embeddable":true,"href":"https:\/\/www.ernanipolo.com.br\/wp\/wp-json\/wp\/v2\/comments?post=3602"}],"version-history":[{"count":0,"href":"https:\/\/www.ernanipolo.com.br\/wp\/wp-json\/wp\/v2\/posts\/3602\/revisions"}],"wp:featuredmedia":[{"embeddable":true,"href":"https:\/\/www.ernanipolo.com.br\/wp\/wp-json\/wp\/v2\/media\/3603"}],"wp:attachment":[{"href":"https:\/\/www.ernanipolo.com.br\/wp\/wp-json\/wp\/v2\/media?parent=3602"}],"wp:term":[{"taxonomy":"category","embeddable":true,"href":"https:\/\/www.ernanipolo.com.br\/wp\/wp-json\/wp\/v2\/categories?post=3602"},{"taxonomy":"post_tag","embeddable":true,"href":"https:\/\/www.ernanipolo.com.br\/wp\/wp-json\/wp\/v2\/tags?post=3602"}],"curies":[{"name":"wp","href":"https:\/\/api.w.org\/{rel}","templated":true}]}}