{"id":3499,"date":"2020-08-25T15:31:36","date_gmt":"2020-08-25T18:31:36","guid":{"rendered":"http:\/\/www.ernanipolo.com.br\/wp\/?p=3499"},"modified":"2020-08-25T15:31:37","modified_gmt":"2020-08-25T18:31:37","slug":"competitividade-e-nossa-palavra-de-ordem-diz-ernani-polo-no-evento-menu-poa","status":"publish","type":"post","link":"https:\/\/www.ernanipolo.com.br\/wp\/competitividade-e-nossa-palavra-de-ordem-diz-ernani-polo-no-evento-menu-poa\/","title":{"rendered":"\u201cCompetitividade \u00e9 nossa palavra de ordem\u201d, diz Ernani Polo no evento Menu POA"},"content":{"rendered":"\n<p>Ao participar nesta ter\u00e7a-feira (25) do evento Menu POA, da ACPA (Associa\u00e7\u00e3o Comercial de Porto Alegre), o presidente da Assembleia Legislativa, Ernani Polo, destacou sua bandeira de gest\u00e3o \u00e0 frente do Parlamento: \u201cA competitividade \u00e9 nossa palavra de ordem\u201d. Segundo o parlamentar, o Rio Grande do Sul \u00e9 destaque em inova\u00e7\u00e3o (2\u00ba lugar), sustentabilidade social (3\u00ba) e seguran\u00e7a p\u00fablica (5\u00ba), mas precisa avan\u00e7ar em educa\u00e7\u00e3o (11\u00ba lugar), infraestrutura (18\u00ba) e solidez fiscal (27\u00ba), conforme dados do CLP (Centro de Lideran\u00e7a P\u00fablica). No quadro geral, o Estado est\u00e1 em 7\u00ba lugar no ranking de competitividade.<\/p>\n\n\n\n<p>Na Assembleia, o tema \u00e9 tratado em uma s\u00e9rie de semin\u00e1rios, sendo oito deles regionais. Nesta quinta-feira (27), ser\u00e1 a vez da regi\u00e3o Sul receber a quarta edi\u00e7\u00e3o do evento virtual. Ao ser questionado pelo presidente da ACPA, Paulo Afonso Pereira, sobre a reforma tribut\u00e1ria, Polo avaliou que o tema precisa ser analisado com responsabilidade, mantendo a competitividade no radar. Qualquer mudan\u00e7a na matriz tribut\u00e1ria precisa ter car\u00e1ter competitivo e n\u00e3o arrecadat\u00f3rio, segundo ele. Al\u00e9m disso, Polo opinou que a reforma precisa reduzir a burocracia administrativa e simplificar o sistema tribut\u00e1rio, que geram custos ocultos \u00e0s empresas e aos setores produtivos. <\/p>\n\n\n\n<p>Outro tema abordado no evento da ACPA foi o F\u00f3rum de Combate ao Colapso Social e Econ\u00f4mico, que j\u00e1 teve 15 reuni\u00f5es desde sua cria\u00e7\u00e3o, em mar\u00e7o. Com a participa\u00e7\u00e3o de mais de 30 setores da economia, o grupo tem como objetivo buscar solu\u00e7\u00f5es para a crise imposta pelo coronav\u00edrus. \u201cJamais imaginar\u00edamos essa situa\u00e7\u00e3o decorrente da pandemia. No come\u00e7o, criou-se uma pol\u00eamica entre sa\u00fade e economia. Desde o in\u00edcio fal\u00e1vamos em compatibilizar os dois, em buscar o equil\u00edbrio. Quem s\u00f3 pensa em sa\u00fade, ou s\u00f3 em economia, n\u00e3o est\u00e1 realmente preocupado em salvar vidas. Temos que pensar nos dois lados\u201d, afirmou o deputado, que lamentou as vidas perdidas para o v\u00edrus.<\/p>\n\n\n\n<p>O presidente da Assembleia falou sobre a necessidade de a popula\u00e7\u00e3o manter os cuidados b\u00e1sicos para evitar o coronav\u00edrus, como o uso de m\u00e1scaras, o distanciamento social e a frequente higieniza\u00e7\u00e3o das m\u00e3os e superf\u00edcies. Em sua fala, Polo defendeu ainda o tratamento precoce aos primeiros sintomas de Covid-19, que, segundo ele, teve bons resultados em cidades que o adotaram.<\/p>\n\n\n\n<p><strong>Interlocu\u00e7\u00e3o em Bras\u00edlia<\/strong><br> <br>Ernani Polo ainda falou das agendas que teve em Bras\u00edlia, na semana passada. O parlamentar tratou de pautas de interesse do Rio Grande do Sul em audi\u00eancias com o vice-presidente Hamilton Mour\u00e3o, e com os ministros Tereza Cristina (Agricultura, Pecu\u00e1ria e Abastecimento), Tarc\u00edsio de Freitas (Infraestrutura) e Paulo Guedes (Economia).<\/p>\n","protected":false},"excerpt":{"rendered":"<p>Ao participar nesta ter\u00e7a-feira (25) do evento Menu POA, da ACPA (Associa\u00e7\u00e3o Comercial de Porto Alegre), o presidente da Assembleia &hellip; <a href=\"https:\/\/www.ernanipolo.com.br\/wp\/competitividade-e-nossa-palavra-de-ordem-diz-ernani-polo-no-evento-menu-poa\/\" class=\"more-link\">Continue reading <span class=\"screen-reader-text\">\u201cCompetitividade \u00e9 nossa palavra de ordem\u201d, diz Ernani Polo no evento Menu POA<\/span><\/a><\/p>\n","protected":false},"author":3,"featured_media":3500,"comment_status":"open","ping_status":"open","sticky":false,"template":"","format":"standard","meta":{"_acf_changed":false,"_jetpack_memberships_contains_paid_content":false,"footnotes":""},"categories":[1,37,45],"tags":[],"class_list":["post-3499","post","type-post","status-publish","format-standard","has-post-thumbnail","hentry","category-uncategorized","category-noticias","category-agricultura"],"acf":[],"yoast_head":"<!-- This site is optimized with the Yoast SEO plugin v27.5 - https:\/\/yoast.com\/product\/yoast-seo-wordpress\/ -->\n<title>\u201cCompetitividade \u00e9 nossa palavra de ordem\u201d, diz Ernani Polo no evento Menu POA - Ernani Polo<\/title>\n<meta name=\"robots\" content=\"index, follow, max-snippet:-1, max-image-preview:large, max-video-preview:-1\" \/>\n<link rel=\"canonical\" href=\"https:\/\/www.ernanipolo.com.br\/wp\/competitividade-e-nossa-palavra-de-ordem-diz-ernani-polo-no-evento-menu-poa\/\" \/>\n<meta property=\"og:locale\" content=\"pt_BR\" \/>\n<meta property=\"og:type\" content=\"article\" \/>\n<meta property=\"og:title\" content=\"\u201cCompetitividade \u00e9 nossa palavra de ordem\u201d, diz Ernani Polo no evento Menu POA - Ernani Polo\" \/>\n<meta property=\"og:description\" content=\"Ao participar nesta ter\u00e7a-feira (25) do evento Menu POA, da ACPA (Associa\u00e7\u00e3o Comercial de Porto Alegre), o presidente da Assembleia &hellip; Continue reading \u201cCompetitividade \u00e9 nossa palavra de ordem\u201d, diz Ernani Polo no evento Menu POA\" \/>\n<meta property=\"og:url\" content=\"https:\/\/www.ernanipolo.com.br\/wp\/competitividade-e-nossa-palavra-de-ordem-diz-ernani-polo-no-evento-menu-poa\/\" \/>\n<meta property=\"og:site_name\" content=\"Ernani Polo\" \/>\n<meta property=\"article:published_time\" content=\"2020-08-25T18:31:36+00:00\" \/>\n<meta property=\"article:modified_time\" content=\"2020-08-25T18:31:37+00:00\" \/>\n<meta property=\"og:image\" content=\"https:\/\/www.ernanipolo.com.br\/wp\/wp-content\/uploads\/2020\/08\/WhatsApp-Image-2020-08-25-at-14.42.27.jpeg\" \/>\n\t<meta property=\"og:image:width\" content=\"1280\" \/>\n\t<meta property=\"og:image:height\" content=\"853\" \/>\n\t<meta property=\"og:image:type\" content=\"image\/jpeg\" \/>\n<meta name=\"author\" content=\"Assessoria\" \/>\n<meta name=\"twitter:card\" content=\"summary_large_image\" \/>\n<meta name=\"twitter:label1\" content=\"Escrito por\" \/>\n\t<meta name=\"twitter:data1\" content=\"Assessoria\" \/>\n\t<meta name=\"twitter:label2\" content=\"Est. tempo de leitura\" \/>\n\t<meta name=\"twitter:data2\" content=\"2 minutos\" \/>\n<script type=\"application\/ld+json\" class=\"yoast-schema-graph\">{\"@context\":\"https:\\\/\\\/schema.org\",\"@graph\":[{\"@type\":\"Article\",\"@id\":\"https:\\\/\\\/www.ernanipolo.com.br\\\/wp\\\/competitividade-e-nossa-palavra-de-ordem-diz-ernani-polo-no-evento-menu-poa\\\/#article\",\"isPartOf\":{\"@id\":\"https:\\\/\\\/www.ernanipolo.com.br\\\/wp\\\/competitividade-e-nossa-palavra-de-ordem-diz-ernani-polo-no-evento-menu-poa\\\/\"},\"author\":{\"name\":\"Assessoria\",\"@id\":\"https:\\\/\\\/www.ernanipolo.com.br\\\/wp\\\/#\\\/schema\\\/person\\\/495081e5f89df1864e457bc25058eb32\"},\"headline\":\"\u201cCompetitividade \u00e9 nossa palavra de ordem\u201d, diz Ernani Polo no evento Menu POA\",\"datePublished\":\"2020-08-25T18:31:36+00:00\",\"dateModified\":\"2020-08-25T18:31:37+00:00\",\"mainEntityOfPage\":{\"@id\":\"https:\\\/\\\/www.ernanipolo.com.br\\\/wp\\\/competitividade-e-nossa-palavra-de-ordem-diz-ernani-polo-no-evento-menu-poa\\\/\"},\"wordCount\":471,\"commentCount\":0,\"publisher\":{\"@id\":\"https:\\\/\\\/www.ernanipolo.com.br\\\/wp\\\/#organization\"},\"image\":{\"@id\":\"https:\\\/\\\/www.ernanipolo.com.br\\\/wp\\\/competitividade-e-nossa-palavra-de-ordem-diz-ernani-polo-no-evento-menu-poa\\\/#primaryimage\"},\"thumbnailUrl\":\"https:\\\/\\\/www.ernanipolo.com.br\\\/wp\\\/wp-content\\\/uploads\\\/2020\\\/08\\\/WhatsApp-Image-2020-08-25-at-14.42.27.jpeg\",\"articleSection\":[\"Uncategorized\",\"Not\u00edcias\",\"agricultura\"],\"inLanguage\":\"pt-BR\",\"potentialAction\":[{\"@type\":\"CommentAction\",\"name\":\"Comment\",\"target\":[\"https:\\\/\\\/www.ernanipolo.com.br\\\/wp\\\/competitividade-e-nossa-palavra-de-ordem-diz-ernani-polo-no-evento-menu-poa\\\/#respond\"]}]},{\"@type\":\"WebPage\",\"@id\":\"https:\\\/\\\/www.ernanipolo.com.br\\\/wp\\\/competitividade-e-nossa-palavra-de-ordem-diz-ernani-polo-no-evento-menu-poa\\\/\",\"url\":\"https:\\\/\\\/www.ernanipolo.com.br\\\/wp\\\/competitividade-e-nossa-palavra-de-ordem-diz-ernani-polo-no-evento-menu-poa\\\/\",\"name\":\"\u201cCompetitividade \u00e9 nossa palavra de ordem\u201d, diz Ernani Polo no evento Menu POA - Ernani Polo\",\"isPartOf\":{\"@id\":\"https:\\\/\\\/www.ernanipolo.com.br\\\/wp\\\/#website\"},\"primaryImageOfPage\":{\"@id\":\"https:\\\/\\\/www.ernanipolo.com.br\\\/wp\\\/competitividade-e-nossa-palavra-de-ordem-diz-ernani-polo-no-evento-menu-poa\\\/#primaryimage\"},\"image\":{\"@id\":\"https:\\\/\\\/www.ernanipolo.com.br\\\/wp\\\/competitividade-e-nossa-palavra-de-ordem-diz-ernani-polo-no-evento-menu-poa\\\/#primaryimage\"},\"thumbnailUrl\":\"https:\\\/\\\/www.ernanipolo.com.br\\\/wp\\\/wp-content\\\/uploads\\\/2020\\\/08\\\/WhatsApp-Image-2020-08-25-at-14.42.27.jpeg\",\"datePublished\":\"2020-08-25T18:31:36+00:00\",\"dateModified\":\"2020-08-25T18:31:37+00:00\",\"inLanguage\":\"pt-BR\",\"potentialAction\":[{\"@type\":\"ReadAction\",\"target\":[\"https:\\\/\\\/www.ernanipolo.com.br\\\/wp\\\/competitividade-e-nossa-palavra-de-ordem-diz-ernani-polo-no-evento-menu-poa\\\/\"]}]},{\"@type\":\"ImageObject\",\"inLanguage\":\"pt-BR\",\"@id\":\"https:\\\/\\\/www.ernanipolo.com.br\\\/wp\\\/competitividade-e-nossa-palavra-de-ordem-diz-ernani-polo-no-evento-menu-poa\\\/#primaryimage\",\"url\":\"https:\\\/\\\/www.ernanipolo.com.br\\\/wp\\\/wp-content\\\/uploads\\\/2020\\\/08\\\/WhatsApp-Image-2020-08-25-at-14.42.27.jpeg\",\"contentUrl\":\"https:\\\/\\\/www.ernanipolo.com.br\\\/wp\\\/wp-content\\\/uploads\\\/2020\\\/08\\\/WhatsApp-Image-2020-08-25-at-14.42.27.jpeg\",\"width\":1280,\"height\":853},{\"@type\":\"WebSite\",\"@id\":\"https:\\\/\\\/www.ernanipolo.com.br\\\/wp\\\/#website\",\"url\":\"https:\\\/\\\/www.ernanipolo.com.br\\\/wp\\\/\",\"name\":\"Ernani Polo\",\"description\":\"\",\"publisher\":{\"@id\":\"https:\\\/\\\/www.ernanipolo.com.br\\\/wp\\\/#organization\"},\"potentialAction\":[{\"@type\":\"SearchAction\",\"target\":{\"@type\":\"EntryPoint\",\"urlTemplate\":\"https:\\\/\\\/www.ernanipolo.com.br\\\/wp\\\/?s={search_term_string}\"},\"query-input\":{\"@type\":\"PropertyValueSpecification\",\"valueRequired\":true,\"valueName\":\"search_term_string\"}}],\"inLanguage\":\"pt-BR\"},{\"@type\":\"Organization\",\"@id\":\"https:\\\/\\\/www.ernanipolo.com.br\\\/wp\\\/#organization\",\"name\":\"Ernani Polo\",\"url\":\"https:\\\/\\\/www.ernanipolo.com.br\\\/wp\\\/\",\"logo\":{\"@type\":\"ImageObject\",\"inLanguage\":\"pt-BR\",\"@id\":\"https:\\\/\\\/www.ernanipolo.com.br\\\/wp\\\/#\\\/schema\\\/logo\\\/image\\\/\",\"url\":\"https:\\\/\\\/www.ernanipolo.com.br\\\/wp\\\/wp-content\\\/uploads\\\/2023\\\/09\\\/Logo-Azul-Ernani-Polo.png\",\"contentUrl\":\"https:\\\/\\\/www.ernanipolo.com.br\\\/wp\\\/wp-content\\\/uploads\\\/2023\\\/09\\\/Logo-Azul-Ernani-Polo.png\",\"width\":630,\"height\":162,\"caption\":\"Ernani Polo\"},\"image\":{\"@id\":\"https:\\\/\\\/www.ernanipolo.com.br\\\/wp\\\/#\\\/schema\\\/logo\\\/image\\\/\"}},{\"@type\":\"Person\",\"@id\":\"https:\\\/\\\/www.ernanipolo.com.br\\\/wp\\\/#\\\/schema\\\/person\\\/495081e5f89df1864e457bc25058eb32\",\"name\":\"Assessoria\",\"image\":{\"@type\":\"ImageObject\",\"inLanguage\":\"pt-BR\",\"@id\":\"https:\\\/\\\/secure.gravatar.com\\\/avatar\\\/fb9fbf9c7f51269c39fd7432c2ca37dcb848f2e01061b91c2515b159534f94f8?s=96&d=mm&r=g\",\"url\":\"https:\\\/\\\/secure.gravatar.com\\\/avatar\\\/fb9fbf9c7f51269c39fd7432c2ca37dcb848f2e01061b91c2515b159534f94f8?s=96&d=mm&r=g\",\"contentUrl\":\"https:\\\/\\\/secure.gravatar.com\\\/avatar\\\/fb9fbf9c7f51269c39fd7432c2ca37dcb848f2e01061b91c2515b159534f94f8?s=96&d=mm&r=g\",\"caption\":\"Assessoria\"},\"url\":\"https:\\\/\\\/www.ernanipolo.com.br\\\/wp\\\/author\\\/assessoria\\\/\"}]}<\/script>\n<!-- \/ Yoast SEO plugin. -->","yoast_head_json":{"title":"\u201cCompetitividade \u00e9 nossa palavra de ordem\u201d, diz Ernani Polo no evento Menu POA - Ernani Polo","robots":{"index":"index","follow":"follow","max-snippet":"max-snippet:-1","max-image-preview":"max-image-preview:large","max-video-preview":"max-video-preview:-1"},"canonical":"https:\/\/www.ernanipolo.com.br\/wp\/competitividade-e-nossa-palavra-de-ordem-diz-ernani-polo-no-evento-menu-poa\/","og_locale":"pt_BR","og_type":"article","og_title":"\u201cCompetitividade \u00e9 nossa palavra de ordem\u201d, diz Ernani Polo no evento Menu POA - Ernani Polo","og_description":"Ao participar nesta ter\u00e7a-feira (25) do evento Menu POA, da ACPA (Associa\u00e7\u00e3o Comercial de Porto Alegre), o presidente da Assembleia &hellip; Continue reading \u201cCompetitividade \u00e9 nossa palavra de ordem\u201d, diz Ernani Polo no evento Menu POA","og_url":"https:\/\/www.ernanipolo.com.br\/wp\/competitividade-e-nossa-palavra-de-ordem-diz-ernani-polo-no-evento-menu-poa\/","og_site_name":"Ernani Polo","article_published_time":"2020-08-25T18:31:36+00:00","article_modified_time":"2020-08-25T18:31:37+00:00","og_image":[{"width":1280,"height":853,"url":"https:\/\/www.ernanipolo.com.br\/wp\/wp-content\/uploads\/2020\/08\/WhatsApp-Image-2020-08-25-at-14.42.27.jpeg","type":"image\/jpeg"}],"author":"Assessoria","twitter_card":"summary_large_image","twitter_misc":{"Escrito por":"Assessoria","Est. tempo de leitura":"2 minutos"},"schema":{"@context":"https:\/\/schema.org","@graph":[{"@type":"Article","@id":"https:\/\/www.ernanipolo.com.br\/wp\/competitividade-e-nossa-palavra-de-ordem-diz-ernani-polo-no-evento-menu-poa\/#article","isPartOf":{"@id":"https:\/\/www.ernanipolo.com.br\/wp\/competitividade-e-nossa-palavra-de-ordem-diz-ernani-polo-no-evento-menu-poa\/"},"author":{"name":"Assessoria","@id":"https:\/\/www.ernanipolo.com.br\/wp\/#\/schema\/person\/495081e5f89df1864e457bc25058eb32"},"headline":"\u201cCompetitividade \u00e9 nossa palavra de ordem\u201d, diz Ernani Polo no evento Menu POA","datePublished":"2020-08-25T18:31:36+00:00","dateModified":"2020-08-25T18:31:37+00:00","mainEntityOfPage":{"@id":"https:\/\/www.ernanipolo.com.br\/wp\/competitividade-e-nossa-palavra-de-ordem-diz-ernani-polo-no-evento-menu-poa\/"},"wordCount":471,"commentCount":0,"publisher":{"@id":"https:\/\/www.ernanipolo.com.br\/wp\/#organization"},"image":{"@id":"https:\/\/www.ernanipolo.com.br\/wp\/competitividade-e-nossa-palavra-de-ordem-diz-ernani-polo-no-evento-menu-poa\/#primaryimage"},"thumbnailUrl":"https:\/\/www.ernanipolo.com.br\/wp\/wp-content\/uploads\/2020\/08\/WhatsApp-Image-2020-08-25-at-14.42.27.jpeg","articleSection":["Uncategorized","Not\u00edcias","agricultura"],"inLanguage":"pt-BR","potentialAction":[{"@type":"CommentAction","name":"Comment","target":["https:\/\/www.ernanipolo.com.br\/wp\/competitividade-e-nossa-palavra-de-ordem-diz-ernani-polo-no-evento-menu-poa\/#respond"]}]},{"@type":"WebPage","@id":"https:\/\/www.ernanipolo.com.br\/wp\/competitividade-e-nossa-palavra-de-ordem-diz-ernani-polo-no-evento-menu-poa\/","url":"https:\/\/www.ernanipolo.com.br\/wp\/competitividade-e-nossa-palavra-de-ordem-diz-ernani-polo-no-evento-menu-poa\/","name":"\u201cCompetitividade \u00e9 nossa palavra de ordem\u201d, diz Ernani Polo no evento Menu POA - Ernani Polo","isPartOf":{"@id":"https:\/\/www.ernanipolo.com.br\/wp\/#website"},"primaryImageOfPage":{"@id":"https:\/\/www.ernanipolo.com.br\/wp\/competitividade-e-nossa-palavra-de-ordem-diz-ernani-polo-no-evento-menu-poa\/#primaryimage"},"image":{"@id":"https:\/\/www.ernanipolo.com.br\/wp\/competitividade-e-nossa-palavra-de-ordem-diz-ernani-polo-no-evento-menu-poa\/#primaryimage"},"thumbnailUrl":"https:\/\/www.ernanipolo.com.br\/wp\/wp-content\/uploads\/2020\/08\/WhatsApp-Image-2020-08-25-at-14.42.27.jpeg","datePublished":"2020-08-25T18:31:36+00:00","dateModified":"2020-08-25T18:31:37+00:00","inLanguage":"pt-BR","potentialAction":[{"@type":"ReadAction","target":["https:\/\/www.ernanipolo.com.br\/wp\/competitividade-e-nossa-palavra-de-ordem-diz-ernani-polo-no-evento-menu-poa\/"]}]},{"@type":"ImageObject","inLanguage":"pt-BR","@id":"https:\/\/www.ernanipolo.com.br\/wp\/competitividade-e-nossa-palavra-de-ordem-diz-ernani-polo-no-evento-menu-poa\/#primaryimage","url":"https:\/\/www.ernanipolo.com.br\/wp\/wp-content\/uploads\/2020\/08\/WhatsApp-Image-2020-08-25-at-14.42.27.jpeg","contentUrl":"https:\/\/www.ernanipolo.com.br\/wp\/wp-content\/uploads\/2020\/08\/WhatsApp-Image-2020-08-25-at-14.42.27.jpeg","width":1280,"height":853},{"@type":"WebSite","@id":"https:\/\/www.ernanipolo.com.br\/wp\/#website","url":"https:\/\/www.ernanipolo.com.br\/wp\/","name":"Ernani Polo","description":"","publisher":{"@id":"https:\/\/www.ernanipolo.com.br\/wp\/#organization"},"potentialAction":[{"@type":"SearchAction","target":{"@type":"EntryPoint","urlTemplate":"https:\/\/www.ernanipolo.com.br\/wp\/?s={search_term_string}"},"query-input":{"@type":"PropertyValueSpecification","valueRequired":true,"valueName":"search_term_string"}}],"inLanguage":"pt-BR"},{"@type":"Organization","@id":"https:\/\/www.ernanipolo.com.br\/wp\/#organization","name":"Ernani Polo","url":"https:\/\/www.ernanipolo.com.br\/wp\/","logo":{"@type":"ImageObject","inLanguage":"pt-BR","@id":"https:\/\/www.ernanipolo.com.br\/wp\/#\/schema\/logo\/image\/","url":"https:\/\/www.ernanipolo.com.br\/wp\/wp-content\/uploads\/2023\/09\/Logo-Azul-Ernani-Polo.png","contentUrl":"https:\/\/www.ernanipolo.com.br\/wp\/wp-content\/uploads\/2023\/09\/Logo-Azul-Ernani-Polo.png","width":630,"height":162,"caption":"Ernani Polo"},"image":{"@id":"https:\/\/www.ernanipolo.com.br\/wp\/#\/schema\/logo\/image\/"}},{"@type":"Person","@id":"https:\/\/www.ernanipolo.com.br\/wp\/#\/schema\/person\/495081e5f89df1864e457bc25058eb32","name":"Assessoria","image":{"@type":"ImageObject","inLanguage":"pt-BR","@id":"https:\/\/secure.gravatar.com\/avatar\/fb9fbf9c7f51269c39fd7432c2ca37dcb848f2e01061b91c2515b159534f94f8?s=96&d=mm&r=g","url":"https:\/\/secure.gravatar.com\/avatar\/fb9fbf9c7f51269c39fd7432c2ca37dcb848f2e01061b91c2515b159534f94f8?s=96&d=mm&r=g","contentUrl":"https:\/\/secure.gravatar.com\/avatar\/fb9fbf9c7f51269c39fd7432c2ca37dcb848f2e01061b91c2515b159534f94f8?s=96&d=mm&r=g","caption":"Assessoria"},"url":"https:\/\/www.ernanipolo.com.br\/wp\/author\/assessoria\/"}]}},"jetpack_featured_media_url":"https:\/\/www.ernanipolo.com.br\/wp\/wp-content\/uploads\/2020\/08\/WhatsApp-Image-2020-08-25-at-14.42.27.jpeg","jetpack_sharing_enabled":true,"_links":{"self":[{"href":"https:\/\/www.ernanipolo.com.br\/wp\/wp-json\/wp\/v2\/posts\/3499","targetHints":{"allow":["GET"]}}],"collection":[{"href":"https:\/\/www.ernanipolo.com.br\/wp\/wp-json\/wp\/v2\/posts"}],"about":[{"href":"https:\/\/www.ernanipolo.com.br\/wp\/wp-json\/wp\/v2\/types\/post"}],"author":[{"embeddable":true,"href":"https:\/\/www.ernanipolo.com.br\/wp\/wp-json\/wp\/v2\/users\/3"}],"replies":[{"embeddable":true,"href":"https:\/\/www.ernanipolo.com.br\/wp\/wp-json\/wp\/v2\/comments?post=3499"}],"version-history":[{"count":0,"href":"https:\/\/www.ernanipolo.com.br\/wp\/wp-json\/wp\/v2\/posts\/3499\/revisions"}],"wp:featuredmedia":[{"embeddable":true,"href":"https:\/\/www.ernanipolo.com.br\/wp\/wp-json\/wp\/v2\/media\/3500"}],"wp:attachment":[{"href":"https:\/\/www.ernanipolo.com.br\/wp\/wp-json\/wp\/v2\/media?parent=3499"}],"wp:term":[{"taxonomy":"category","embeddable":true,"href":"https:\/\/www.ernanipolo.com.br\/wp\/wp-json\/wp\/v2\/categories?post=3499"},{"taxonomy":"post_tag","embeddable":true,"href":"https:\/\/www.ernanipolo.com.br\/wp\/wp-json\/wp\/v2\/tags?post=3499"}],"curies":[{"name":"wp","href":"https:\/\/api.w.org\/{rel}","templated":true}]}}