{"id":2983,"date":"2020-06-05T11:27:55","date_gmt":"2020-06-05T14:27:55","guid":{"rendered":"http:\/\/www.ernanipolo.com.br\/wp\/?p=2983"},"modified":"2020-06-05T12:15:19","modified_gmt":"2020-06-05T15:15:19","slug":"presidente-ernani-polo-recebe-convite-para-visitar-centro-de-tratamento-de-combate-ao-novo-coronavirus","status":"publish","type":"post","link":"https:\/\/www.ernanipolo.com.br\/wp\/presidente-ernani-polo-recebe-convite-para-visitar-centro-de-tratamento-de-combate-ao-novo-coronavirus\/","title":{"rendered":"Presidente Ernani Polo recebe convite para visitar Centro de Tratamento de Combate ao novo coronav\u00edrus"},"content":{"rendered":"\n<p>O Centro de Tratamento de Combate ao novo coronav\u00edrus, constru\u00eddo de forma anexa ao Hospital Independ\u00eancia, em Porto Alegre, ser\u00e1 inaugurado no pr\u00f3ximo dia 15. Nesta quinta-feira, 4, o presidente da Assembleia Legislativa, Ernani Polo recebeu o diretor do Hospital Divina Provid\u00eancia, M\u00e1rio Jaeger Neto, que o convidou para visitar as obras. <br>&#8220;\u00c9 muito importante que tenhamos mais condi\u00e7\u00f5es de atender pessoas que venham a ser infectadas pelo coronav\u00edrus. Esta iniciativa do Hospital Divina Provid\u00eancia se soma a outras de institui\u00e7\u00f5es de sa\u00fade que v\u00e3o refor\u00e7ar o combate a esta pandemia. Assim como a Assembleia j\u00e1 destinou R$ 30 milh\u00f5es ao Estado ao enfrentamento da doen\u00e7a vemos que a sociedade se mobiliza cada vez mais para ser solid\u00e1ria&#8221;, destaca o deputado Ernani Polo, presidente da AL-RS.<\/p>\n\n\n\n<p>A unidade, que estar\u00e1 pronta em menos de dois meses, contar\u00e1 com 60 leitos e teve investimento da Gerdau, Ipiranga, Hospital Moinhos de Vento e Grupo Zaffari.<\/p>\n","protected":false},"excerpt":{"rendered":"<p>O Centro de Tratamento de Combate ao novo coronav\u00edrus, constru\u00eddo de forma anexa ao Hospital Independ\u00eancia, em Porto Alegre, ser\u00e1 &hellip; <a href=\"https:\/\/www.ernanipolo.com.br\/wp\/presidente-ernani-polo-recebe-convite-para-visitar-centro-de-tratamento-de-combate-ao-novo-coronavirus\/\" class=\"more-link\">Continue reading <span class=\"screen-reader-text\">Presidente Ernani Polo recebe convite para visitar Centro de Tratamento de Combate ao novo coronav\u00edrus<\/span><\/a><\/p>\n","protected":false},"author":3,"featured_media":2984,"comment_status":"open","ping_status":"open","sticky":false,"template":"","format":"standard","meta":{"_acf_changed":false,"_jetpack_memberships_contains_paid_content":false,"footnotes":""},"categories":[37,45],"tags":[],"class_list":["post-2983","post","type-post","status-publish","format-standard","has-post-thumbnail","hentry","category-noticias","category-agricultura"],"acf":[],"yoast_head":"<!-- This site is optimized with the Yoast SEO plugin v27.5 - https:\/\/yoast.com\/product\/yoast-seo-wordpress\/ -->\n<title>Presidente Ernani Polo recebe convite para visitar Centro de Tratamento de Combate ao novo coronav\u00edrus - Ernani Polo<\/title>\n<meta name=\"robots\" content=\"index, follow, max-snippet:-1, max-image-preview:large, max-video-preview:-1\" \/>\n<link rel=\"canonical\" href=\"https:\/\/www.ernanipolo.com.br\/wp\/presidente-ernani-polo-recebe-convite-para-visitar-centro-de-tratamento-de-combate-ao-novo-coronavirus\/\" \/>\n<meta property=\"og:locale\" content=\"pt_BR\" \/>\n<meta property=\"og:type\" content=\"article\" \/>\n<meta property=\"og:title\" content=\"Presidente Ernani Polo recebe convite para visitar Centro de Tratamento de Combate ao novo coronav\u00edrus - Ernani Polo\" \/>\n<meta property=\"og:description\" content=\"O Centro de Tratamento de Combate ao novo coronav\u00edrus, constru\u00eddo de forma anexa ao Hospital Independ\u00eancia, em Porto Alegre, ser\u00e1 &hellip; Continue reading Presidente Ernani Polo recebe convite para visitar Centro de Tratamento de Combate ao novo coronav\u00edrus\" \/>\n<meta property=\"og:url\" content=\"https:\/\/www.ernanipolo.com.br\/wp\/presidente-ernani-polo-recebe-convite-para-visitar-centro-de-tratamento-de-combate-ao-novo-coronavirus\/\" \/>\n<meta property=\"og:site_name\" content=\"Ernani Polo\" \/>\n<meta property=\"article:published_time\" content=\"2020-06-05T14:27:55+00:00\" \/>\n<meta property=\"article:modified_time\" content=\"2020-06-05T15:15:19+00:00\" \/>\n<meta property=\"og:image\" content=\"https:\/\/www.ernanipolo.com.br\/wp\/wp-content\/uploads\/2020\/06\/775E3D58-0172-4F49-A11A-A2B168A94395.jpeg\" \/>\n\t<meta property=\"og:image:width\" content=\"1280\" \/>\n\t<meta property=\"og:image:height\" content=\"851\" \/>\n\t<meta property=\"og:image:type\" content=\"image\/jpeg\" \/>\n<meta name=\"author\" content=\"Assessoria\" \/>\n<meta name=\"twitter:card\" content=\"summary_large_image\" \/>\n<meta name=\"twitter:label1\" content=\"Escrito por\" \/>\n\t<meta name=\"twitter:data1\" content=\"Assessoria\" \/>\n\t<meta name=\"twitter:label2\" content=\"Est. tempo de leitura\" \/>\n\t<meta name=\"twitter:data2\" content=\"1 minuto\" \/>\n<script type=\"application\/ld+json\" class=\"yoast-schema-graph\">{\"@context\":\"https:\\\/\\\/schema.org\",\"@graph\":[{\"@type\":\"Article\",\"@id\":\"https:\\\/\\\/www.ernanipolo.com.br\\\/wp\\\/presidente-ernani-polo-recebe-convite-para-visitar-centro-de-tratamento-de-combate-ao-novo-coronavirus\\\/#article\",\"isPartOf\":{\"@id\":\"https:\\\/\\\/www.ernanipolo.com.br\\\/wp\\\/presidente-ernani-polo-recebe-convite-para-visitar-centro-de-tratamento-de-combate-ao-novo-coronavirus\\\/\"},\"author\":{\"name\":\"Assessoria\",\"@id\":\"https:\\\/\\\/www.ernanipolo.com.br\\\/wp\\\/#\\\/schema\\\/person\\\/495081e5f89df1864e457bc25058eb32\"},\"headline\":\"Presidente Ernani Polo recebe convite para visitar Centro de Tratamento de Combate ao novo coronav\u00edrus\",\"datePublished\":\"2020-06-05T14:27:55+00:00\",\"dateModified\":\"2020-06-05T15:15:19+00:00\",\"mainEntityOfPage\":{\"@id\":\"https:\\\/\\\/www.ernanipolo.com.br\\\/wp\\\/presidente-ernani-polo-recebe-convite-para-visitar-centro-de-tratamento-de-combate-ao-novo-coronavirus\\\/\"},\"wordCount\":180,\"commentCount\":1,\"publisher\":{\"@id\":\"https:\\\/\\\/www.ernanipolo.com.br\\\/wp\\\/#organization\"},\"image\":{\"@id\":\"https:\\\/\\\/www.ernanipolo.com.br\\\/wp\\\/presidente-ernani-polo-recebe-convite-para-visitar-centro-de-tratamento-de-combate-ao-novo-coronavirus\\\/#primaryimage\"},\"thumbnailUrl\":\"https:\\\/\\\/www.ernanipolo.com.br\\\/wp\\\/wp-content\\\/uploads\\\/2020\\\/06\\\/775E3D58-0172-4F49-A11A-A2B168A94395.jpeg\",\"articleSection\":[\"Not\u00edcias\",\"agricultura\"],\"inLanguage\":\"pt-BR\",\"potentialAction\":[{\"@type\":\"CommentAction\",\"name\":\"Comment\",\"target\":[\"https:\\\/\\\/www.ernanipolo.com.br\\\/wp\\\/presidente-ernani-polo-recebe-convite-para-visitar-centro-de-tratamento-de-combate-ao-novo-coronavirus\\\/#respond\"]}]},{\"@type\":\"WebPage\",\"@id\":\"https:\\\/\\\/www.ernanipolo.com.br\\\/wp\\\/presidente-ernani-polo-recebe-convite-para-visitar-centro-de-tratamento-de-combate-ao-novo-coronavirus\\\/\",\"url\":\"https:\\\/\\\/www.ernanipolo.com.br\\\/wp\\\/presidente-ernani-polo-recebe-convite-para-visitar-centro-de-tratamento-de-combate-ao-novo-coronavirus\\\/\",\"name\":\"Presidente Ernani Polo recebe convite para visitar Centro de Tratamento de Combate ao novo coronav\u00edrus - Ernani Polo\",\"isPartOf\":{\"@id\":\"https:\\\/\\\/www.ernanipolo.com.br\\\/wp\\\/#website\"},\"primaryImageOfPage\":{\"@id\":\"https:\\\/\\\/www.ernanipolo.com.br\\\/wp\\\/presidente-ernani-polo-recebe-convite-para-visitar-centro-de-tratamento-de-combate-ao-novo-coronavirus\\\/#primaryimage\"},\"image\":{\"@id\":\"https:\\\/\\\/www.ernanipolo.com.br\\\/wp\\\/presidente-ernani-polo-recebe-convite-para-visitar-centro-de-tratamento-de-combate-ao-novo-coronavirus\\\/#primaryimage\"},\"thumbnailUrl\":\"https:\\\/\\\/www.ernanipolo.com.br\\\/wp\\\/wp-content\\\/uploads\\\/2020\\\/06\\\/775E3D58-0172-4F49-A11A-A2B168A94395.jpeg\",\"datePublished\":\"2020-06-05T14:27:55+00:00\",\"dateModified\":\"2020-06-05T15:15:19+00:00\",\"inLanguage\":\"pt-BR\",\"potentialAction\":[{\"@type\":\"ReadAction\",\"target\":[\"https:\\\/\\\/www.ernanipolo.com.br\\\/wp\\\/presidente-ernani-polo-recebe-convite-para-visitar-centro-de-tratamento-de-combate-ao-novo-coronavirus\\\/\"]}]},{\"@type\":\"ImageObject\",\"inLanguage\":\"pt-BR\",\"@id\":\"https:\\\/\\\/www.ernanipolo.com.br\\\/wp\\\/presidente-ernani-polo-recebe-convite-para-visitar-centro-de-tratamento-de-combate-ao-novo-coronavirus\\\/#primaryimage\",\"url\":\"https:\\\/\\\/www.ernanipolo.com.br\\\/wp\\\/wp-content\\\/uploads\\\/2020\\\/06\\\/775E3D58-0172-4F49-A11A-A2B168A94395.jpeg\",\"contentUrl\":\"https:\\\/\\\/www.ernanipolo.com.br\\\/wp\\\/wp-content\\\/uploads\\\/2020\\\/06\\\/775E3D58-0172-4F49-A11A-A2B168A94395.jpeg\",\"width\":1280,\"height\":851},{\"@type\":\"WebSite\",\"@id\":\"https:\\\/\\\/www.ernanipolo.com.br\\\/wp\\\/#website\",\"url\":\"https:\\\/\\\/www.ernanipolo.com.br\\\/wp\\\/\",\"name\":\"Ernani Polo\",\"description\":\"\",\"publisher\":{\"@id\":\"https:\\\/\\\/www.ernanipolo.com.br\\\/wp\\\/#organization\"},\"potentialAction\":[{\"@type\":\"SearchAction\",\"target\":{\"@type\":\"EntryPoint\",\"urlTemplate\":\"https:\\\/\\\/www.ernanipolo.com.br\\\/wp\\\/?s={search_term_string}\"},\"query-input\":{\"@type\":\"PropertyValueSpecification\",\"valueRequired\":true,\"valueName\":\"search_term_string\"}}],\"inLanguage\":\"pt-BR\"},{\"@type\":\"Organization\",\"@id\":\"https:\\\/\\\/www.ernanipolo.com.br\\\/wp\\\/#organization\",\"name\":\"Ernani Polo\",\"url\":\"https:\\\/\\\/www.ernanipolo.com.br\\\/wp\\\/\",\"logo\":{\"@type\":\"ImageObject\",\"inLanguage\":\"pt-BR\",\"@id\":\"https:\\\/\\\/www.ernanipolo.com.br\\\/wp\\\/#\\\/schema\\\/logo\\\/image\\\/\",\"url\":\"https:\\\/\\\/www.ernanipolo.com.br\\\/wp\\\/wp-content\\\/uploads\\\/2023\\\/09\\\/Logo-Azul-Ernani-Polo.png\",\"contentUrl\":\"https:\\\/\\\/www.ernanipolo.com.br\\\/wp\\\/wp-content\\\/uploads\\\/2023\\\/09\\\/Logo-Azul-Ernani-Polo.png\",\"width\":630,\"height\":162,\"caption\":\"Ernani Polo\"},\"image\":{\"@id\":\"https:\\\/\\\/www.ernanipolo.com.br\\\/wp\\\/#\\\/schema\\\/logo\\\/image\\\/\"}},{\"@type\":\"Person\",\"@id\":\"https:\\\/\\\/www.ernanipolo.com.br\\\/wp\\\/#\\\/schema\\\/person\\\/495081e5f89df1864e457bc25058eb32\",\"name\":\"Assessoria\",\"image\":{\"@type\":\"ImageObject\",\"inLanguage\":\"pt-BR\",\"@id\":\"https:\\\/\\\/secure.gravatar.com\\\/avatar\\\/fb9fbf9c7f51269c39fd7432c2ca37dcb848f2e01061b91c2515b159534f94f8?s=96&d=mm&r=g\",\"url\":\"https:\\\/\\\/secure.gravatar.com\\\/avatar\\\/fb9fbf9c7f51269c39fd7432c2ca37dcb848f2e01061b91c2515b159534f94f8?s=96&d=mm&r=g\",\"contentUrl\":\"https:\\\/\\\/secure.gravatar.com\\\/avatar\\\/fb9fbf9c7f51269c39fd7432c2ca37dcb848f2e01061b91c2515b159534f94f8?s=96&d=mm&r=g\",\"caption\":\"Assessoria\"},\"url\":\"https:\\\/\\\/www.ernanipolo.com.br\\\/wp\\\/author\\\/assessoria\\\/\"}]}<\/script>\n<!-- \/ Yoast SEO plugin. -->","yoast_head_json":{"title":"Presidente Ernani Polo recebe convite para visitar Centro de Tratamento de Combate ao novo coronav\u00edrus - Ernani Polo","robots":{"index":"index","follow":"follow","max-snippet":"max-snippet:-1","max-image-preview":"max-image-preview:large","max-video-preview":"max-video-preview:-1"},"canonical":"https:\/\/www.ernanipolo.com.br\/wp\/presidente-ernani-polo-recebe-convite-para-visitar-centro-de-tratamento-de-combate-ao-novo-coronavirus\/","og_locale":"pt_BR","og_type":"article","og_title":"Presidente Ernani Polo recebe convite para visitar Centro de Tratamento de Combate ao novo coronav\u00edrus - Ernani Polo","og_description":"O Centro de Tratamento de Combate ao novo coronav\u00edrus, constru\u00eddo de forma anexa ao Hospital Independ\u00eancia, em Porto Alegre, ser\u00e1 &hellip; Continue reading Presidente Ernani Polo recebe convite para visitar Centro de Tratamento de Combate ao novo coronav\u00edrus","og_url":"https:\/\/www.ernanipolo.com.br\/wp\/presidente-ernani-polo-recebe-convite-para-visitar-centro-de-tratamento-de-combate-ao-novo-coronavirus\/","og_site_name":"Ernani Polo","article_published_time":"2020-06-05T14:27:55+00:00","article_modified_time":"2020-06-05T15:15:19+00:00","og_image":[{"width":1280,"height":851,"url":"https:\/\/www.ernanipolo.com.br\/wp\/wp-content\/uploads\/2020\/06\/775E3D58-0172-4F49-A11A-A2B168A94395.jpeg","type":"image\/jpeg"}],"author":"Assessoria","twitter_card":"summary_large_image","twitter_misc":{"Escrito por":"Assessoria","Est. tempo de leitura":"1 minuto"},"schema":{"@context":"https:\/\/schema.org","@graph":[{"@type":"Article","@id":"https:\/\/www.ernanipolo.com.br\/wp\/presidente-ernani-polo-recebe-convite-para-visitar-centro-de-tratamento-de-combate-ao-novo-coronavirus\/#article","isPartOf":{"@id":"https:\/\/www.ernanipolo.com.br\/wp\/presidente-ernani-polo-recebe-convite-para-visitar-centro-de-tratamento-de-combate-ao-novo-coronavirus\/"},"author":{"name":"Assessoria","@id":"https:\/\/www.ernanipolo.com.br\/wp\/#\/schema\/person\/495081e5f89df1864e457bc25058eb32"},"headline":"Presidente Ernani Polo recebe convite para visitar Centro de Tratamento de Combate ao novo coronav\u00edrus","datePublished":"2020-06-05T14:27:55+00:00","dateModified":"2020-06-05T15:15:19+00:00","mainEntityOfPage":{"@id":"https:\/\/www.ernanipolo.com.br\/wp\/presidente-ernani-polo-recebe-convite-para-visitar-centro-de-tratamento-de-combate-ao-novo-coronavirus\/"},"wordCount":180,"commentCount":1,"publisher":{"@id":"https:\/\/www.ernanipolo.com.br\/wp\/#organization"},"image":{"@id":"https:\/\/www.ernanipolo.com.br\/wp\/presidente-ernani-polo-recebe-convite-para-visitar-centro-de-tratamento-de-combate-ao-novo-coronavirus\/#primaryimage"},"thumbnailUrl":"https:\/\/www.ernanipolo.com.br\/wp\/wp-content\/uploads\/2020\/06\/775E3D58-0172-4F49-A11A-A2B168A94395.jpeg","articleSection":["Not\u00edcias","agricultura"],"inLanguage":"pt-BR","potentialAction":[{"@type":"CommentAction","name":"Comment","target":["https:\/\/www.ernanipolo.com.br\/wp\/presidente-ernani-polo-recebe-convite-para-visitar-centro-de-tratamento-de-combate-ao-novo-coronavirus\/#respond"]}]},{"@type":"WebPage","@id":"https:\/\/www.ernanipolo.com.br\/wp\/presidente-ernani-polo-recebe-convite-para-visitar-centro-de-tratamento-de-combate-ao-novo-coronavirus\/","url":"https:\/\/www.ernanipolo.com.br\/wp\/presidente-ernani-polo-recebe-convite-para-visitar-centro-de-tratamento-de-combate-ao-novo-coronavirus\/","name":"Presidente Ernani Polo recebe convite para visitar Centro de Tratamento de Combate ao novo coronav\u00edrus - Ernani Polo","isPartOf":{"@id":"https:\/\/www.ernanipolo.com.br\/wp\/#website"},"primaryImageOfPage":{"@id":"https:\/\/www.ernanipolo.com.br\/wp\/presidente-ernani-polo-recebe-convite-para-visitar-centro-de-tratamento-de-combate-ao-novo-coronavirus\/#primaryimage"},"image":{"@id":"https:\/\/www.ernanipolo.com.br\/wp\/presidente-ernani-polo-recebe-convite-para-visitar-centro-de-tratamento-de-combate-ao-novo-coronavirus\/#primaryimage"},"thumbnailUrl":"https:\/\/www.ernanipolo.com.br\/wp\/wp-content\/uploads\/2020\/06\/775E3D58-0172-4F49-A11A-A2B168A94395.jpeg","datePublished":"2020-06-05T14:27:55+00:00","dateModified":"2020-06-05T15:15:19+00:00","inLanguage":"pt-BR","potentialAction":[{"@type":"ReadAction","target":["https:\/\/www.ernanipolo.com.br\/wp\/presidente-ernani-polo-recebe-convite-para-visitar-centro-de-tratamento-de-combate-ao-novo-coronavirus\/"]}]},{"@type":"ImageObject","inLanguage":"pt-BR","@id":"https:\/\/www.ernanipolo.com.br\/wp\/presidente-ernani-polo-recebe-convite-para-visitar-centro-de-tratamento-de-combate-ao-novo-coronavirus\/#primaryimage","url":"https:\/\/www.ernanipolo.com.br\/wp\/wp-content\/uploads\/2020\/06\/775E3D58-0172-4F49-A11A-A2B168A94395.jpeg","contentUrl":"https:\/\/www.ernanipolo.com.br\/wp\/wp-content\/uploads\/2020\/06\/775E3D58-0172-4F49-A11A-A2B168A94395.jpeg","width":1280,"height":851},{"@type":"WebSite","@id":"https:\/\/www.ernanipolo.com.br\/wp\/#website","url":"https:\/\/www.ernanipolo.com.br\/wp\/","name":"Ernani Polo","description":"","publisher":{"@id":"https:\/\/www.ernanipolo.com.br\/wp\/#organization"},"potentialAction":[{"@type":"SearchAction","target":{"@type":"EntryPoint","urlTemplate":"https:\/\/www.ernanipolo.com.br\/wp\/?s={search_term_string}"},"query-input":{"@type":"PropertyValueSpecification","valueRequired":true,"valueName":"search_term_string"}}],"inLanguage":"pt-BR"},{"@type":"Organization","@id":"https:\/\/www.ernanipolo.com.br\/wp\/#organization","name":"Ernani Polo","url":"https:\/\/www.ernanipolo.com.br\/wp\/","logo":{"@type":"ImageObject","inLanguage":"pt-BR","@id":"https:\/\/www.ernanipolo.com.br\/wp\/#\/schema\/logo\/image\/","url":"https:\/\/www.ernanipolo.com.br\/wp\/wp-content\/uploads\/2023\/09\/Logo-Azul-Ernani-Polo.png","contentUrl":"https:\/\/www.ernanipolo.com.br\/wp\/wp-content\/uploads\/2023\/09\/Logo-Azul-Ernani-Polo.png","width":630,"height":162,"caption":"Ernani Polo"},"image":{"@id":"https:\/\/www.ernanipolo.com.br\/wp\/#\/schema\/logo\/image\/"}},{"@type":"Person","@id":"https:\/\/www.ernanipolo.com.br\/wp\/#\/schema\/person\/495081e5f89df1864e457bc25058eb32","name":"Assessoria","image":{"@type":"ImageObject","inLanguage":"pt-BR","@id":"https:\/\/secure.gravatar.com\/avatar\/fb9fbf9c7f51269c39fd7432c2ca37dcb848f2e01061b91c2515b159534f94f8?s=96&d=mm&r=g","url":"https:\/\/secure.gravatar.com\/avatar\/fb9fbf9c7f51269c39fd7432c2ca37dcb848f2e01061b91c2515b159534f94f8?s=96&d=mm&r=g","contentUrl":"https:\/\/secure.gravatar.com\/avatar\/fb9fbf9c7f51269c39fd7432c2ca37dcb848f2e01061b91c2515b159534f94f8?s=96&d=mm&r=g","caption":"Assessoria"},"url":"https:\/\/www.ernanipolo.com.br\/wp\/author\/assessoria\/"}]}},"jetpack_featured_media_url":"https:\/\/www.ernanipolo.com.br\/wp\/wp-content\/uploads\/2020\/06\/775E3D58-0172-4F49-A11A-A2B168A94395.jpeg","jetpack_sharing_enabled":true,"_links":{"self":[{"href":"https:\/\/www.ernanipolo.com.br\/wp\/wp-json\/wp\/v2\/posts\/2983","targetHints":{"allow":["GET"]}}],"collection":[{"href":"https:\/\/www.ernanipolo.com.br\/wp\/wp-json\/wp\/v2\/posts"}],"about":[{"href":"https:\/\/www.ernanipolo.com.br\/wp\/wp-json\/wp\/v2\/types\/post"}],"author":[{"embeddable":true,"href":"https:\/\/www.ernanipolo.com.br\/wp\/wp-json\/wp\/v2\/users\/3"}],"replies":[{"embeddable":true,"href":"https:\/\/www.ernanipolo.com.br\/wp\/wp-json\/wp\/v2\/comments?post=2983"}],"version-history":[{"count":0,"href":"https:\/\/www.ernanipolo.com.br\/wp\/wp-json\/wp\/v2\/posts\/2983\/revisions"}],"wp:featuredmedia":[{"embeddable":true,"href":"https:\/\/www.ernanipolo.com.br\/wp\/wp-json\/wp\/v2\/media\/2984"}],"wp:attachment":[{"href":"https:\/\/www.ernanipolo.com.br\/wp\/wp-json\/wp\/v2\/media?parent=2983"}],"wp:term":[{"taxonomy":"category","embeddable":true,"href":"https:\/\/www.ernanipolo.com.br\/wp\/wp-json\/wp\/v2\/categories?post=2983"},{"taxonomy":"post_tag","embeddable":true,"href":"https:\/\/www.ernanipolo.com.br\/wp\/wp-json\/wp\/v2\/tags?post=2983"}],"curies":[{"name":"wp","href":"https:\/\/api.w.org\/{rel}","templated":true}]}}