{"id":2980,"date":"2020-06-04T17:17:48","date_gmt":"2020-06-04T20:17:48","guid":{"rendered":"http:\/\/www.ernanipolo.com.br\/wp\/?p=2980"},"modified":"2020-06-04T17:17:49","modified_gmt":"2020-06-04T20:17:49","slug":"assembleia-legislativa-debate-projeto-sobre-sistema-estadual-de-trabalho-emprego-e-renda-protocolado-pelo-executivo","status":"publish","type":"post","link":"https:\/\/www.ernanipolo.com.br\/wp\/assembleia-legislativa-debate-projeto-sobre-sistema-estadual-de-trabalho-emprego-e-renda-protocolado-pelo-executivo\/","title":{"rendered":"Assembleia Legislativa debate projeto sobre Sistema Estadual de Trabalho, Emprego e Renda, protocolado pelo Executivo"},"content":{"rendered":"\n<p>Durante videoconfer\u00eancia realizada na manh\u00e3 desta quinta-feira (4), a secret\u00e1ria estadual do Trabalho e Assist\u00eancia Social, Regina Becker Fortunati e o secret\u00e1rio-chefe da Casa Civil-adjunto, Bruno Pinto de Freitas, detalharam ao presidente da Assembleia Legislativa, deputado Ernani Polo e aos demais deputados, o projeto de lei 124\/2020, de autoria do Poder Executivo, que institui o Sistema Estadual de Trabalho, Emprego e Renda (Trabalhar-RS), o Conselho Estadual do Trabalho, Emprego e Renda (CTER-RS), e o Fundo Estadual do Trabalho (Funtrab-RS).<\/p>\n\n\n\n<p>O texto, protocolado na Assembleia Legislativa, segundo a secret\u00e1ria Regina Becker, tem a finalidade integrar as a\u00e7\u00f5es de promo\u00e7\u00e3o do trabalho dos organismos estaduais, municipais, p\u00fablicos e privados, com as exercidas pelo Sistema Nacional de Emprego (SINE), buscando aumentar a oferta de trabalho, nivelando tamb\u00e9m a distribui\u00e7\u00e3o de renda.<\/p>\n\n\n\n<p>O deputado Ernani Polo, que conduziu os trabalhos, ressaltou a import\u00e2ncia do debate sobre as propostas enviadas \u00e0 Casa: \u201cEste di\u00e1logo \u00e9 essencial para que todos os colegas parlamentares tenham clareza sobre o que ser\u00e1 votado e, desta forma, tenham condi\u00e7\u00f5es de dar o melhor encaminhamento poss\u00edvel \u00e0s proposi\u00e7\u00f5es\u201d, frisou.<\/p>\n\n\n\n<p>A secret\u00e1ria explicou ainda que o Rio Grande do Sul j\u00e1 vinha executando a\u00e7\u00f5es do SINE mediante conv\u00eanio com o governo federal: \u201ccom a nova organiza\u00e7\u00e3o, todos os entes federados que desejarem aderir ao SINE e almejarem repasses do Fundo de Amparo ao Trabalhador (FAT) dever\u00e3o constituir fundo do trabalho a ser gerido e fiscalizado por conselho tamb\u00e9m a ser criado\u201d, detalhou. Nesse sentido, ainda de acordo com a secret\u00e1ria, a falta de profissionais qualificados pode constituir um entrave para o desenvolvimento econ\u00f4mico e resultar na queda de iniciativas empreendedoras: \u201ca cria\u00e7\u00e3o de um sistema p\u00fablico de trabalho, portanto, poderia contribuir com a redu\u00e7\u00e3o das taxas de criminalidade, a promo\u00e7\u00e3o da dignidade dos trabalhadores e a forma\u00e7\u00e3o de uma sociedade mais justa\u201d complementou.<\/p>\n\n\n\n<p>Participaram tamb\u00e9m o diretor-presidente da Funda\u00e7\u00e3o Ga\u00facha do Trabalho e A\u00e7\u00e3o Social (FGTAS), Rog\u00e9rio Grade e os deputados Valdeci oliveira (PT), Giuseppe Riesgo (NOVO), Ga\u00facho da Geral (PSD), Fabio Ostermann (NOVO), Edson Brum (MDB), Franciane Bayer (PSB), Issur Koch (PP), Silvana Covatti (PP), Frederico Antunes (PP).<\/p>\n","protected":false},"excerpt":{"rendered":"<p>Durante videoconfer\u00eancia realizada na manh\u00e3 desta quinta-feira (4), a secret\u00e1ria estadual do Trabalho e Assist\u00eancia Social, Regina Becker Fortunati e &hellip; <a href=\"https:\/\/www.ernanipolo.com.br\/wp\/assembleia-legislativa-debate-projeto-sobre-sistema-estadual-de-trabalho-emprego-e-renda-protocolado-pelo-executivo\/\" class=\"more-link\">Continue reading <span class=\"screen-reader-text\">Assembleia Legislativa debate projeto sobre Sistema Estadual de Trabalho, Emprego e Renda, protocolado pelo Executivo<\/span><\/a><\/p>\n","protected":false},"author":3,"featured_media":2981,"comment_status":"open","ping_status":"open","sticky":false,"template":"","format":"standard","meta":{"_acf_changed":false,"_jetpack_memberships_contains_paid_content":false,"footnotes":""},"categories":[37,39],"tags":[],"class_list":["post-2980","post","type-post","status-publish","format-standard","has-post-thumbnail","hentry","category-noticias","category-destaque"],"acf":[],"yoast_head":"<!-- This site is optimized with the Yoast SEO plugin v27.5 - https:\/\/yoast.com\/product\/yoast-seo-wordpress\/ -->\n<title>Assembleia Legislativa debate projeto sobre Sistema Estadual de Trabalho, Emprego e Renda, protocolado pelo Executivo - Ernani Polo<\/title>\n<meta name=\"robots\" content=\"index, follow, max-snippet:-1, max-image-preview:large, max-video-preview:-1\" \/>\n<link rel=\"canonical\" href=\"https:\/\/www.ernanipolo.com.br\/wp\/assembleia-legislativa-debate-projeto-sobre-sistema-estadual-de-trabalho-emprego-e-renda-protocolado-pelo-executivo\/\" \/>\n<meta property=\"og:locale\" content=\"pt_BR\" \/>\n<meta property=\"og:type\" content=\"article\" \/>\n<meta property=\"og:title\" content=\"Assembleia Legislativa debate projeto sobre Sistema Estadual de Trabalho, Emprego e Renda, protocolado pelo Executivo - Ernani Polo\" \/>\n<meta property=\"og:description\" content=\"Durante videoconfer\u00eancia realizada na manh\u00e3 desta quinta-feira (4), a secret\u00e1ria estadual do Trabalho e Assist\u00eancia Social, Regina Becker Fortunati e &hellip; Continue reading Assembleia Legislativa debate projeto sobre Sistema Estadual de Trabalho, Emprego e Renda, protocolado pelo Executivo\" \/>\n<meta property=\"og:url\" content=\"https:\/\/www.ernanipolo.com.br\/wp\/assembleia-legislativa-debate-projeto-sobre-sistema-estadual-de-trabalho-emprego-e-renda-protocolado-pelo-executivo\/\" \/>\n<meta property=\"og:site_name\" content=\"Ernani Polo\" \/>\n<meta property=\"article:published_time\" content=\"2020-06-04T20:17:48+00:00\" \/>\n<meta property=\"article:modified_time\" content=\"2020-06-04T20:17:49+00:00\" \/>\n<meta property=\"og:image\" content=\"https:\/\/www.ernanipolo.com.br\/wp\/wp-content\/uploads\/2020\/06\/WhatsApp-Image-2020-06-04-at-17.00.42.jpeg\" \/>\n\t<meta property=\"og:image:width\" content=\"1280\" \/>\n\t<meta property=\"og:image:height\" content=\"853\" \/>\n\t<meta property=\"og:image:type\" content=\"image\/jpeg\" \/>\n<meta name=\"author\" content=\"Assessoria\" \/>\n<meta name=\"twitter:card\" content=\"summary_large_image\" \/>\n<meta name=\"twitter:label1\" content=\"Escrito por\" \/>\n\t<meta name=\"twitter:data1\" content=\"Assessoria\" \/>\n\t<meta name=\"twitter:label2\" content=\"Est. tempo de leitura\" \/>\n\t<meta name=\"twitter:data2\" content=\"2 minutos\" \/>\n<script type=\"application\/ld+json\" class=\"yoast-schema-graph\">{\"@context\":\"https:\\\/\\\/schema.org\",\"@graph\":[{\"@type\":\"Article\",\"@id\":\"https:\\\/\\\/www.ernanipolo.com.br\\\/wp\\\/assembleia-legislativa-debate-projeto-sobre-sistema-estadual-de-trabalho-emprego-e-renda-protocolado-pelo-executivo\\\/#article\",\"isPartOf\":{\"@id\":\"https:\\\/\\\/www.ernanipolo.com.br\\\/wp\\\/assembleia-legislativa-debate-projeto-sobre-sistema-estadual-de-trabalho-emprego-e-renda-protocolado-pelo-executivo\\\/\"},\"author\":{\"name\":\"Assessoria\",\"@id\":\"https:\\\/\\\/www.ernanipolo.com.br\\\/wp\\\/#\\\/schema\\\/person\\\/495081e5f89df1864e457bc25058eb32\"},\"headline\":\"Assembleia Legislativa debate projeto sobre Sistema Estadual de Trabalho, Emprego e Renda, protocolado pelo Executivo\",\"datePublished\":\"2020-06-04T20:17:48+00:00\",\"dateModified\":\"2020-06-04T20:17:49+00:00\",\"mainEntityOfPage\":{\"@id\":\"https:\\\/\\\/www.ernanipolo.com.br\\\/wp\\\/assembleia-legislativa-debate-projeto-sobre-sistema-estadual-de-trabalho-emprego-e-renda-protocolado-pelo-executivo\\\/\"},\"wordCount\":392,\"commentCount\":0,\"publisher\":{\"@id\":\"https:\\\/\\\/www.ernanipolo.com.br\\\/wp\\\/#organization\"},\"image\":{\"@id\":\"https:\\\/\\\/www.ernanipolo.com.br\\\/wp\\\/assembleia-legislativa-debate-projeto-sobre-sistema-estadual-de-trabalho-emprego-e-renda-protocolado-pelo-executivo\\\/#primaryimage\"},\"thumbnailUrl\":\"https:\\\/\\\/www.ernanipolo.com.br\\\/wp\\\/wp-content\\\/uploads\\\/2020\\\/06\\\/WhatsApp-Image-2020-06-04-at-17.00.42.jpeg\",\"articleSection\":[\"Not\u00edcias\",\"Destaque\"],\"inLanguage\":\"pt-BR\",\"potentialAction\":[{\"@type\":\"CommentAction\",\"name\":\"Comment\",\"target\":[\"https:\\\/\\\/www.ernanipolo.com.br\\\/wp\\\/assembleia-legislativa-debate-projeto-sobre-sistema-estadual-de-trabalho-emprego-e-renda-protocolado-pelo-executivo\\\/#respond\"]}]},{\"@type\":\"WebPage\",\"@id\":\"https:\\\/\\\/www.ernanipolo.com.br\\\/wp\\\/assembleia-legislativa-debate-projeto-sobre-sistema-estadual-de-trabalho-emprego-e-renda-protocolado-pelo-executivo\\\/\",\"url\":\"https:\\\/\\\/www.ernanipolo.com.br\\\/wp\\\/assembleia-legislativa-debate-projeto-sobre-sistema-estadual-de-trabalho-emprego-e-renda-protocolado-pelo-executivo\\\/\",\"name\":\"Assembleia Legislativa debate projeto sobre Sistema Estadual de Trabalho, Emprego e Renda, protocolado pelo Executivo - Ernani Polo\",\"isPartOf\":{\"@id\":\"https:\\\/\\\/www.ernanipolo.com.br\\\/wp\\\/#website\"},\"primaryImageOfPage\":{\"@id\":\"https:\\\/\\\/www.ernanipolo.com.br\\\/wp\\\/assembleia-legislativa-debate-projeto-sobre-sistema-estadual-de-trabalho-emprego-e-renda-protocolado-pelo-executivo\\\/#primaryimage\"},\"image\":{\"@id\":\"https:\\\/\\\/www.ernanipolo.com.br\\\/wp\\\/assembleia-legislativa-debate-projeto-sobre-sistema-estadual-de-trabalho-emprego-e-renda-protocolado-pelo-executivo\\\/#primaryimage\"},\"thumbnailUrl\":\"https:\\\/\\\/www.ernanipolo.com.br\\\/wp\\\/wp-content\\\/uploads\\\/2020\\\/06\\\/WhatsApp-Image-2020-06-04-at-17.00.42.jpeg\",\"datePublished\":\"2020-06-04T20:17:48+00:00\",\"dateModified\":\"2020-06-04T20:17:49+00:00\",\"inLanguage\":\"pt-BR\",\"potentialAction\":[{\"@type\":\"ReadAction\",\"target\":[\"https:\\\/\\\/www.ernanipolo.com.br\\\/wp\\\/assembleia-legislativa-debate-projeto-sobre-sistema-estadual-de-trabalho-emprego-e-renda-protocolado-pelo-executivo\\\/\"]}]},{\"@type\":\"ImageObject\",\"inLanguage\":\"pt-BR\",\"@id\":\"https:\\\/\\\/www.ernanipolo.com.br\\\/wp\\\/assembleia-legislativa-debate-projeto-sobre-sistema-estadual-de-trabalho-emprego-e-renda-protocolado-pelo-executivo\\\/#primaryimage\",\"url\":\"https:\\\/\\\/www.ernanipolo.com.br\\\/wp\\\/wp-content\\\/uploads\\\/2020\\\/06\\\/WhatsApp-Image-2020-06-04-at-17.00.42.jpeg\",\"contentUrl\":\"https:\\\/\\\/www.ernanipolo.com.br\\\/wp\\\/wp-content\\\/uploads\\\/2020\\\/06\\\/WhatsApp-Image-2020-06-04-at-17.00.42.jpeg\",\"width\":1280,\"height\":853},{\"@type\":\"WebSite\",\"@id\":\"https:\\\/\\\/www.ernanipolo.com.br\\\/wp\\\/#website\",\"url\":\"https:\\\/\\\/www.ernanipolo.com.br\\\/wp\\\/\",\"name\":\"Ernani Polo\",\"description\":\"\",\"publisher\":{\"@id\":\"https:\\\/\\\/www.ernanipolo.com.br\\\/wp\\\/#organization\"},\"potentialAction\":[{\"@type\":\"SearchAction\",\"target\":{\"@type\":\"EntryPoint\",\"urlTemplate\":\"https:\\\/\\\/www.ernanipolo.com.br\\\/wp\\\/?s={search_term_string}\"},\"query-input\":{\"@type\":\"PropertyValueSpecification\",\"valueRequired\":true,\"valueName\":\"search_term_string\"}}],\"inLanguage\":\"pt-BR\"},{\"@type\":\"Organization\",\"@id\":\"https:\\\/\\\/www.ernanipolo.com.br\\\/wp\\\/#organization\",\"name\":\"Ernani Polo\",\"url\":\"https:\\\/\\\/www.ernanipolo.com.br\\\/wp\\\/\",\"logo\":{\"@type\":\"ImageObject\",\"inLanguage\":\"pt-BR\",\"@id\":\"https:\\\/\\\/www.ernanipolo.com.br\\\/wp\\\/#\\\/schema\\\/logo\\\/image\\\/\",\"url\":\"https:\\\/\\\/www.ernanipolo.com.br\\\/wp\\\/wp-content\\\/uploads\\\/2023\\\/09\\\/Logo-Azul-Ernani-Polo.png\",\"contentUrl\":\"https:\\\/\\\/www.ernanipolo.com.br\\\/wp\\\/wp-content\\\/uploads\\\/2023\\\/09\\\/Logo-Azul-Ernani-Polo.png\",\"width\":630,\"height\":162,\"caption\":\"Ernani Polo\"},\"image\":{\"@id\":\"https:\\\/\\\/www.ernanipolo.com.br\\\/wp\\\/#\\\/schema\\\/logo\\\/image\\\/\"}},{\"@type\":\"Person\",\"@id\":\"https:\\\/\\\/www.ernanipolo.com.br\\\/wp\\\/#\\\/schema\\\/person\\\/495081e5f89df1864e457bc25058eb32\",\"name\":\"Assessoria\",\"image\":{\"@type\":\"ImageObject\",\"inLanguage\":\"pt-BR\",\"@id\":\"https:\\\/\\\/secure.gravatar.com\\\/avatar\\\/fb9fbf9c7f51269c39fd7432c2ca37dcb848f2e01061b91c2515b159534f94f8?s=96&d=mm&r=g\",\"url\":\"https:\\\/\\\/secure.gravatar.com\\\/avatar\\\/fb9fbf9c7f51269c39fd7432c2ca37dcb848f2e01061b91c2515b159534f94f8?s=96&d=mm&r=g\",\"contentUrl\":\"https:\\\/\\\/secure.gravatar.com\\\/avatar\\\/fb9fbf9c7f51269c39fd7432c2ca37dcb848f2e01061b91c2515b159534f94f8?s=96&d=mm&r=g\",\"caption\":\"Assessoria\"},\"url\":\"https:\\\/\\\/www.ernanipolo.com.br\\\/wp\\\/author\\\/assessoria\\\/\"}]}<\/script>\n<!-- \/ Yoast SEO plugin. -->","yoast_head_json":{"title":"Assembleia Legislativa debate projeto sobre Sistema Estadual de Trabalho, Emprego e Renda, protocolado pelo Executivo - Ernani Polo","robots":{"index":"index","follow":"follow","max-snippet":"max-snippet:-1","max-image-preview":"max-image-preview:large","max-video-preview":"max-video-preview:-1"},"canonical":"https:\/\/www.ernanipolo.com.br\/wp\/assembleia-legislativa-debate-projeto-sobre-sistema-estadual-de-trabalho-emprego-e-renda-protocolado-pelo-executivo\/","og_locale":"pt_BR","og_type":"article","og_title":"Assembleia Legislativa debate projeto sobre Sistema Estadual de Trabalho, Emprego e Renda, protocolado pelo Executivo - Ernani Polo","og_description":"Durante videoconfer\u00eancia realizada na manh\u00e3 desta quinta-feira (4), a secret\u00e1ria estadual do Trabalho e Assist\u00eancia Social, Regina Becker Fortunati e &hellip; Continue reading Assembleia Legislativa debate projeto sobre Sistema Estadual de Trabalho, Emprego e Renda, protocolado pelo Executivo","og_url":"https:\/\/www.ernanipolo.com.br\/wp\/assembleia-legislativa-debate-projeto-sobre-sistema-estadual-de-trabalho-emprego-e-renda-protocolado-pelo-executivo\/","og_site_name":"Ernani Polo","article_published_time":"2020-06-04T20:17:48+00:00","article_modified_time":"2020-06-04T20:17:49+00:00","og_image":[{"width":1280,"height":853,"url":"https:\/\/www.ernanipolo.com.br\/wp\/wp-content\/uploads\/2020\/06\/WhatsApp-Image-2020-06-04-at-17.00.42.jpeg","type":"image\/jpeg"}],"author":"Assessoria","twitter_card":"summary_large_image","twitter_misc":{"Escrito por":"Assessoria","Est. tempo de leitura":"2 minutos"},"schema":{"@context":"https:\/\/schema.org","@graph":[{"@type":"Article","@id":"https:\/\/www.ernanipolo.com.br\/wp\/assembleia-legislativa-debate-projeto-sobre-sistema-estadual-de-trabalho-emprego-e-renda-protocolado-pelo-executivo\/#article","isPartOf":{"@id":"https:\/\/www.ernanipolo.com.br\/wp\/assembleia-legislativa-debate-projeto-sobre-sistema-estadual-de-trabalho-emprego-e-renda-protocolado-pelo-executivo\/"},"author":{"name":"Assessoria","@id":"https:\/\/www.ernanipolo.com.br\/wp\/#\/schema\/person\/495081e5f89df1864e457bc25058eb32"},"headline":"Assembleia Legislativa debate projeto sobre Sistema Estadual de Trabalho, Emprego e Renda, protocolado pelo Executivo","datePublished":"2020-06-04T20:17:48+00:00","dateModified":"2020-06-04T20:17:49+00:00","mainEntityOfPage":{"@id":"https:\/\/www.ernanipolo.com.br\/wp\/assembleia-legislativa-debate-projeto-sobre-sistema-estadual-de-trabalho-emprego-e-renda-protocolado-pelo-executivo\/"},"wordCount":392,"commentCount":0,"publisher":{"@id":"https:\/\/www.ernanipolo.com.br\/wp\/#organization"},"image":{"@id":"https:\/\/www.ernanipolo.com.br\/wp\/assembleia-legislativa-debate-projeto-sobre-sistema-estadual-de-trabalho-emprego-e-renda-protocolado-pelo-executivo\/#primaryimage"},"thumbnailUrl":"https:\/\/www.ernanipolo.com.br\/wp\/wp-content\/uploads\/2020\/06\/WhatsApp-Image-2020-06-04-at-17.00.42.jpeg","articleSection":["Not\u00edcias","Destaque"],"inLanguage":"pt-BR","potentialAction":[{"@type":"CommentAction","name":"Comment","target":["https:\/\/www.ernanipolo.com.br\/wp\/assembleia-legislativa-debate-projeto-sobre-sistema-estadual-de-trabalho-emprego-e-renda-protocolado-pelo-executivo\/#respond"]}]},{"@type":"WebPage","@id":"https:\/\/www.ernanipolo.com.br\/wp\/assembleia-legislativa-debate-projeto-sobre-sistema-estadual-de-trabalho-emprego-e-renda-protocolado-pelo-executivo\/","url":"https:\/\/www.ernanipolo.com.br\/wp\/assembleia-legislativa-debate-projeto-sobre-sistema-estadual-de-trabalho-emprego-e-renda-protocolado-pelo-executivo\/","name":"Assembleia Legislativa debate projeto sobre Sistema Estadual de Trabalho, Emprego e Renda, protocolado pelo Executivo - Ernani Polo","isPartOf":{"@id":"https:\/\/www.ernanipolo.com.br\/wp\/#website"},"primaryImageOfPage":{"@id":"https:\/\/www.ernanipolo.com.br\/wp\/assembleia-legislativa-debate-projeto-sobre-sistema-estadual-de-trabalho-emprego-e-renda-protocolado-pelo-executivo\/#primaryimage"},"image":{"@id":"https:\/\/www.ernanipolo.com.br\/wp\/assembleia-legislativa-debate-projeto-sobre-sistema-estadual-de-trabalho-emprego-e-renda-protocolado-pelo-executivo\/#primaryimage"},"thumbnailUrl":"https:\/\/www.ernanipolo.com.br\/wp\/wp-content\/uploads\/2020\/06\/WhatsApp-Image-2020-06-04-at-17.00.42.jpeg","datePublished":"2020-06-04T20:17:48+00:00","dateModified":"2020-06-04T20:17:49+00:00","inLanguage":"pt-BR","potentialAction":[{"@type":"ReadAction","target":["https:\/\/www.ernanipolo.com.br\/wp\/assembleia-legislativa-debate-projeto-sobre-sistema-estadual-de-trabalho-emprego-e-renda-protocolado-pelo-executivo\/"]}]},{"@type":"ImageObject","inLanguage":"pt-BR","@id":"https:\/\/www.ernanipolo.com.br\/wp\/assembleia-legislativa-debate-projeto-sobre-sistema-estadual-de-trabalho-emprego-e-renda-protocolado-pelo-executivo\/#primaryimage","url":"https:\/\/www.ernanipolo.com.br\/wp\/wp-content\/uploads\/2020\/06\/WhatsApp-Image-2020-06-04-at-17.00.42.jpeg","contentUrl":"https:\/\/www.ernanipolo.com.br\/wp\/wp-content\/uploads\/2020\/06\/WhatsApp-Image-2020-06-04-at-17.00.42.jpeg","width":1280,"height":853},{"@type":"WebSite","@id":"https:\/\/www.ernanipolo.com.br\/wp\/#website","url":"https:\/\/www.ernanipolo.com.br\/wp\/","name":"Ernani Polo","description":"","publisher":{"@id":"https:\/\/www.ernanipolo.com.br\/wp\/#organization"},"potentialAction":[{"@type":"SearchAction","target":{"@type":"EntryPoint","urlTemplate":"https:\/\/www.ernanipolo.com.br\/wp\/?s={search_term_string}"},"query-input":{"@type":"PropertyValueSpecification","valueRequired":true,"valueName":"search_term_string"}}],"inLanguage":"pt-BR"},{"@type":"Organization","@id":"https:\/\/www.ernanipolo.com.br\/wp\/#organization","name":"Ernani Polo","url":"https:\/\/www.ernanipolo.com.br\/wp\/","logo":{"@type":"ImageObject","inLanguage":"pt-BR","@id":"https:\/\/www.ernanipolo.com.br\/wp\/#\/schema\/logo\/image\/","url":"https:\/\/www.ernanipolo.com.br\/wp\/wp-content\/uploads\/2023\/09\/Logo-Azul-Ernani-Polo.png","contentUrl":"https:\/\/www.ernanipolo.com.br\/wp\/wp-content\/uploads\/2023\/09\/Logo-Azul-Ernani-Polo.png","width":630,"height":162,"caption":"Ernani Polo"},"image":{"@id":"https:\/\/www.ernanipolo.com.br\/wp\/#\/schema\/logo\/image\/"}},{"@type":"Person","@id":"https:\/\/www.ernanipolo.com.br\/wp\/#\/schema\/person\/495081e5f89df1864e457bc25058eb32","name":"Assessoria","image":{"@type":"ImageObject","inLanguage":"pt-BR","@id":"https:\/\/secure.gravatar.com\/avatar\/fb9fbf9c7f51269c39fd7432c2ca37dcb848f2e01061b91c2515b159534f94f8?s=96&d=mm&r=g","url":"https:\/\/secure.gravatar.com\/avatar\/fb9fbf9c7f51269c39fd7432c2ca37dcb848f2e01061b91c2515b159534f94f8?s=96&d=mm&r=g","contentUrl":"https:\/\/secure.gravatar.com\/avatar\/fb9fbf9c7f51269c39fd7432c2ca37dcb848f2e01061b91c2515b159534f94f8?s=96&d=mm&r=g","caption":"Assessoria"},"url":"https:\/\/www.ernanipolo.com.br\/wp\/author\/assessoria\/"}]}},"jetpack_featured_media_url":"https:\/\/www.ernanipolo.com.br\/wp\/wp-content\/uploads\/2020\/06\/WhatsApp-Image-2020-06-04-at-17.00.42.jpeg","jetpack_sharing_enabled":true,"_links":{"self":[{"href":"https:\/\/www.ernanipolo.com.br\/wp\/wp-json\/wp\/v2\/posts\/2980","targetHints":{"allow":["GET"]}}],"collection":[{"href":"https:\/\/www.ernanipolo.com.br\/wp\/wp-json\/wp\/v2\/posts"}],"about":[{"href":"https:\/\/www.ernanipolo.com.br\/wp\/wp-json\/wp\/v2\/types\/post"}],"author":[{"embeddable":true,"href":"https:\/\/www.ernanipolo.com.br\/wp\/wp-json\/wp\/v2\/users\/3"}],"replies":[{"embeddable":true,"href":"https:\/\/www.ernanipolo.com.br\/wp\/wp-json\/wp\/v2\/comments?post=2980"}],"version-history":[{"count":0,"href":"https:\/\/www.ernanipolo.com.br\/wp\/wp-json\/wp\/v2\/posts\/2980\/revisions"}],"wp:featuredmedia":[{"embeddable":true,"href":"https:\/\/www.ernanipolo.com.br\/wp\/wp-json\/wp\/v2\/media\/2981"}],"wp:attachment":[{"href":"https:\/\/www.ernanipolo.com.br\/wp\/wp-json\/wp\/v2\/media?parent=2980"}],"wp:term":[{"taxonomy":"category","embeddable":true,"href":"https:\/\/www.ernanipolo.com.br\/wp\/wp-json\/wp\/v2\/categories?post=2980"},{"taxonomy":"post_tag","embeddable":true,"href":"https:\/\/www.ernanipolo.com.br\/wp\/wp-json\/wp\/v2\/tags?post=2980"}],"curies":[{"name":"wp","href":"https:\/\/api.w.org\/{rel}","templated":true}]}}