{"id":2970,"date":"2020-06-03T14:12:24","date_gmt":"2020-06-03T17:12:24","guid":{"rendered":"http:\/\/www.ernanipolo.com.br\/wp\/?p=2970"},"modified":"2020-06-03T14:12:27","modified_gmt":"2020-06-03T17:12:27","slug":"escolas-tecnicas-agricolas-pedem-apoio-ao-presidente-da-assembleia","status":"publish","type":"post","link":"https:\/\/www.ernanipolo.com.br\/wp\/escolas-tecnicas-agricolas-pedem-apoio-ao-presidente-da-assembleia\/","title":{"rendered":"Escolas t\u00e9cnicas agr\u00edcolas pedem apoio ao presidente da Assembleia"},"content":{"rendered":"\n<p>O presidente da Assembleia Legislativa, deputado Ernani Polo, recebeu nesta quarta-feira (3) pedido de apoio da AGPTEA (Associa\u00e7\u00e3o Ga\u00facha de Professores T\u00e9cnicos de Ensino Agr\u00edcola) e do Conselho de Diretores das Escolas Agr\u00edcolas Estaduais. A solicita\u00e7\u00e3o \u00e9 para que o deputado interceda junto ao governo do Estado para reverter mudan\u00e7as implementadas este ano nas regras dessas institui\u00e7\u00f5es.<\/p>\n\n\n\n<p>No documento entregue ao deputado, o presidente do conselho, Luiz Carlos Cosmam, e o presidente da AGPTEA, Fritz Roloff, pedem que seja revertida a mudan\u00e7a no chamado adicional de local de exerc\u00edcio (antigo \u201cdif\u00edcil acesso\u201d). Outro pedido \u00e9 para que seja cancelada a extin\u00e7\u00e3o da insalubridade dos professores, que atuam com laborat\u00f3rios vivos, com animais e plantas que possibilitam aprendizado aos estudantes. <\/p>\n\n\n\n<p>As entidades pedem que as institui\u00e7\u00f5es, que ainda mant\u00eam regime de internato, sejam reconhecidas como escolas de dif\u00edcil provimento. Segundo eles, as mudan\u00e7as provocaram significativa redu\u00e7\u00e3o dos sal\u00e1rios, o que ir\u00e1 desestimular os professores, uma vez que v\u00e1rios custeiam seus deslocamentos a institui\u00e7\u00f5es localizadas distantes dos centros urbanos. <\/p>\n\n\n\n<p>Por ano, as escolas t\u00e9cnicas formam mil alunos, contribuindo para o desenvolvimento do agro no Rio Grande do Sul. As escolas t\u00e9cnicas agr\u00edcolas t\u00eam papel relevante e fundamental no interior, pois muitos dos jovens ir\u00e3o suceder o neg\u00f3cio da fam\u00edlia, segundo Cosmam. <\/p>\n\n\n\n<p>O parlamentar informou que ir\u00e1 encaminhar as demandas apresentadas diretamente ao secret\u00e1rio estadual da Educa\u00e7\u00e3o, Faisal Karam, pedindo a reavalia\u00e7\u00e3o das medidas.<\/p>\n","protected":false},"excerpt":{"rendered":"<p>O presidente da Assembleia Legislativa, deputado Ernani Polo, recebeu nesta quarta-feira (3) pedido de apoio da AGPTEA (Associa\u00e7\u00e3o Ga\u00facha de &hellip; <a href=\"https:\/\/www.ernanipolo.com.br\/wp\/escolas-tecnicas-agricolas-pedem-apoio-ao-presidente-da-assembleia\/\" class=\"more-link\">Continue reading <span class=\"screen-reader-text\">Escolas t\u00e9cnicas agr\u00edcolas pedem apoio ao presidente da Assembleia<\/span><\/a><\/p>\n","protected":false},"author":3,"featured_media":2971,"comment_status":"open","ping_status":"open","sticky":false,"template":"","format":"standard","meta":{"_acf_changed":false,"_jetpack_memberships_contains_paid_content":false,"footnotes":""},"categories":[37,39,45],"tags":[],"class_list":["post-2970","post","type-post","status-publish","format-standard","has-post-thumbnail","hentry","category-noticias","category-destaque","category-agricultura"],"acf":[],"yoast_head":"<!-- This site is optimized with the Yoast SEO plugin v27.5 - https:\/\/yoast.com\/product\/yoast-seo-wordpress\/ -->\n<title>Escolas t\u00e9cnicas agr\u00edcolas pedem apoio ao presidente da Assembleia - Ernani Polo<\/title>\n<meta name=\"robots\" content=\"index, follow, max-snippet:-1, max-image-preview:large, max-video-preview:-1\" \/>\n<link rel=\"canonical\" href=\"https:\/\/www.ernanipolo.com.br\/wp\/escolas-tecnicas-agricolas-pedem-apoio-ao-presidente-da-assembleia\/\" \/>\n<meta property=\"og:locale\" content=\"pt_BR\" \/>\n<meta property=\"og:type\" content=\"article\" \/>\n<meta property=\"og:title\" content=\"Escolas t\u00e9cnicas agr\u00edcolas pedem apoio ao presidente da Assembleia - Ernani Polo\" \/>\n<meta property=\"og:description\" content=\"O presidente da Assembleia Legislativa, deputado Ernani Polo, recebeu nesta quarta-feira (3) pedido de apoio da AGPTEA (Associa\u00e7\u00e3o Ga\u00facha de &hellip; Continue reading Escolas t\u00e9cnicas agr\u00edcolas pedem apoio ao presidente da Assembleia\" \/>\n<meta property=\"og:url\" content=\"https:\/\/www.ernanipolo.com.br\/wp\/escolas-tecnicas-agricolas-pedem-apoio-ao-presidente-da-assembleia\/\" \/>\n<meta property=\"og:site_name\" content=\"Ernani Polo\" \/>\n<meta property=\"article:published_time\" content=\"2020-06-03T17:12:24+00:00\" \/>\n<meta property=\"article:modified_time\" content=\"2020-06-03T17:12:27+00:00\" \/>\n<meta property=\"og:image\" content=\"https:\/\/www.ernanipolo.com.br\/wp\/wp-content\/uploads\/2020\/06\/WhatsApp-Image-2020-06-03-at-13.03.42.jpeg\" \/>\n\t<meta property=\"og:image:width\" content=\"1280\" \/>\n\t<meta property=\"og:image:height\" content=\"853\" \/>\n\t<meta property=\"og:image:type\" content=\"image\/jpeg\" \/>\n<meta name=\"author\" content=\"Assessoria\" \/>\n<meta name=\"twitter:card\" content=\"summary_large_image\" \/>\n<meta name=\"twitter:label1\" content=\"Escrito por\" \/>\n\t<meta name=\"twitter:data1\" content=\"Assessoria\" \/>\n\t<meta name=\"twitter:label2\" content=\"Est. tempo de leitura\" \/>\n\t<meta name=\"twitter:data2\" content=\"1 minuto\" \/>\n<script type=\"application\/ld+json\" class=\"yoast-schema-graph\">{\"@context\":\"https:\\\/\\\/schema.org\",\"@graph\":[{\"@type\":\"Article\",\"@id\":\"https:\\\/\\\/www.ernanipolo.com.br\\\/wp\\\/escolas-tecnicas-agricolas-pedem-apoio-ao-presidente-da-assembleia\\\/#article\",\"isPartOf\":{\"@id\":\"https:\\\/\\\/www.ernanipolo.com.br\\\/wp\\\/escolas-tecnicas-agricolas-pedem-apoio-ao-presidente-da-assembleia\\\/\"},\"author\":{\"name\":\"Assessoria\",\"@id\":\"https:\\\/\\\/www.ernanipolo.com.br\\\/wp\\\/#\\\/schema\\\/person\\\/495081e5f89df1864e457bc25058eb32\"},\"headline\":\"Escolas t\u00e9cnicas agr\u00edcolas pedem apoio ao presidente da Assembleia\",\"datePublished\":\"2020-06-03T17:12:24+00:00\",\"dateModified\":\"2020-06-03T17:12:27+00:00\",\"mainEntityOfPage\":{\"@id\":\"https:\\\/\\\/www.ernanipolo.com.br\\\/wp\\\/escolas-tecnicas-agricolas-pedem-apoio-ao-presidente-da-assembleia\\\/\"},\"wordCount\":270,\"commentCount\":0,\"publisher\":{\"@id\":\"https:\\\/\\\/www.ernanipolo.com.br\\\/wp\\\/#organization\"},\"image\":{\"@id\":\"https:\\\/\\\/www.ernanipolo.com.br\\\/wp\\\/escolas-tecnicas-agricolas-pedem-apoio-ao-presidente-da-assembleia\\\/#primaryimage\"},\"thumbnailUrl\":\"https:\\\/\\\/www.ernanipolo.com.br\\\/wp\\\/wp-content\\\/uploads\\\/2020\\\/06\\\/WhatsApp-Image-2020-06-03-at-13.03.42.jpeg\",\"articleSection\":[\"Not\u00edcias\",\"Destaque\",\"agricultura\"],\"inLanguage\":\"pt-BR\",\"potentialAction\":[{\"@type\":\"CommentAction\",\"name\":\"Comment\",\"target\":[\"https:\\\/\\\/www.ernanipolo.com.br\\\/wp\\\/escolas-tecnicas-agricolas-pedem-apoio-ao-presidente-da-assembleia\\\/#respond\"]}]},{\"@type\":\"WebPage\",\"@id\":\"https:\\\/\\\/www.ernanipolo.com.br\\\/wp\\\/escolas-tecnicas-agricolas-pedem-apoio-ao-presidente-da-assembleia\\\/\",\"url\":\"https:\\\/\\\/www.ernanipolo.com.br\\\/wp\\\/escolas-tecnicas-agricolas-pedem-apoio-ao-presidente-da-assembleia\\\/\",\"name\":\"Escolas t\u00e9cnicas agr\u00edcolas pedem apoio ao presidente da Assembleia - Ernani Polo\",\"isPartOf\":{\"@id\":\"https:\\\/\\\/www.ernanipolo.com.br\\\/wp\\\/#website\"},\"primaryImageOfPage\":{\"@id\":\"https:\\\/\\\/www.ernanipolo.com.br\\\/wp\\\/escolas-tecnicas-agricolas-pedem-apoio-ao-presidente-da-assembleia\\\/#primaryimage\"},\"image\":{\"@id\":\"https:\\\/\\\/www.ernanipolo.com.br\\\/wp\\\/escolas-tecnicas-agricolas-pedem-apoio-ao-presidente-da-assembleia\\\/#primaryimage\"},\"thumbnailUrl\":\"https:\\\/\\\/www.ernanipolo.com.br\\\/wp\\\/wp-content\\\/uploads\\\/2020\\\/06\\\/WhatsApp-Image-2020-06-03-at-13.03.42.jpeg\",\"datePublished\":\"2020-06-03T17:12:24+00:00\",\"dateModified\":\"2020-06-03T17:12:27+00:00\",\"inLanguage\":\"pt-BR\",\"potentialAction\":[{\"@type\":\"ReadAction\",\"target\":[\"https:\\\/\\\/www.ernanipolo.com.br\\\/wp\\\/escolas-tecnicas-agricolas-pedem-apoio-ao-presidente-da-assembleia\\\/\"]}]},{\"@type\":\"ImageObject\",\"inLanguage\":\"pt-BR\",\"@id\":\"https:\\\/\\\/www.ernanipolo.com.br\\\/wp\\\/escolas-tecnicas-agricolas-pedem-apoio-ao-presidente-da-assembleia\\\/#primaryimage\",\"url\":\"https:\\\/\\\/www.ernanipolo.com.br\\\/wp\\\/wp-content\\\/uploads\\\/2020\\\/06\\\/WhatsApp-Image-2020-06-03-at-13.03.42.jpeg\",\"contentUrl\":\"https:\\\/\\\/www.ernanipolo.com.br\\\/wp\\\/wp-content\\\/uploads\\\/2020\\\/06\\\/WhatsApp-Image-2020-06-03-at-13.03.42.jpeg\",\"width\":1280,\"height\":853},{\"@type\":\"WebSite\",\"@id\":\"https:\\\/\\\/www.ernanipolo.com.br\\\/wp\\\/#website\",\"url\":\"https:\\\/\\\/www.ernanipolo.com.br\\\/wp\\\/\",\"name\":\"Ernani Polo\",\"description\":\"\",\"publisher\":{\"@id\":\"https:\\\/\\\/www.ernanipolo.com.br\\\/wp\\\/#organization\"},\"potentialAction\":[{\"@type\":\"SearchAction\",\"target\":{\"@type\":\"EntryPoint\",\"urlTemplate\":\"https:\\\/\\\/www.ernanipolo.com.br\\\/wp\\\/?s={search_term_string}\"},\"query-input\":{\"@type\":\"PropertyValueSpecification\",\"valueRequired\":true,\"valueName\":\"search_term_string\"}}],\"inLanguage\":\"pt-BR\"},{\"@type\":\"Organization\",\"@id\":\"https:\\\/\\\/www.ernanipolo.com.br\\\/wp\\\/#organization\",\"name\":\"Ernani Polo\",\"url\":\"https:\\\/\\\/www.ernanipolo.com.br\\\/wp\\\/\",\"logo\":{\"@type\":\"ImageObject\",\"inLanguage\":\"pt-BR\",\"@id\":\"https:\\\/\\\/www.ernanipolo.com.br\\\/wp\\\/#\\\/schema\\\/logo\\\/image\\\/\",\"url\":\"https:\\\/\\\/www.ernanipolo.com.br\\\/wp\\\/wp-content\\\/uploads\\\/2023\\\/09\\\/Logo-Azul-Ernani-Polo.png\",\"contentUrl\":\"https:\\\/\\\/www.ernanipolo.com.br\\\/wp\\\/wp-content\\\/uploads\\\/2023\\\/09\\\/Logo-Azul-Ernani-Polo.png\",\"width\":630,\"height\":162,\"caption\":\"Ernani Polo\"},\"image\":{\"@id\":\"https:\\\/\\\/www.ernanipolo.com.br\\\/wp\\\/#\\\/schema\\\/logo\\\/image\\\/\"}},{\"@type\":\"Person\",\"@id\":\"https:\\\/\\\/www.ernanipolo.com.br\\\/wp\\\/#\\\/schema\\\/person\\\/495081e5f89df1864e457bc25058eb32\",\"name\":\"Assessoria\",\"image\":{\"@type\":\"ImageObject\",\"inLanguage\":\"pt-BR\",\"@id\":\"https:\\\/\\\/secure.gravatar.com\\\/avatar\\\/fb9fbf9c7f51269c39fd7432c2ca37dcb848f2e01061b91c2515b159534f94f8?s=96&d=mm&r=g\",\"url\":\"https:\\\/\\\/secure.gravatar.com\\\/avatar\\\/fb9fbf9c7f51269c39fd7432c2ca37dcb848f2e01061b91c2515b159534f94f8?s=96&d=mm&r=g\",\"contentUrl\":\"https:\\\/\\\/secure.gravatar.com\\\/avatar\\\/fb9fbf9c7f51269c39fd7432c2ca37dcb848f2e01061b91c2515b159534f94f8?s=96&d=mm&r=g\",\"caption\":\"Assessoria\"},\"url\":\"https:\\\/\\\/www.ernanipolo.com.br\\\/wp\\\/author\\\/assessoria\\\/\"}]}<\/script>\n<!-- \/ Yoast SEO plugin. -->","yoast_head_json":{"title":"Escolas t\u00e9cnicas agr\u00edcolas pedem apoio ao presidente da Assembleia - Ernani Polo","robots":{"index":"index","follow":"follow","max-snippet":"max-snippet:-1","max-image-preview":"max-image-preview:large","max-video-preview":"max-video-preview:-1"},"canonical":"https:\/\/www.ernanipolo.com.br\/wp\/escolas-tecnicas-agricolas-pedem-apoio-ao-presidente-da-assembleia\/","og_locale":"pt_BR","og_type":"article","og_title":"Escolas t\u00e9cnicas agr\u00edcolas pedem apoio ao presidente da Assembleia - Ernani Polo","og_description":"O presidente da Assembleia Legislativa, deputado Ernani Polo, recebeu nesta quarta-feira (3) pedido de apoio da AGPTEA (Associa\u00e7\u00e3o Ga\u00facha de &hellip; Continue reading Escolas t\u00e9cnicas agr\u00edcolas pedem apoio ao presidente da Assembleia","og_url":"https:\/\/www.ernanipolo.com.br\/wp\/escolas-tecnicas-agricolas-pedem-apoio-ao-presidente-da-assembleia\/","og_site_name":"Ernani Polo","article_published_time":"2020-06-03T17:12:24+00:00","article_modified_time":"2020-06-03T17:12:27+00:00","og_image":[{"width":1280,"height":853,"url":"https:\/\/www.ernanipolo.com.br\/wp\/wp-content\/uploads\/2020\/06\/WhatsApp-Image-2020-06-03-at-13.03.42.jpeg","type":"image\/jpeg"}],"author":"Assessoria","twitter_card":"summary_large_image","twitter_misc":{"Escrito por":"Assessoria","Est. tempo de leitura":"1 minuto"},"schema":{"@context":"https:\/\/schema.org","@graph":[{"@type":"Article","@id":"https:\/\/www.ernanipolo.com.br\/wp\/escolas-tecnicas-agricolas-pedem-apoio-ao-presidente-da-assembleia\/#article","isPartOf":{"@id":"https:\/\/www.ernanipolo.com.br\/wp\/escolas-tecnicas-agricolas-pedem-apoio-ao-presidente-da-assembleia\/"},"author":{"name":"Assessoria","@id":"https:\/\/www.ernanipolo.com.br\/wp\/#\/schema\/person\/495081e5f89df1864e457bc25058eb32"},"headline":"Escolas t\u00e9cnicas agr\u00edcolas pedem apoio ao presidente da Assembleia","datePublished":"2020-06-03T17:12:24+00:00","dateModified":"2020-06-03T17:12:27+00:00","mainEntityOfPage":{"@id":"https:\/\/www.ernanipolo.com.br\/wp\/escolas-tecnicas-agricolas-pedem-apoio-ao-presidente-da-assembleia\/"},"wordCount":270,"commentCount":0,"publisher":{"@id":"https:\/\/www.ernanipolo.com.br\/wp\/#organization"},"image":{"@id":"https:\/\/www.ernanipolo.com.br\/wp\/escolas-tecnicas-agricolas-pedem-apoio-ao-presidente-da-assembleia\/#primaryimage"},"thumbnailUrl":"https:\/\/www.ernanipolo.com.br\/wp\/wp-content\/uploads\/2020\/06\/WhatsApp-Image-2020-06-03-at-13.03.42.jpeg","articleSection":["Not\u00edcias","Destaque","agricultura"],"inLanguage":"pt-BR","potentialAction":[{"@type":"CommentAction","name":"Comment","target":["https:\/\/www.ernanipolo.com.br\/wp\/escolas-tecnicas-agricolas-pedem-apoio-ao-presidente-da-assembleia\/#respond"]}]},{"@type":"WebPage","@id":"https:\/\/www.ernanipolo.com.br\/wp\/escolas-tecnicas-agricolas-pedem-apoio-ao-presidente-da-assembleia\/","url":"https:\/\/www.ernanipolo.com.br\/wp\/escolas-tecnicas-agricolas-pedem-apoio-ao-presidente-da-assembleia\/","name":"Escolas t\u00e9cnicas agr\u00edcolas pedem apoio ao presidente da Assembleia - Ernani Polo","isPartOf":{"@id":"https:\/\/www.ernanipolo.com.br\/wp\/#website"},"primaryImageOfPage":{"@id":"https:\/\/www.ernanipolo.com.br\/wp\/escolas-tecnicas-agricolas-pedem-apoio-ao-presidente-da-assembleia\/#primaryimage"},"image":{"@id":"https:\/\/www.ernanipolo.com.br\/wp\/escolas-tecnicas-agricolas-pedem-apoio-ao-presidente-da-assembleia\/#primaryimage"},"thumbnailUrl":"https:\/\/www.ernanipolo.com.br\/wp\/wp-content\/uploads\/2020\/06\/WhatsApp-Image-2020-06-03-at-13.03.42.jpeg","datePublished":"2020-06-03T17:12:24+00:00","dateModified":"2020-06-03T17:12:27+00:00","inLanguage":"pt-BR","potentialAction":[{"@type":"ReadAction","target":["https:\/\/www.ernanipolo.com.br\/wp\/escolas-tecnicas-agricolas-pedem-apoio-ao-presidente-da-assembleia\/"]}]},{"@type":"ImageObject","inLanguage":"pt-BR","@id":"https:\/\/www.ernanipolo.com.br\/wp\/escolas-tecnicas-agricolas-pedem-apoio-ao-presidente-da-assembleia\/#primaryimage","url":"https:\/\/www.ernanipolo.com.br\/wp\/wp-content\/uploads\/2020\/06\/WhatsApp-Image-2020-06-03-at-13.03.42.jpeg","contentUrl":"https:\/\/www.ernanipolo.com.br\/wp\/wp-content\/uploads\/2020\/06\/WhatsApp-Image-2020-06-03-at-13.03.42.jpeg","width":1280,"height":853},{"@type":"WebSite","@id":"https:\/\/www.ernanipolo.com.br\/wp\/#website","url":"https:\/\/www.ernanipolo.com.br\/wp\/","name":"Ernani Polo","description":"","publisher":{"@id":"https:\/\/www.ernanipolo.com.br\/wp\/#organization"},"potentialAction":[{"@type":"SearchAction","target":{"@type":"EntryPoint","urlTemplate":"https:\/\/www.ernanipolo.com.br\/wp\/?s={search_term_string}"},"query-input":{"@type":"PropertyValueSpecification","valueRequired":true,"valueName":"search_term_string"}}],"inLanguage":"pt-BR"},{"@type":"Organization","@id":"https:\/\/www.ernanipolo.com.br\/wp\/#organization","name":"Ernani Polo","url":"https:\/\/www.ernanipolo.com.br\/wp\/","logo":{"@type":"ImageObject","inLanguage":"pt-BR","@id":"https:\/\/www.ernanipolo.com.br\/wp\/#\/schema\/logo\/image\/","url":"https:\/\/www.ernanipolo.com.br\/wp\/wp-content\/uploads\/2023\/09\/Logo-Azul-Ernani-Polo.png","contentUrl":"https:\/\/www.ernanipolo.com.br\/wp\/wp-content\/uploads\/2023\/09\/Logo-Azul-Ernani-Polo.png","width":630,"height":162,"caption":"Ernani Polo"},"image":{"@id":"https:\/\/www.ernanipolo.com.br\/wp\/#\/schema\/logo\/image\/"}},{"@type":"Person","@id":"https:\/\/www.ernanipolo.com.br\/wp\/#\/schema\/person\/495081e5f89df1864e457bc25058eb32","name":"Assessoria","image":{"@type":"ImageObject","inLanguage":"pt-BR","@id":"https:\/\/secure.gravatar.com\/avatar\/fb9fbf9c7f51269c39fd7432c2ca37dcb848f2e01061b91c2515b159534f94f8?s=96&d=mm&r=g","url":"https:\/\/secure.gravatar.com\/avatar\/fb9fbf9c7f51269c39fd7432c2ca37dcb848f2e01061b91c2515b159534f94f8?s=96&d=mm&r=g","contentUrl":"https:\/\/secure.gravatar.com\/avatar\/fb9fbf9c7f51269c39fd7432c2ca37dcb848f2e01061b91c2515b159534f94f8?s=96&d=mm&r=g","caption":"Assessoria"},"url":"https:\/\/www.ernanipolo.com.br\/wp\/author\/assessoria\/"}]}},"jetpack_featured_media_url":"https:\/\/www.ernanipolo.com.br\/wp\/wp-content\/uploads\/2020\/06\/WhatsApp-Image-2020-06-03-at-13.03.42.jpeg","jetpack_sharing_enabled":true,"_links":{"self":[{"href":"https:\/\/www.ernanipolo.com.br\/wp\/wp-json\/wp\/v2\/posts\/2970","targetHints":{"allow":["GET"]}}],"collection":[{"href":"https:\/\/www.ernanipolo.com.br\/wp\/wp-json\/wp\/v2\/posts"}],"about":[{"href":"https:\/\/www.ernanipolo.com.br\/wp\/wp-json\/wp\/v2\/types\/post"}],"author":[{"embeddable":true,"href":"https:\/\/www.ernanipolo.com.br\/wp\/wp-json\/wp\/v2\/users\/3"}],"replies":[{"embeddable":true,"href":"https:\/\/www.ernanipolo.com.br\/wp\/wp-json\/wp\/v2\/comments?post=2970"}],"version-history":[{"count":0,"href":"https:\/\/www.ernanipolo.com.br\/wp\/wp-json\/wp\/v2\/posts\/2970\/revisions"}],"wp:featuredmedia":[{"embeddable":true,"href":"https:\/\/www.ernanipolo.com.br\/wp\/wp-json\/wp\/v2\/media\/2971"}],"wp:attachment":[{"href":"https:\/\/www.ernanipolo.com.br\/wp\/wp-json\/wp\/v2\/media?parent=2970"}],"wp:term":[{"taxonomy":"category","embeddable":true,"href":"https:\/\/www.ernanipolo.com.br\/wp\/wp-json\/wp\/v2\/categories?post=2970"},{"taxonomy":"post_tag","embeddable":true,"href":"https:\/\/www.ernanipolo.com.br\/wp\/wp-json\/wp\/v2\/tags?post=2970"}],"curies":[{"name":"wp","href":"https:\/\/api.w.org\/{rel}","templated":true}]}}