{"id":2814,"date":"2020-05-13T19:28:46","date_gmt":"2020-05-13T22:28:46","guid":{"rendered":"http:\/\/www.ernanipolo.com.br\/wp\/?p=2814"},"modified":"2020-05-13T19:28:48","modified_gmt":"2020-05-13T22:28:48","slug":"assembleia-legislativa-viabiliza-internet-para-alunos-da-rede-publica-estadual-acessarem-aulas-nao-presenciais","status":"publish","type":"post","link":"https:\/\/www.ernanipolo.com.br\/wp\/assembleia-legislativa-viabiliza-internet-para-alunos-da-rede-publica-estadual-acessarem-aulas-nao-presenciais\/","title":{"rendered":"Assembleia Legislativa viabiliza internet para alunos da rede p\u00fablica estadual acessarem aulas n\u00e3o presenciais"},"content":{"rendered":"\n<p>Na manh\u00e3 desta quarta-feira (13), o presidente da Assembleia Legislativa, deputado Ernani Polo alinhou com o secret\u00e1rio estadual da Educa\u00e7\u00e3o, Faisal Karam, a iniciativa de ampliar a internet para que os alunos da rede p\u00fablica estadual de ensino possam continuar aprendendo durante este per\u00edodo em que est\u00e3o sem aulas presenciais devido ao coronav\u00edrus.<\/p>\n\n\n\n<p>O debate sobre alternativas para que o ano letivo n\u00e3o fosse perdido em fun\u00e7\u00e3o da pandemia surgiu na Comiss\u00e3o de Educa\u00e7\u00e3o, Cultura, Desporto, Ci\u00eancia e Tecnologia. O deputado Gabriel Souza, membro da comiss\u00e3o, prop\u00f4s a amplia\u00e7\u00e3o da internet e levou a ideia \u00e0 presid\u00eancia da Assembleia.<\/p>\n\n\n\n<p>O presidente Ernani Polo, que prontamente a apoiou, explicou que o Parlamento viabilizar\u00e1 R$ 5,4 milh\u00f5es do seu or\u00e7amento, ao longo de 12 meses, para que a Secretaria Estadual da Educa\u00e7\u00e3o ofere\u00e7a internet para <em>smartphones<\/em> cadastrados de at\u00e9 900 mil alunos e professores ga\u00fachos. A amplia\u00e7\u00e3o da franquia s\u00f3 permitir\u00e1 acesso a conte\u00fados educacionais.<\/p>\n\n\n\n<p>Este valor, somado aos outros R$ 30 milh\u00f5es destinados pela Assembleia para a \u00e1rea da sa\u00fade, somam R$ 35,4 milh\u00f5es, ou seja, \u00e9 como se cada parlamentar doasse R$ 643 mil.<\/p>\n\n\n\n<p>Nas pr\u00f3ximas duas semanas, a pasta trabalhar\u00e1 no cadastramento das linhas de celular junto \u00e0s quatro operadoras de telefonia que atuam no Estado (Vivo, TIM, Oi e Claro) e no treinamento dos professores. A transmiss\u00e3o do conte\u00fado ser\u00e1 por meio do aplicativo Google Classroom (Google Sala de Aula). A velocidade da conex\u00e3o ser\u00e1 de 50 Mbps (megabits por segundo). <\/p>\n\n\n\n<p>O deputado Ernani Polo explicou que no Parlamento, todos os 55 deputados e servidores est\u00e3o comprometidos com a economia e o bom uso dos recursos p\u00fablicos: &#8220;Tanto \u00e9 que devolvemos R$ 30 milh\u00f5es este m\u00eas para a\u00e7\u00f5es contra a Covid-19 e agora vamos destinar R$ 5,4 milh\u00f5es para levar internet a at\u00e9 900 mil alunos e professores da rede estadual. Al\u00e9m disso, a grade de programa\u00e7\u00e3o da TV Assembleia foi cedida para a exibi\u00e7\u00e3o de 40 horas de aulas semanais&#8221;, destacou.<\/p>\n\n\n\n<p>Esta medida, segundo o deputado, ir\u00e1 ajudar ajuda a levar os conte\u00fados direto do professor at\u00e9 a casa de cada aluno: &#8220;\u00c9 um ano letivo at\u00edpico, mas tenho certeza que, com ajuda dos pais e professores e do empenho dos estudantes, poderemos completar esse ciclo com menos preju\u00edzos ao aprendizado&#8221;, completou.<\/p>\n\n\n\n<p><strong>Aulas na TV Assembleia<\/strong><\/p>\n\n\n\n<p>Outra iniciativa do Parlamento ga\u00facho de apoio \u00e0 educa\u00e7\u00e3o durante a pandemia \u00e9 a ced\u00eancia da grade de programa\u00e7\u00e3o da TV Assembleia para a exibi\u00e7\u00e3o de 40 horas de aulas semanais. O canal vai transmitir aulas de refor\u00e7o para estudantes do Ensino M\u00e9dio que est\u00e3o se preparando para o Enem (Exame Nacional do Ensino M\u00e9dio). A iniciativa \u00e9 resultado de um conv\u00eanio entre a Assembleia e governo do Estado, por meio da Secretaria da Educa\u00e7\u00e3o e da TVE.<\/p>\n\n\n\n<p>A proposta busca complementar a forma\u00e7\u00e3o dos alunos do Ensino M\u00e9dio sem que eles sejam prejudicados por conta da suspens\u00e3o das aulas presenciais. Na TV AL, as aulas ser\u00e3o transmitidas a partir das pr\u00f3ximas semanas, de segunda a sexta-feira, das 7h \u00e0s 9h e das 20h \u00e0s 22h. Aos s\u00e1bados e domingos, os conte\u00fados da semana ser\u00e3o reapresentados, totalizando 40 horas semanais de preparat\u00f3rio. O projeto segue at\u00e9 31 de outubro.<\/p>\n","protected":false},"excerpt":{"rendered":"<p>Na manh\u00e3 desta quarta-feira (13), o presidente da Assembleia Legislativa, deputado Ernani Polo alinhou com o secret\u00e1rio estadual da Educa\u00e7\u00e3o, &hellip; <a href=\"https:\/\/www.ernanipolo.com.br\/wp\/assembleia-legislativa-viabiliza-internet-para-alunos-da-rede-publica-estadual-acessarem-aulas-nao-presenciais\/\" class=\"more-link\">Continue reading <span class=\"screen-reader-text\">Assembleia Legislativa viabiliza internet para alunos da rede p\u00fablica estadual acessarem aulas n\u00e3o presenciais<\/span><\/a><\/p>\n","protected":false},"author":3,"featured_media":2816,"comment_status":"open","ping_status":"open","sticky":false,"template":"","format":"standard","meta":{"_acf_changed":false,"_jetpack_memberships_contains_paid_content":false,"footnotes":""},"categories":[37,39,45],"tags":[40],"class_list":["post-2814","post","type-post","status-publish","format-standard","has-post-thumbnail","hentry","category-noticias","category-destaque","category-agricultura","tag-agricultura"],"acf":[],"yoast_head":"<!-- This site is optimized with the Yoast SEO plugin v27.5 - https:\/\/yoast.com\/product\/yoast-seo-wordpress\/ -->\n<title>Assembleia Legislativa viabiliza internet para alunos da rede p\u00fablica estadual acessarem aulas n\u00e3o presenciais - Ernani Polo<\/title>\n<meta name=\"robots\" content=\"index, follow, max-snippet:-1, max-image-preview:large, max-video-preview:-1\" \/>\n<link rel=\"canonical\" href=\"https:\/\/www.ernanipolo.com.br\/wp\/assembleia-legislativa-viabiliza-internet-para-alunos-da-rede-publica-estadual-acessarem-aulas-nao-presenciais\/\" \/>\n<meta property=\"og:locale\" content=\"pt_BR\" \/>\n<meta property=\"og:type\" content=\"article\" \/>\n<meta property=\"og:title\" content=\"Assembleia Legislativa viabiliza internet para alunos da rede p\u00fablica estadual acessarem aulas n\u00e3o presenciais - Ernani Polo\" \/>\n<meta property=\"og:description\" content=\"Na manh\u00e3 desta quarta-feira (13), o presidente da Assembleia Legislativa, deputado Ernani Polo alinhou com o secret\u00e1rio estadual da Educa\u00e7\u00e3o, &hellip; Continue reading Assembleia Legislativa viabiliza internet para alunos da rede p\u00fablica estadual acessarem aulas n\u00e3o presenciais\" \/>\n<meta property=\"og:url\" content=\"https:\/\/www.ernanipolo.com.br\/wp\/assembleia-legislativa-viabiliza-internet-para-alunos-da-rede-publica-estadual-acessarem-aulas-nao-presenciais\/\" \/>\n<meta property=\"og:site_name\" content=\"Ernani Polo\" \/>\n<meta property=\"article:published_time\" content=\"2020-05-13T22:28:46+00:00\" \/>\n<meta property=\"article:modified_time\" content=\"2020-05-13T22:28:48+00:00\" \/>\n<meta property=\"og:image\" content=\"https:\/\/www.ernanipolo.com.br\/wp\/wp-content\/uploads\/2020\/05\/WhatsApp-Image-2020-05-13-at-11.50.58.jpeg\" \/>\n\t<meta property=\"og:image:width\" content=\"1240\" \/>\n\t<meta property=\"og:image:height\" content=\"827\" \/>\n\t<meta property=\"og:image:type\" content=\"image\/jpeg\" \/>\n<meta name=\"author\" content=\"Assessoria\" \/>\n<meta name=\"twitter:card\" content=\"summary_large_image\" \/>\n<meta name=\"twitter:label1\" content=\"Escrito por\" \/>\n\t<meta name=\"twitter:data1\" content=\"Assessoria\" \/>\n\t<meta name=\"twitter:label2\" content=\"Est. tempo de leitura\" \/>\n\t<meta name=\"twitter:data2\" content=\"3 minutos\" \/>\n<script type=\"application\/ld+json\" class=\"yoast-schema-graph\">{\"@context\":\"https:\\\/\\\/schema.org\",\"@graph\":[{\"@type\":\"Article\",\"@id\":\"https:\\\/\\\/www.ernanipolo.com.br\\\/wp\\\/assembleia-legislativa-viabiliza-internet-para-alunos-da-rede-publica-estadual-acessarem-aulas-nao-presenciais\\\/#article\",\"isPartOf\":{\"@id\":\"https:\\\/\\\/www.ernanipolo.com.br\\\/wp\\\/assembleia-legislativa-viabiliza-internet-para-alunos-da-rede-publica-estadual-acessarem-aulas-nao-presenciais\\\/\"},\"author\":{\"name\":\"Assessoria\",\"@id\":\"https:\\\/\\\/www.ernanipolo.com.br\\\/wp\\\/#\\\/schema\\\/person\\\/495081e5f89df1864e457bc25058eb32\"},\"headline\":\"Assembleia Legislativa viabiliza internet para alunos da rede p\u00fablica estadual acessarem aulas n\u00e3o presenciais\",\"datePublished\":\"2020-05-13T22:28:46+00:00\",\"dateModified\":\"2020-05-13T22:28:48+00:00\",\"mainEntityOfPage\":{\"@id\":\"https:\\\/\\\/www.ernanipolo.com.br\\\/wp\\\/assembleia-legislativa-viabiliza-internet-para-alunos-da-rede-publica-estadual-acessarem-aulas-nao-presenciais\\\/\"},\"wordCount\":582,\"commentCount\":0,\"publisher\":{\"@id\":\"https:\\\/\\\/www.ernanipolo.com.br\\\/wp\\\/#organization\"},\"image\":{\"@id\":\"https:\\\/\\\/www.ernanipolo.com.br\\\/wp\\\/assembleia-legislativa-viabiliza-internet-para-alunos-da-rede-publica-estadual-acessarem-aulas-nao-presenciais\\\/#primaryimage\"},\"thumbnailUrl\":\"https:\\\/\\\/www.ernanipolo.com.br\\\/wp\\\/wp-content\\\/uploads\\\/2020\\\/05\\\/WhatsApp-Image-2020-05-13-at-11.50.58.jpeg\",\"keywords\":[\"agricultura\"],\"articleSection\":[\"Not\u00edcias\",\"Destaque\",\"agricultura\"],\"inLanguage\":\"pt-BR\",\"potentialAction\":[{\"@type\":\"CommentAction\",\"name\":\"Comment\",\"target\":[\"https:\\\/\\\/www.ernanipolo.com.br\\\/wp\\\/assembleia-legislativa-viabiliza-internet-para-alunos-da-rede-publica-estadual-acessarem-aulas-nao-presenciais\\\/#respond\"]}]},{\"@type\":\"WebPage\",\"@id\":\"https:\\\/\\\/www.ernanipolo.com.br\\\/wp\\\/assembleia-legislativa-viabiliza-internet-para-alunos-da-rede-publica-estadual-acessarem-aulas-nao-presenciais\\\/\",\"url\":\"https:\\\/\\\/www.ernanipolo.com.br\\\/wp\\\/assembleia-legislativa-viabiliza-internet-para-alunos-da-rede-publica-estadual-acessarem-aulas-nao-presenciais\\\/\",\"name\":\"Assembleia Legislativa viabiliza internet para alunos da rede p\u00fablica estadual acessarem aulas n\u00e3o presenciais - Ernani Polo\",\"isPartOf\":{\"@id\":\"https:\\\/\\\/www.ernanipolo.com.br\\\/wp\\\/#website\"},\"primaryImageOfPage\":{\"@id\":\"https:\\\/\\\/www.ernanipolo.com.br\\\/wp\\\/assembleia-legislativa-viabiliza-internet-para-alunos-da-rede-publica-estadual-acessarem-aulas-nao-presenciais\\\/#primaryimage\"},\"image\":{\"@id\":\"https:\\\/\\\/www.ernanipolo.com.br\\\/wp\\\/assembleia-legislativa-viabiliza-internet-para-alunos-da-rede-publica-estadual-acessarem-aulas-nao-presenciais\\\/#primaryimage\"},\"thumbnailUrl\":\"https:\\\/\\\/www.ernanipolo.com.br\\\/wp\\\/wp-content\\\/uploads\\\/2020\\\/05\\\/WhatsApp-Image-2020-05-13-at-11.50.58.jpeg\",\"datePublished\":\"2020-05-13T22:28:46+00:00\",\"dateModified\":\"2020-05-13T22:28:48+00:00\",\"inLanguage\":\"pt-BR\",\"potentialAction\":[{\"@type\":\"ReadAction\",\"target\":[\"https:\\\/\\\/www.ernanipolo.com.br\\\/wp\\\/assembleia-legislativa-viabiliza-internet-para-alunos-da-rede-publica-estadual-acessarem-aulas-nao-presenciais\\\/\"]}]},{\"@type\":\"ImageObject\",\"inLanguage\":\"pt-BR\",\"@id\":\"https:\\\/\\\/www.ernanipolo.com.br\\\/wp\\\/assembleia-legislativa-viabiliza-internet-para-alunos-da-rede-publica-estadual-acessarem-aulas-nao-presenciais\\\/#primaryimage\",\"url\":\"https:\\\/\\\/www.ernanipolo.com.br\\\/wp\\\/wp-content\\\/uploads\\\/2020\\\/05\\\/WhatsApp-Image-2020-05-13-at-11.50.58.jpeg\",\"contentUrl\":\"https:\\\/\\\/www.ernanipolo.com.br\\\/wp\\\/wp-content\\\/uploads\\\/2020\\\/05\\\/WhatsApp-Image-2020-05-13-at-11.50.58.jpeg\",\"width\":1240,\"height\":827},{\"@type\":\"WebSite\",\"@id\":\"https:\\\/\\\/www.ernanipolo.com.br\\\/wp\\\/#website\",\"url\":\"https:\\\/\\\/www.ernanipolo.com.br\\\/wp\\\/\",\"name\":\"Ernani Polo\",\"description\":\"\",\"publisher\":{\"@id\":\"https:\\\/\\\/www.ernanipolo.com.br\\\/wp\\\/#organization\"},\"potentialAction\":[{\"@type\":\"SearchAction\",\"target\":{\"@type\":\"EntryPoint\",\"urlTemplate\":\"https:\\\/\\\/www.ernanipolo.com.br\\\/wp\\\/?s={search_term_string}\"},\"query-input\":{\"@type\":\"PropertyValueSpecification\",\"valueRequired\":true,\"valueName\":\"search_term_string\"}}],\"inLanguage\":\"pt-BR\"},{\"@type\":\"Organization\",\"@id\":\"https:\\\/\\\/www.ernanipolo.com.br\\\/wp\\\/#organization\",\"name\":\"Ernani Polo\",\"url\":\"https:\\\/\\\/www.ernanipolo.com.br\\\/wp\\\/\",\"logo\":{\"@type\":\"ImageObject\",\"inLanguage\":\"pt-BR\",\"@id\":\"https:\\\/\\\/www.ernanipolo.com.br\\\/wp\\\/#\\\/schema\\\/logo\\\/image\\\/\",\"url\":\"https:\\\/\\\/www.ernanipolo.com.br\\\/wp\\\/wp-content\\\/uploads\\\/2023\\\/09\\\/Logo-Azul-Ernani-Polo.png\",\"contentUrl\":\"https:\\\/\\\/www.ernanipolo.com.br\\\/wp\\\/wp-content\\\/uploads\\\/2023\\\/09\\\/Logo-Azul-Ernani-Polo.png\",\"width\":630,\"height\":162,\"caption\":\"Ernani Polo\"},\"image\":{\"@id\":\"https:\\\/\\\/www.ernanipolo.com.br\\\/wp\\\/#\\\/schema\\\/logo\\\/image\\\/\"}},{\"@type\":\"Person\",\"@id\":\"https:\\\/\\\/www.ernanipolo.com.br\\\/wp\\\/#\\\/schema\\\/person\\\/495081e5f89df1864e457bc25058eb32\",\"name\":\"Assessoria\",\"image\":{\"@type\":\"ImageObject\",\"inLanguage\":\"pt-BR\",\"@id\":\"https:\\\/\\\/secure.gravatar.com\\\/avatar\\\/fb9fbf9c7f51269c39fd7432c2ca37dcb848f2e01061b91c2515b159534f94f8?s=96&d=mm&r=g\",\"url\":\"https:\\\/\\\/secure.gravatar.com\\\/avatar\\\/fb9fbf9c7f51269c39fd7432c2ca37dcb848f2e01061b91c2515b159534f94f8?s=96&d=mm&r=g\",\"contentUrl\":\"https:\\\/\\\/secure.gravatar.com\\\/avatar\\\/fb9fbf9c7f51269c39fd7432c2ca37dcb848f2e01061b91c2515b159534f94f8?s=96&d=mm&r=g\",\"caption\":\"Assessoria\"},\"url\":\"https:\\\/\\\/www.ernanipolo.com.br\\\/wp\\\/author\\\/assessoria\\\/\"}]}<\/script>\n<!-- \/ Yoast SEO plugin. -->","yoast_head_json":{"title":"Assembleia Legislativa viabiliza internet para alunos da rede p\u00fablica estadual acessarem aulas n\u00e3o presenciais - Ernani Polo","robots":{"index":"index","follow":"follow","max-snippet":"max-snippet:-1","max-image-preview":"max-image-preview:large","max-video-preview":"max-video-preview:-1"},"canonical":"https:\/\/www.ernanipolo.com.br\/wp\/assembleia-legislativa-viabiliza-internet-para-alunos-da-rede-publica-estadual-acessarem-aulas-nao-presenciais\/","og_locale":"pt_BR","og_type":"article","og_title":"Assembleia Legislativa viabiliza internet para alunos da rede p\u00fablica estadual acessarem aulas n\u00e3o presenciais - Ernani Polo","og_description":"Na manh\u00e3 desta quarta-feira (13), o presidente da Assembleia Legislativa, deputado Ernani Polo alinhou com o secret\u00e1rio estadual da Educa\u00e7\u00e3o, &hellip; Continue reading Assembleia Legislativa viabiliza internet para alunos da rede p\u00fablica estadual acessarem aulas n\u00e3o presenciais","og_url":"https:\/\/www.ernanipolo.com.br\/wp\/assembleia-legislativa-viabiliza-internet-para-alunos-da-rede-publica-estadual-acessarem-aulas-nao-presenciais\/","og_site_name":"Ernani Polo","article_published_time":"2020-05-13T22:28:46+00:00","article_modified_time":"2020-05-13T22:28:48+00:00","og_image":[{"width":1240,"height":827,"url":"https:\/\/www.ernanipolo.com.br\/wp\/wp-content\/uploads\/2020\/05\/WhatsApp-Image-2020-05-13-at-11.50.58.jpeg","type":"image\/jpeg"}],"author":"Assessoria","twitter_card":"summary_large_image","twitter_misc":{"Escrito por":"Assessoria","Est. tempo de leitura":"3 minutos"},"schema":{"@context":"https:\/\/schema.org","@graph":[{"@type":"Article","@id":"https:\/\/www.ernanipolo.com.br\/wp\/assembleia-legislativa-viabiliza-internet-para-alunos-da-rede-publica-estadual-acessarem-aulas-nao-presenciais\/#article","isPartOf":{"@id":"https:\/\/www.ernanipolo.com.br\/wp\/assembleia-legislativa-viabiliza-internet-para-alunos-da-rede-publica-estadual-acessarem-aulas-nao-presenciais\/"},"author":{"name":"Assessoria","@id":"https:\/\/www.ernanipolo.com.br\/wp\/#\/schema\/person\/495081e5f89df1864e457bc25058eb32"},"headline":"Assembleia Legislativa viabiliza internet para alunos da rede p\u00fablica estadual acessarem aulas n\u00e3o presenciais","datePublished":"2020-05-13T22:28:46+00:00","dateModified":"2020-05-13T22:28:48+00:00","mainEntityOfPage":{"@id":"https:\/\/www.ernanipolo.com.br\/wp\/assembleia-legislativa-viabiliza-internet-para-alunos-da-rede-publica-estadual-acessarem-aulas-nao-presenciais\/"},"wordCount":582,"commentCount":0,"publisher":{"@id":"https:\/\/www.ernanipolo.com.br\/wp\/#organization"},"image":{"@id":"https:\/\/www.ernanipolo.com.br\/wp\/assembleia-legislativa-viabiliza-internet-para-alunos-da-rede-publica-estadual-acessarem-aulas-nao-presenciais\/#primaryimage"},"thumbnailUrl":"https:\/\/www.ernanipolo.com.br\/wp\/wp-content\/uploads\/2020\/05\/WhatsApp-Image-2020-05-13-at-11.50.58.jpeg","keywords":["agricultura"],"articleSection":["Not\u00edcias","Destaque","agricultura"],"inLanguage":"pt-BR","potentialAction":[{"@type":"CommentAction","name":"Comment","target":["https:\/\/www.ernanipolo.com.br\/wp\/assembleia-legislativa-viabiliza-internet-para-alunos-da-rede-publica-estadual-acessarem-aulas-nao-presenciais\/#respond"]}]},{"@type":"WebPage","@id":"https:\/\/www.ernanipolo.com.br\/wp\/assembleia-legislativa-viabiliza-internet-para-alunos-da-rede-publica-estadual-acessarem-aulas-nao-presenciais\/","url":"https:\/\/www.ernanipolo.com.br\/wp\/assembleia-legislativa-viabiliza-internet-para-alunos-da-rede-publica-estadual-acessarem-aulas-nao-presenciais\/","name":"Assembleia Legislativa viabiliza internet para alunos da rede p\u00fablica estadual acessarem aulas n\u00e3o presenciais - Ernani Polo","isPartOf":{"@id":"https:\/\/www.ernanipolo.com.br\/wp\/#website"},"primaryImageOfPage":{"@id":"https:\/\/www.ernanipolo.com.br\/wp\/assembleia-legislativa-viabiliza-internet-para-alunos-da-rede-publica-estadual-acessarem-aulas-nao-presenciais\/#primaryimage"},"image":{"@id":"https:\/\/www.ernanipolo.com.br\/wp\/assembleia-legislativa-viabiliza-internet-para-alunos-da-rede-publica-estadual-acessarem-aulas-nao-presenciais\/#primaryimage"},"thumbnailUrl":"https:\/\/www.ernanipolo.com.br\/wp\/wp-content\/uploads\/2020\/05\/WhatsApp-Image-2020-05-13-at-11.50.58.jpeg","datePublished":"2020-05-13T22:28:46+00:00","dateModified":"2020-05-13T22:28:48+00:00","inLanguage":"pt-BR","potentialAction":[{"@type":"ReadAction","target":["https:\/\/www.ernanipolo.com.br\/wp\/assembleia-legislativa-viabiliza-internet-para-alunos-da-rede-publica-estadual-acessarem-aulas-nao-presenciais\/"]}]},{"@type":"ImageObject","inLanguage":"pt-BR","@id":"https:\/\/www.ernanipolo.com.br\/wp\/assembleia-legislativa-viabiliza-internet-para-alunos-da-rede-publica-estadual-acessarem-aulas-nao-presenciais\/#primaryimage","url":"https:\/\/www.ernanipolo.com.br\/wp\/wp-content\/uploads\/2020\/05\/WhatsApp-Image-2020-05-13-at-11.50.58.jpeg","contentUrl":"https:\/\/www.ernanipolo.com.br\/wp\/wp-content\/uploads\/2020\/05\/WhatsApp-Image-2020-05-13-at-11.50.58.jpeg","width":1240,"height":827},{"@type":"WebSite","@id":"https:\/\/www.ernanipolo.com.br\/wp\/#website","url":"https:\/\/www.ernanipolo.com.br\/wp\/","name":"Ernani Polo","description":"","publisher":{"@id":"https:\/\/www.ernanipolo.com.br\/wp\/#organization"},"potentialAction":[{"@type":"SearchAction","target":{"@type":"EntryPoint","urlTemplate":"https:\/\/www.ernanipolo.com.br\/wp\/?s={search_term_string}"},"query-input":{"@type":"PropertyValueSpecification","valueRequired":true,"valueName":"search_term_string"}}],"inLanguage":"pt-BR"},{"@type":"Organization","@id":"https:\/\/www.ernanipolo.com.br\/wp\/#organization","name":"Ernani Polo","url":"https:\/\/www.ernanipolo.com.br\/wp\/","logo":{"@type":"ImageObject","inLanguage":"pt-BR","@id":"https:\/\/www.ernanipolo.com.br\/wp\/#\/schema\/logo\/image\/","url":"https:\/\/www.ernanipolo.com.br\/wp\/wp-content\/uploads\/2023\/09\/Logo-Azul-Ernani-Polo.png","contentUrl":"https:\/\/www.ernanipolo.com.br\/wp\/wp-content\/uploads\/2023\/09\/Logo-Azul-Ernani-Polo.png","width":630,"height":162,"caption":"Ernani Polo"},"image":{"@id":"https:\/\/www.ernanipolo.com.br\/wp\/#\/schema\/logo\/image\/"}},{"@type":"Person","@id":"https:\/\/www.ernanipolo.com.br\/wp\/#\/schema\/person\/495081e5f89df1864e457bc25058eb32","name":"Assessoria","image":{"@type":"ImageObject","inLanguage":"pt-BR","@id":"https:\/\/secure.gravatar.com\/avatar\/fb9fbf9c7f51269c39fd7432c2ca37dcb848f2e01061b91c2515b159534f94f8?s=96&d=mm&r=g","url":"https:\/\/secure.gravatar.com\/avatar\/fb9fbf9c7f51269c39fd7432c2ca37dcb848f2e01061b91c2515b159534f94f8?s=96&d=mm&r=g","contentUrl":"https:\/\/secure.gravatar.com\/avatar\/fb9fbf9c7f51269c39fd7432c2ca37dcb848f2e01061b91c2515b159534f94f8?s=96&d=mm&r=g","caption":"Assessoria"},"url":"https:\/\/www.ernanipolo.com.br\/wp\/author\/assessoria\/"}]}},"jetpack_featured_media_url":"https:\/\/www.ernanipolo.com.br\/wp\/wp-content\/uploads\/2020\/05\/WhatsApp-Image-2020-05-13-at-11.50.58.jpeg","jetpack_sharing_enabled":true,"_links":{"self":[{"href":"https:\/\/www.ernanipolo.com.br\/wp\/wp-json\/wp\/v2\/posts\/2814","targetHints":{"allow":["GET"]}}],"collection":[{"href":"https:\/\/www.ernanipolo.com.br\/wp\/wp-json\/wp\/v2\/posts"}],"about":[{"href":"https:\/\/www.ernanipolo.com.br\/wp\/wp-json\/wp\/v2\/types\/post"}],"author":[{"embeddable":true,"href":"https:\/\/www.ernanipolo.com.br\/wp\/wp-json\/wp\/v2\/users\/3"}],"replies":[{"embeddable":true,"href":"https:\/\/www.ernanipolo.com.br\/wp\/wp-json\/wp\/v2\/comments?post=2814"}],"version-history":[{"count":0,"href":"https:\/\/www.ernanipolo.com.br\/wp\/wp-json\/wp\/v2\/posts\/2814\/revisions"}],"wp:featuredmedia":[{"embeddable":true,"href":"https:\/\/www.ernanipolo.com.br\/wp\/wp-json\/wp\/v2\/media\/2816"}],"wp:attachment":[{"href":"https:\/\/www.ernanipolo.com.br\/wp\/wp-json\/wp\/v2\/media?parent=2814"}],"wp:term":[{"taxonomy":"category","embeddable":true,"href":"https:\/\/www.ernanipolo.com.br\/wp\/wp-json\/wp\/v2\/categories?post=2814"},{"taxonomy":"post_tag","embeddable":true,"href":"https:\/\/www.ernanipolo.com.br\/wp\/wp-json\/wp\/v2\/tags?post=2814"}],"curies":[{"name":"wp","href":"https:\/\/api.w.org\/{rel}","templated":true}]}}