{"id":2594,"date":"2020-04-06T19:32:48","date_gmt":"2020-04-06T22:32:48","guid":{"rendered":"http:\/\/www.ernanipolo.com.br\/wp\/?p=2594"},"modified":"2020-04-07T09:40:20","modified_gmt":"2020-04-07T12:40:20","slug":"assembleia-levara-ao-governador-protocolo-da-fecomercio-para-prevencao-da-covid-19-e-retomada-gradativa-dos-setores-produtivos","status":"publish","type":"post","link":"https:\/\/www.ernanipolo.com.br\/wp\/assembleia-levara-ao-governador-protocolo-da-fecomercio-para-prevencao-da-covid-19-e-retomada-gradativa-dos-setores-produtivos\/","title":{"rendered":"Assembleia levar\u00e1 ao governador protocolo da Fecom\u00e9rcio para preven\u00e7\u00e3o da Covid-19 e retomada gradativa dos setores produtivos"},"content":{"rendered":"\n<p><\/p>\n\n\n\n<p>Apresentado em videoconfer\u00eancia do F\u00f3rum de Combate ao Colapso Social e Econ\u00f4mico, na tarde desta segunda-feira (6), o protocolo de funcionamento dos estabelecimentos comerciais elaborado pela Fecom\u00e9rcio RS ser\u00e1 encaminhado pelo presidente da Assembleia Legislativa, Ernani Polo (PP), ao governador Eduardo Leite (PSDB). O objetivo do documento da entidade \u00e9 orientar empres\u00e1rios do setor de com\u00e9rcio, servi\u00e7os e turismo sobre formas de evitar o cont\u00e1gio do coronav\u00edrus dentro dos estabelecimentos, com destaque para a intensifica\u00e7\u00e3o do uso de m\u00e1scaras, e servir de base para que Leite reavalie a pol\u00edtica de fechamento das atividades comerciais no Rio Grande do Sul, por meio de uma retomada gradativa. <\/p>\n\n\n\n<p>No material, os empres\u00e1rios s\u00e3o esclarecidos sobre o v\u00edrus e suas consequ\u00eancias no organismo dos infectados e no sistema de sa\u00fade. Tamb\u00e9m s\u00e3o sugeridas medidas de preven\u00e7\u00e3o destinadas aos trabalhadores e ao p\u00fablico dentro dos estabelecimentos (veja as principais medidas abaixo). \u201cEsperamos retomar as atividades o mais breve poss\u00edvel, dentro do protocolo de seguran\u00e7a que est\u00e1 sendo apresentado, mas quem vai decidir s\u00e3o as autoridades de sa\u00fade\u201d, comentou o presidente do Sistema Fecom\u00e9rcio, Luiz Carlos Bohn, na quarta reuni\u00e3o do F\u00f3rum.<\/p>\n\n\n\n<p>O presidente da Assembleia comentou que a proposta da Fecom\u00e9rcio, com protocolos a serem cumpridos e recomenda\u00e7\u00e3o para o uso de m\u00e1scaras, tra\u00e7a um caminho a ser seguido para contribuir \u00e0 retomada gradual dos servi\u00e7os, com os devidos cuidados com a sa\u00fade da popula\u00e7\u00e3o. Segundo ele, h\u00e1 distor\u00e7\u00f5es, especialmente nas pequenas cidades, onde a mobilidade se d\u00e1 de forma diferente: a p\u00e9, de bicicleta, de carro. \u201cVamos levar ao governo do Estado este protocolo t\u00e9cnico elaborado pela Fecom\u00e9rcio, que estabelece regras e crit\u00e9rios de sa\u00fade para que possamos avan\u00e7ar na busca do retorno gradual de \u00e1reas do com\u00e9rcio e servi\u00e7os, respeitando as recomenda\u00e7\u00f5es sanit\u00e1rias. Tamb\u00e9m levaremos adiante as manifesta\u00e7\u00f5es dos colegas deputados no sentido de aumentar a transpar\u00eancia na divulga\u00e7\u00e3o das bases t\u00e9cnicas e na amplia\u00e7\u00e3o do comit\u00ea de crise\u201d, informou. <\/p>\n\n\n\n<p>Polo finalizou dizendo que o Parlamento seguir\u00e1 cumprindo com a miss\u00e3o de ouvir o sentimento da sociedade, preocupado com a cadeia alimentar e com a avalia\u00e7\u00e3o imediata dos protocolos para a retomada dos setores produtivos, do com\u00e9rcio, servi\u00e7os e ind\u00fastria, observando os cuidados com a sa\u00fade da popula\u00e7\u00e3o. \u201cO desemprego afeta o bem-estar da popula\u00e7\u00e3o, provoca fome e aumenta a criminalidade, fatores que colocam em risco a vida das pessoas\u201d, analisou Ernani Polo.<\/p>\n\n\n\n<p>Presidente da Federasul, Simone Leite contou que vem recebendo relatos desesperadores de empres\u00e1rios de todo o Estado: \u201cMuitos est\u00e3o doando arroz para pessoas que n\u00e3o t\u00eam o que comer j\u00e1. Vemos os grandes supermercados vendendo de tudo, com as pessoas consumindo, por\u00e9m como \u00e9 que ficam os pequenos empreendedores? Os presos est\u00e3o sendo soltos. Daqui a 30 dias o Estado n\u00e3o ter\u00e1 dinheiro para pagar o parcelamento dos seus servidores\u201d, alertou. Segundo ela, h\u00e1 relatos de ambulantes atuando em pra\u00e7as de Pelotas enquanto o com\u00e9rcio local est\u00e1 impedido de abrir as portas.<\/p>\n\n\n\n<p><strong>Protocolo de funcionamento do com\u00e9rcio<br><\/strong> No guia formulado pela Fecom\u00e9rcio, est\u00e1 uma s\u00e9rie de medidas, como por exemplo flexibilizar local e escala de trabalho para reduzir uso de transporte coletivo nos hor\u00e1rios de pico, avaliar a cria\u00e7\u00e3o de novos turnos para reduzir contato social na empresa e de home-office em dias alternados por equipes, reduzir reuni\u00f5es presenciais e viagens, estimular reuni\u00f5es virtuais, restringir o acesso ao p\u00fablico externo, estabelecer diferentes turnos de refei\u00e7\u00e3o e tornar mais rigorosa a limpeza e desinfec\u00e7\u00e3o frequente de superf\u00edcies de equipamentos e mobili\u00e1rio.<\/p>\n\n\n\n<p>Nos estabelecimentos pequenos, uma alternativa sugerida \u00e9 manter apenas uma entrada para os clientes, controlada por um funcion\u00e1rio com m\u00e1scara, individualizando o atendimento. Com fila externa, respeitar dist\u00e2ncia de dois metros entre as pessoas. Para os estabelecimentos comerciais maiores, uma alternativa \u00e9 estabelecer jornada reduzida de atendimento ao p\u00fablico, entrada regulada de pessoas ao interior, coloca\u00e7\u00e3o de sinaliza\u00e7\u00e3o no ch\u00e3o informando a dist\u00e2ncia m\u00ednima entre clientes, avisos sonoros (informando as recomenda\u00e7\u00f5es durante a pandemia, import\u00e2ncia de manter o distanciamento no interior do estabelecimento), barreiras f\u00edsicas entre funcion\u00e1rio e cliente.<\/p>\n\n\n\n<p><strong>Representantes de bancos fazem relatos<br><\/strong> Representantes de bancos p\u00fablicos participaram da reuni\u00e3o do F\u00f3rum de Combate ao Colapso Social e Econ\u00f4mico, destacando as a\u00e7\u00f5es que est\u00e3o tomando frente ao coronav\u00edrus para clientes pessoa f\u00edsica e jur\u00eddica. Falaram o presidente do Banrisul, Claudio Coutinho, o vice-presidente do BRDE, Luiz Noronha, e a presidente do Badesul, Jeanette Lontra.<\/p>\n\n\n\n<p><strong>Deputados participam da reuni\u00e3o<br><\/strong> Participaram da reuni\u00e3o os deputados Any Ortiz (Cidadania), Gabriel Souza (MDB), S\u00e9rgio Turra (PP), Edson Brum (MDB), Tenente-Coronel Zucco (PSL), Elton Weber (PSB), Ga\u00facho da Geral (PSD), Luis Augusto Lara (PTB), F\u00e1bio Branco (MDB), F\u00e1bio Ostermann (Novo), Dr. Thiago Duarte (DEM), Carlos B\u00farigo (MDB), Vilmar Zanchin (MDB), Paparico Bacchi (PL), Frederico Antunes (PP), Luiz Henrique Viana (PSDB), Matheus Wesp (PSDB), Dirceu Franciscon (PTB), Sebasti\u00e3o Melo (MDB), Zil\u00e1 Breitenbach (PSDB), Tiago Simon (MDB), Issur Koch (PP) e Dalciso Oliveira (PSB).<\/p>\n","protected":false},"excerpt":{"rendered":"<p>Apresentado em videoconfer\u00eancia do F\u00f3rum de Combate ao Colapso Social e Econ\u00f4mico, na tarde desta segunda-feira (6), o protocolo de &hellip; <a href=\"https:\/\/www.ernanipolo.com.br\/wp\/assembleia-levara-ao-governador-protocolo-da-fecomercio-para-prevencao-da-covid-19-e-retomada-gradativa-dos-setores-produtivos\/\" class=\"more-link\">Continue reading <span class=\"screen-reader-text\">Assembleia levar\u00e1 ao governador protocolo da Fecom\u00e9rcio para preven\u00e7\u00e3o da Covid-19 e retomada gradativa dos setores produtivos<\/span><\/a><\/p>\n","protected":false},"author":3,"featured_media":2595,"comment_status":"open","ping_status":"open","sticky":false,"template":"","format":"standard","meta":{"_acf_changed":false,"_jetpack_memberships_contains_paid_content":false,"footnotes":""},"categories":[37,39,45],"tags":[],"class_list":["post-2594","post","type-post","status-publish","format-standard","has-post-thumbnail","hentry","category-noticias","category-destaque","category-agricultura"],"acf":[],"yoast_head":"<!-- This site is optimized with the Yoast SEO plugin v27.5 - https:\/\/yoast.com\/product\/yoast-seo-wordpress\/ -->\n<title>Assembleia levar\u00e1 ao governador protocolo da Fecom\u00e9rcio para preven\u00e7\u00e3o da Covid-19 e retomada gradativa dos setores produtivos - Ernani Polo<\/title>\n<meta name=\"robots\" content=\"index, follow, max-snippet:-1, max-image-preview:large, max-video-preview:-1\" \/>\n<link rel=\"canonical\" href=\"https:\/\/www.ernanipolo.com.br\/wp\/assembleia-levara-ao-governador-protocolo-da-fecomercio-para-prevencao-da-covid-19-e-retomada-gradativa-dos-setores-produtivos\/\" \/>\n<meta property=\"og:locale\" content=\"pt_BR\" \/>\n<meta property=\"og:type\" content=\"article\" \/>\n<meta property=\"og:title\" content=\"Assembleia levar\u00e1 ao governador protocolo da Fecom\u00e9rcio para preven\u00e7\u00e3o da Covid-19 e retomada gradativa dos setores produtivos - Ernani Polo\" \/>\n<meta property=\"og:description\" content=\"Apresentado em videoconfer\u00eancia do F\u00f3rum de Combate ao Colapso Social e Econ\u00f4mico, na tarde desta segunda-feira (6), o protocolo de &hellip; Continue reading Assembleia levar\u00e1 ao governador protocolo da Fecom\u00e9rcio para preven\u00e7\u00e3o da Covid-19 e retomada gradativa dos setores produtivos\" \/>\n<meta property=\"og:url\" content=\"https:\/\/www.ernanipolo.com.br\/wp\/assembleia-levara-ao-governador-protocolo-da-fecomercio-para-prevencao-da-covid-19-e-retomada-gradativa-dos-setores-produtivos\/\" \/>\n<meta property=\"og:site_name\" content=\"Ernani Polo\" \/>\n<meta property=\"article:published_time\" content=\"2020-04-06T22:32:48+00:00\" \/>\n<meta property=\"article:modified_time\" content=\"2020-04-07T12:40:20+00:00\" \/>\n<meta property=\"og:image\" content=\"https:\/\/www.ernanipolo.com.br\/wp\/wp-content\/uploads\/2020\/04\/WhatsApp-Image-2020-04-06-at-16.31.09.jpeg\" \/>\n\t<meta property=\"og:image:width\" content=\"1280\" \/>\n\t<meta property=\"og:image:height\" content=\"853\" \/>\n\t<meta property=\"og:image:type\" content=\"image\/jpeg\" \/>\n<meta name=\"author\" content=\"Assessoria\" \/>\n<meta name=\"twitter:card\" content=\"summary_large_image\" \/>\n<meta name=\"twitter:label1\" content=\"Escrito por\" \/>\n\t<meta name=\"twitter:data1\" content=\"Assessoria\" \/>\n\t<meta name=\"twitter:label2\" content=\"Est. tempo de leitura\" \/>\n\t<meta name=\"twitter:data2\" content=\"5 minutos\" \/>\n<script type=\"application\/ld+json\" class=\"yoast-schema-graph\">{\"@context\":\"https:\\\/\\\/schema.org\",\"@graph\":[{\"@type\":\"Article\",\"@id\":\"https:\\\/\\\/www.ernanipolo.com.br\\\/wp\\\/assembleia-levara-ao-governador-protocolo-da-fecomercio-para-prevencao-da-covid-19-e-retomada-gradativa-dos-setores-produtivos\\\/#article\",\"isPartOf\":{\"@id\":\"https:\\\/\\\/www.ernanipolo.com.br\\\/wp\\\/assembleia-levara-ao-governador-protocolo-da-fecomercio-para-prevencao-da-covid-19-e-retomada-gradativa-dos-setores-produtivos\\\/\"},\"author\":{\"name\":\"Assessoria\",\"@id\":\"https:\\\/\\\/www.ernanipolo.com.br\\\/wp\\\/#\\\/schema\\\/person\\\/495081e5f89df1864e457bc25058eb32\"},\"headline\":\"Assembleia levar\u00e1 ao governador protocolo da Fecom\u00e9rcio para preven\u00e7\u00e3o da Covid-19 e retomada gradativa dos setores produtivos\",\"datePublished\":\"2020-04-06T22:32:48+00:00\",\"dateModified\":\"2020-04-07T12:40:20+00:00\",\"mainEntityOfPage\":{\"@id\":\"https:\\\/\\\/www.ernanipolo.com.br\\\/wp\\\/assembleia-levara-ao-governador-protocolo-da-fecomercio-para-prevencao-da-covid-19-e-retomada-gradativa-dos-setores-produtivos\\\/\"},\"wordCount\":920,\"commentCount\":0,\"publisher\":{\"@id\":\"https:\\\/\\\/www.ernanipolo.com.br\\\/wp\\\/#organization\"},\"image\":{\"@id\":\"https:\\\/\\\/www.ernanipolo.com.br\\\/wp\\\/assembleia-levara-ao-governador-protocolo-da-fecomercio-para-prevencao-da-covid-19-e-retomada-gradativa-dos-setores-produtivos\\\/#primaryimage\"},\"thumbnailUrl\":\"https:\\\/\\\/www.ernanipolo.com.br\\\/wp\\\/wp-content\\\/uploads\\\/2020\\\/04\\\/WhatsApp-Image-2020-04-06-at-16.31.09.jpeg\",\"articleSection\":[\"Not\u00edcias\",\"Destaque\",\"agricultura\"],\"inLanguage\":\"pt-BR\",\"potentialAction\":[{\"@type\":\"CommentAction\",\"name\":\"Comment\",\"target\":[\"https:\\\/\\\/www.ernanipolo.com.br\\\/wp\\\/assembleia-levara-ao-governador-protocolo-da-fecomercio-para-prevencao-da-covid-19-e-retomada-gradativa-dos-setores-produtivos\\\/#respond\"]}]},{\"@type\":\"WebPage\",\"@id\":\"https:\\\/\\\/www.ernanipolo.com.br\\\/wp\\\/assembleia-levara-ao-governador-protocolo-da-fecomercio-para-prevencao-da-covid-19-e-retomada-gradativa-dos-setores-produtivos\\\/\",\"url\":\"https:\\\/\\\/www.ernanipolo.com.br\\\/wp\\\/assembleia-levara-ao-governador-protocolo-da-fecomercio-para-prevencao-da-covid-19-e-retomada-gradativa-dos-setores-produtivos\\\/\",\"name\":\"Assembleia levar\u00e1 ao governador protocolo da Fecom\u00e9rcio para preven\u00e7\u00e3o da Covid-19 e retomada gradativa dos setores produtivos - Ernani Polo\",\"isPartOf\":{\"@id\":\"https:\\\/\\\/www.ernanipolo.com.br\\\/wp\\\/#website\"},\"primaryImageOfPage\":{\"@id\":\"https:\\\/\\\/www.ernanipolo.com.br\\\/wp\\\/assembleia-levara-ao-governador-protocolo-da-fecomercio-para-prevencao-da-covid-19-e-retomada-gradativa-dos-setores-produtivos\\\/#primaryimage\"},\"image\":{\"@id\":\"https:\\\/\\\/www.ernanipolo.com.br\\\/wp\\\/assembleia-levara-ao-governador-protocolo-da-fecomercio-para-prevencao-da-covid-19-e-retomada-gradativa-dos-setores-produtivos\\\/#primaryimage\"},\"thumbnailUrl\":\"https:\\\/\\\/www.ernanipolo.com.br\\\/wp\\\/wp-content\\\/uploads\\\/2020\\\/04\\\/WhatsApp-Image-2020-04-06-at-16.31.09.jpeg\",\"datePublished\":\"2020-04-06T22:32:48+00:00\",\"dateModified\":\"2020-04-07T12:40:20+00:00\",\"inLanguage\":\"pt-BR\",\"potentialAction\":[{\"@type\":\"ReadAction\",\"target\":[\"https:\\\/\\\/www.ernanipolo.com.br\\\/wp\\\/assembleia-levara-ao-governador-protocolo-da-fecomercio-para-prevencao-da-covid-19-e-retomada-gradativa-dos-setores-produtivos\\\/\"]}]},{\"@type\":\"ImageObject\",\"inLanguage\":\"pt-BR\",\"@id\":\"https:\\\/\\\/www.ernanipolo.com.br\\\/wp\\\/assembleia-levara-ao-governador-protocolo-da-fecomercio-para-prevencao-da-covid-19-e-retomada-gradativa-dos-setores-produtivos\\\/#primaryimage\",\"url\":\"https:\\\/\\\/www.ernanipolo.com.br\\\/wp\\\/wp-content\\\/uploads\\\/2020\\\/04\\\/WhatsApp-Image-2020-04-06-at-16.31.09.jpeg\",\"contentUrl\":\"https:\\\/\\\/www.ernanipolo.com.br\\\/wp\\\/wp-content\\\/uploads\\\/2020\\\/04\\\/WhatsApp-Image-2020-04-06-at-16.31.09.jpeg\",\"width\":1280,\"height\":853},{\"@type\":\"WebSite\",\"@id\":\"https:\\\/\\\/www.ernanipolo.com.br\\\/wp\\\/#website\",\"url\":\"https:\\\/\\\/www.ernanipolo.com.br\\\/wp\\\/\",\"name\":\"Ernani Polo\",\"description\":\"\",\"publisher\":{\"@id\":\"https:\\\/\\\/www.ernanipolo.com.br\\\/wp\\\/#organization\"},\"potentialAction\":[{\"@type\":\"SearchAction\",\"target\":{\"@type\":\"EntryPoint\",\"urlTemplate\":\"https:\\\/\\\/www.ernanipolo.com.br\\\/wp\\\/?s={search_term_string}\"},\"query-input\":{\"@type\":\"PropertyValueSpecification\",\"valueRequired\":true,\"valueName\":\"search_term_string\"}}],\"inLanguage\":\"pt-BR\"},{\"@type\":\"Organization\",\"@id\":\"https:\\\/\\\/www.ernanipolo.com.br\\\/wp\\\/#organization\",\"name\":\"Ernani Polo\",\"url\":\"https:\\\/\\\/www.ernanipolo.com.br\\\/wp\\\/\",\"logo\":{\"@type\":\"ImageObject\",\"inLanguage\":\"pt-BR\",\"@id\":\"https:\\\/\\\/www.ernanipolo.com.br\\\/wp\\\/#\\\/schema\\\/logo\\\/image\\\/\",\"url\":\"https:\\\/\\\/www.ernanipolo.com.br\\\/wp\\\/wp-content\\\/uploads\\\/2023\\\/09\\\/Logo-Azul-Ernani-Polo.png\",\"contentUrl\":\"https:\\\/\\\/www.ernanipolo.com.br\\\/wp\\\/wp-content\\\/uploads\\\/2023\\\/09\\\/Logo-Azul-Ernani-Polo.png\",\"width\":630,\"height\":162,\"caption\":\"Ernani Polo\"},\"image\":{\"@id\":\"https:\\\/\\\/www.ernanipolo.com.br\\\/wp\\\/#\\\/schema\\\/logo\\\/image\\\/\"}},{\"@type\":\"Person\",\"@id\":\"https:\\\/\\\/www.ernanipolo.com.br\\\/wp\\\/#\\\/schema\\\/person\\\/495081e5f89df1864e457bc25058eb32\",\"name\":\"Assessoria\",\"image\":{\"@type\":\"ImageObject\",\"inLanguage\":\"pt-BR\",\"@id\":\"https:\\\/\\\/secure.gravatar.com\\\/avatar\\\/fb9fbf9c7f51269c39fd7432c2ca37dcb848f2e01061b91c2515b159534f94f8?s=96&d=mm&r=g\",\"url\":\"https:\\\/\\\/secure.gravatar.com\\\/avatar\\\/fb9fbf9c7f51269c39fd7432c2ca37dcb848f2e01061b91c2515b159534f94f8?s=96&d=mm&r=g\",\"contentUrl\":\"https:\\\/\\\/secure.gravatar.com\\\/avatar\\\/fb9fbf9c7f51269c39fd7432c2ca37dcb848f2e01061b91c2515b159534f94f8?s=96&d=mm&r=g\",\"caption\":\"Assessoria\"},\"url\":\"https:\\\/\\\/www.ernanipolo.com.br\\\/wp\\\/author\\\/assessoria\\\/\"}]}<\/script>\n<!-- \/ Yoast SEO plugin. -->","yoast_head_json":{"title":"Assembleia levar\u00e1 ao governador protocolo da Fecom\u00e9rcio para preven\u00e7\u00e3o da Covid-19 e retomada gradativa dos setores produtivos - Ernani Polo","robots":{"index":"index","follow":"follow","max-snippet":"max-snippet:-1","max-image-preview":"max-image-preview:large","max-video-preview":"max-video-preview:-1"},"canonical":"https:\/\/www.ernanipolo.com.br\/wp\/assembleia-levara-ao-governador-protocolo-da-fecomercio-para-prevencao-da-covid-19-e-retomada-gradativa-dos-setores-produtivos\/","og_locale":"pt_BR","og_type":"article","og_title":"Assembleia levar\u00e1 ao governador protocolo da Fecom\u00e9rcio para preven\u00e7\u00e3o da Covid-19 e retomada gradativa dos setores produtivos - Ernani Polo","og_description":"Apresentado em videoconfer\u00eancia do F\u00f3rum de Combate ao Colapso Social e Econ\u00f4mico, na tarde desta segunda-feira (6), o protocolo de &hellip; Continue reading Assembleia levar\u00e1 ao governador protocolo da Fecom\u00e9rcio para preven\u00e7\u00e3o da Covid-19 e retomada gradativa dos setores produtivos","og_url":"https:\/\/www.ernanipolo.com.br\/wp\/assembleia-levara-ao-governador-protocolo-da-fecomercio-para-prevencao-da-covid-19-e-retomada-gradativa-dos-setores-produtivos\/","og_site_name":"Ernani Polo","article_published_time":"2020-04-06T22:32:48+00:00","article_modified_time":"2020-04-07T12:40:20+00:00","og_image":[{"width":1280,"height":853,"url":"https:\/\/www.ernanipolo.com.br\/wp\/wp-content\/uploads\/2020\/04\/WhatsApp-Image-2020-04-06-at-16.31.09.jpeg","type":"image\/jpeg"}],"author":"Assessoria","twitter_card":"summary_large_image","twitter_misc":{"Escrito por":"Assessoria","Est. tempo de leitura":"5 minutos"},"schema":{"@context":"https:\/\/schema.org","@graph":[{"@type":"Article","@id":"https:\/\/www.ernanipolo.com.br\/wp\/assembleia-levara-ao-governador-protocolo-da-fecomercio-para-prevencao-da-covid-19-e-retomada-gradativa-dos-setores-produtivos\/#article","isPartOf":{"@id":"https:\/\/www.ernanipolo.com.br\/wp\/assembleia-levara-ao-governador-protocolo-da-fecomercio-para-prevencao-da-covid-19-e-retomada-gradativa-dos-setores-produtivos\/"},"author":{"name":"Assessoria","@id":"https:\/\/www.ernanipolo.com.br\/wp\/#\/schema\/person\/495081e5f89df1864e457bc25058eb32"},"headline":"Assembleia levar\u00e1 ao governador protocolo da Fecom\u00e9rcio para preven\u00e7\u00e3o da Covid-19 e retomada gradativa dos setores produtivos","datePublished":"2020-04-06T22:32:48+00:00","dateModified":"2020-04-07T12:40:20+00:00","mainEntityOfPage":{"@id":"https:\/\/www.ernanipolo.com.br\/wp\/assembleia-levara-ao-governador-protocolo-da-fecomercio-para-prevencao-da-covid-19-e-retomada-gradativa-dos-setores-produtivos\/"},"wordCount":920,"commentCount":0,"publisher":{"@id":"https:\/\/www.ernanipolo.com.br\/wp\/#organization"},"image":{"@id":"https:\/\/www.ernanipolo.com.br\/wp\/assembleia-levara-ao-governador-protocolo-da-fecomercio-para-prevencao-da-covid-19-e-retomada-gradativa-dos-setores-produtivos\/#primaryimage"},"thumbnailUrl":"https:\/\/www.ernanipolo.com.br\/wp\/wp-content\/uploads\/2020\/04\/WhatsApp-Image-2020-04-06-at-16.31.09.jpeg","articleSection":["Not\u00edcias","Destaque","agricultura"],"inLanguage":"pt-BR","potentialAction":[{"@type":"CommentAction","name":"Comment","target":["https:\/\/www.ernanipolo.com.br\/wp\/assembleia-levara-ao-governador-protocolo-da-fecomercio-para-prevencao-da-covid-19-e-retomada-gradativa-dos-setores-produtivos\/#respond"]}]},{"@type":"WebPage","@id":"https:\/\/www.ernanipolo.com.br\/wp\/assembleia-levara-ao-governador-protocolo-da-fecomercio-para-prevencao-da-covid-19-e-retomada-gradativa-dos-setores-produtivos\/","url":"https:\/\/www.ernanipolo.com.br\/wp\/assembleia-levara-ao-governador-protocolo-da-fecomercio-para-prevencao-da-covid-19-e-retomada-gradativa-dos-setores-produtivos\/","name":"Assembleia levar\u00e1 ao governador protocolo da Fecom\u00e9rcio para preven\u00e7\u00e3o da Covid-19 e retomada gradativa dos setores produtivos - Ernani Polo","isPartOf":{"@id":"https:\/\/www.ernanipolo.com.br\/wp\/#website"},"primaryImageOfPage":{"@id":"https:\/\/www.ernanipolo.com.br\/wp\/assembleia-levara-ao-governador-protocolo-da-fecomercio-para-prevencao-da-covid-19-e-retomada-gradativa-dos-setores-produtivos\/#primaryimage"},"image":{"@id":"https:\/\/www.ernanipolo.com.br\/wp\/assembleia-levara-ao-governador-protocolo-da-fecomercio-para-prevencao-da-covid-19-e-retomada-gradativa-dos-setores-produtivos\/#primaryimage"},"thumbnailUrl":"https:\/\/www.ernanipolo.com.br\/wp\/wp-content\/uploads\/2020\/04\/WhatsApp-Image-2020-04-06-at-16.31.09.jpeg","datePublished":"2020-04-06T22:32:48+00:00","dateModified":"2020-04-07T12:40:20+00:00","inLanguage":"pt-BR","potentialAction":[{"@type":"ReadAction","target":["https:\/\/www.ernanipolo.com.br\/wp\/assembleia-levara-ao-governador-protocolo-da-fecomercio-para-prevencao-da-covid-19-e-retomada-gradativa-dos-setores-produtivos\/"]}]},{"@type":"ImageObject","inLanguage":"pt-BR","@id":"https:\/\/www.ernanipolo.com.br\/wp\/assembleia-levara-ao-governador-protocolo-da-fecomercio-para-prevencao-da-covid-19-e-retomada-gradativa-dos-setores-produtivos\/#primaryimage","url":"https:\/\/www.ernanipolo.com.br\/wp\/wp-content\/uploads\/2020\/04\/WhatsApp-Image-2020-04-06-at-16.31.09.jpeg","contentUrl":"https:\/\/www.ernanipolo.com.br\/wp\/wp-content\/uploads\/2020\/04\/WhatsApp-Image-2020-04-06-at-16.31.09.jpeg","width":1280,"height":853},{"@type":"WebSite","@id":"https:\/\/www.ernanipolo.com.br\/wp\/#website","url":"https:\/\/www.ernanipolo.com.br\/wp\/","name":"Ernani Polo","description":"","publisher":{"@id":"https:\/\/www.ernanipolo.com.br\/wp\/#organization"},"potentialAction":[{"@type":"SearchAction","target":{"@type":"EntryPoint","urlTemplate":"https:\/\/www.ernanipolo.com.br\/wp\/?s={search_term_string}"},"query-input":{"@type":"PropertyValueSpecification","valueRequired":true,"valueName":"search_term_string"}}],"inLanguage":"pt-BR"},{"@type":"Organization","@id":"https:\/\/www.ernanipolo.com.br\/wp\/#organization","name":"Ernani Polo","url":"https:\/\/www.ernanipolo.com.br\/wp\/","logo":{"@type":"ImageObject","inLanguage":"pt-BR","@id":"https:\/\/www.ernanipolo.com.br\/wp\/#\/schema\/logo\/image\/","url":"https:\/\/www.ernanipolo.com.br\/wp\/wp-content\/uploads\/2023\/09\/Logo-Azul-Ernani-Polo.png","contentUrl":"https:\/\/www.ernanipolo.com.br\/wp\/wp-content\/uploads\/2023\/09\/Logo-Azul-Ernani-Polo.png","width":630,"height":162,"caption":"Ernani Polo"},"image":{"@id":"https:\/\/www.ernanipolo.com.br\/wp\/#\/schema\/logo\/image\/"}},{"@type":"Person","@id":"https:\/\/www.ernanipolo.com.br\/wp\/#\/schema\/person\/495081e5f89df1864e457bc25058eb32","name":"Assessoria","image":{"@type":"ImageObject","inLanguage":"pt-BR","@id":"https:\/\/secure.gravatar.com\/avatar\/fb9fbf9c7f51269c39fd7432c2ca37dcb848f2e01061b91c2515b159534f94f8?s=96&d=mm&r=g","url":"https:\/\/secure.gravatar.com\/avatar\/fb9fbf9c7f51269c39fd7432c2ca37dcb848f2e01061b91c2515b159534f94f8?s=96&d=mm&r=g","contentUrl":"https:\/\/secure.gravatar.com\/avatar\/fb9fbf9c7f51269c39fd7432c2ca37dcb848f2e01061b91c2515b159534f94f8?s=96&d=mm&r=g","caption":"Assessoria"},"url":"https:\/\/www.ernanipolo.com.br\/wp\/author\/assessoria\/"}]}},"jetpack_featured_media_url":"https:\/\/www.ernanipolo.com.br\/wp\/wp-content\/uploads\/2020\/04\/WhatsApp-Image-2020-04-06-at-16.31.09.jpeg","jetpack_sharing_enabled":true,"_links":{"self":[{"href":"https:\/\/www.ernanipolo.com.br\/wp\/wp-json\/wp\/v2\/posts\/2594","targetHints":{"allow":["GET"]}}],"collection":[{"href":"https:\/\/www.ernanipolo.com.br\/wp\/wp-json\/wp\/v2\/posts"}],"about":[{"href":"https:\/\/www.ernanipolo.com.br\/wp\/wp-json\/wp\/v2\/types\/post"}],"author":[{"embeddable":true,"href":"https:\/\/www.ernanipolo.com.br\/wp\/wp-json\/wp\/v2\/users\/3"}],"replies":[{"embeddable":true,"href":"https:\/\/www.ernanipolo.com.br\/wp\/wp-json\/wp\/v2\/comments?post=2594"}],"version-history":[{"count":0,"href":"https:\/\/www.ernanipolo.com.br\/wp\/wp-json\/wp\/v2\/posts\/2594\/revisions"}],"wp:featuredmedia":[{"embeddable":true,"href":"https:\/\/www.ernanipolo.com.br\/wp\/wp-json\/wp\/v2\/media\/2595"}],"wp:attachment":[{"href":"https:\/\/www.ernanipolo.com.br\/wp\/wp-json\/wp\/v2\/media?parent=2594"}],"wp:term":[{"taxonomy":"category","embeddable":true,"href":"https:\/\/www.ernanipolo.com.br\/wp\/wp-json\/wp\/v2\/categories?post=2594"},{"taxonomy":"post_tag","embeddable":true,"href":"https:\/\/www.ernanipolo.com.br\/wp\/wp-json\/wp\/v2\/tags?post=2594"}],"curies":[{"name":"wp","href":"https:\/\/api.w.org\/{rel}","templated":true}]}}