{"id":2574,"date":"2020-04-02T11:39:31","date_gmt":"2020-04-02T14:39:31","guid":{"rendered":"http:\/\/www.ernanipolo.com.br\/wp\/?p=2574"},"modified":"2020-04-02T11:39:33","modified_gmt":"2020-04-02T14:39:33","slug":"presidente-da-assembleia-pede-a-bolsonaro-medidas-contra-a-estiagem-no-rs","status":"publish","type":"post","link":"https:\/\/www.ernanipolo.com.br\/wp\/presidente-da-assembleia-pede-a-bolsonaro-medidas-contra-a-estiagem-no-rs\/","title":{"rendered":"Presidente da Assembleia pede a Bolsonaro medidas contra a estiagem no RS"},"content":{"rendered":"\n<p>O presidente da Assembleia Legislativa, Ernani Polo (PP), pediu ao presidente da Rep\u00fablica, Jair Bolsonaro (sem partido), medidas contra a estiagem que afeta o Rio Grande do Sul. Por meio de of\u00edcio enviado nesta semana, o parlamentar solicitou uma s\u00e9rie de a\u00e7\u00f5es de apoio aos produtores ao relatar \u201cextrema preocupa\u00e7\u00e3o com o agroneg\u00f3cio ga\u00facho\u201d em raz\u00e3o da falta de chuvas que prejudicou a safra. <\/p>\n\n\n\n<p>\u201cEmbora o pa\u00eds tenha obtido uma supersafra neste ano, nosso Estado foi acometido por uma estiagem gigantesca, situa\u00e7\u00e3o que, agravada pelas restri\u00e7\u00f5es decorrentes da pandemia da Covid-19, tem gerado perdas na produ\u00e7\u00e3o de diversas culturas agr\u00edcolas em praticamente todas as regi\u00f5es, com preju\u00edzos que variam de intensidade e se estendem para a pecu\u00e1ria de corte e leite em raz\u00e3o de os produtores n\u00e3o conseguirem fazer a silagem do milho com qualidade\u201d, informou Polo.<\/p>\n\n\n\n<p>Com apoio de outros parlamentares e o endosso da Comiss\u00e3o de Agricultura, Pecu\u00e1ria e Cooperativismo, presidida pelo deputado Adolfo Brito (PP), e da Frente Parlamentar da Agropecu\u00e1ria Ga\u00facha, presidida por Edson Brum (MDB), o Parlamento solicita apoio e a\u00e7\u00f5es para amenizar as perdas. C\u00f3pias do of\u00edcio foram enviadas aos ministros da Economia, Paulo Guedes, e da Agricultura, Pecu\u00e1ria e Abastecimento, Tereza Cristina.<\/p>\n\n\n\n<p>O pedido de aux\u00edlio \u00e9 dividido em quatro itens: prorroga\u00e7\u00e3o e repactua\u00e7\u00e3o de d\u00edvidas de cr\u00e9dito agropecu\u00e1rio; cria\u00e7\u00e3o de linhas de cr\u00e9dito emergencial para agricultores, para capital de giro; libera\u00e7\u00e3o emergencial de recursos para a subsist\u00eancia da pequena propriedade rural, com aten\u00e7\u00e3o ao custeio do fornecimento de \u00e1gua pot\u00e1vel para prefeituras e produtores, inclusive com loca\u00e7\u00e3o de caminh\u00f5es-tanque, viabilizando o consumo humano e animal; e linha de cr\u00e9dito, por meio do BNDES, para as cooperativas e empresas cerealistas.<\/p>\n","protected":false},"excerpt":{"rendered":"<p>O presidente da Assembleia Legislativa, Ernani Polo (PP), pediu ao presidente da Rep\u00fablica, Jair Bolsonaro (sem partido), medidas contra a &hellip; <a href=\"https:\/\/www.ernanipolo.com.br\/wp\/presidente-da-assembleia-pede-a-bolsonaro-medidas-contra-a-estiagem-no-rs\/\" class=\"more-link\">Continue reading <span class=\"screen-reader-text\">Presidente da Assembleia pede a Bolsonaro medidas contra a estiagem no RS<\/span><\/a><\/p>\n","protected":false},"author":3,"featured_media":2575,"comment_status":"open","ping_status":"open","sticky":false,"template":"","format":"standard","meta":{"_acf_changed":false,"_jetpack_memberships_contains_paid_content":false,"footnotes":""},"categories":[37,39,45],"tags":[],"class_list":["post-2574","post","type-post","status-publish","format-standard","has-post-thumbnail","hentry","category-noticias","category-destaque","category-agricultura"],"acf":[],"yoast_head":"<!-- This site is optimized with the Yoast SEO plugin v27.5 - https:\/\/yoast.com\/product\/yoast-seo-wordpress\/ -->\n<title>Presidente da Assembleia pede a Bolsonaro medidas contra a estiagem no RS - Ernani Polo<\/title>\n<meta name=\"robots\" content=\"index, follow, max-snippet:-1, max-image-preview:large, max-video-preview:-1\" \/>\n<link rel=\"canonical\" href=\"https:\/\/www.ernanipolo.com.br\/wp\/presidente-da-assembleia-pede-a-bolsonaro-medidas-contra-a-estiagem-no-rs\/\" \/>\n<meta property=\"og:locale\" content=\"pt_BR\" \/>\n<meta property=\"og:type\" content=\"article\" \/>\n<meta property=\"og:title\" content=\"Presidente da Assembleia pede a Bolsonaro medidas contra a estiagem no RS - Ernani Polo\" \/>\n<meta property=\"og:description\" content=\"O presidente da Assembleia Legislativa, Ernani Polo (PP), pediu ao presidente da Rep\u00fablica, Jair Bolsonaro (sem partido), medidas contra a &hellip; Continue reading Presidente da Assembleia pede a Bolsonaro medidas contra a estiagem no RS\" \/>\n<meta property=\"og:url\" content=\"https:\/\/www.ernanipolo.com.br\/wp\/presidente-da-assembleia-pede-a-bolsonaro-medidas-contra-a-estiagem-no-rs\/\" \/>\n<meta property=\"og:site_name\" content=\"Ernani Polo\" \/>\n<meta property=\"article:published_time\" content=\"2020-04-02T14:39:31+00:00\" \/>\n<meta property=\"article:modified_time\" content=\"2020-04-02T14:39:33+00:00\" \/>\n<meta property=\"og:image\" content=\"https:\/\/www.ernanipolo.com.br\/wp\/wp-content\/uploads\/2020\/04\/helic.jpeg\" \/>\n\t<meta property=\"og:image:width\" content=\"1280\" \/>\n\t<meta property=\"og:image:height\" content=\"853\" \/>\n\t<meta property=\"og:image:type\" content=\"image\/jpeg\" \/>\n<meta name=\"author\" content=\"Assessoria\" \/>\n<meta name=\"twitter:card\" content=\"summary_large_image\" \/>\n<meta name=\"twitter:label1\" content=\"Escrito por\" \/>\n\t<meta name=\"twitter:data1\" content=\"Assessoria\" \/>\n\t<meta name=\"twitter:label2\" content=\"Est. tempo de leitura\" \/>\n\t<meta name=\"twitter:data2\" content=\"2 minutos\" \/>\n<script type=\"application\/ld+json\" class=\"yoast-schema-graph\">{\"@context\":\"https:\\\/\\\/schema.org\",\"@graph\":[{\"@type\":\"Article\",\"@id\":\"https:\\\/\\\/www.ernanipolo.com.br\\\/wp\\\/presidente-da-assembleia-pede-a-bolsonaro-medidas-contra-a-estiagem-no-rs\\\/#article\",\"isPartOf\":{\"@id\":\"https:\\\/\\\/www.ernanipolo.com.br\\\/wp\\\/presidente-da-assembleia-pede-a-bolsonaro-medidas-contra-a-estiagem-no-rs\\\/\"},\"author\":{\"name\":\"Assessoria\",\"@id\":\"https:\\\/\\\/www.ernanipolo.com.br\\\/wp\\\/#\\\/schema\\\/person\\\/495081e5f89df1864e457bc25058eb32\"},\"headline\":\"Presidente da Assembleia pede a Bolsonaro medidas contra a estiagem no RS\",\"datePublished\":\"2020-04-02T14:39:31+00:00\",\"dateModified\":\"2020-04-02T14:39:33+00:00\",\"mainEntityOfPage\":{\"@id\":\"https:\\\/\\\/www.ernanipolo.com.br\\\/wp\\\/presidente-da-assembleia-pede-a-bolsonaro-medidas-contra-a-estiagem-no-rs\\\/\"},\"wordCount\":329,\"commentCount\":1,\"publisher\":{\"@id\":\"https:\\\/\\\/www.ernanipolo.com.br\\\/wp\\\/#organization\"},\"image\":{\"@id\":\"https:\\\/\\\/www.ernanipolo.com.br\\\/wp\\\/presidente-da-assembleia-pede-a-bolsonaro-medidas-contra-a-estiagem-no-rs\\\/#primaryimage\"},\"thumbnailUrl\":\"https:\\\/\\\/www.ernanipolo.com.br\\\/wp\\\/wp-content\\\/uploads\\\/2020\\\/04\\\/helic.jpeg\",\"articleSection\":[\"Not\u00edcias\",\"Destaque\",\"agricultura\"],\"inLanguage\":\"pt-BR\",\"potentialAction\":[{\"@type\":\"CommentAction\",\"name\":\"Comment\",\"target\":[\"https:\\\/\\\/www.ernanipolo.com.br\\\/wp\\\/presidente-da-assembleia-pede-a-bolsonaro-medidas-contra-a-estiagem-no-rs\\\/#respond\"]}]},{\"@type\":\"WebPage\",\"@id\":\"https:\\\/\\\/www.ernanipolo.com.br\\\/wp\\\/presidente-da-assembleia-pede-a-bolsonaro-medidas-contra-a-estiagem-no-rs\\\/\",\"url\":\"https:\\\/\\\/www.ernanipolo.com.br\\\/wp\\\/presidente-da-assembleia-pede-a-bolsonaro-medidas-contra-a-estiagem-no-rs\\\/\",\"name\":\"Presidente da Assembleia pede a Bolsonaro medidas contra a estiagem no RS - Ernani Polo\",\"isPartOf\":{\"@id\":\"https:\\\/\\\/www.ernanipolo.com.br\\\/wp\\\/#website\"},\"primaryImageOfPage\":{\"@id\":\"https:\\\/\\\/www.ernanipolo.com.br\\\/wp\\\/presidente-da-assembleia-pede-a-bolsonaro-medidas-contra-a-estiagem-no-rs\\\/#primaryimage\"},\"image\":{\"@id\":\"https:\\\/\\\/www.ernanipolo.com.br\\\/wp\\\/presidente-da-assembleia-pede-a-bolsonaro-medidas-contra-a-estiagem-no-rs\\\/#primaryimage\"},\"thumbnailUrl\":\"https:\\\/\\\/www.ernanipolo.com.br\\\/wp\\\/wp-content\\\/uploads\\\/2020\\\/04\\\/helic.jpeg\",\"datePublished\":\"2020-04-02T14:39:31+00:00\",\"dateModified\":\"2020-04-02T14:39:33+00:00\",\"inLanguage\":\"pt-BR\",\"potentialAction\":[{\"@type\":\"ReadAction\",\"target\":[\"https:\\\/\\\/www.ernanipolo.com.br\\\/wp\\\/presidente-da-assembleia-pede-a-bolsonaro-medidas-contra-a-estiagem-no-rs\\\/\"]}]},{\"@type\":\"ImageObject\",\"inLanguage\":\"pt-BR\",\"@id\":\"https:\\\/\\\/www.ernanipolo.com.br\\\/wp\\\/presidente-da-assembleia-pede-a-bolsonaro-medidas-contra-a-estiagem-no-rs\\\/#primaryimage\",\"url\":\"https:\\\/\\\/www.ernanipolo.com.br\\\/wp\\\/wp-content\\\/uploads\\\/2020\\\/04\\\/helic.jpeg\",\"contentUrl\":\"https:\\\/\\\/www.ernanipolo.com.br\\\/wp\\\/wp-content\\\/uploads\\\/2020\\\/04\\\/helic.jpeg\",\"width\":1280,\"height\":853},{\"@type\":\"WebSite\",\"@id\":\"https:\\\/\\\/www.ernanipolo.com.br\\\/wp\\\/#website\",\"url\":\"https:\\\/\\\/www.ernanipolo.com.br\\\/wp\\\/\",\"name\":\"Ernani Polo\",\"description\":\"\",\"publisher\":{\"@id\":\"https:\\\/\\\/www.ernanipolo.com.br\\\/wp\\\/#organization\"},\"potentialAction\":[{\"@type\":\"SearchAction\",\"target\":{\"@type\":\"EntryPoint\",\"urlTemplate\":\"https:\\\/\\\/www.ernanipolo.com.br\\\/wp\\\/?s={search_term_string}\"},\"query-input\":{\"@type\":\"PropertyValueSpecification\",\"valueRequired\":true,\"valueName\":\"search_term_string\"}}],\"inLanguage\":\"pt-BR\"},{\"@type\":\"Organization\",\"@id\":\"https:\\\/\\\/www.ernanipolo.com.br\\\/wp\\\/#organization\",\"name\":\"Ernani Polo\",\"url\":\"https:\\\/\\\/www.ernanipolo.com.br\\\/wp\\\/\",\"logo\":{\"@type\":\"ImageObject\",\"inLanguage\":\"pt-BR\",\"@id\":\"https:\\\/\\\/www.ernanipolo.com.br\\\/wp\\\/#\\\/schema\\\/logo\\\/image\\\/\",\"url\":\"https:\\\/\\\/www.ernanipolo.com.br\\\/wp\\\/wp-content\\\/uploads\\\/2023\\\/09\\\/Logo-Azul-Ernani-Polo.png\",\"contentUrl\":\"https:\\\/\\\/www.ernanipolo.com.br\\\/wp\\\/wp-content\\\/uploads\\\/2023\\\/09\\\/Logo-Azul-Ernani-Polo.png\",\"width\":630,\"height\":162,\"caption\":\"Ernani Polo\"},\"image\":{\"@id\":\"https:\\\/\\\/www.ernanipolo.com.br\\\/wp\\\/#\\\/schema\\\/logo\\\/image\\\/\"}},{\"@type\":\"Person\",\"@id\":\"https:\\\/\\\/www.ernanipolo.com.br\\\/wp\\\/#\\\/schema\\\/person\\\/495081e5f89df1864e457bc25058eb32\",\"name\":\"Assessoria\",\"image\":{\"@type\":\"ImageObject\",\"inLanguage\":\"pt-BR\",\"@id\":\"https:\\\/\\\/secure.gravatar.com\\\/avatar\\\/fb9fbf9c7f51269c39fd7432c2ca37dcb848f2e01061b91c2515b159534f94f8?s=96&d=mm&r=g\",\"url\":\"https:\\\/\\\/secure.gravatar.com\\\/avatar\\\/fb9fbf9c7f51269c39fd7432c2ca37dcb848f2e01061b91c2515b159534f94f8?s=96&d=mm&r=g\",\"contentUrl\":\"https:\\\/\\\/secure.gravatar.com\\\/avatar\\\/fb9fbf9c7f51269c39fd7432c2ca37dcb848f2e01061b91c2515b159534f94f8?s=96&d=mm&r=g\",\"caption\":\"Assessoria\"},\"url\":\"https:\\\/\\\/www.ernanipolo.com.br\\\/wp\\\/author\\\/assessoria\\\/\"}]}<\/script>\n<!-- \/ Yoast SEO plugin. -->","yoast_head_json":{"title":"Presidente da Assembleia pede a Bolsonaro medidas contra a estiagem no RS - Ernani Polo","robots":{"index":"index","follow":"follow","max-snippet":"max-snippet:-1","max-image-preview":"max-image-preview:large","max-video-preview":"max-video-preview:-1"},"canonical":"https:\/\/www.ernanipolo.com.br\/wp\/presidente-da-assembleia-pede-a-bolsonaro-medidas-contra-a-estiagem-no-rs\/","og_locale":"pt_BR","og_type":"article","og_title":"Presidente da Assembleia pede a Bolsonaro medidas contra a estiagem no RS - Ernani Polo","og_description":"O presidente da Assembleia Legislativa, Ernani Polo (PP), pediu ao presidente da Rep\u00fablica, Jair Bolsonaro (sem partido), medidas contra a &hellip; Continue reading Presidente da Assembleia pede a Bolsonaro medidas contra a estiagem no RS","og_url":"https:\/\/www.ernanipolo.com.br\/wp\/presidente-da-assembleia-pede-a-bolsonaro-medidas-contra-a-estiagem-no-rs\/","og_site_name":"Ernani Polo","article_published_time":"2020-04-02T14:39:31+00:00","article_modified_time":"2020-04-02T14:39:33+00:00","og_image":[{"width":1280,"height":853,"url":"https:\/\/www.ernanipolo.com.br\/wp\/wp-content\/uploads\/2020\/04\/helic.jpeg","type":"image\/jpeg"}],"author":"Assessoria","twitter_card":"summary_large_image","twitter_misc":{"Escrito por":"Assessoria","Est. tempo de leitura":"2 minutos"},"schema":{"@context":"https:\/\/schema.org","@graph":[{"@type":"Article","@id":"https:\/\/www.ernanipolo.com.br\/wp\/presidente-da-assembleia-pede-a-bolsonaro-medidas-contra-a-estiagem-no-rs\/#article","isPartOf":{"@id":"https:\/\/www.ernanipolo.com.br\/wp\/presidente-da-assembleia-pede-a-bolsonaro-medidas-contra-a-estiagem-no-rs\/"},"author":{"name":"Assessoria","@id":"https:\/\/www.ernanipolo.com.br\/wp\/#\/schema\/person\/495081e5f89df1864e457bc25058eb32"},"headline":"Presidente da Assembleia pede a Bolsonaro medidas contra a estiagem no RS","datePublished":"2020-04-02T14:39:31+00:00","dateModified":"2020-04-02T14:39:33+00:00","mainEntityOfPage":{"@id":"https:\/\/www.ernanipolo.com.br\/wp\/presidente-da-assembleia-pede-a-bolsonaro-medidas-contra-a-estiagem-no-rs\/"},"wordCount":329,"commentCount":1,"publisher":{"@id":"https:\/\/www.ernanipolo.com.br\/wp\/#organization"},"image":{"@id":"https:\/\/www.ernanipolo.com.br\/wp\/presidente-da-assembleia-pede-a-bolsonaro-medidas-contra-a-estiagem-no-rs\/#primaryimage"},"thumbnailUrl":"https:\/\/www.ernanipolo.com.br\/wp\/wp-content\/uploads\/2020\/04\/helic.jpeg","articleSection":["Not\u00edcias","Destaque","agricultura"],"inLanguage":"pt-BR","potentialAction":[{"@type":"CommentAction","name":"Comment","target":["https:\/\/www.ernanipolo.com.br\/wp\/presidente-da-assembleia-pede-a-bolsonaro-medidas-contra-a-estiagem-no-rs\/#respond"]}]},{"@type":"WebPage","@id":"https:\/\/www.ernanipolo.com.br\/wp\/presidente-da-assembleia-pede-a-bolsonaro-medidas-contra-a-estiagem-no-rs\/","url":"https:\/\/www.ernanipolo.com.br\/wp\/presidente-da-assembleia-pede-a-bolsonaro-medidas-contra-a-estiagem-no-rs\/","name":"Presidente da Assembleia pede a Bolsonaro medidas contra a estiagem no RS - Ernani Polo","isPartOf":{"@id":"https:\/\/www.ernanipolo.com.br\/wp\/#website"},"primaryImageOfPage":{"@id":"https:\/\/www.ernanipolo.com.br\/wp\/presidente-da-assembleia-pede-a-bolsonaro-medidas-contra-a-estiagem-no-rs\/#primaryimage"},"image":{"@id":"https:\/\/www.ernanipolo.com.br\/wp\/presidente-da-assembleia-pede-a-bolsonaro-medidas-contra-a-estiagem-no-rs\/#primaryimage"},"thumbnailUrl":"https:\/\/www.ernanipolo.com.br\/wp\/wp-content\/uploads\/2020\/04\/helic.jpeg","datePublished":"2020-04-02T14:39:31+00:00","dateModified":"2020-04-02T14:39:33+00:00","inLanguage":"pt-BR","potentialAction":[{"@type":"ReadAction","target":["https:\/\/www.ernanipolo.com.br\/wp\/presidente-da-assembleia-pede-a-bolsonaro-medidas-contra-a-estiagem-no-rs\/"]}]},{"@type":"ImageObject","inLanguage":"pt-BR","@id":"https:\/\/www.ernanipolo.com.br\/wp\/presidente-da-assembleia-pede-a-bolsonaro-medidas-contra-a-estiagem-no-rs\/#primaryimage","url":"https:\/\/www.ernanipolo.com.br\/wp\/wp-content\/uploads\/2020\/04\/helic.jpeg","contentUrl":"https:\/\/www.ernanipolo.com.br\/wp\/wp-content\/uploads\/2020\/04\/helic.jpeg","width":1280,"height":853},{"@type":"WebSite","@id":"https:\/\/www.ernanipolo.com.br\/wp\/#website","url":"https:\/\/www.ernanipolo.com.br\/wp\/","name":"Ernani Polo","description":"","publisher":{"@id":"https:\/\/www.ernanipolo.com.br\/wp\/#organization"},"potentialAction":[{"@type":"SearchAction","target":{"@type":"EntryPoint","urlTemplate":"https:\/\/www.ernanipolo.com.br\/wp\/?s={search_term_string}"},"query-input":{"@type":"PropertyValueSpecification","valueRequired":true,"valueName":"search_term_string"}}],"inLanguage":"pt-BR"},{"@type":"Organization","@id":"https:\/\/www.ernanipolo.com.br\/wp\/#organization","name":"Ernani Polo","url":"https:\/\/www.ernanipolo.com.br\/wp\/","logo":{"@type":"ImageObject","inLanguage":"pt-BR","@id":"https:\/\/www.ernanipolo.com.br\/wp\/#\/schema\/logo\/image\/","url":"https:\/\/www.ernanipolo.com.br\/wp\/wp-content\/uploads\/2023\/09\/Logo-Azul-Ernani-Polo.png","contentUrl":"https:\/\/www.ernanipolo.com.br\/wp\/wp-content\/uploads\/2023\/09\/Logo-Azul-Ernani-Polo.png","width":630,"height":162,"caption":"Ernani Polo"},"image":{"@id":"https:\/\/www.ernanipolo.com.br\/wp\/#\/schema\/logo\/image\/"}},{"@type":"Person","@id":"https:\/\/www.ernanipolo.com.br\/wp\/#\/schema\/person\/495081e5f89df1864e457bc25058eb32","name":"Assessoria","image":{"@type":"ImageObject","inLanguage":"pt-BR","@id":"https:\/\/secure.gravatar.com\/avatar\/fb9fbf9c7f51269c39fd7432c2ca37dcb848f2e01061b91c2515b159534f94f8?s=96&d=mm&r=g","url":"https:\/\/secure.gravatar.com\/avatar\/fb9fbf9c7f51269c39fd7432c2ca37dcb848f2e01061b91c2515b159534f94f8?s=96&d=mm&r=g","contentUrl":"https:\/\/secure.gravatar.com\/avatar\/fb9fbf9c7f51269c39fd7432c2ca37dcb848f2e01061b91c2515b159534f94f8?s=96&d=mm&r=g","caption":"Assessoria"},"url":"https:\/\/www.ernanipolo.com.br\/wp\/author\/assessoria\/"}]}},"jetpack_featured_media_url":"https:\/\/www.ernanipolo.com.br\/wp\/wp-content\/uploads\/2020\/04\/helic.jpeg","jetpack_sharing_enabled":true,"_links":{"self":[{"href":"https:\/\/www.ernanipolo.com.br\/wp\/wp-json\/wp\/v2\/posts\/2574","targetHints":{"allow":["GET"]}}],"collection":[{"href":"https:\/\/www.ernanipolo.com.br\/wp\/wp-json\/wp\/v2\/posts"}],"about":[{"href":"https:\/\/www.ernanipolo.com.br\/wp\/wp-json\/wp\/v2\/types\/post"}],"author":[{"embeddable":true,"href":"https:\/\/www.ernanipolo.com.br\/wp\/wp-json\/wp\/v2\/users\/3"}],"replies":[{"embeddable":true,"href":"https:\/\/www.ernanipolo.com.br\/wp\/wp-json\/wp\/v2\/comments?post=2574"}],"version-history":[{"count":0,"href":"https:\/\/www.ernanipolo.com.br\/wp\/wp-json\/wp\/v2\/posts\/2574\/revisions"}],"wp:featuredmedia":[{"embeddable":true,"href":"https:\/\/www.ernanipolo.com.br\/wp\/wp-json\/wp\/v2\/media\/2575"}],"wp:attachment":[{"href":"https:\/\/www.ernanipolo.com.br\/wp\/wp-json\/wp\/v2\/media?parent=2574"}],"wp:term":[{"taxonomy":"category","embeddable":true,"href":"https:\/\/www.ernanipolo.com.br\/wp\/wp-json\/wp\/v2\/categories?post=2574"},{"taxonomy":"post_tag","embeddable":true,"href":"https:\/\/www.ernanipolo.com.br\/wp\/wp-json\/wp\/v2\/tags?post=2574"}],"curies":[{"name":"wp","href":"https:\/\/api.w.org\/{rel}","templated":true}]}}