{"id":2503,"date":"2020-03-13T18:50:48","date_gmt":"2020-03-13T21:50:48","guid":{"rendered":"http:\/\/www.ernanipolo.com.br\/wp\/?p=2503"},"modified":"2020-03-13T18:57:00","modified_gmt":"2020-03-13T21:57:00","slug":"ernani-polo-pretende-criar-o-instituto-pensar-agro-rs","status":"publish","type":"post","link":"https:\/\/www.ernanipolo.com.br\/wp\/ernani-polo-pretende-criar-o-instituto-pensar-agro-rs\/","title":{"rendered":"Ernani Polo pretende criar o Instituto Pensar Agro RS"},"content":{"rendered":"\n<p>Um comit\u00ea formado por t\u00e9cnicos para avaliar e sugerir projetos de lei que envolvem a agricultura e seus desafios. Esse ser\u00e1 o objetivo do Instituto Pensar Agro RS, um grupo que o presidente da Assembleia Legislativa, Ernani Polo (PP), pretende criar no Rio Grande do Sul. Nesta sexta-feira, o parlamentar se reuniu, em Porto Alegre, com o presidente do Instituto Pensar Agro de Bras\u00edlia, Alexandre Schenkel, que coordena o trabalho de t\u00e9cnicos e 46 entidades do setor.<\/p>\n\n\n\n<p>A ideia, que foi proposta pelo deputado federal Alceu Moreira (MDB), \u00e9 atuar nos moldes do que j\u00e1 existe em n\u00edvel federal, reunindo em solo ga\u00facho entidades como a Farsul, Fetag, Fecoagro e OAB, entre outras, para dar subs\u00eddios nas discuss\u00f5es de projetos do setor na Comiss\u00e3o de Agricultura e na Frente Parlamentar da Agropecu\u00e1ria Ga\u00facha. Os representantes das entidades ainda ser\u00e3o convidados a participar.<\/p>\n\n\n\n<p>Na capital federal, o Instituto Pensar Agro faz an\u00e1lises para as Comiss\u00f5es da Agricultura da C\u00e2mara dos Deputados e do Senado, e para a Frente Parlamentar da Agropecu\u00e1ria. Os encontros s\u00e3o mensais e come\u00e7aram h\u00e1 12 anos.<\/p>\n\n\n\n<p>\u201cO Instituto Pensar Agro vai contribuir analisando e sugerindo projetos, ajudando a fomentar a Frente Parlamentar da Agricultura\u201d, comentou Polo.<\/p>\n","protected":false},"excerpt":{"rendered":"<p>Um comit\u00ea formado por t\u00e9cnicos para avaliar e sugerir projetos de lei que envolvem a agricultura e seus desafios. Esse &hellip; <a href=\"https:\/\/www.ernanipolo.com.br\/wp\/ernani-polo-pretende-criar-o-instituto-pensar-agro-rs\/\" class=\"more-link\">Continue reading <span class=\"screen-reader-text\">Ernani Polo pretende criar o Instituto Pensar Agro RS<\/span><\/a><\/p>\n","protected":false},"author":3,"featured_media":2509,"comment_status":"open","ping_status":"open","sticky":false,"template":"","format":"standard","meta":{"_acf_changed":false,"_jetpack_memberships_contains_paid_content":false,"footnotes":""},"categories":[37,39,45],"tags":[],"class_list":["post-2503","post","type-post","status-publish","format-standard","has-post-thumbnail","hentry","category-noticias","category-destaque","category-agricultura"],"acf":[],"yoast_head":"<!-- This site is optimized with the Yoast SEO plugin v27.5 - https:\/\/yoast.com\/product\/yoast-seo-wordpress\/ -->\n<title>Ernani Polo pretende criar o Instituto Pensar Agro RS - Ernani Polo<\/title>\n<meta name=\"robots\" content=\"index, follow, max-snippet:-1, max-image-preview:large, max-video-preview:-1\" \/>\n<link rel=\"canonical\" href=\"https:\/\/www.ernanipolo.com.br\/wp\/ernani-polo-pretende-criar-o-instituto-pensar-agro-rs\/\" \/>\n<meta property=\"og:locale\" content=\"pt_BR\" \/>\n<meta property=\"og:type\" content=\"article\" \/>\n<meta property=\"og:title\" content=\"Ernani Polo pretende criar o Instituto Pensar Agro RS - Ernani Polo\" \/>\n<meta property=\"og:description\" content=\"Um comit\u00ea formado por t\u00e9cnicos para avaliar e sugerir projetos de lei que envolvem a agricultura e seus desafios. Esse &hellip; Continue reading Ernani Polo pretende criar o Instituto Pensar Agro RS\" \/>\n<meta property=\"og:url\" content=\"https:\/\/www.ernanipolo.com.br\/wp\/ernani-polo-pretende-criar-o-instituto-pensar-agro-rs\/\" \/>\n<meta property=\"og:site_name\" content=\"Ernani Polo\" \/>\n<meta property=\"article:published_time\" content=\"2020-03-13T21:50:48+00:00\" \/>\n<meta property=\"article:modified_time\" content=\"2020-03-13T21:57:00+00:00\" \/>\n<meta property=\"og:image\" content=\"https:\/\/www.ernanipolo.com.br\/wp\/wp-content\/uploads\/2020\/03\/WhatsApp-Image-2020-03-13-at-18.48.50.jpeg\" \/>\n\t<meta property=\"og:image:width\" content=\"1240\" \/>\n\t<meta property=\"og:image:height\" content=\"827\" \/>\n\t<meta property=\"og:image:type\" content=\"image\/jpeg\" \/>\n<meta name=\"author\" content=\"Assessoria\" \/>\n<meta name=\"twitter:card\" content=\"summary_large_image\" \/>\n<meta name=\"twitter:label1\" content=\"Escrito por\" \/>\n\t<meta name=\"twitter:data1\" content=\"Assessoria\" \/>\n\t<meta name=\"twitter:label2\" content=\"Est. tempo de leitura\" \/>\n\t<meta name=\"twitter:data2\" content=\"1 minuto\" \/>\n<script type=\"application\/ld+json\" class=\"yoast-schema-graph\">{\"@context\":\"https:\\\/\\\/schema.org\",\"@graph\":[{\"@type\":\"Article\",\"@id\":\"https:\\\/\\\/www.ernanipolo.com.br\\\/wp\\\/ernani-polo-pretende-criar-o-instituto-pensar-agro-rs\\\/#article\",\"isPartOf\":{\"@id\":\"https:\\\/\\\/www.ernanipolo.com.br\\\/wp\\\/ernani-polo-pretende-criar-o-instituto-pensar-agro-rs\\\/\"},\"author\":{\"name\":\"Assessoria\",\"@id\":\"https:\\\/\\\/www.ernanipolo.com.br\\\/wp\\\/#\\\/schema\\\/person\\\/495081e5f89df1864e457bc25058eb32\"},\"headline\":\"Ernani Polo pretende criar o Instituto Pensar Agro RS\",\"datePublished\":\"2020-03-13T21:50:48+00:00\",\"dateModified\":\"2020-03-13T21:57:00+00:00\",\"mainEntityOfPage\":{\"@id\":\"https:\\\/\\\/www.ernanipolo.com.br\\\/wp\\\/ernani-polo-pretende-criar-o-instituto-pensar-agro-rs\\\/\"},\"wordCount\":222,\"commentCount\":1,\"publisher\":{\"@id\":\"https:\\\/\\\/www.ernanipolo.com.br\\\/wp\\\/#organization\"},\"image\":{\"@id\":\"https:\\\/\\\/www.ernanipolo.com.br\\\/wp\\\/ernani-polo-pretende-criar-o-instituto-pensar-agro-rs\\\/#primaryimage\"},\"thumbnailUrl\":\"https:\\\/\\\/www.ernanipolo.com.br\\\/wp\\\/wp-content\\\/uploads\\\/2020\\\/03\\\/WhatsApp-Image-2020-03-13-at-18.48.50.jpeg\",\"articleSection\":[\"Not\u00edcias\",\"Destaque\",\"agricultura\"],\"inLanguage\":\"pt-BR\",\"potentialAction\":[{\"@type\":\"CommentAction\",\"name\":\"Comment\",\"target\":[\"https:\\\/\\\/www.ernanipolo.com.br\\\/wp\\\/ernani-polo-pretende-criar-o-instituto-pensar-agro-rs\\\/#respond\"]}]},{\"@type\":\"WebPage\",\"@id\":\"https:\\\/\\\/www.ernanipolo.com.br\\\/wp\\\/ernani-polo-pretende-criar-o-instituto-pensar-agro-rs\\\/\",\"url\":\"https:\\\/\\\/www.ernanipolo.com.br\\\/wp\\\/ernani-polo-pretende-criar-o-instituto-pensar-agro-rs\\\/\",\"name\":\"Ernani Polo pretende criar o Instituto Pensar Agro RS - Ernani Polo\",\"isPartOf\":{\"@id\":\"https:\\\/\\\/www.ernanipolo.com.br\\\/wp\\\/#website\"},\"primaryImageOfPage\":{\"@id\":\"https:\\\/\\\/www.ernanipolo.com.br\\\/wp\\\/ernani-polo-pretende-criar-o-instituto-pensar-agro-rs\\\/#primaryimage\"},\"image\":{\"@id\":\"https:\\\/\\\/www.ernanipolo.com.br\\\/wp\\\/ernani-polo-pretende-criar-o-instituto-pensar-agro-rs\\\/#primaryimage\"},\"thumbnailUrl\":\"https:\\\/\\\/www.ernanipolo.com.br\\\/wp\\\/wp-content\\\/uploads\\\/2020\\\/03\\\/WhatsApp-Image-2020-03-13-at-18.48.50.jpeg\",\"datePublished\":\"2020-03-13T21:50:48+00:00\",\"dateModified\":\"2020-03-13T21:57:00+00:00\",\"inLanguage\":\"pt-BR\",\"potentialAction\":[{\"@type\":\"ReadAction\",\"target\":[\"https:\\\/\\\/www.ernanipolo.com.br\\\/wp\\\/ernani-polo-pretende-criar-o-instituto-pensar-agro-rs\\\/\"]}]},{\"@type\":\"ImageObject\",\"inLanguage\":\"pt-BR\",\"@id\":\"https:\\\/\\\/www.ernanipolo.com.br\\\/wp\\\/ernani-polo-pretende-criar-o-instituto-pensar-agro-rs\\\/#primaryimage\",\"url\":\"https:\\\/\\\/www.ernanipolo.com.br\\\/wp\\\/wp-content\\\/uploads\\\/2020\\\/03\\\/WhatsApp-Image-2020-03-13-at-18.48.50.jpeg\",\"contentUrl\":\"https:\\\/\\\/www.ernanipolo.com.br\\\/wp\\\/wp-content\\\/uploads\\\/2020\\\/03\\\/WhatsApp-Image-2020-03-13-at-18.48.50.jpeg\",\"width\":1240,\"height\":827},{\"@type\":\"WebSite\",\"@id\":\"https:\\\/\\\/www.ernanipolo.com.br\\\/wp\\\/#website\",\"url\":\"https:\\\/\\\/www.ernanipolo.com.br\\\/wp\\\/\",\"name\":\"Ernani Polo\",\"description\":\"\",\"publisher\":{\"@id\":\"https:\\\/\\\/www.ernanipolo.com.br\\\/wp\\\/#organization\"},\"potentialAction\":[{\"@type\":\"SearchAction\",\"target\":{\"@type\":\"EntryPoint\",\"urlTemplate\":\"https:\\\/\\\/www.ernanipolo.com.br\\\/wp\\\/?s={search_term_string}\"},\"query-input\":{\"@type\":\"PropertyValueSpecification\",\"valueRequired\":true,\"valueName\":\"search_term_string\"}}],\"inLanguage\":\"pt-BR\"},{\"@type\":\"Organization\",\"@id\":\"https:\\\/\\\/www.ernanipolo.com.br\\\/wp\\\/#organization\",\"name\":\"Ernani Polo\",\"url\":\"https:\\\/\\\/www.ernanipolo.com.br\\\/wp\\\/\",\"logo\":{\"@type\":\"ImageObject\",\"inLanguage\":\"pt-BR\",\"@id\":\"https:\\\/\\\/www.ernanipolo.com.br\\\/wp\\\/#\\\/schema\\\/logo\\\/image\\\/\",\"url\":\"https:\\\/\\\/www.ernanipolo.com.br\\\/wp\\\/wp-content\\\/uploads\\\/2023\\\/09\\\/Logo-Azul-Ernani-Polo.png\",\"contentUrl\":\"https:\\\/\\\/www.ernanipolo.com.br\\\/wp\\\/wp-content\\\/uploads\\\/2023\\\/09\\\/Logo-Azul-Ernani-Polo.png\",\"width\":630,\"height\":162,\"caption\":\"Ernani Polo\"},\"image\":{\"@id\":\"https:\\\/\\\/www.ernanipolo.com.br\\\/wp\\\/#\\\/schema\\\/logo\\\/image\\\/\"}},{\"@type\":\"Person\",\"@id\":\"https:\\\/\\\/www.ernanipolo.com.br\\\/wp\\\/#\\\/schema\\\/person\\\/495081e5f89df1864e457bc25058eb32\",\"name\":\"Assessoria\",\"image\":{\"@type\":\"ImageObject\",\"inLanguage\":\"pt-BR\",\"@id\":\"https:\\\/\\\/secure.gravatar.com\\\/avatar\\\/fb9fbf9c7f51269c39fd7432c2ca37dcb848f2e01061b91c2515b159534f94f8?s=96&d=mm&r=g\",\"url\":\"https:\\\/\\\/secure.gravatar.com\\\/avatar\\\/fb9fbf9c7f51269c39fd7432c2ca37dcb848f2e01061b91c2515b159534f94f8?s=96&d=mm&r=g\",\"contentUrl\":\"https:\\\/\\\/secure.gravatar.com\\\/avatar\\\/fb9fbf9c7f51269c39fd7432c2ca37dcb848f2e01061b91c2515b159534f94f8?s=96&d=mm&r=g\",\"caption\":\"Assessoria\"},\"url\":\"https:\\\/\\\/www.ernanipolo.com.br\\\/wp\\\/author\\\/assessoria\\\/\"}]}<\/script>\n<!-- \/ Yoast SEO plugin. -->","yoast_head_json":{"title":"Ernani Polo pretende criar o Instituto Pensar Agro RS - Ernani Polo","robots":{"index":"index","follow":"follow","max-snippet":"max-snippet:-1","max-image-preview":"max-image-preview:large","max-video-preview":"max-video-preview:-1"},"canonical":"https:\/\/www.ernanipolo.com.br\/wp\/ernani-polo-pretende-criar-o-instituto-pensar-agro-rs\/","og_locale":"pt_BR","og_type":"article","og_title":"Ernani Polo pretende criar o Instituto Pensar Agro RS - Ernani Polo","og_description":"Um comit\u00ea formado por t\u00e9cnicos para avaliar e sugerir projetos de lei que envolvem a agricultura e seus desafios. Esse &hellip; Continue reading Ernani Polo pretende criar o Instituto Pensar Agro RS","og_url":"https:\/\/www.ernanipolo.com.br\/wp\/ernani-polo-pretende-criar-o-instituto-pensar-agro-rs\/","og_site_name":"Ernani Polo","article_published_time":"2020-03-13T21:50:48+00:00","article_modified_time":"2020-03-13T21:57:00+00:00","og_image":[{"width":1240,"height":827,"url":"https:\/\/www.ernanipolo.com.br\/wp\/wp-content\/uploads\/2020\/03\/WhatsApp-Image-2020-03-13-at-18.48.50.jpeg","type":"image\/jpeg"}],"author":"Assessoria","twitter_card":"summary_large_image","twitter_misc":{"Escrito por":"Assessoria","Est. tempo de leitura":"1 minuto"},"schema":{"@context":"https:\/\/schema.org","@graph":[{"@type":"Article","@id":"https:\/\/www.ernanipolo.com.br\/wp\/ernani-polo-pretende-criar-o-instituto-pensar-agro-rs\/#article","isPartOf":{"@id":"https:\/\/www.ernanipolo.com.br\/wp\/ernani-polo-pretende-criar-o-instituto-pensar-agro-rs\/"},"author":{"name":"Assessoria","@id":"https:\/\/www.ernanipolo.com.br\/wp\/#\/schema\/person\/495081e5f89df1864e457bc25058eb32"},"headline":"Ernani Polo pretende criar o Instituto Pensar Agro RS","datePublished":"2020-03-13T21:50:48+00:00","dateModified":"2020-03-13T21:57:00+00:00","mainEntityOfPage":{"@id":"https:\/\/www.ernanipolo.com.br\/wp\/ernani-polo-pretende-criar-o-instituto-pensar-agro-rs\/"},"wordCount":222,"commentCount":1,"publisher":{"@id":"https:\/\/www.ernanipolo.com.br\/wp\/#organization"},"image":{"@id":"https:\/\/www.ernanipolo.com.br\/wp\/ernani-polo-pretende-criar-o-instituto-pensar-agro-rs\/#primaryimage"},"thumbnailUrl":"https:\/\/www.ernanipolo.com.br\/wp\/wp-content\/uploads\/2020\/03\/WhatsApp-Image-2020-03-13-at-18.48.50.jpeg","articleSection":["Not\u00edcias","Destaque","agricultura"],"inLanguage":"pt-BR","potentialAction":[{"@type":"CommentAction","name":"Comment","target":["https:\/\/www.ernanipolo.com.br\/wp\/ernani-polo-pretende-criar-o-instituto-pensar-agro-rs\/#respond"]}]},{"@type":"WebPage","@id":"https:\/\/www.ernanipolo.com.br\/wp\/ernani-polo-pretende-criar-o-instituto-pensar-agro-rs\/","url":"https:\/\/www.ernanipolo.com.br\/wp\/ernani-polo-pretende-criar-o-instituto-pensar-agro-rs\/","name":"Ernani Polo pretende criar o Instituto Pensar Agro RS - Ernani Polo","isPartOf":{"@id":"https:\/\/www.ernanipolo.com.br\/wp\/#website"},"primaryImageOfPage":{"@id":"https:\/\/www.ernanipolo.com.br\/wp\/ernani-polo-pretende-criar-o-instituto-pensar-agro-rs\/#primaryimage"},"image":{"@id":"https:\/\/www.ernanipolo.com.br\/wp\/ernani-polo-pretende-criar-o-instituto-pensar-agro-rs\/#primaryimage"},"thumbnailUrl":"https:\/\/www.ernanipolo.com.br\/wp\/wp-content\/uploads\/2020\/03\/WhatsApp-Image-2020-03-13-at-18.48.50.jpeg","datePublished":"2020-03-13T21:50:48+00:00","dateModified":"2020-03-13T21:57:00+00:00","inLanguage":"pt-BR","potentialAction":[{"@type":"ReadAction","target":["https:\/\/www.ernanipolo.com.br\/wp\/ernani-polo-pretende-criar-o-instituto-pensar-agro-rs\/"]}]},{"@type":"ImageObject","inLanguage":"pt-BR","@id":"https:\/\/www.ernanipolo.com.br\/wp\/ernani-polo-pretende-criar-o-instituto-pensar-agro-rs\/#primaryimage","url":"https:\/\/www.ernanipolo.com.br\/wp\/wp-content\/uploads\/2020\/03\/WhatsApp-Image-2020-03-13-at-18.48.50.jpeg","contentUrl":"https:\/\/www.ernanipolo.com.br\/wp\/wp-content\/uploads\/2020\/03\/WhatsApp-Image-2020-03-13-at-18.48.50.jpeg","width":1240,"height":827},{"@type":"WebSite","@id":"https:\/\/www.ernanipolo.com.br\/wp\/#website","url":"https:\/\/www.ernanipolo.com.br\/wp\/","name":"Ernani Polo","description":"","publisher":{"@id":"https:\/\/www.ernanipolo.com.br\/wp\/#organization"},"potentialAction":[{"@type":"SearchAction","target":{"@type":"EntryPoint","urlTemplate":"https:\/\/www.ernanipolo.com.br\/wp\/?s={search_term_string}"},"query-input":{"@type":"PropertyValueSpecification","valueRequired":true,"valueName":"search_term_string"}}],"inLanguage":"pt-BR"},{"@type":"Organization","@id":"https:\/\/www.ernanipolo.com.br\/wp\/#organization","name":"Ernani Polo","url":"https:\/\/www.ernanipolo.com.br\/wp\/","logo":{"@type":"ImageObject","inLanguage":"pt-BR","@id":"https:\/\/www.ernanipolo.com.br\/wp\/#\/schema\/logo\/image\/","url":"https:\/\/www.ernanipolo.com.br\/wp\/wp-content\/uploads\/2023\/09\/Logo-Azul-Ernani-Polo.png","contentUrl":"https:\/\/www.ernanipolo.com.br\/wp\/wp-content\/uploads\/2023\/09\/Logo-Azul-Ernani-Polo.png","width":630,"height":162,"caption":"Ernani Polo"},"image":{"@id":"https:\/\/www.ernanipolo.com.br\/wp\/#\/schema\/logo\/image\/"}},{"@type":"Person","@id":"https:\/\/www.ernanipolo.com.br\/wp\/#\/schema\/person\/495081e5f89df1864e457bc25058eb32","name":"Assessoria","image":{"@type":"ImageObject","inLanguage":"pt-BR","@id":"https:\/\/secure.gravatar.com\/avatar\/fb9fbf9c7f51269c39fd7432c2ca37dcb848f2e01061b91c2515b159534f94f8?s=96&d=mm&r=g","url":"https:\/\/secure.gravatar.com\/avatar\/fb9fbf9c7f51269c39fd7432c2ca37dcb848f2e01061b91c2515b159534f94f8?s=96&d=mm&r=g","contentUrl":"https:\/\/secure.gravatar.com\/avatar\/fb9fbf9c7f51269c39fd7432c2ca37dcb848f2e01061b91c2515b159534f94f8?s=96&d=mm&r=g","caption":"Assessoria"},"url":"https:\/\/www.ernanipolo.com.br\/wp\/author\/assessoria\/"}]}},"jetpack_featured_media_url":"https:\/\/www.ernanipolo.com.br\/wp\/wp-content\/uploads\/2020\/03\/WhatsApp-Image-2020-03-13-at-18.48.50.jpeg","jetpack_sharing_enabled":true,"_links":{"self":[{"href":"https:\/\/www.ernanipolo.com.br\/wp\/wp-json\/wp\/v2\/posts\/2503","targetHints":{"allow":["GET"]}}],"collection":[{"href":"https:\/\/www.ernanipolo.com.br\/wp\/wp-json\/wp\/v2\/posts"}],"about":[{"href":"https:\/\/www.ernanipolo.com.br\/wp\/wp-json\/wp\/v2\/types\/post"}],"author":[{"embeddable":true,"href":"https:\/\/www.ernanipolo.com.br\/wp\/wp-json\/wp\/v2\/users\/3"}],"replies":[{"embeddable":true,"href":"https:\/\/www.ernanipolo.com.br\/wp\/wp-json\/wp\/v2\/comments?post=2503"}],"version-history":[{"count":0,"href":"https:\/\/www.ernanipolo.com.br\/wp\/wp-json\/wp\/v2\/posts\/2503\/revisions"}],"wp:featuredmedia":[{"embeddable":true,"href":"https:\/\/www.ernanipolo.com.br\/wp\/wp-json\/wp\/v2\/media\/2509"}],"wp:attachment":[{"href":"https:\/\/www.ernanipolo.com.br\/wp\/wp-json\/wp\/v2\/media?parent=2503"}],"wp:term":[{"taxonomy":"category","embeddable":true,"href":"https:\/\/www.ernanipolo.com.br\/wp\/wp-json\/wp\/v2\/categories?post=2503"},{"taxonomy":"post_tag","embeddable":true,"href":"https:\/\/www.ernanipolo.com.br\/wp\/wp-json\/wp\/v2\/tags?post=2503"}],"curies":[{"name":"wp","href":"https:\/\/api.w.org\/{rel}","templated":true}]}}