{"id":2502,"date":"2020-03-13T18:55:50","date_gmt":"2020-03-13T21:55:50","guid":{"rendered":"http:\/\/www.ernanipolo.com.br\/wp\/?p=2502"},"modified":"2020-03-13T18:55:52","modified_gmt":"2020-03-13T21:55:52","slug":"%e2%80%8bmoradores-de-santo-antonio-da-patrulha-solicitam-comissao-para-avaliar-poluicao-na-lagoa-dos-barros","status":"publish","type":"post","link":"https:\/\/www.ernanipolo.com.br\/wp\/%e2%80%8bmoradores-de-santo-antonio-da-patrulha-solicitam-comissao-para-avaliar-poluicao-na-lagoa-dos-barros\/","title":{"rendered":"\u200bMoradores de Santo Ant\u00f4nio da Patrulha solicitam comiss\u00e3o para avaliar polui\u00e7\u00e3o na Lagoa dos Barros"},"content":{"rendered":"\n<p><strong>&nbsp;<\/strong>Preocupados com a quest\u00e3o ambiental envolvendo a Lagoa dos Barros, o prefeito de Santo Ant\u00f4nio da Patrulha, Dai\u00e7on Maciel da Silva, juntamente com entidades e representantes da comunidade local foram recebidos nesta sexta-feira, 13, pelo presidente da Assembleia Legislativa, Ernani Polo (Progressistas). <\/p>\n\n\n\n<p>Na oportunidade, eles demonstraram preocupa\u00e7\u00e3o com o n\u00edvel de polui\u00e7\u00e3o da lagoa e o risco de contrair doen\u00e7as para quem entrar em contato com as \u00e1guas e fica localizada em frente \u00e0 Escola Ferreira Viana. A prefeitura interditou o acesso ao balne\u00e1rio da lagoa na quarta-feira, 11. <\/p>\n\n\n\n<p>Os representantes da comunidade tamb\u00e9m entregaram ao presidente Ernani Polo cartas de estudantes da escola e fotos da forma\u00e7\u00e3o de massas azuladas (semelhante a flocos de gelatina) provocadas por multiplica\u00e7\u00e3o excessiva de uma cianobact\u00e9ria chamada Dolichospermum planctonicum. Eles solicitaram seja criada uma comiss\u00e3o em Defesa da lagoa. O presidente do Parlamento se comprometeu a acompanhar a situa\u00e7\u00e3o e solicitar as devidas informa\u00e7\u00f5es com os \u00f3rg\u00e3os respons\u00e1veis.\u200b\n\n<\/p>\n","protected":false},"excerpt":{"rendered":"<p>&nbsp;Preocupados com a quest\u00e3o ambiental envolvendo a Lagoa dos Barros, o prefeito de Santo Ant\u00f4nio da Patrulha, Dai\u00e7on Maciel da &hellip; <a href=\"https:\/\/www.ernanipolo.com.br\/wp\/%e2%80%8bmoradores-de-santo-antonio-da-patrulha-solicitam-comissao-para-avaliar-poluicao-na-lagoa-dos-barros\/\" class=\"more-link\">Continue reading <span class=\"screen-reader-text\">\u200bMoradores de Santo Ant\u00f4nio da Patrulha solicitam comiss\u00e3o para avaliar polui\u00e7\u00e3o na Lagoa dos Barros<\/span><\/a><\/p>\n","protected":false},"author":3,"featured_media":2504,"comment_status":"open","ping_status":"open","sticky":false,"template":"","format":"standard","meta":{"_acf_changed":false,"_jetpack_memberships_contains_paid_content":false,"footnotes":""},"categories":[1,37,39,45],"tags":[],"class_list":["post-2502","post","type-post","status-publish","format-standard","has-post-thumbnail","hentry","category-uncategorized","category-noticias","category-destaque","category-agricultura"],"acf":[],"yoast_head":"<!-- This site is optimized with the Yoast SEO plugin v27.5 - https:\/\/yoast.com\/product\/yoast-seo-wordpress\/ -->\n<title>\u200bMoradores de Santo Ant\u00f4nio da Patrulha solicitam comiss\u00e3o para avaliar polui\u00e7\u00e3o na Lagoa dos Barros - Ernani Polo<\/title>\n<meta name=\"robots\" content=\"index, follow, max-snippet:-1, max-image-preview:large, max-video-preview:-1\" \/>\n<link rel=\"canonical\" href=\"https:\/\/www.ernanipolo.com.br\/wp\/\u200bmoradores-de-santo-antonio-da-patrulha-solicitam-comissao-para-avaliar-poluicao-na-lagoa-dos-barros\/\" \/>\n<meta property=\"og:locale\" content=\"pt_BR\" \/>\n<meta property=\"og:type\" content=\"article\" \/>\n<meta property=\"og:title\" content=\"\u200bMoradores de Santo Ant\u00f4nio da Patrulha solicitam comiss\u00e3o para avaliar polui\u00e7\u00e3o na Lagoa dos Barros - Ernani Polo\" \/>\n<meta property=\"og:description\" content=\"&nbsp;Preocupados com a quest\u00e3o ambiental envolvendo a Lagoa dos Barros, o prefeito de Santo Ant\u00f4nio da Patrulha, Dai\u00e7on Maciel da &hellip; Continue reading \u200bMoradores de Santo Ant\u00f4nio da Patrulha solicitam comiss\u00e3o para avaliar polui\u00e7\u00e3o na Lagoa dos Barros\" \/>\n<meta property=\"og:url\" content=\"https:\/\/www.ernanipolo.com.br\/wp\/\u200bmoradores-de-santo-antonio-da-patrulha-solicitam-comissao-para-avaliar-poluicao-na-lagoa-dos-barros\/\" \/>\n<meta property=\"og:site_name\" content=\"Ernani Polo\" \/>\n<meta property=\"article:published_time\" content=\"2020-03-13T21:55:50+00:00\" \/>\n<meta property=\"article:modified_time\" content=\"2020-03-13T21:55:52+00:00\" \/>\n<meta property=\"og:image\" content=\"https:\/\/www.ernanipolo.com.br\/wp\/wp-content\/uploads\/2020\/03\/WhatsApp-Image-2020-03-13-at-18.48.14.jpeg\" \/>\n\t<meta property=\"og:image:width\" content=\"1240\" \/>\n\t<meta property=\"og:image:height\" content=\"698\" \/>\n\t<meta property=\"og:image:type\" content=\"image\/jpeg\" \/>\n<meta name=\"author\" content=\"Assessoria\" \/>\n<meta name=\"twitter:card\" content=\"summary_large_image\" \/>\n<meta name=\"twitter:label1\" content=\"Escrito por\" \/>\n\t<meta name=\"twitter:data1\" content=\"Assessoria\" \/>\n\t<meta name=\"twitter:label2\" content=\"Est. tempo de leitura\" \/>\n\t<meta name=\"twitter:data2\" content=\"1 minuto\" \/>\n<script type=\"application\/ld+json\" class=\"yoast-schema-graph\">{\"@context\":\"https:\\\/\\\/schema.org\",\"@graph\":[{\"@type\":\"Article\",\"@id\":\"https:\\\/\\\/www.ernanipolo.com.br\\\/wp\\\/%e2%80%8bmoradores-de-santo-antonio-da-patrulha-solicitam-comissao-para-avaliar-poluicao-na-lagoa-dos-barros\\\/#article\",\"isPartOf\":{\"@id\":\"https:\\\/\\\/www.ernanipolo.com.br\\\/wp\\\/%e2%80%8bmoradores-de-santo-antonio-da-patrulha-solicitam-comissao-para-avaliar-poluicao-na-lagoa-dos-barros\\\/\"},\"author\":{\"name\":\"Assessoria\",\"@id\":\"https:\\\/\\\/www.ernanipolo.com.br\\\/wp\\\/#\\\/schema\\\/person\\\/495081e5f89df1864e457bc25058eb32\"},\"headline\":\"\u200bMoradores de Santo Ant\u00f4nio da Patrulha solicitam comiss\u00e3o para avaliar polui\u00e7\u00e3o na Lagoa dos Barros\",\"datePublished\":\"2020-03-13T21:55:50+00:00\",\"dateModified\":\"2020-03-13T21:55:52+00:00\",\"mainEntityOfPage\":{\"@id\":\"https:\\\/\\\/www.ernanipolo.com.br\\\/wp\\\/%e2%80%8bmoradores-de-santo-antonio-da-patrulha-solicitam-comissao-para-avaliar-poluicao-na-lagoa-dos-barros\\\/\"},\"wordCount\":188,\"commentCount\":0,\"publisher\":{\"@id\":\"https:\\\/\\\/www.ernanipolo.com.br\\\/wp\\\/#organization\"},\"image\":{\"@id\":\"https:\\\/\\\/www.ernanipolo.com.br\\\/wp\\\/%e2%80%8bmoradores-de-santo-antonio-da-patrulha-solicitam-comissao-para-avaliar-poluicao-na-lagoa-dos-barros\\\/#primaryimage\"},\"thumbnailUrl\":\"https:\\\/\\\/www.ernanipolo.com.br\\\/wp\\\/wp-content\\\/uploads\\\/2020\\\/03\\\/WhatsApp-Image-2020-03-13-at-18.48.14.jpeg\",\"articleSection\":[\"Uncategorized\",\"Not\u00edcias\",\"Destaque\",\"agricultura\"],\"inLanguage\":\"pt-BR\",\"potentialAction\":[{\"@type\":\"CommentAction\",\"name\":\"Comment\",\"target\":[\"https:\\\/\\\/www.ernanipolo.com.br\\\/wp\\\/%e2%80%8bmoradores-de-santo-antonio-da-patrulha-solicitam-comissao-para-avaliar-poluicao-na-lagoa-dos-barros\\\/#respond\"]}]},{\"@type\":\"WebPage\",\"@id\":\"https:\\\/\\\/www.ernanipolo.com.br\\\/wp\\\/%e2%80%8bmoradores-de-santo-antonio-da-patrulha-solicitam-comissao-para-avaliar-poluicao-na-lagoa-dos-barros\\\/\",\"url\":\"https:\\\/\\\/www.ernanipolo.com.br\\\/wp\\\/%e2%80%8bmoradores-de-santo-antonio-da-patrulha-solicitam-comissao-para-avaliar-poluicao-na-lagoa-dos-barros\\\/\",\"name\":\"\u200bMoradores de Santo Ant\u00f4nio da Patrulha solicitam comiss\u00e3o para avaliar polui\u00e7\u00e3o na Lagoa dos Barros - Ernani Polo\",\"isPartOf\":{\"@id\":\"https:\\\/\\\/www.ernanipolo.com.br\\\/wp\\\/#website\"},\"primaryImageOfPage\":{\"@id\":\"https:\\\/\\\/www.ernanipolo.com.br\\\/wp\\\/%e2%80%8bmoradores-de-santo-antonio-da-patrulha-solicitam-comissao-para-avaliar-poluicao-na-lagoa-dos-barros\\\/#primaryimage\"},\"image\":{\"@id\":\"https:\\\/\\\/www.ernanipolo.com.br\\\/wp\\\/%e2%80%8bmoradores-de-santo-antonio-da-patrulha-solicitam-comissao-para-avaliar-poluicao-na-lagoa-dos-barros\\\/#primaryimage\"},\"thumbnailUrl\":\"https:\\\/\\\/www.ernanipolo.com.br\\\/wp\\\/wp-content\\\/uploads\\\/2020\\\/03\\\/WhatsApp-Image-2020-03-13-at-18.48.14.jpeg\",\"datePublished\":\"2020-03-13T21:55:50+00:00\",\"dateModified\":\"2020-03-13T21:55:52+00:00\",\"inLanguage\":\"pt-BR\",\"potentialAction\":[{\"@type\":\"ReadAction\",\"target\":[\"https:\\\/\\\/www.ernanipolo.com.br\\\/wp\\\/%e2%80%8bmoradores-de-santo-antonio-da-patrulha-solicitam-comissao-para-avaliar-poluicao-na-lagoa-dos-barros\\\/\"]}]},{\"@type\":\"ImageObject\",\"inLanguage\":\"pt-BR\",\"@id\":\"https:\\\/\\\/www.ernanipolo.com.br\\\/wp\\\/%e2%80%8bmoradores-de-santo-antonio-da-patrulha-solicitam-comissao-para-avaliar-poluicao-na-lagoa-dos-barros\\\/#primaryimage\",\"url\":\"https:\\\/\\\/www.ernanipolo.com.br\\\/wp\\\/wp-content\\\/uploads\\\/2020\\\/03\\\/WhatsApp-Image-2020-03-13-at-18.48.14.jpeg\",\"contentUrl\":\"https:\\\/\\\/www.ernanipolo.com.br\\\/wp\\\/wp-content\\\/uploads\\\/2020\\\/03\\\/WhatsApp-Image-2020-03-13-at-18.48.14.jpeg\",\"width\":1240,\"height\":698},{\"@type\":\"WebSite\",\"@id\":\"https:\\\/\\\/www.ernanipolo.com.br\\\/wp\\\/#website\",\"url\":\"https:\\\/\\\/www.ernanipolo.com.br\\\/wp\\\/\",\"name\":\"Ernani Polo\",\"description\":\"\",\"publisher\":{\"@id\":\"https:\\\/\\\/www.ernanipolo.com.br\\\/wp\\\/#organization\"},\"potentialAction\":[{\"@type\":\"SearchAction\",\"target\":{\"@type\":\"EntryPoint\",\"urlTemplate\":\"https:\\\/\\\/www.ernanipolo.com.br\\\/wp\\\/?s={search_term_string}\"},\"query-input\":{\"@type\":\"PropertyValueSpecification\",\"valueRequired\":true,\"valueName\":\"search_term_string\"}}],\"inLanguage\":\"pt-BR\"},{\"@type\":\"Organization\",\"@id\":\"https:\\\/\\\/www.ernanipolo.com.br\\\/wp\\\/#organization\",\"name\":\"Ernani Polo\",\"url\":\"https:\\\/\\\/www.ernanipolo.com.br\\\/wp\\\/\",\"logo\":{\"@type\":\"ImageObject\",\"inLanguage\":\"pt-BR\",\"@id\":\"https:\\\/\\\/www.ernanipolo.com.br\\\/wp\\\/#\\\/schema\\\/logo\\\/image\\\/\",\"url\":\"https:\\\/\\\/www.ernanipolo.com.br\\\/wp\\\/wp-content\\\/uploads\\\/2023\\\/09\\\/Logo-Azul-Ernani-Polo.png\",\"contentUrl\":\"https:\\\/\\\/www.ernanipolo.com.br\\\/wp\\\/wp-content\\\/uploads\\\/2023\\\/09\\\/Logo-Azul-Ernani-Polo.png\",\"width\":630,\"height\":162,\"caption\":\"Ernani Polo\"},\"image\":{\"@id\":\"https:\\\/\\\/www.ernanipolo.com.br\\\/wp\\\/#\\\/schema\\\/logo\\\/image\\\/\"}},{\"@type\":\"Person\",\"@id\":\"https:\\\/\\\/www.ernanipolo.com.br\\\/wp\\\/#\\\/schema\\\/person\\\/495081e5f89df1864e457bc25058eb32\",\"name\":\"Assessoria\",\"image\":{\"@type\":\"ImageObject\",\"inLanguage\":\"pt-BR\",\"@id\":\"https:\\\/\\\/secure.gravatar.com\\\/avatar\\\/fb9fbf9c7f51269c39fd7432c2ca37dcb848f2e01061b91c2515b159534f94f8?s=96&d=mm&r=g\",\"url\":\"https:\\\/\\\/secure.gravatar.com\\\/avatar\\\/fb9fbf9c7f51269c39fd7432c2ca37dcb848f2e01061b91c2515b159534f94f8?s=96&d=mm&r=g\",\"contentUrl\":\"https:\\\/\\\/secure.gravatar.com\\\/avatar\\\/fb9fbf9c7f51269c39fd7432c2ca37dcb848f2e01061b91c2515b159534f94f8?s=96&d=mm&r=g\",\"caption\":\"Assessoria\"},\"url\":\"https:\\\/\\\/www.ernanipolo.com.br\\\/wp\\\/author\\\/assessoria\\\/\"}]}<\/script>\n<!-- \/ Yoast SEO plugin. -->","yoast_head_json":{"title":"\u200bMoradores de Santo Ant\u00f4nio da Patrulha solicitam comiss\u00e3o para avaliar polui\u00e7\u00e3o na Lagoa dos Barros - Ernani Polo","robots":{"index":"index","follow":"follow","max-snippet":"max-snippet:-1","max-image-preview":"max-image-preview:large","max-video-preview":"max-video-preview:-1"},"canonical":"https:\/\/www.ernanipolo.com.br\/wp\/\u200bmoradores-de-santo-antonio-da-patrulha-solicitam-comissao-para-avaliar-poluicao-na-lagoa-dos-barros\/","og_locale":"pt_BR","og_type":"article","og_title":"\u200bMoradores de Santo Ant\u00f4nio da Patrulha solicitam comiss\u00e3o para avaliar polui\u00e7\u00e3o na Lagoa dos Barros - Ernani Polo","og_description":"&nbsp;Preocupados com a quest\u00e3o ambiental envolvendo a Lagoa dos Barros, o prefeito de Santo Ant\u00f4nio da Patrulha, Dai\u00e7on Maciel da &hellip; Continue reading \u200bMoradores de Santo Ant\u00f4nio da Patrulha solicitam comiss\u00e3o para avaliar polui\u00e7\u00e3o na Lagoa dos Barros","og_url":"https:\/\/www.ernanipolo.com.br\/wp\/\u200bmoradores-de-santo-antonio-da-patrulha-solicitam-comissao-para-avaliar-poluicao-na-lagoa-dos-barros\/","og_site_name":"Ernani Polo","article_published_time":"2020-03-13T21:55:50+00:00","article_modified_time":"2020-03-13T21:55:52+00:00","og_image":[{"width":1240,"height":698,"url":"https:\/\/www.ernanipolo.com.br\/wp\/wp-content\/uploads\/2020\/03\/WhatsApp-Image-2020-03-13-at-18.48.14.jpeg","type":"image\/jpeg"}],"author":"Assessoria","twitter_card":"summary_large_image","twitter_misc":{"Escrito por":"Assessoria","Est. tempo de leitura":"1 minuto"},"schema":{"@context":"https:\/\/schema.org","@graph":[{"@type":"Article","@id":"https:\/\/www.ernanipolo.com.br\/wp\/%e2%80%8bmoradores-de-santo-antonio-da-patrulha-solicitam-comissao-para-avaliar-poluicao-na-lagoa-dos-barros\/#article","isPartOf":{"@id":"https:\/\/www.ernanipolo.com.br\/wp\/%e2%80%8bmoradores-de-santo-antonio-da-patrulha-solicitam-comissao-para-avaliar-poluicao-na-lagoa-dos-barros\/"},"author":{"name":"Assessoria","@id":"https:\/\/www.ernanipolo.com.br\/wp\/#\/schema\/person\/495081e5f89df1864e457bc25058eb32"},"headline":"\u200bMoradores de Santo Ant\u00f4nio da Patrulha solicitam comiss\u00e3o para avaliar polui\u00e7\u00e3o na Lagoa dos Barros","datePublished":"2020-03-13T21:55:50+00:00","dateModified":"2020-03-13T21:55:52+00:00","mainEntityOfPage":{"@id":"https:\/\/www.ernanipolo.com.br\/wp\/%e2%80%8bmoradores-de-santo-antonio-da-patrulha-solicitam-comissao-para-avaliar-poluicao-na-lagoa-dos-barros\/"},"wordCount":188,"commentCount":0,"publisher":{"@id":"https:\/\/www.ernanipolo.com.br\/wp\/#organization"},"image":{"@id":"https:\/\/www.ernanipolo.com.br\/wp\/%e2%80%8bmoradores-de-santo-antonio-da-patrulha-solicitam-comissao-para-avaliar-poluicao-na-lagoa-dos-barros\/#primaryimage"},"thumbnailUrl":"https:\/\/www.ernanipolo.com.br\/wp\/wp-content\/uploads\/2020\/03\/WhatsApp-Image-2020-03-13-at-18.48.14.jpeg","articleSection":["Uncategorized","Not\u00edcias","Destaque","agricultura"],"inLanguage":"pt-BR","potentialAction":[{"@type":"CommentAction","name":"Comment","target":["https:\/\/www.ernanipolo.com.br\/wp\/%e2%80%8bmoradores-de-santo-antonio-da-patrulha-solicitam-comissao-para-avaliar-poluicao-na-lagoa-dos-barros\/#respond"]}]},{"@type":"WebPage","@id":"https:\/\/www.ernanipolo.com.br\/wp\/%e2%80%8bmoradores-de-santo-antonio-da-patrulha-solicitam-comissao-para-avaliar-poluicao-na-lagoa-dos-barros\/","url":"https:\/\/www.ernanipolo.com.br\/wp\/%e2%80%8bmoradores-de-santo-antonio-da-patrulha-solicitam-comissao-para-avaliar-poluicao-na-lagoa-dos-barros\/","name":"\u200bMoradores de Santo Ant\u00f4nio da Patrulha solicitam comiss\u00e3o para avaliar polui\u00e7\u00e3o na Lagoa dos Barros - Ernani Polo","isPartOf":{"@id":"https:\/\/www.ernanipolo.com.br\/wp\/#website"},"primaryImageOfPage":{"@id":"https:\/\/www.ernanipolo.com.br\/wp\/%e2%80%8bmoradores-de-santo-antonio-da-patrulha-solicitam-comissao-para-avaliar-poluicao-na-lagoa-dos-barros\/#primaryimage"},"image":{"@id":"https:\/\/www.ernanipolo.com.br\/wp\/%e2%80%8bmoradores-de-santo-antonio-da-patrulha-solicitam-comissao-para-avaliar-poluicao-na-lagoa-dos-barros\/#primaryimage"},"thumbnailUrl":"https:\/\/www.ernanipolo.com.br\/wp\/wp-content\/uploads\/2020\/03\/WhatsApp-Image-2020-03-13-at-18.48.14.jpeg","datePublished":"2020-03-13T21:55:50+00:00","dateModified":"2020-03-13T21:55:52+00:00","inLanguage":"pt-BR","potentialAction":[{"@type":"ReadAction","target":["https:\/\/www.ernanipolo.com.br\/wp\/%e2%80%8bmoradores-de-santo-antonio-da-patrulha-solicitam-comissao-para-avaliar-poluicao-na-lagoa-dos-barros\/"]}]},{"@type":"ImageObject","inLanguage":"pt-BR","@id":"https:\/\/www.ernanipolo.com.br\/wp\/%e2%80%8bmoradores-de-santo-antonio-da-patrulha-solicitam-comissao-para-avaliar-poluicao-na-lagoa-dos-barros\/#primaryimage","url":"https:\/\/www.ernanipolo.com.br\/wp\/wp-content\/uploads\/2020\/03\/WhatsApp-Image-2020-03-13-at-18.48.14.jpeg","contentUrl":"https:\/\/www.ernanipolo.com.br\/wp\/wp-content\/uploads\/2020\/03\/WhatsApp-Image-2020-03-13-at-18.48.14.jpeg","width":1240,"height":698},{"@type":"WebSite","@id":"https:\/\/www.ernanipolo.com.br\/wp\/#website","url":"https:\/\/www.ernanipolo.com.br\/wp\/","name":"Ernani Polo","description":"","publisher":{"@id":"https:\/\/www.ernanipolo.com.br\/wp\/#organization"},"potentialAction":[{"@type":"SearchAction","target":{"@type":"EntryPoint","urlTemplate":"https:\/\/www.ernanipolo.com.br\/wp\/?s={search_term_string}"},"query-input":{"@type":"PropertyValueSpecification","valueRequired":true,"valueName":"search_term_string"}}],"inLanguage":"pt-BR"},{"@type":"Organization","@id":"https:\/\/www.ernanipolo.com.br\/wp\/#organization","name":"Ernani Polo","url":"https:\/\/www.ernanipolo.com.br\/wp\/","logo":{"@type":"ImageObject","inLanguage":"pt-BR","@id":"https:\/\/www.ernanipolo.com.br\/wp\/#\/schema\/logo\/image\/","url":"https:\/\/www.ernanipolo.com.br\/wp\/wp-content\/uploads\/2023\/09\/Logo-Azul-Ernani-Polo.png","contentUrl":"https:\/\/www.ernanipolo.com.br\/wp\/wp-content\/uploads\/2023\/09\/Logo-Azul-Ernani-Polo.png","width":630,"height":162,"caption":"Ernani Polo"},"image":{"@id":"https:\/\/www.ernanipolo.com.br\/wp\/#\/schema\/logo\/image\/"}},{"@type":"Person","@id":"https:\/\/www.ernanipolo.com.br\/wp\/#\/schema\/person\/495081e5f89df1864e457bc25058eb32","name":"Assessoria","image":{"@type":"ImageObject","inLanguage":"pt-BR","@id":"https:\/\/secure.gravatar.com\/avatar\/fb9fbf9c7f51269c39fd7432c2ca37dcb848f2e01061b91c2515b159534f94f8?s=96&d=mm&r=g","url":"https:\/\/secure.gravatar.com\/avatar\/fb9fbf9c7f51269c39fd7432c2ca37dcb848f2e01061b91c2515b159534f94f8?s=96&d=mm&r=g","contentUrl":"https:\/\/secure.gravatar.com\/avatar\/fb9fbf9c7f51269c39fd7432c2ca37dcb848f2e01061b91c2515b159534f94f8?s=96&d=mm&r=g","caption":"Assessoria"},"url":"https:\/\/www.ernanipolo.com.br\/wp\/author\/assessoria\/"}]}},"jetpack_featured_media_url":"https:\/\/www.ernanipolo.com.br\/wp\/wp-content\/uploads\/2020\/03\/WhatsApp-Image-2020-03-13-at-18.48.14.jpeg","jetpack_sharing_enabled":true,"_links":{"self":[{"href":"https:\/\/www.ernanipolo.com.br\/wp\/wp-json\/wp\/v2\/posts\/2502","targetHints":{"allow":["GET"]}}],"collection":[{"href":"https:\/\/www.ernanipolo.com.br\/wp\/wp-json\/wp\/v2\/posts"}],"about":[{"href":"https:\/\/www.ernanipolo.com.br\/wp\/wp-json\/wp\/v2\/types\/post"}],"author":[{"embeddable":true,"href":"https:\/\/www.ernanipolo.com.br\/wp\/wp-json\/wp\/v2\/users\/3"}],"replies":[{"embeddable":true,"href":"https:\/\/www.ernanipolo.com.br\/wp\/wp-json\/wp\/v2\/comments?post=2502"}],"version-history":[{"count":0,"href":"https:\/\/www.ernanipolo.com.br\/wp\/wp-json\/wp\/v2\/posts\/2502\/revisions"}],"wp:featuredmedia":[{"embeddable":true,"href":"https:\/\/www.ernanipolo.com.br\/wp\/wp-json\/wp\/v2\/media\/2504"}],"wp:attachment":[{"href":"https:\/\/www.ernanipolo.com.br\/wp\/wp-json\/wp\/v2\/media?parent=2502"}],"wp:term":[{"taxonomy":"category","embeddable":true,"href":"https:\/\/www.ernanipolo.com.br\/wp\/wp-json\/wp\/v2\/categories?post=2502"},{"taxonomy":"post_tag","embeddable":true,"href":"https:\/\/www.ernanipolo.com.br\/wp\/wp-json\/wp\/v2\/tags?post=2502"}],"curies":[{"name":"wp","href":"https:\/\/api.w.org\/{rel}","templated":true}]}}