{"id":2403,"date":"2020-03-03T20:49:01","date_gmt":"2020-03-03T23:49:01","guid":{"rendered":"http:\/\/www.ernanipolo.com.br\/wp\/?p=2403"},"modified":"2020-03-03T20:49:03","modified_gmt":"2020-03-03T23:49:03","slug":"ernani-polo-e-o-primeiro-a-receber-documento-da-fiergs-sobre-o-custo-rs","status":"publish","type":"post","link":"https:\/\/www.ernanipolo.com.br\/wp\/ernani-polo-e-o-primeiro-a-receber-documento-da-fiergs-sobre-o-custo-rs\/","title":{"rendered":"Ernani Polo \u00e9 o primeiro a receber documento da Fiergs sobre o &#8220;Custo RS&#8221;"},"content":{"rendered":"\n<p>O presidente da Assembleia Legislativa, Ernani Polo, foi o primeiro a receber, no in\u00edcio da noite desta ter\u00e7a-feira (3), o documento &#8220;Custo RS&#8221; elaborado pela Fiergs (Federa\u00e7\u00e3o das Ind\u00fastrias do Estado do Rio Grande do Sul). No documento entregue pelo presidente Gilberto Porcello Petry durante reuni\u00e3o da diretoria, a entidade aponta 30 fatores que oneram as ind\u00fastrias estabelecidas em solo ga\u00facho.<\/p>\n\n\n\n<p>Os maiores entraves foram divididos nas \u00e1reas de Rela\u00e7\u00f5es do Trabalho, Tributa\u00e7\u00e3o e Burocracia, Infraestrutura e Log\u00edstica, Energia, Com\u00e9rcio Exterior e Meio Ambiente. \u201cEsses gargalos comp\u00f5em o que denominamos de Custo RS e tornam o Rio Grande do Sul menos atraente do que outros Estados para empresas investirem e produzirem\u201d, afirmou Petry.<\/p>\n\n\n\n<p>Os principais fatores que oneram as ind\u00fastrias, segundo a entidade, s\u00e3o o Piso Regional, a morosidade na emiss\u00e3o de alvar\u00e1s pela vigil\u00e2ncia sanit\u00e1ria, majora\u00e7\u00e3o das al\u00edquotas internas do ICMS como sobre combust\u00edveis, a quantidade excessiva de produtos submetidos \u00e0 substitui\u00e7\u00e3o tribut\u00e1ria e alto custo log\u00edstico devido \u00e0s p\u00e9ssimas condi\u00e7\u00f5es da infraestrutura.<\/p>\n\n\n\n<p>Ernani Polo, acompanhado do superintendente-geral da Assembleia, Alvaro Fakredin, saudou a iniciativa da Fiergs de buscar a redu\u00e7\u00e3o dos gargalos, o que se soma a sua principal bandeira de gest\u00e3o no Parlamento, que \u00e9 melhorar a posi\u00e7\u00e3o do RS no ranking nacional de competitividade. &#8220;O que vai mudar o nosso futuro \u00e9 tornar o Rio Grande do Sul mais competitivo&#8221;, avaliou, acrescentando que \u00e9 necess\u00e1rio n\u00e3o s\u00f3 atrair novos investimentos como tamb\u00e9m manter os empreendedores investindo  em solo ga\u00facho.<\/p>\n\n\n\n<p>Em sua fala aos diretores, Polo defendeu reformas permanentes no governo porque a sociedade evolui e estruturas e leis precisam acompanhar essas mudan\u00e7as. O parlamentar tamb\u00e9m disse que reduzir a burocracia deve ser uma miss\u00e3o constante. Segundo ele, o Brasil tem muitas leis defasadas. Nesse sentido, comentou sobre sua proposta de regulamentar o processo administrativo no Estado, definindo prazos para o governo responder demandas dos cidad\u00e3os e criando c\u00e2maras de concilia\u00e7\u00e3o para reduzir conflitos.<\/p>\n\n\n\n<p>Sobre a reforma tribut\u00e1ria que o governo do Estado deve apresentar este m\u00eas, Polo comentou que o Parlamento estar\u00e1 atento para que eventuais altera\u00e7\u00f5es de al\u00edquotas n\u00e3o prejudiquem a competitividade de setores da economia ga\u00facha.<\/p>\n","protected":false},"excerpt":{"rendered":"<p>O presidente da Assembleia Legislativa, Ernani Polo, foi o primeiro a receber, no in\u00edcio da noite desta ter\u00e7a-feira (3), o &hellip; <a href=\"https:\/\/www.ernanipolo.com.br\/wp\/ernani-polo-e-o-primeiro-a-receber-documento-da-fiergs-sobre-o-custo-rs\/\" class=\"more-link\">Continue reading <span class=\"screen-reader-text\">Ernani Polo \u00e9 o primeiro a receber documento da Fiergs sobre o &#8220;Custo RS&#8221;<\/span><\/a><\/p>\n","protected":false},"author":3,"featured_media":2404,"comment_status":"open","ping_status":"open","sticky":false,"template":"","format":"standard","meta":{"_acf_changed":false,"_jetpack_memberships_contains_paid_content":false,"footnotes":""},"categories":[37,39,45],"tags":[],"class_list":["post-2403","post","type-post","status-publish","format-standard","has-post-thumbnail","hentry","category-noticias","category-destaque","category-agricultura"],"acf":[],"yoast_head":"<!-- This site is optimized with the Yoast SEO plugin v27.5 - https:\/\/yoast.com\/product\/yoast-seo-wordpress\/ -->\n<title>Ernani Polo \u00e9 o primeiro a receber documento da Fiergs sobre o &quot;Custo RS&quot; - Ernani Polo<\/title>\n<meta name=\"robots\" content=\"index, follow, max-snippet:-1, max-image-preview:large, max-video-preview:-1\" \/>\n<link rel=\"canonical\" href=\"https:\/\/www.ernanipolo.com.br\/wp\/ernani-polo-e-o-primeiro-a-receber-documento-da-fiergs-sobre-o-custo-rs\/\" \/>\n<meta property=\"og:locale\" content=\"pt_BR\" \/>\n<meta property=\"og:type\" content=\"article\" \/>\n<meta property=\"og:title\" content=\"Ernani Polo \u00e9 o primeiro a receber documento da Fiergs sobre o &quot;Custo RS&quot; - Ernani Polo\" \/>\n<meta property=\"og:description\" content=\"O presidente da Assembleia Legislativa, Ernani Polo, foi o primeiro a receber, no in\u00edcio da noite desta ter\u00e7a-feira (3), o &hellip; Continue reading Ernani Polo \u00e9 o primeiro a receber documento da Fiergs sobre o &#8220;Custo RS&#8221;\" \/>\n<meta property=\"og:url\" content=\"https:\/\/www.ernanipolo.com.br\/wp\/ernani-polo-e-o-primeiro-a-receber-documento-da-fiergs-sobre-o-custo-rs\/\" \/>\n<meta property=\"og:site_name\" content=\"Ernani Polo\" \/>\n<meta property=\"article:published_time\" content=\"2020-03-03T23:49:01+00:00\" \/>\n<meta property=\"article:modified_time\" content=\"2020-03-03T23:49:03+00:00\" \/>\n<meta property=\"og:image\" content=\"https:\/\/www.ernanipolo.com.br\/wp\/wp-content\/uploads\/2020\/03\/WhatsApp-Image-2020-03-03-at-19.12.05.jpeg\" \/>\n\t<meta property=\"og:image:width\" content=\"1280\" \/>\n\t<meta property=\"og:image:height\" content=\"845\" \/>\n\t<meta property=\"og:image:type\" content=\"image\/jpeg\" \/>\n<meta name=\"author\" content=\"Assessoria\" \/>\n<meta name=\"twitter:card\" content=\"summary_large_image\" \/>\n<meta name=\"twitter:label1\" content=\"Escrito por\" \/>\n\t<meta name=\"twitter:data1\" content=\"Assessoria\" \/>\n\t<meta name=\"twitter:label2\" content=\"Est. tempo de leitura\" \/>\n\t<meta name=\"twitter:data2\" content=\"2 minutos\" \/>\n<script type=\"application\/ld+json\" class=\"yoast-schema-graph\">{\"@context\":\"https:\\\/\\\/schema.org\",\"@graph\":[{\"@type\":\"Article\",\"@id\":\"https:\\\/\\\/www.ernanipolo.com.br\\\/wp\\\/ernani-polo-e-o-primeiro-a-receber-documento-da-fiergs-sobre-o-custo-rs\\\/#article\",\"isPartOf\":{\"@id\":\"https:\\\/\\\/www.ernanipolo.com.br\\\/wp\\\/ernani-polo-e-o-primeiro-a-receber-documento-da-fiergs-sobre-o-custo-rs\\\/\"},\"author\":{\"name\":\"Assessoria\",\"@id\":\"https:\\\/\\\/www.ernanipolo.com.br\\\/wp\\\/#\\\/schema\\\/person\\\/495081e5f89df1864e457bc25058eb32\"},\"headline\":\"Ernani Polo \u00e9 o primeiro a receber documento da Fiergs sobre o &#8220;Custo RS&#8221;\",\"datePublished\":\"2020-03-03T23:49:01+00:00\",\"dateModified\":\"2020-03-03T23:49:03+00:00\",\"mainEntityOfPage\":{\"@id\":\"https:\\\/\\\/www.ernanipolo.com.br\\\/wp\\\/ernani-polo-e-o-primeiro-a-receber-documento-da-fiergs-sobre-o-custo-rs\\\/\"},\"wordCount\":404,\"commentCount\":0,\"publisher\":{\"@id\":\"https:\\\/\\\/www.ernanipolo.com.br\\\/wp\\\/#organization\"},\"image\":{\"@id\":\"https:\\\/\\\/www.ernanipolo.com.br\\\/wp\\\/ernani-polo-e-o-primeiro-a-receber-documento-da-fiergs-sobre-o-custo-rs\\\/#primaryimage\"},\"thumbnailUrl\":\"https:\\\/\\\/www.ernanipolo.com.br\\\/wp\\\/wp-content\\\/uploads\\\/2020\\\/03\\\/WhatsApp-Image-2020-03-03-at-19.12.05.jpeg\",\"articleSection\":[\"Not\u00edcias\",\"Destaque\",\"agricultura\"],\"inLanguage\":\"pt-BR\",\"potentialAction\":[{\"@type\":\"CommentAction\",\"name\":\"Comment\",\"target\":[\"https:\\\/\\\/www.ernanipolo.com.br\\\/wp\\\/ernani-polo-e-o-primeiro-a-receber-documento-da-fiergs-sobre-o-custo-rs\\\/#respond\"]}]},{\"@type\":\"WebPage\",\"@id\":\"https:\\\/\\\/www.ernanipolo.com.br\\\/wp\\\/ernani-polo-e-o-primeiro-a-receber-documento-da-fiergs-sobre-o-custo-rs\\\/\",\"url\":\"https:\\\/\\\/www.ernanipolo.com.br\\\/wp\\\/ernani-polo-e-o-primeiro-a-receber-documento-da-fiergs-sobre-o-custo-rs\\\/\",\"name\":\"Ernani Polo \u00e9 o primeiro a receber documento da Fiergs sobre o \\\"Custo RS\\\" - Ernani Polo\",\"isPartOf\":{\"@id\":\"https:\\\/\\\/www.ernanipolo.com.br\\\/wp\\\/#website\"},\"primaryImageOfPage\":{\"@id\":\"https:\\\/\\\/www.ernanipolo.com.br\\\/wp\\\/ernani-polo-e-o-primeiro-a-receber-documento-da-fiergs-sobre-o-custo-rs\\\/#primaryimage\"},\"image\":{\"@id\":\"https:\\\/\\\/www.ernanipolo.com.br\\\/wp\\\/ernani-polo-e-o-primeiro-a-receber-documento-da-fiergs-sobre-o-custo-rs\\\/#primaryimage\"},\"thumbnailUrl\":\"https:\\\/\\\/www.ernanipolo.com.br\\\/wp\\\/wp-content\\\/uploads\\\/2020\\\/03\\\/WhatsApp-Image-2020-03-03-at-19.12.05.jpeg\",\"datePublished\":\"2020-03-03T23:49:01+00:00\",\"dateModified\":\"2020-03-03T23:49:03+00:00\",\"inLanguage\":\"pt-BR\",\"potentialAction\":[{\"@type\":\"ReadAction\",\"target\":[\"https:\\\/\\\/www.ernanipolo.com.br\\\/wp\\\/ernani-polo-e-o-primeiro-a-receber-documento-da-fiergs-sobre-o-custo-rs\\\/\"]}]},{\"@type\":\"ImageObject\",\"inLanguage\":\"pt-BR\",\"@id\":\"https:\\\/\\\/www.ernanipolo.com.br\\\/wp\\\/ernani-polo-e-o-primeiro-a-receber-documento-da-fiergs-sobre-o-custo-rs\\\/#primaryimage\",\"url\":\"https:\\\/\\\/www.ernanipolo.com.br\\\/wp\\\/wp-content\\\/uploads\\\/2020\\\/03\\\/WhatsApp-Image-2020-03-03-at-19.12.05.jpeg\",\"contentUrl\":\"https:\\\/\\\/www.ernanipolo.com.br\\\/wp\\\/wp-content\\\/uploads\\\/2020\\\/03\\\/WhatsApp-Image-2020-03-03-at-19.12.05.jpeg\",\"width\":1280,\"height\":845},{\"@type\":\"WebSite\",\"@id\":\"https:\\\/\\\/www.ernanipolo.com.br\\\/wp\\\/#website\",\"url\":\"https:\\\/\\\/www.ernanipolo.com.br\\\/wp\\\/\",\"name\":\"Ernani Polo\",\"description\":\"\",\"publisher\":{\"@id\":\"https:\\\/\\\/www.ernanipolo.com.br\\\/wp\\\/#organization\"},\"potentialAction\":[{\"@type\":\"SearchAction\",\"target\":{\"@type\":\"EntryPoint\",\"urlTemplate\":\"https:\\\/\\\/www.ernanipolo.com.br\\\/wp\\\/?s={search_term_string}\"},\"query-input\":{\"@type\":\"PropertyValueSpecification\",\"valueRequired\":true,\"valueName\":\"search_term_string\"}}],\"inLanguage\":\"pt-BR\"},{\"@type\":\"Organization\",\"@id\":\"https:\\\/\\\/www.ernanipolo.com.br\\\/wp\\\/#organization\",\"name\":\"Ernani Polo\",\"url\":\"https:\\\/\\\/www.ernanipolo.com.br\\\/wp\\\/\",\"logo\":{\"@type\":\"ImageObject\",\"inLanguage\":\"pt-BR\",\"@id\":\"https:\\\/\\\/www.ernanipolo.com.br\\\/wp\\\/#\\\/schema\\\/logo\\\/image\\\/\",\"url\":\"https:\\\/\\\/www.ernanipolo.com.br\\\/wp\\\/wp-content\\\/uploads\\\/2023\\\/09\\\/Logo-Azul-Ernani-Polo.png\",\"contentUrl\":\"https:\\\/\\\/www.ernanipolo.com.br\\\/wp\\\/wp-content\\\/uploads\\\/2023\\\/09\\\/Logo-Azul-Ernani-Polo.png\",\"width\":630,\"height\":162,\"caption\":\"Ernani Polo\"},\"image\":{\"@id\":\"https:\\\/\\\/www.ernanipolo.com.br\\\/wp\\\/#\\\/schema\\\/logo\\\/image\\\/\"}},{\"@type\":\"Person\",\"@id\":\"https:\\\/\\\/www.ernanipolo.com.br\\\/wp\\\/#\\\/schema\\\/person\\\/495081e5f89df1864e457bc25058eb32\",\"name\":\"Assessoria\",\"image\":{\"@type\":\"ImageObject\",\"inLanguage\":\"pt-BR\",\"@id\":\"https:\\\/\\\/secure.gravatar.com\\\/avatar\\\/fb9fbf9c7f51269c39fd7432c2ca37dcb848f2e01061b91c2515b159534f94f8?s=96&d=mm&r=g\",\"url\":\"https:\\\/\\\/secure.gravatar.com\\\/avatar\\\/fb9fbf9c7f51269c39fd7432c2ca37dcb848f2e01061b91c2515b159534f94f8?s=96&d=mm&r=g\",\"contentUrl\":\"https:\\\/\\\/secure.gravatar.com\\\/avatar\\\/fb9fbf9c7f51269c39fd7432c2ca37dcb848f2e01061b91c2515b159534f94f8?s=96&d=mm&r=g\",\"caption\":\"Assessoria\"},\"url\":\"https:\\\/\\\/www.ernanipolo.com.br\\\/wp\\\/author\\\/assessoria\\\/\"}]}<\/script>\n<!-- \/ Yoast SEO plugin. -->","yoast_head_json":{"title":"Ernani Polo \u00e9 o primeiro a receber documento da Fiergs sobre o \"Custo RS\" - Ernani Polo","robots":{"index":"index","follow":"follow","max-snippet":"max-snippet:-1","max-image-preview":"max-image-preview:large","max-video-preview":"max-video-preview:-1"},"canonical":"https:\/\/www.ernanipolo.com.br\/wp\/ernani-polo-e-o-primeiro-a-receber-documento-da-fiergs-sobre-o-custo-rs\/","og_locale":"pt_BR","og_type":"article","og_title":"Ernani Polo \u00e9 o primeiro a receber documento da Fiergs sobre o \"Custo RS\" - Ernani Polo","og_description":"O presidente da Assembleia Legislativa, Ernani Polo, foi o primeiro a receber, no in\u00edcio da noite desta ter\u00e7a-feira (3), o &hellip; Continue reading Ernani Polo \u00e9 o primeiro a receber documento da Fiergs sobre o &#8220;Custo RS&#8221;","og_url":"https:\/\/www.ernanipolo.com.br\/wp\/ernani-polo-e-o-primeiro-a-receber-documento-da-fiergs-sobre-o-custo-rs\/","og_site_name":"Ernani Polo","article_published_time":"2020-03-03T23:49:01+00:00","article_modified_time":"2020-03-03T23:49:03+00:00","og_image":[{"width":1280,"height":845,"url":"https:\/\/www.ernanipolo.com.br\/wp\/wp-content\/uploads\/2020\/03\/WhatsApp-Image-2020-03-03-at-19.12.05.jpeg","type":"image\/jpeg"}],"author":"Assessoria","twitter_card":"summary_large_image","twitter_misc":{"Escrito por":"Assessoria","Est. tempo de leitura":"2 minutos"},"schema":{"@context":"https:\/\/schema.org","@graph":[{"@type":"Article","@id":"https:\/\/www.ernanipolo.com.br\/wp\/ernani-polo-e-o-primeiro-a-receber-documento-da-fiergs-sobre-o-custo-rs\/#article","isPartOf":{"@id":"https:\/\/www.ernanipolo.com.br\/wp\/ernani-polo-e-o-primeiro-a-receber-documento-da-fiergs-sobre-o-custo-rs\/"},"author":{"name":"Assessoria","@id":"https:\/\/www.ernanipolo.com.br\/wp\/#\/schema\/person\/495081e5f89df1864e457bc25058eb32"},"headline":"Ernani Polo \u00e9 o primeiro a receber documento da Fiergs sobre o &#8220;Custo RS&#8221;","datePublished":"2020-03-03T23:49:01+00:00","dateModified":"2020-03-03T23:49:03+00:00","mainEntityOfPage":{"@id":"https:\/\/www.ernanipolo.com.br\/wp\/ernani-polo-e-o-primeiro-a-receber-documento-da-fiergs-sobre-o-custo-rs\/"},"wordCount":404,"commentCount":0,"publisher":{"@id":"https:\/\/www.ernanipolo.com.br\/wp\/#organization"},"image":{"@id":"https:\/\/www.ernanipolo.com.br\/wp\/ernani-polo-e-o-primeiro-a-receber-documento-da-fiergs-sobre-o-custo-rs\/#primaryimage"},"thumbnailUrl":"https:\/\/www.ernanipolo.com.br\/wp\/wp-content\/uploads\/2020\/03\/WhatsApp-Image-2020-03-03-at-19.12.05.jpeg","articleSection":["Not\u00edcias","Destaque","agricultura"],"inLanguage":"pt-BR","potentialAction":[{"@type":"CommentAction","name":"Comment","target":["https:\/\/www.ernanipolo.com.br\/wp\/ernani-polo-e-o-primeiro-a-receber-documento-da-fiergs-sobre-o-custo-rs\/#respond"]}]},{"@type":"WebPage","@id":"https:\/\/www.ernanipolo.com.br\/wp\/ernani-polo-e-o-primeiro-a-receber-documento-da-fiergs-sobre-o-custo-rs\/","url":"https:\/\/www.ernanipolo.com.br\/wp\/ernani-polo-e-o-primeiro-a-receber-documento-da-fiergs-sobre-o-custo-rs\/","name":"Ernani Polo \u00e9 o primeiro a receber documento da Fiergs sobre o \"Custo RS\" - Ernani Polo","isPartOf":{"@id":"https:\/\/www.ernanipolo.com.br\/wp\/#website"},"primaryImageOfPage":{"@id":"https:\/\/www.ernanipolo.com.br\/wp\/ernani-polo-e-o-primeiro-a-receber-documento-da-fiergs-sobre-o-custo-rs\/#primaryimage"},"image":{"@id":"https:\/\/www.ernanipolo.com.br\/wp\/ernani-polo-e-o-primeiro-a-receber-documento-da-fiergs-sobre-o-custo-rs\/#primaryimage"},"thumbnailUrl":"https:\/\/www.ernanipolo.com.br\/wp\/wp-content\/uploads\/2020\/03\/WhatsApp-Image-2020-03-03-at-19.12.05.jpeg","datePublished":"2020-03-03T23:49:01+00:00","dateModified":"2020-03-03T23:49:03+00:00","inLanguage":"pt-BR","potentialAction":[{"@type":"ReadAction","target":["https:\/\/www.ernanipolo.com.br\/wp\/ernani-polo-e-o-primeiro-a-receber-documento-da-fiergs-sobre-o-custo-rs\/"]}]},{"@type":"ImageObject","inLanguage":"pt-BR","@id":"https:\/\/www.ernanipolo.com.br\/wp\/ernani-polo-e-o-primeiro-a-receber-documento-da-fiergs-sobre-o-custo-rs\/#primaryimage","url":"https:\/\/www.ernanipolo.com.br\/wp\/wp-content\/uploads\/2020\/03\/WhatsApp-Image-2020-03-03-at-19.12.05.jpeg","contentUrl":"https:\/\/www.ernanipolo.com.br\/wp\/wp-content\/uploads\/2020\/03\/WhatsApp-Image-2020-03-03-at-19.12.05.jpeg","width":1280,"height":845},{"@type":"WebSite","@id":"https:\/\/www.ernanipolo.com.br\/wp\/#website","url":"https:\/\/www.ernanipolo.com.br\/wp\/","name":"Ernani Polo","description":"","publisher":{"@id":"https:\/\/www.ernanipolo.com.br\/wp\/#organization"},"potentialAction":[{"@type":"SearchAction","target":{"@type":"EntryPoint","urlTemplate":"https:\/\/www.ernanipolo.com.br\/wp\/?s={search_term_string}"},"query-input":{"@type":"PropertyValueSpecification","valueRequired":true,"valueName":"search_term_string"}}],"inLanguage":"pt-BR"},{"@type":"Organization","@id":"https:\/\/www.ernanipolo.com.br\/wp\/#organization","name":"Ernani Polo","url":"https:\/\/www.ernanipolo.com.br\/wp\/","logo":{"@type":"ImageObject","inLanguage":"pt-BR","@id":"https:\/\/www.ernanipolo.com.br\/wp\/#\/schema\/logo\/image\/","url":"https:\/\/www.ernanipolo.com.br\/wp\/wp-content\/uploads\/2023\/09\/Logo-Azul-Ernani-Polo.png","contentUrl":"https:\/\/www.ernanipolo.com.br\/wp\/wp-content\/uploads\/2023\/09\/Logo-Azul-Ernani-Polo.png","width":630,"height":162,"caption":"Ernani Polo"},"image":{"@id":"https:\/\/www.ernanipolo.com.br\/wp\/#\/schema\/logo\/image\/"}},{"@type":"Person","@id":"https:\/\/www.ernanipolo.com.br\/wp\/#\/schema\/person\/495081e5f89df1864e457bc25058eb32","name":"Assessoria","image":{"@type":"ImageObject","inLanguage":"pt-BR","@id":"https:\/\/secure.gravatar.com\/avatar\/fb9fbf9c7f51269c39fd7432c2ca37dcb848f2e01061b91c2515b159534f94f8?s=96&d=mm&r=g","url":"https:\/\/secure.gravatar.com\/avatar\/fb9fbf9c7f51269c39fd7432c2ca37dcb848f2e01061b91c2515b159534f94f8?s=96&d=mm&r=g","contentUrl":"https:\/\/secure.gravatar.com\/avatar\/fb9fbf9c7f51269c39fd7432c2ca37dcb848f2e01061b91c2515b159534f94f8?s=96&d=mm&r=g","caption":"Assessoria"},"url":"https:\/\/www.ernanipolo.com.br\/wp\/author\/assessoria\/"}]}},"jetpack_featured_media_url":"https:\/\/www.ernanipolo.com.br\/wp\/wp-content\/uploads\/2020\/03\/WhatsApp-Image-2020-03-03-at-19.12.05.jpeg","jetpack_sharing_enabled":true,"_links":{"self":[{"href":"https:\/\/www.ernanipolo.com.br\/wp\/wp-json\/wp\/v2\/posts\/2403","targetHints":{"allow":["GET"]}}],"collection":[{"href":"https:\/\/www.ernanipolo.com.br\/wp\/wp-json\/wp\/v2\/posts"}],"about":[{"href":"https:\/\/www.ernanipolo.com.br\/wp\/wp-json\/wp\/v2\/types\/post"}],"author":[{"embeddable":true,"href":"https:\/\/www.ernanipolo.com.br\/wp\/wp-json\/wp\/v2\/users\/3"}],"replies":[{"embeddable":true,"href":"https:\/\/www.ernanipolo.com.br\/wp\/wp-json\/wp\/v2\/comments?post=2403"}],"version-history":[{"count":0,"href":"https:\/\/www.ernanipolo.com.br\/wp\/wp-json\/wp\/v2\/posts\/2403\/revisions"}],"wp:featuredmedia":[{"embeddable":true,"href":"https:\/\/www.ernanipolo.com.br\/wp\/wp-json\/wp\/v2\/media\/2404"}],"wp:attachment":[{"href":"https:\/\/www.ernanipolo.com.br\/wp\/wp-json\/wp\/v2\/media?parent=2403"}],"wp:term":[{"taxonomy":"category","embeddable":true,"href":"https:\/\/www.ernanipolo.com.br\/wp\/wp-json\/wp\/v2\/categories?post=2403"},{"taxonomy":"post_tag","embeddable":true,"href":"https:\/\/www.ernanipolo.com.br\/wp\/wp-json\/wp\/v2\/tags?post=2403"}],"curies":[{"name":"wp","href":"https:\/\/api.w.org\/{rel}","templated":true}]}}