{"id":2366,"date":"2020-02-26T18:19:25","date_gmt":"2020-02-26T21:19:25","guid":{"rendered":"http:\/\/www.ernanipolo.com.br\/wp\/?p=2366"},"modified":"2020-02-26T18:19:27","modified_gmt":"2020-02-26T21:19:27","slug":"comissao-de-revisao-legal-entrega-relatorio-ao-presidente-da-assembleia","status":"publish","type":"post","link":"https:\/\/www.ernanipolo.com.br\/wp\/comissao-de-revisao-legal-entrega-relatorio-ao-presidente-da-assembleia\/","title":{"rendered":"Comiss\u00e3o de Revis\u00e3o Legal entrega relat\u00f3rio ao presidente da Assembleia"},"content":{"rendered":"\n<p><\/p>\n\n\n\n<p>O presidente da Assembleia Legislativa, Ernani Polo (PP), recebeu nesta quarta-feira (26) um documento do deputado Giuseppe Riesgo (Novo) com resultados parciais da Comiss\u00e3o Especial de Revis\u00e3o Legal, lan\u00e7ada no ano passado. O relat\u00f3rio t\u00e9cnico sugere \u00e0 Mesa Diretora encaminhar seis diretrizes e solu\u00e7\u00f5es t\u00e9cnicas ao Departamento de Consultoria Legislativa da Casa.<\/p>\n\n\n\n<p>Riesgo explicou que o Rio Grande do Sul tem cerca de 16 mil leis ordin\u00e1rias e complementares. <br>\nDestas, 4.478 leis j\u00e1 foram analisadas e revisadas. A Comiss\u00e3o tamb\u00e9m identificou que 4.465 n\u00e3o est\u00e3o cadastradas no banco de dados digital do Parlamento, o sistema Legis, podendo ser acessadas somente pela biblioteca na Assembleia. \u201cExiste ainda cerca de 1,6 mil a 2 mil leis que foram editadas entre 1835 e 1947, que constam com numera\u00e7\u00e3o repetida, pois estas reiniciavam do n\u00famero 1, anualmente, neste per\u00edodo\u201d, acrescentou.<\/p>\n\n\n\n<p>No documento, o parlamentar relata que 38% da legisla\u00e7\u00e3o ga\u00facha \u00e9 pass\u00edvel de consolida\u00e7\u00e3o. Outros 5%, seja por incapacidade de execu\u00e7\u00e3o temporal ou perda de efic\u00e1cia jur\u00eddica, s\u00e3o possivelmente revog\u00e1veis. \u201cAssim, quase metade da legisla\u00e7\u00e3o estadual pode ser revista, a fim de simplificar e permitir a t\u00e3o desejada desburocratiza\u00e7\u00e3o do Estado e a melhoria da nossa economia e do ambiente de neg\u00f3cios do Rio Grande do Sul\u201d, afirmou Riesgo, que citou como exemplo mais de 400 leis que incluem datas e eventos no Calend\u00e1rio Oficial do Estado que poderiam integrar apenas uma lei. Um projeto de lei nesse sentido foi apresentado.<\/p>\n\n\n\n<p>Entre as sugest\u00f5es apresentadas est\u00e3o vincular o Di\u00e1rio Oficial ao sistema Legis, integrado \u00e0 Procergs; revisar as A\u00e7\u00f5es Diretas de Inconstitucionalidade, vinculando-as ao sistema da Procuradoria Geral do Estado; instituir que as novas leis complementares recebam numera\u00e7\u00e3o \u00e0 parte, e n\u00e3o seguindo a ordem das leis ordin\u00e1rias; vincular o sistema Legis a um site que disponibiliza consulta a leis de Estados e munic\u00edpios brasileiros, o que n\u00e3o ocorre atualmente; e inserir as mais de 4,4 mil leis que est\u00e3o fora do sistema, para ampliar a transpar\u00eancia e facilitar o acesso ao cidad\u00e3o.<\/p>\n\n\n\n<p>Polo agradeceu o trabalho da Comiss\u00e3o Especial e as sugest\u00f5es apresentadas. \u201cEsse trabalho \u00e9 importante porque visa desburocratizar, simplificar processos e revogar leis que tiveram import\u00e2ncia em determinado per\u00edodo hist\u00f3rico e que hoje n\u00e3o t\u00eam mais\u201d, avaliou. O presidente da Assembleia pediu uma an\u00e1lise e provid\u00eancias sobre as sugest\u00f5es ao superintendente-geral da Casa, Alvaro Fakredin. <\/p>\n\n\n\n<p>Tamb\u00e9m participaram da reuni\u00e3o os deputados Z\u00e9 Nunes (PT) e Gilberto Capoani (MDB), al\u00e9m de Roberto Scussel Lonzetti, integrante do GAE (Gabinete de Assessoramento Estrat\u00e9gico).<\/p>\n","protected":false},"excerpt":{"rendered":"<p>O presidente da Assembleia Legislativa, Ernani Polo (PP), recebeu nesta quarta-feira (26) um documento do deputado Giuseppe Riesgo (Novo) com &hellip; <a href=\"https:\/\/www.ernanipolo.com.br\/wp\/comissao-de-revisao-legal-entrega-relatorio-ao-presidente-da-assembleia\/\" class=\"more-link\">Continue reading <span class=\"screen-reader-text\">Comiss\u00e3o de Revis\u00e3o Legal entrega relat\u00f3rio ao presidente da Assembleia<\/span><\/a><\/p>\n","protected":false},"author":3,"featured_media":2367,"comment_status":"open","ping_status":"open","sticky":false,"template":"","format":"standard","meta":{"_acf_changed":false,"_jetpack_memberships_contains_paid_content":false,"footnotes":""},"categories":[37,39,45],"tags":[],"class_list":["post-2366","post","type-post","status-publish","format-standard","has-post-thumbnail","hentry","category-noticias","category-destaque","category-agricultura"],"acf":[],"yoast_head":"<!-- This site is optimized with the Yoast SEO plugin v27.5 - https:\/\/yoast.com\/product\/yoast-seo-wordpress\/ -->\n<title>Comiss\u00e3o de Revis\u00e3o Legal entrega relat\u00f3rio ao presidente da Assembleia - Ernani Polo<\/title>\n<meta name=\"robots\" content=\"index, follow, max-snippet:-1, max-image-preview:large, max-video-preview:-1\" \/>\n<link rel=\"canonical\" href=\"https:\/\/www.ernanipolo.com.br\/wp\/comissao-de-revisao-legal-entrega-relatorio-ao-presidente-da-assembleia\/\" \/>\n<meta property=\"og:locale\" content=\"pt_BR\" \/>\n<meta property=\"og:type\" content=\"article\" \/>\n<meta property=\"og:title\" content=\"Comiss\u00e3o de Revis\u00e3o Legal entrega relat\u00f3rio ao presidente da Assembleia - Ernani Polo\" \/>\n<meta property=\"og:description\" content=\"O presidente da Assembleia Legislativa, Ernani Polo (PP), recebeu nesta quarta-feira (26) um documento do deputado Giuseppe Riesgo (Novo) com &hellip; Continue reading Comiss\u00e3o de Revis\u00e3o Legal entrega relat\u00f3rio ao presidente da Assembleia\" \/>\n<meta property=\"og:url\" content=\"https:\/\/www.ernanipolo.com.br\/wp\/comissao-de-revisao-legal-entrega-relatorio-ao-presidente-da-assembleia\/\" \/>\n<meta property=\"og:site_name\" content=\"Ernani Polo\" \/>\n<meta property=\"article:published_time\" content=\"2020-02-26T21:19:25+00:00\" \/>\n<meta property=\"article:modified_time\" content=\"2020-02-26T21:19:27+00:00\" \/>\n<meta property=\"og:image\" content=\"https:\/\/www.ernanipolo.com.br\/wp\/wp-content\/uploads\/2020\/02\/WhatsApp-Image-2020-02-26-at-16.04.03-3.jpeg\" \/>\n\t<meta property=\"og:image:width\" content=\"1240\" \/>\n\t<meta property=\"og:image:height\" content=\"827\" \/>\n\t<meta property=\"og:image:type\" content=\"image\/jpeg\" \/>\n<meta name=\"author\" content=\"Assessoria\" \/>\n<meta name=\"twitter:card\" content=\"summary_large_image\" \/>\n<meta name=\"twitter:label1\" content=\"Escrito por\" \/>\n\t<meta name=\"twitter:data1\" content=\"Assessoria\" \/>\n\t<meta name=\"twitter:label2\" content=\"Est. tempo de leitura\" \/>\n\t<meta name=\"twitter:data2\" content=\"2 minutos\" \/>\n<script type=\"application\/ld+json\" class=\"yoast-schema-graph\">{\"@context\":\"https:\\\/\\\/schema.org\",\"@graph\":[{\"@type\":\"Article\",\"@id\":\"https:\\\/\\\/www.ernanipolo.com.br\\\/wp\\\/comissao-de-revisao-legal-entrega-relatorio-ao-presidente-da-assembleia\\\/#article\",\"isPartOf\":{\"@id\":\"https:\\\/\\\/www.ernanipolo.com.br\\\/wp\\\/comissao-de-revisao-legal-entrega-relatorio-ao-presidente-da-assembleia\\\/\"},\"author\":{\"name\":\"Assessoria\",\"@id\":\"https:\\\/\\\/www.ernanipolo.com.br\\\/wp\\\/#\\\/schema\\\/person\\\/495081e5f89df1864e457bc25058eb32\"},\"headline\":\"Comiss\u00e3o de Revis\u00e3o Legal entrega relat\u00f3rio ao presidente da Assembleia\",\"datePublished\":\"2020-02-26T21:19:25+00:00\",\"dateModified\":\"2020-02-26T21:19:27+00:00\",\"mainEntityOfPage\":{\"@id\":\"https:\\\/\\\/www.ernanipolo.com.br\\\/wp\\\/comissao-de-revisao-legal-entrega-relatorio-ao-presidente-da-assembleia\\\/\"},\"wordCount\":459,\"commentCount\":0,\"publisher\":{\"@id\":\"https:\\\/\\\/www.ernanipolo.com.br\\\/wp\\\/#organization\"},\"image\":{\"@id\":\"https:\\\/\\\/www.ernanipolo.com.br\\\/wp\\\/comissao-de-revisao-legal-entrega-relatorio-ao-presidente-da-assembleia\\\/#primaryimage\"},\"thumbnailUrl\":\"https:\\\/\\\/www.ernanipolo.com.br\\\/wp\\\/wp-content\\\/uploads\\\/2020\\\/02\\\/WhatsApp-Image-2020-02-26-at-16.04.03-3.jpeg\",\"articleSection\":[\"Not\u00edcias\",\"Destaque\",\"agricultura\"],\"inLanguage\":\"pt-BR\",\"potentialAction\":[{\"@type\":\"CommentAction\",\"name\":\"Comment\",\"target\":[\"https:\\\/\\\/www.ernanipolo.com.br\\\/wp\\\/comissao-de-revisao-legal-entrega-relatorio-ao-presidente-da-assembleia\\\/#respond\"]}]},{\"@type\":\"WebPage\",\"@id\":\"https:\\\/\\\/www.ernanipolo.com.br\\\/wp\\\/comissao-de-revisao-legal-entrega-relatorio-ao-presidente-da-assembleia\\\/\",\"url\":\"https:\\\/\\\/www.ernanipolo.com.br\\\/wp\\\/comissao-de-revisao-legal-entrega-relatorio-ao-presidente-da-assembleia\\\/\",\"name\":\"Comiss\u00e3o de Revis\u00e3o Legal entrega relat\u00f3rio ao presidente da Assembleia - Ernani Polo\",\"isPartOf\":{\"@id\":\"https:\\\/\\\/www.ernanipolo.com.br\\\/wp\\\/#website\"},\"primaryImageOfPage\":{\"@id\":\"https:\\\/\\\/www.ernanipolo.com.br\\\/wp\\\/comissao-de-revisao-legal-entrega-relatorio-ao-presidente-da-assembleia\\\/#primaryimage\"},\"image\":{\"@id\":\"https:\\\/\\\/www.ernanipolo.com.br\\\/wp\\\/comissao-de-revisao-legal-entrega-relatorio-ao-presidente-da-assembleia\\\/#primaryimage\"},\"thumbnailUrl\":\"https:\\\/\\\/www.ernanipolo.com.br\\\/wp\\\/wp-content\\\/uploads\\\/2020\\\/02\\\/WhatsApp-Image-2020-02-26-at-16.04.03-3.jpeg\",\"datePublished\":\"2020-02-26T21:19:25+00:00\",\"dateModified\":\"2020-02-26T21:19:27+00:00\",\"inLanguage\":\"pt-BR\",\"potentialAction\":[{\"@type\":\"ReadAction\",\"target\":[\"https:\\\/\\\/www.ernanipolo.com.br\\\/wp\\\/comissao-de-revisao-legal-entrega-relatorio-ao-presidente-da-assembleia\\\/\"]}]},{\"@type\":\"ImageObject\",\"inLanguage\":\"pt-BR\",\"@id\":\"https:\\\/\\\/www.ernanipolo.com.br\\\/wp\\\/comissao-de-revisao-legal-entrega-relatorio-ao-presidente-da-assembleia\\\/#primaryimage\",\"url\":\"https:\\\/\\\/www.ernanipolo.com.br\\\/wp\\\/wp-content\\\/uploads\\\/2020\\\/02\\\/WhatsApp-Image-2020-02-26-at-16.04.03-3.jpeg\",\"contentUrl\":\"https:\\\/\\\/www.ernanipolo.com.br\\\/wp\\\/wp-content\\\/uploads\\\/2020\\\/02\\\/WhatsApp-Image-2020-02-26-at-16.04.03-3.jpeg\",\"width\":1240,\"height\":827},{\"@type\":\"WebSite\",\"@id\":\"https:\\\/\\\/www.ernanipolo.com.br\\\/wp\\\/#website\",\"url\":\"https:\\\/\\\/www.ernanipolo.com.br\\\/wp\\\/\",\"name\":\"Ernani Polo\",\"description\":\"\",\"publisher\":{\"@id\":\"https:\\\/\\\/www.ernanipolo.com.br\\\/wp\\\/#organization\"},\"potentialAction\":[{\"@type\":\"SearchAction\",\"target\":{\"@type\":\"EntryPoint\",\"urlTemplate\":\"https:\\\/\\\/www.ernanipolo.com.br\\\/wp\\\/?s={search_term_string}\"},\"query-input\":{\"@type\":\"PropertyValueSpecification\",\"valueRequired\":true,\"valueName\":\"search_term_string\"}}],\"inLanguage\":\"pt-BR\"},{\"@type\":\"Organization\",\"@id\":\"https:\\\/\\\/www.ernanipolo.com.br\\\/wp\\\/#organization\",\"name\":\"Ernani Polo\",\"url\":\"https:\\\/\\\/www.ernanipolo.com.br\\\/wp\\\/\",\"logo\":{\"@type\":\"ImageObject\",\"inLanguage\":\"pt-BR\",\"@id\":\"https:\\\/\\\/www.ernanipolo.com.br\\\/wp\\\/#\\\/schema\\\/logo\\\/image\\\/\",\"url\":\"https:\\\/\\\/www.ernanipolo.com.br\\\/wp\\\/wp-content\\\/uploads\\\/2023\\\/09\\\/Logo-Azul-Ernani-Polo.png\",\"contentUrl\":\"https:\\\/\\\/www.ernanipolo.com.br\\\/wp\\\/wp-content\\\/uploads\\\/2023\\\/09\\\/Logo-Azul-Ernani-Polo.png\",\"width\":630,\"height\":162,\"caption\":\"Ernani Polo\"},\"image\":{\"@id\":\"https:\\\/\\\/www.ernanipolo.com.br\\\/wp\\\/#\\\/schema\\\/logo\\\/image\\\/\"}},{\"@type\":\"Person\",\"@id\":\"https:\\\/\\\/www.ernanipolo.com.br\\\/wp\\\/#\\\/schema\\\/person\\\/495081e5f89df1864e457bc25058eb32\",\"name\":\"Assessoria\",\"image\":{\"@type\":\"ImageObject\",\"inLanguage\":\"pt-BR\",\"@id\":\"https:\\\/\\\/secure.gravatar.com\\\/avatar\\\/fb9fbf9c7f51269c39fd7432c2ca37dcb848f2e01061b91c2515b159534f94f8?s=96&d=mm&r=g\",\"url\":\"https:\\\/\\\/secure.gravatar.com\\\/avatar\\\/fb9fbf9c7f51269c39fd7432c2ca37dcb848f2e01061b91c2515b159534f94f8?s=96&d=mm&r=g\",\"contentUrl\":\"https:\\\/\\\/secure.gravatar.com\\\/avatar\\\/fb9fbf9c7f51269c39fd7432c2ca37dcb848f2e01061b91c2515b159534f94f8?s=96&d=mm&r=g\",\"caption\":\"Assessoria\"},\"url\":\"https:\\\/\\\/www.ernanipolo.com.br\\\/wp\\\/author\\\/assessoria\\\/\"}]}<\/script>\n<!-- \/ Yoast SEO plugin. -->","yoast_head_json":{"title":"Comiss\u00e3o de Revis\u00e3o Legal entrega relat\u00f3rio ao presidente da Assembleia - Ernani Polo","robots":{"index":"index","follow":"follow","max-snippet":"max-snippet:-1","max-image-preview":"max-image-preview:large","max-video-preview":"max-video-preview:-1"},"canonical":"https:\/\/www.ernanipolo.com.br\/wp\/comissao-de-revisao-legal-entrega-relatorio-ao-presidente-da-assembleia\/","og_locale":"pt_BR","og_type":"article","og_title":"Comiss\u00e3o de Revis\u00e3o Legal entrega relat\u00f3rio ao presidente da Assembleia - Ernani Polo","og_description":"O presidente da Assembleia Legislativa, Ernani Polo (PP), recebeu nesta quarta-feira (26) um documento do deputado Giuseppe Riesgo (Novo) com &hellip; Continue reading Comiss\u00e3o de Revis\u00e3o Legal entrega relat\u00f3rio ao presidente da Assembleia","og_url":"https:\/\/www.ernanipolo.com.br\/wp\/comissao-de-revisao-legal-entrega-relatorio-ao-presidente-da-assembleia\/","og_site_name":"Ernani Polo","article_published_time":"2020-02-26T21:19:25+00:00","article_modified_time":"2020-02-26T21:19:27+00:00","og_image":[{"width":1240,"height":827,"url":"https:\/\/www.ernanipolo.com.br\/wp\/wp-content\/uploads\/2020\/02\/WhatsApp-Image-2020-02-26-at-16.04.03-3.jpeg","type":"image\/jpeg"}],"author":"Assessoria","twitter_card":"summary_large_image","twitter_misc":{"Escrito por":"Assessoria","Est. tempo de leitura":"2 minutos"},"schema":{"@context":"https:\/\/schema.org","@graph":[{"@type":"Article","@id":"https:\/\/www.ernanipolo.com.br\/wp\/comissao-de-revisao-legal-entrega-relatorio-ao-presidente-da-assembleia\/#article","isPartOf":{"@id":"https:\/\/www.ernanipolo.com.br\/wp\/comissao-de-revisao-legal-entrega-relatorio-ao-presidente-da-assembleia\/"},"author":{"name":"Assessoria","@id":"https:\/\/www.ernanipolo.com.br\/wp\/#\/schema\/person\/495081e5f89df1864e457bc25058eb32"},"headline":"Comiss\u00e3o de Revis\u00e3o Legal entrega relat\u00f3rio ao presidente da Assembleia","datePublished":"2020-02-26T21:19:25+00:00","dateModified":"2020-02-26T21:19:27+00:00","mainEntityOfPage":{"@id":"https:\/\/www.ernanipolo.com.br\/wp\/comissao-de-revisao-legal-entrega-relatorio-ao-presidente-da-assembleia\/"},"wordCount":459,"commentCount":0,"publisher":{"@id":"https:\/\/www.ernanipolo.com.br\/wp\/#organization"},"image":{"@id":"https:\/\/www.ernanipolo.com.br\/wp\/comissao-de-revisao-legal-entrega-relatorio-ao-presidente-da-assembleia\/#primaryimage"},"thumbnailUrl":"https:\/\/www.ernanipolo.com.br\/wp\/wp-content\/uploads\/2020\/02\/WhatsApp-Image-2020-02-26-at-16.04.03-3.jpeg","articleSection":["Not\u00edcias","Destaque","agricultura"],"inLanguage":"pt-BR","potentialAction":[{"@type":"CommentAction","name":"Comment","target":["https:\/\/www.ernanipolo.com.br\/wp\/comissao-de-revisao-legal-entrega-relatorio-ao-presidente-da-assembleia\/#respond"]}]},{"@type":"WebPage","@id":"https:\/\/www.ernanipolo.com.br\/wp\/comissao-de-revisao-legal-entrega-relatorio-ao-presidente-da-assembleia\/","url":"https:\/\/www.ernanipolo.com.br\/wp\/comissao-de-revisao-legal-entrega-relatorio-ao-presidente-da-assembleia\/","name":"Comiss\u00e3o de Revis\u00e3o Legal entrega relat\u00f3rio ao presidente da Assembleia - Ernani Polo","isPartOf":{"@id":"https:\/\/www.ernanipolo.com.br\/wp\/#website"},"primaryImageOfPage":{"@id":"https:\/\/www.ernanipolo.com.br\/wp\/comissao-de-revisao-legal-entrega-relatorio-ao-presidente-da-assembleia\/#primaryimage"},"image":{"@id":"https:\/\/www.ernanipolo.com.br\/wp\/comissao-de-revisao-legal-entrega-relatorio-ao-presidente-da-assembleia\/#primaryimage"},"thumbnailUrl":"https:\/\/www.ernanipolo.com.br\/wp\/wp-content\/uploads\/2020\/02\/WhatsApp-Image-2020-02-26-at-16.04.03-3.jpeg","datePublished":"2020-02-26T21:19:25+00:00","dateModified":"2020-02-26T21:19:27+00:00","inLanguage":"pt-BR","potentialAction":[{"@type":"ReadAction","target":["https:\/\/www.ernanipolo.com.br\/wp\/comissao-de-revisao-legal-entrega-relatorio-ao-presidente-da-assembleia\/"]}]},{"@type":"ImageObject","inLanguage":"pt-BR","@id":"https:\/\/www.ernanipolo.com.br\/wp\/comissao-de-revisao-legal-entrega-relatorio-ao-presidente-da-assembleia\/#primaryimage","url":"https:\/\/www.ernanipolo.com.br\/wp\/wp-content\/uploads\/2020\/02\/WhatsApp-Image-2020-02-26-at-16.04.03-3.jpeg","contentUrl":"https:\/\/www.ernanipolo.com.br\/wp\/wp-content\/uploads\/2020\/02\/WhatsApp-Image-2020-02-26-at-16.04.03-3.jpeg","width":1240,"height":827},{"@type":"WebSite","@id":"https:\/\/www.ernanipolo.com.br\/wp\/#website","url":"https:\/\/www.ernanipolo.com.br\/wp\/","name":"Ernani Polo","description":"","publisher":{"@id":"https:\/\/www.ernanipolo.com.br\/wp\/#organization"},"potentialAction":[{"@type":"SearchAction","target":{"@type":"EntryPoint","urlTemplate":"https:\/\/www.ernanipolo.com.br\/wp\/?s={search_term_string}"},"query-input":{"@type":"PropertyValueSpecification","valueRequired":true,"valueName":"search_term_string"}}],"inLanguage":"pt-BR"},{"@type":"Organization","@id":"https:\/\/www.ernanipolo.com.br\/wp\/#organization","name":"Ernani Polo","url":"https:\/\/www.ernanipolo.com.br\/wp\/","logo":{"@type":"ImageObject","inLanguage":"pt-BR","@id":"https:\/\/www.ernanipolo.com.br\/wp\/#\/schema\/logo\/image\/","url":"https:\/\/www.ernanipolo.com.br\/wp\/wp-content\/uploads\/2023\/09\/Logo-Azul-Ernani-Polo.png","contentUrl":"https:\/\/www.ernanipolo.com.br\/wp\/wp-content\/uploads\/2023\/09\/Logo-Azul-Ernani-Polo.png","width":630,"height":162,"caption":"Ernani Polo"},"image":{"@id":"https:\/\/www.ernanipolo.com.br\/wp\/#\/schema\/logo\/image\/"}},{"@type":"Person","@id":"https:\/\/www.ernanipolo.com.br\/wp\/#\/schema\/person\/495081e5f89df1864e457bc25058eb32","name":"Assessoria","image":{"@type":"ImageObject","inLanguage":"pt-BR","@id":"https:\/\/secure.gravatar.com\/avatar\/fb9fbf9c7f51269c39fd7432c2ca37dcb848f2e01061b91c2515b159534f94f8?s=96&d=mm&r=g","url":"https:\/\/secure.gravatar.com\/avatar\/fb9fbf9c7f51269c39fd7432c2ca37dcb848f2e01061b91c2515b159534f94f8?s=96&d=mm&r=g","contentUrl":"https:\/\/secure.gravatar.com\/avatar\/fb9fbf9c7f51269c39fd7432c2ca37dcb848f2e01061b91c2515b159534f94f8?s=96&d=mm&r=g","caption":"Assessoria"},"url":"https:\/\/www.ernanipolo.com.br\/wp\/author\/assessoria\/"}]}},"jetpack_featured_media_url":"https:\/\/www.ernanipolo.com.br\/wp\/wp-content\/uploads\/2020\/02\/WhatsApp-Image-2020-02-26-at-16.04.03-3.jpeg","jetpack_sharing_enabled":true,"_links":{"self":[{"href":"https:\/\/www.ernanipolo.com.br\/wp\/wp-json\/wp\/v2\/posts\/2366","targetHints":{"allow":["GET"]}}],"collection":[{"href":"https:\/\/www.ernanipolo.com.br\/wp\/wp-json\/wp\/v2\/posts"}],"about":[{"href":"https:\/\/www.ernanipolo.com.br\/wp\/wp-json\/wp\/v2\/types\/post"}],"author":[{"embeddable":true,"href":"https:\/\/www.ernanipolo.com.br\/wp\/wp-json\/wp\/v2\/users\/3"}],"replies":[{"embeddable":true,"href":"https:\/\/www.ernanipolo.com.br\/wp\/wp-json\/wp\/v2\/comments?post=2366"}],"version-history":[{"count":0,"href":"https:\/\/www.ernanipolo.com.br\/wp\/wp-json\/wp\/v2\/posts\/2366\/revisions"}],"wp:featuredmedia":[{"embeddable":true,"href":"https:\/\/www.ernanipolo.com.br\/wp\/wp-json\/wp\/v2\/media\/2367"}],"wp:attachment":[{"href":"https:\/\/www.ernanipolo.com.br\/wp\/wp-json\/wp\/v2\/media?parent=2366"}],"wp:term":[{"taxonomy":"category","embeddable":true,"href":"https:\/\/www.ernanipolo.com.br\/wp\/wp-json\/wp\/v2\/categories?post=2366"},{"taxonomy":"post_tag","embeddable":true,"href":"https:\/\/www.ernanipolo.com.br\/wp\/wp-json\/wp\/v2\/tags?post=2366"}],"curies":[{"name":"wp","href":"https:\/\/api.w.org\/{rel}","templated":true}]}}