{"id":2338,"date":"2020-02-19T16:31:08","date_gmt":"2020-02-19T19:31:08","guid":{"rendered":"http:\/\/www.ernanipolo.com.br\/wp\/?p=2338"},"modified":"2020-02-19T16:31:09","modified_gmt":"2020-02-19T19:31:09","slug":"temos-de-fazer-o-que-precisa-ser-feito-para-avancar-diz-polo-sobre-aftosa","status":"publish","type":"post","link":"https:\/\/www.ernanipolo.com.br\/wp\/temos-de-fazer-o-que-precisa-ser-feito-para-avancar-diz-polo-sobre-aftosa\/","title":{"rendered":"\u201cTemos de fazer o que precisa ser feito para avan\u00e7ar\u201d, diz Polo sobre aftosa"},"content":{"rendered":"\n<p><\/p>\n\n\n\n<p>O presidente da Assembleia Legislativa, Ernani Polo (PP), participou na manh\u00e3 desta quarta-feira de evento da Farsul (Federa\u00e7\u00e3o da Agricultura do RS) sobre a febre aftosa. O objetivo do encontro, realizado no Hotel Continental, em Porto Alegre, \u00e9 definir a posi\u00e7\u00e3o da entidade sobre a retirada ou n\u00e3o da vacina\u00e7\u00e3o contra a aftosa no rebanho ga\u00facho. <\/p>\n\n\n\n<p>\u201c\u00c0s vezes, perdemos muito tempo discutindo se somos contra ou a favor. Temos de concentrar nossa energia no que precisa ser feito para avan\u00e7ar\u201d, discursou o presidente do Parlamento a um p\u00fablico de cerca de 200 pessoas ligadas a entidades dos setores de agricultura e prote\u00edna animal.<\/p>\n\n\n\n<p>O Rio Grande avalia antecipar a vacina\u00e7\u00e3o de maio para mar\u00e7o a fim de conseguir alterar o status sanit\u00e1rio para \u00e1rea livre de aftosa, anteriormente previsto para 2021. O presidente da Farsul, Gede\u00e3o Pereira, deve anunciar a posi\u00e7\u00e3o ainda hoje.<\/p>\n\n\n\n<p>Polo analisou que h\u00e1 riscos tanto se a vacina\u00e7\u00e3o for retirada quanto mantida. \u201cQuando se fala em risco, se tirar a vacina contra a aftosa h\u00e1 risco de voltar o v\u00edrus, como tem tamb\u00e9m se vacinar. Quando tivemos os casos aqui, est\u00e1vamos com cobertura vacinal. Bom, se n\u00e3o vamos tirar, vamos ter riscos tamb\u00e9m: de voltar e de perder muitos investimentos aqui no Estado que est\u00e3o indo para outras regi\u00f5es\u201d, declarou.<\/p>\n","protected":false},"excerpt":{"rendered":"<p>O presidente da Assembleia Legislativa, Ernani Polo (PP), participou na manh\u00e3 desta quarta-feira de evento da Farsul (Federa\u00e7\u00e3o da Agricultura &hellip; <a href=\"https:\/\/www.ernanipolo.com.br\/wp\/temos-de-fazer-o-que-precisa-ser-feito-para-avancar-diz-polo-sobre-aftosa\/\" class=\"more-link\">Continue reading <span class=\"screen-reader-text\">\u201cTemos de fazer o que precisa ser feito para avan\u00e7ar\u201d, diz Polo sobre aftosa<\/span><\/a><\/p>\n","protected":false},"author":3,"featured_media":2339,"comment_status":"open","ping_status":"open","sticky":false,"template":"","format":"standard","meta":{"_acf_changed":false,"_jetpack_memberships_contains_paid_content":false,"footnotes":""},"categories":[37,39,45],"tags":[40],"class_list":["post-2338","post","type-post","status-publish","format-standard","has-post-thumbnail","hentry","category-noticias","category-destaque","category-agricultura","tag-agricultura"],"acf":[],"yoast_head":"<!-- This site is optimized with the Yoast SEO plugin v27.5 - https:\/\/yoast.com\/product\/yoast-seo-wordpress\/ -->\n<title>\u201cTemos de fazer o que precisa ser feito para avan\u00e7ar\u201d, diz Polo sobre aftosa - Ernani Polo<\/title>\n<meta name=\"robots\" content=\"index, follow, max-snippet:-1, max-image-preview:large, max-video-preview:-1\" \/>\n<link rel=\"canonical\" href=\"https:\/\/www.ernanipolo.com.br\/wp\/temos-de-fazer-o-que-precisa-ser-feito-para-avancar-diz-polo-sobre-aftosa\/\" \/>\n<meta property=\"og:locale\" content=\"pt_BR\" \/>\n<meta property=\"og:type\" content=\"article\" \/>\n<meta property=\"og:title\" content=\"\u201cTemos de fazer o que precisa ser feito para avan\u00e7ar\u201d, diz Polo sobre aftosa - Ernani Polo\" \/>\n<meta property=\"og:description\" content=\"O presidente da Assembleia Legislativa, Ernani Polo (PP), participou na manh\u00e3 desta quarta-feira de evento da Farsul (Federa\u00e7\u00e3o da Agricultura &hellip; Continue reading \u201cTemos de fazer o que precisa ser feito para avan\u00e7ar\u201d, diz Polo sobre aftosa\" \/>\n<meta property=\"og:url\" content=\"https:\/\/www.ernanipolo.com.br\/wp\/temos-de-fazer-o-que-precisa-ser-feito-para-avancar-diz-polo-sobre-aftosa\/\" \/>\n<meta property=\"og:site_name\" content=\"Ernani Polo\" \/>\n<meta property=\"article:published_time\" content=\"2020-02-19T19:31:08+00:00\" \/>\n<meta property=\"article:modified_time\" content=\"2020-02-19T19:31:09+00:00\" \/>\n<meta property=\"og:image\" content=\"https:\/\/www.ernanipolo.com.br\/wp\/wp-content\/uploads\/2020\/02\/WhatsApp-Image-2020-02-19-at-12.45.43-1.jpeg\" \/>\n\t<meta property=\"og:image:width\" content=\"1240\" \/>\n\t<meta property=\"og:image:height\" content=\"827\" \/>\n\t<meta property=\"og:image:type\" content=\"image\/jpeg\" \/>\n<meta name=\"author\" content=\"Assessoria\" \/>\n<meta name=\"twitter:card\" content=\"summary_large_image\" \/>\n<meta name=\"twitter:label1\" content=\"Escrito por\" \/>\n\t<meta name=\"twitter:data1\" content=\"Assessoria\" \/>\n\t<meta name=\"twitter:label2\" content=\"Est. tempo de leitura\" \/>\n\t<meta name=\"twitter:data2\" content=\"1 minuto\" \/>\n<script type=\"application\/ld+json\" class=\"yoast-schema-graph\">{\"@context\":\"https:\\\/\\\/schema.org\",\"@graph\":[{\"@type\":\"Article\",\"@id\":\"https:\\\/\\\/www.ernanipolo.com.br\\\/wp\\\/temos-de-fazer-o-que-precisa-ser-feito-para-avancar-diz-polo-sobre-aftosa\\\/#article\",\"isPartOf\":{\"@id\":\"https:\\\/\\\/www.ernanipolo.com.br\\\/wp\\\/temos-de-fazer-o-que-precisa-ser-feito-para-avancar-diz-polo-sobre-aftosa\\\/\"},\"author\":{\"name\":\"Assessoria\",\"@id\":\"https:\\\/\\\/www.ernanipolo.com.br\\\/wp\\\/#\\\/schema\\\/person\\\/495081e5f89df1864e457bc25058eb32\"},\"headline\":\"\u201cTemos de fazer o que precisa ser feito para avan\u00e7ar\u201d, diz Polo sobre aftosa\",\"datePublished\":\"2020-02-19T19:31:08+00:00\",\"dateModified\":\"2020-02-19T19:31:09+00:00\",\"mainEntityOfPage\":{\"@id\":\"https:\\\/\\\/www.ernanipolo.com.br\\\/wp\\\/temos-de-fazer-o-que-precisa-ser-feito-para-avancar-diz-polo-sobre-aftosa\\\/\"},\"wordCount\":247,\"commentCount\":0,\"publisher\":{\"@id\":\"https:\\\/\\\/www.ernanipolo.com.br\\\/wp\\\/#organization\"},\"image\":{\"@id\":\"https:\\\/\\\/www.ernanipolo.com.br\\\/wp\\\/temos-de-fazer-o-que-precisa-ser-feito-para-avancar-diz-polo-sobre-aftosa\\\/#primaryimage\"},\"thumbnailUrl\":\"https:\\\/\\\/www.ernanipolo.com.br\\\/wp\\\/wp-content\\\/uploads\\\/2020\\\/02\\\/WhatsApp-Image-2020-02-19-at-12.45.43-1.jpeg\",\"keywords\":[\"agricultura\"],\"articleSection\":[\"Not\u00edcias\",\"Destaque\",\"agricultura\"],\"inLanguage\":\"pt-BR\",\"potentialAction\":[{\"@type\":\"CommentAction\",\"name\":\"Comment\",\"target\":[\"https:\\\/\\\/www.ernanipolo.com.br\\\/wp\\\/temos-de-fazer-o-que-precisa-ser-feito-para-avancar-diz-polo-sobre-aftosa\\\/#respond\"]}]},{\"@type\":\"WebPage\",\"@id\":\"https:\\\/\\\/www.ernanipolo.com.br\\\/wp\\\/temos-de-fazer-o-que-precisa-ser-feito-para-avancar-diz-polo-sobre-aftosa\\\/\",\"url\":\"https:\\\/\\\/www.ernanipolo.com.br\\\/wp\\\/temos-de-fazer-o-que-precisa-ser-feito-para-avancar-diz-polo-sobre-aftosa\\\/\",\"name\":\"\u201cTemos de fazer o que precisa ser feito para avan\u00e7ar\u201d, diz Polo sobre aftosa - Ernani Polo\",\"isPartOf\":{\"@id\":\"https:\\\/\\\/www.ernanipolo.com.br\\\/wp\\\/#website\"},\"primaryImageOfPage\":{\"@id\":\"https:\\\/\\\/www.ernanipolo.com.br\\\/wp\\\/temos-de-fazer-o-que-precisa-ser-feito-para-avancar-diz-polo-sobre-aftosa\\\/#primaryimage\"},\"image\":{\"@id\":\"https:\\\/\\\/www.ernanipolo.com.br\\\/wp\\\/temos-de-fazer-o-que-precisa-ser-feito-para-avancar-diz-polo-sobre-aftosa\\\/#primaryimage\"},\"thumbnailUrl\":\"https:\\\/\\\/www.ernanipolo.com.br\\\/wp\\\/wp-content\\\/uploads\\\/2020\\\/02\\\/WhatsApp-Image-2020-02-19-at-12.45.43-1.jpeg\",\"datePublished\":\"2020-02-19T19:31:08+00:00\",\"dateModified\":\"2020-02-19T19:31:09+00:00\",\"inLanguage\":\"pt-BR\",\"potentialAction\":[{\"@type\":\"ReadAction\",\"target\":[\"https:\\\/\\\/www.ernanipolo.com.br\\\/wp\\\/temos-de-fazer-o-que-precisa-ser-feito-para-avancar-diz-polo-sobre-aftosa\\\/\"]}]},{\"@type\":\"ImageObject\",\"inLanguage\":\"pt-BR\",\"@id\":\"https:\\\/\\\/www.ernanipolo.com.br\\\/wp\\\/temos-de-fazer-o-que-precisa-ser-feito-para-avancar-diz-polo-sobre-aftosa\\\/#primaryimage\",\"url\":\"https:\\\/\\\/www.ernanipolo.com.br\\\/wp\\\/wp-content\\\/uploads\\\/2020\\\/02\\\/WhatsApp-Image-2020-02-19-at-12.45.43-1.jpeg\",\"contentUrl\":\"https:\\\/\\\/www.ernanipolo.com.br\\\/wp\\\/wp-content\\\/uploads\\\/2020\\\/02\\\/WhatsApp-Image-2020-02-19-at-12.45.43-1.jpeg\",\"width\":1240,\"height\":827},{\"@type\":\"WebSite\",\"@id\":\"https:\\\/\\\/www.ernanipolo.com.br\\\/wp\\\/#website\",\"url\":\"https:\\\/\\\/www.ernanipolo.com.br\\\/wp\\\/\",\"name\":\"Ernani Polo\",\"description\":\"\",\"publisher\":{\"@id\":\"https:\\\/\\\/www.ernanipolo.com.br\\\/wp\\\/#organization\"},\"potentialAction\":[{\"@type\":\"SearchAction\",\"target\":{\"@type\":\"EntryPoint\",\"urlTemplate\":\"https:\\\/\\\/www.ernanipolo.com.br\\\/wp\\\/?s={search_term_string}\"},\"query-input\":{\"@type\":\"PropertyValueSpecification\",\"valueRequired\":true,\"valueName\":\"search_term_string\"}}],\"inLanguage\":\"pt-BR\"},{\"@type\":\"Organization\",\"@id\":\"https:\\\/\\\/www.ernanipolo.com.br\\\/wp\\\/#organization\",\"name\":\"Ernani Polo\",\"url\":\"https:\\\/\\\/www.ernanipolo.com.br\\\/wp\\\/\",\"logo\":{\"@type\":\"ImageObject\",\"inLanguage\":\"pt-BR\",\"@id\":\"https:\\\/\\\/www.ernanipolo.com.br\\\/wp\\\/#\\\/schema\\\/logo\\\/image\\\/\",\"url\":\"https:\\\/\\\/www.ernanipolo.com.br\\\/wp\\\/wp-content\\\/uploads\\\/2023\\\/09\\\/Logo-Azul-Ernani-Polo.png\",\"contentUrl\":\"https:\\\/\\\/www.ernanipolo.com.br\\\/wp\\\/wp-content\\\/uploads\\\/2023\\\/09\\\/Logo-Azul-Ernani-Polo.png\",\"width\":630,\"height\":162,\"caption\":\"Ernani Polo\"},\"image\":{\"@id\":\"https:\\\/\\\/www.ernanipolo.com.br\\\/wp\\\/#\\\/schema\\\/logo\\\/image\\\/\"}},{\"@type\":\"Person\",\"@id\":\"https:\\\/\\\/www.ernanipolo.com.br\\\/wp\\\/#\\\/schema\\\/person\\\/495081e5f89df1864e457bc25058eb32\",\"name\":\"Assessoria\",\"image\":{\"@type\":\"ImageObject\",\"inLanguage\":\"pt-BR\",\"@id\":\"https:\\\/\\\/secure.gravatar.com\\\/avatar\\\/fb9fbf9c7f51269c39fd7432c2ca37dcb848f2e01061b91c2515b159534f94f8?s=96&d=mm&r=g\",\"url\":\"https:\\\/\\\/secure.gravatar.com\\\/avatar\\\/fb9fbf9c7f51269c39fd7432c2ca37dcb848f2e01061b91c2515b159534f94f8?s=96&d=mm&r=g\",\"contentUrl\":\"https:\\\/\\\/secure.gravatar.com\\\/avatar\\\/fb9fbf9c7f51269c39fd7432c2ca37dcb848f2e01061b91c2515b159534f94f8?s=96&d=mm&r=g\",\"caption\":\"Assessoria\"},\"url\":\"https:\\\/\\\/www.ernanipolo.com.br\\\/wp\\\/author\\\/assessoria\\\/\"}]}<\/script>\n<!-- \/ Yoast SEO plugin. -->","yoast_head_json":{"title":"\u201cTemos de fazer o que precisa ser feito para avan\u00e7ar\u201d, diz Polo sobre aftosa - Ernani Polo","robots":{"index":"index","follow":"follow","max-snippet":"max-snippet:-1","max-image-preview":"max-image-preview:large","max-video-preview":"max-video-preview:-1"},"canonical":"https:\/\/www.ernanipolo.com.br\/wp\/temos-de-fazer-o-que-precisa-ser-feito-para-avancar-diz-polo-sobre-aftosa\/","og_locale":"pt_BR","og_type":"article","og_title":"\u201cTemos de fazer o que precisa ser feito para avan\u00e7ar\u201d, diz Polo sobre aftosa - Ernani Polo","og_description":"O presidente da Assembleia Legislativa, Ernani Polo (PP), participou na manh\u00e3 desta quarta-feira de evento da Farsul (Federa\u00e7\u00e3o da Agricultura &hellip; Continue reading \u201cTemos de fazer o que precisa ser feito para avan\u00e7ar\u201d, diz Polo sobre aftosa","og_url":"https:\/\/www.ernanipolo.com.br\/wp\/temos-de-fazer-o-que-precisa-ser-feito-para-avancar-diz-polo-sobre-aftosa\/","og_site_name":"Ernani Polo","article_published_time":"2020-02-19T19:31:08+00:00","article_modified_time":"2020-02-19T19:31:09+00:00","og_image":[{"width":1240,"height":827,"url":"https:\/\/www.ernanipolo.com.br\/wp\/wp-content\/uploads\/2020\/02\/WhatsApp-Image-2020-02-19-at-12.45.43-1.jpeg","type":"image\/jpeg"}],"author":"Assessoria","twitter_card":"summary_large_image","twitter_misc":{"Escrito por":"Assessoria","Est. tempo de leitura":"1 minuto"},"schema":{"@context":"https:\/\/schema.org","@graph":[{"@type":"Article","@id":"https:\/\/www.ernanipolo.com.br\/wp\/temos-de-fazer-o-que-precisa-ser-feito-para-avancar-diz-polo-sobre-aftosa\/#article","isPartOf":{"@id":"https:\/\/www.ernanipolo.com.br\/wp\/temos-de-fazer-o-que-precisa-ser-feito-para-avancar-diz-polo-sobre-aftosa\/"},"author":{"name":"Assessoria","@id":"https:\/\/www.ernanipolo.com.br\/wp\/#\/schema\/person\/495081e5f89df1864e457bc25058eb32"},"headline":"\u201cTemos de fazer o que precisa ser feito para avan\u00e7ar\u201d, diz Polo sobre aftosa","datePublished":"2020-02-19T19:31:08+00:00","dateModified":"2020-02-19T19:31:09+00:00","mainEntityOfPage":{"@id":"https:\/\/www.ernanipolo.com.br\/wp\/temos-de-fazer-o-que-precisa-ser-feito-para-avancar-diz-polo-sobre-aftosa\/"},"wordCount":247,"commentCount":0,"publisher":{"@id":"https:\/\/www.ernanipolo.com.br\/wp\/#organization"},"image":{"@id":"https:\/\/www.ernanipolo.com.br\/wp\/temos-de-fazer-o-que-precisa-ser-feito-para-avancar-diz-polo-sobre-aftosa\/#primaryimage"},"thumbnailUrl":"https:\/\/www.ernanipolo.com.br\/wp\/wp-content\/uploads\/2020\/02\/WhatsApp-Image-2020-02-19-at-12.45.43-1.jpeg","keywords":["agricultura"],"articleSection":["Not\u00edcias","Destaque","agricultura"],"inLanguage":"pt-BR","potentialAction":[{"@type":"CommentAction","name":"Comment","target":["https:\/\/www.ernanipolo.com.br\/wp\/temos-de-fazer-o-que-precisa-ser-feito-para-avancar-diz-polo-sobre-aftosa\/#respond"]}]},{"@type":"WebPage","@id":"https:\/\/www.ernanipolo.com.br\/wp\/temos-de-fazer-o-que-precisa-ser-feito-para-avancar-diz-polo-sobre-aftosa\/","url":"https:\/\/www.ernanipolo.com.br\/wp\/temos-de-fazer-o-que-precisa-ser-feito-para-avancar-diz-polo-sobre-aftosa\/","name":"\u201cTemos de fazer o que precisa ser feito para avan\u00e7ar\u201d, diz Polo sobre aftosa - Ernani Polo","isPartOf":{"@id":"https:\/\/www.ernanipolo.com.br\/wp\/#website"},"primaryImageOfPage":{"@id":"https:\/\/www.ernanipolo.com.br\/wp\/temos-de-fazer-o-que-precisa-ser-feito-para-avancar-diz-polo-sobre-aftosa\/#primaryimage"},"image":{"@id":"https:\/\/www.ernanipolo.com.br\/wp\/temos-de-fazer-o-que-precisa-ser-feito-para-avancar-diz-polo-sobre-aftosa\/#primaryimage"},"thumbnailUrl":"https:\/\/www.ernanipolo.com.br\/wp\/wp-content\/uploads\/2020\/02\/WhatsApp-Image-2020-02-19-at-12.45.43-1.jpeg","datePublished":"2020-02-19T19:31:08+00:00","dateModified":"2020-02-19T19:31:09+00:00","inLanguage":"pt-BR","potentialAction":[{"@type":"ReadAction","target":["https:\/\/www.ernanipolo.com.br\/wp\/temos-de-fazer-o-que-precisa-ser-feito-para-avancar-diz-polo-sobre-aftosa\/"]}]},{"@type":"ImageObject","inLanguage":"pt-BR","@id":"https:\/\/www.ernanipolo.com.br\/wp\/temos-de-fazer-o-que-precisa-ser-feito-para-avancar-diz-polo-sobre-aftosa\/#primaryimage","url":"https:\/\/www.ernanipolo.com.br\/wp\/wp-content\/uploads\/2020\/02\/WhatsApp-Image-2020-02-19-at-12.45.43-1.jpeg","contentUrl":"https:\/\/www.ernanipolo.com.br\/wp\/wp-content\/uploads\/2020\/02\/WhatsApp-Image-2020-02-19-at-12.45.43-1.jpeg","width":1240,"height":827},{"@type":"WebSite","@id":"https:\/\/www.ernanipolo.com.br\/wp\/#website","url":"https:\/\/www.ernanipolo.com.br\/wp\/","name":"Ernani Polo","description":"","publisher":{"@id":"https:\/\/www.ernanipolo.com.br\/wp\/#organization"},"potentialAction":[{"@type":"SearchAction","target":{"@type":"EntryPoint","urlTemplate":"https:\/\/www.ernanipolo.com.br\/wp\/?s={search_term_string}"},"query-input":{"@type":"PropertyValueSpecification","valueRequired":true,"valueName":"search_term_string"}}],"inLanguage":"pt-BR"},{"@type":"Organization","@id":"https:\/\/www.ernanipolo.com.br\/wp\/#organization","name":"Ernani Polo","url":"https:\/\/www.ernanipolo.com.br\/wp\/","logo":{"@type":"ImageObject","inLanguage":"pt-BR","@id":"https:\/\/www.ernanipolo.com.br\/wp\/#\/schema\/logo\/image\/","url":"https:\/\/www.ernanipolo.com.br\/wp\/wp-content\/uploads\/2023\/09\/Logo-Azul-Ernani-Polo.png","contentUrl":"https:\/\/www.ernanipolo.com.br\/wp\/wp-content\/uploads\/2023\/09\/Logo-Azul-Ernani-Polo.png","width":630,"height":162,"caption":"Ernani Polo"},"image":{"@id":"https:\/\/www.ernanipolo.com.br\/wp\/#\/schema\/logo\/image\/"}},{"@type":"Person","@id":"https:\/\/www.ernanipolo.com.br\/wp\/#\/schema\/person\/495081e5f89df1864e457bc25058eb32","name":"Assessoria","image":{"@type":"ImageObject","inLanguage":"pt-BR","@id":"https:\/\/secure.gravatar.com\/avatar\/fb9fbf9c7f51269c39fd7432c2ca37dcb848f2e01061b91c2515b159534f94f8?s=96&d=mm&r=g","url":"https:\/\/secure.gravatar.com\/avatar\/fb9fbf9c7f51269c39fd7432c2ca37dcb848f2e01061b91c2515b159534f94f8?s=96&d=mm&r=g","contentUrl":"https:\/\/secure.gravatar.com\/avatar\/fb9fbf9c7f51269c39fd7432c2ca37dcb848f2e01061b91c2515b159534f94f8?s=96&d=mm&r=g","caption":"Assessoria"},"url":"https:\/\/www.ernanipolo.com.br\/wp\/author\/assessoria\/"}]}},"jetpack_featured_media_url":"https:\/\/www.ernanipolo.com.br\/wp\/wp-content\/uploads\/2020\/02\/WhatsApp-Image-2020-02-19-at-12.45.43-1.jpeg","jetpack_sharing_enabled":true,"_links":{"self":[{"href":"https:\/\/www.ernanipolo.com.br\/wp\/wp-json\/wp\/v2\/posts\/2338","targetHints":{"allow":["GET"]}}],"collection":[{"href":"https:\/\/www.ernanipolo.com.br\/wp\/wp-json\/wp\/v2\/posts"}],"about":[{"href":"https:\/\/www.ernanipolo.com.br\/wp\/wp-json\/wp\/v2\/types\/post"}],"author":[{"embeddable":true,"href":"https:\/\/www.ernanipolo.com.br\/wp\/wp-json\/wp\/v2\/users\/3"}],"replies":[{"embeddable":true,"href":"https:\/\/www.ernanipolo.com.br\/wp\/wp-json\/wp\/v2\/comments?post=2338"}],"version-history":[{"count":0,"href":"https:\/\/www.ernanipolo.com.br\/wp\/wp-json\/wp\/v2\/posts\/2338\/revisions"}],"wp:featuredmedia":[{"embeddable":true,"href":"https:\/\/www.ernanipolo.com.br\/wp\/wp-json\/wp\/v2\/media\/2339"}],"wp:attachment":[{"href":"https:\/\/www.ernanipolo.com.br\/wp\/wp-json\/wp\/v2\/media?parent=2338"}],"wp:term":[{"taxonomy":"category","embeddable":true,"href":"https:\/\/www.ernanipolo.com.br\/wp\/wp-json\/wp\/v2\/categories?post=2338"},{"taxonomy":"post_tag","embeddable":true,"href":"https:\/\/www.ernanipolo.com.br\/wp\/wp-json\/wp\/v2\/tags?post=2338"}],"curies":[{"name":"wp","href":"https:\/\/api.w.org\/{rel}","templated":true}]}}