{"id":1879,"date":"2019-08-28T17:53:23","date_gmt":"2019-08-28T20:53:23","guid":{"rendered":"http:\/\/www.ernanipolo.com.br\/wp\/?p=1879"},"modified":"2019-08-28T17:53:25","modified_gmt":"2019-08-28T20:53:25","slug":"ernani-polo-concede-medalha-da-55a-legislatura-a-atleta-santiaguense","status":"publish","type":"post","link":"https:\/\/www.ernanipolo.com.br\/wp\/ernani-polo-concede-medalha-da-55a-legislatura-a-atleta-santiaguense\/","title":{"rendered":"Ernani Polo concede medalha da 55\u00aa legislatura a atleta santiaguense"},"content":{"rendered":"\n<p>Na tarde desta quarta-feira, 28, na presen\u00e7a do governador do Estado Eduardo Leite, o deputado Ernani Polo entregou a medalha da 55\u00aa legislatura da Assembleia Legislativa ao santiaguense Douglas Minuzzi, o Dod\u00f4, durante a realiza\u00e7\u00e3o da 42\u00aa Expointer. <br> Dod\u00f4 tem s\u00edndrome de down e conquistou o 1\u00ba lugar na 4\u00aa etapa do circuito Sul-Brasileiro de Jud\u00f4, no Uruguai. &#8220;Esta sua conquista e supera\u00e7\u00e3o precisam ser reconhecidas, portanto esta homenagem \u00e9 mais que merecida principalmente por sua dedica\u00e7\u00e3o e for\u00e7a de vontade&#8221;, falou o parlamentar.<\/p>\n\n\n\n<p>Ernani Polo destacou tamb\u00e9m que a entrega da medalha nesta data tamb\u00e9m faz alus\u00e3o \u00e0 semana Nacional da Pessoa com Defici\u00eancia Intelectual e M\u00faltipla, que acontece todos os anos durante o per\u00edodo de 21 a 28 de agosto.<br>&#8221; O objetivo da Semana Nacional \u00e9 abrir debates e colocar a sociedade em reflex\u00e3o no dever da igualdade para inclus\u00e3o. No Parlamento ga\u00facho, idealizamos e criamos a Frente Parlamentar em Defesa das Pessoas com Defici\u00eancia tamb\u00e9m com este intuito&#8221;, finalizou.<\/p>\n","protected":false},"excerpt":{"rendered":"<p>Na tarde desta quarta-feira, 28, na presen\u00e7a do governador do Estado Eduardo Leite, o deputado Ernani Polo entregou a medalha &hellip; <a href=\"https:\/\/www.ernanipolo.com.br\/wp\/ernani-polo-concede-medalha-da-55a-legislatura-a-atleta-santiaguense\/\" class=\"more-link\">Continue reading <span class=\"screen-reader-text\">Ernani Polo concede medalha da 55\u00aa legislatura a atleta santiaguense<\/span><\/a><\/p>\n","protected":false},"author":3,"featured_media":1880,"comment_status":"open","ping_status":"open","sticky":false,"template":"","format":"standard","meta":{"_acf_changed":false,"_jetpack_memberships_contains_paid_content":false,"footnotes":""},"categories":[37,39],"tags":[],"class_list":["post-1879","post","type-post","status-publish","format-standard","has-post-thumbnail","hentry","category-noticias","category-destaque"],"acf":[],"yoast_head":"<!-- This site is optimized with the Yoast SEO plugin v27.5 - https:\/\/yoast.com\/product\/yoast-seo-wordpress\/ -->\n<title>Ernani Polo concede medalha da 55\u00aa legislatura a atleta santiaguense - Ernani Polo<\/title>\n<meta name=\"robots\" content=\"index, follow, max-snippet:-1, max-image-preview:large, max-video-preview:-1\" \/>\n<link rel=\"canonical\" href=\"https:\/\/www.ernanipolo.com.br\/wp\/ernani-polo-concede-medalha-da-55a-legislatura-a-atleta-santiaguense\/\" \/>\n<meta property=\"og:locale\" content=\"pt_BR\" \/>\n<meta property=\"og:type\" content=\"article\" \/>\n<meta property=\"og:title\" content=\"Ernani Polo concede medalha da 55\u00aa legislatura a atleta santiaguense - Ernani Polo\" \/>\n<meta property=\"og:description\" content=\"Na tarde desta quarta-feira, 28, na presen\u00e7a do governador do Estado Eduardo Leite, o deputado Ernani Polo entregou a medalha &hellip; Continue reading Ernani Polo concede medalha da 55\u00aa legislatura a atleta santiaguense\" \/>\n<meta property=\"og:url\" content=\"https:\/\/www.ernanipolo.com.br\/wp\/ernani-polo-concede-medalha-da-55a-legislatura-a-atleta-santiaguense\/\" \/>\n<meta property=\"og:site_name\" content=\"Ernani Polo\" \/>\n<meta property=\"article:published_time\" content=\"2019-08-28T20:53:23+00:00\" \/>\n<meta property=\"article:modified_time\" content=\"2019-08-28T20:53:25+00:00\" \/>\n<meta property=\"og:image\" content=\"https:\/\/www.ernanipolo.com.br\/wp\/wp-content\/uploads\/2019\/08\/WhatsApp-Image-2019-08-28-at-15.15.11.jpeg\" \/>\n\t<meta property=\"og:image:width\" content=\"1280\" \/>\n\t<meta property=\"og:image:height\" content=\"853\" \/>\n\t<meta property=\"og:image:type\" content=\"image\/jpeg\" \/>\n<meta name=\"author\" content=\"Assessoria\" \/>\n<meta name=\"twitter:card\" content=\"summary_large_image\" \/>\n<meta name=\"twitter:label1\" content=\"Escrito por\" \/>\n\t<meta name=\"twitter:data1\" content=\"Assessoria\" \/>\n\t<meta name=\"twitter:label2\" content=\"Est. tempo de leitura\" \/>\n\t<meta name=\"twitter:data2\" content=\"1 minuto\" \/>\n<script type=\"application\/ld+json\" class=\"yoast-schema-graph\">{\"@context\":\"https:\\\/\\\/schema.org\",\"@graph\":[{\"@type\":\"Article\",\"@id\":\"https:\\\/\\\/www.ernanipolo.com.br\\\/wp\\\/ernani-polo-concede-medalha-da-55a-legislatura-a-atleta-santiaguense\\\/#article\",\"isPartOf\":{\"@id\":\"https:\\\/\\\/www.ernanipolo.com.br\\\/wp\\\/ernani-polo-concede-medalha-da-55a-legislatura-a-atleta-santiaguense\\\/\"},\"author\":{\"name\":\"Assessoria\",\"@id\":\"https:\\\/\\\/www.ernanipolo.com.br\\\/wp\\\/#\\\/schema\\\/person\\\/495081e5f89df1864e457bc25058eb32\"},\"headline\":\"Ernani Polo concede medalha da 55\u00aa legislatura a atleta santiaguense\",\"datePublished\":\"2019-08-28T20:53:23+00:00\",\"dateModified\":\"2019-08-28T20:53:25+00:00\",\"mainEntityOfPage\":{\"@id\":\"https:\\\/\\\/www.ernanipolo.com.br\\\/wp\\\/ernani-polo-concede-medalha-da-55a-legislatura-a-atleta-santiaguense\\\/\"},\"wordCount\":178,\"commentCount\":0,\"publisher\":{\"@id\":\"https:\\\/\\\/www.ernanipolo.com.br\\\/wp\\\/#organization\"},\"image\":{\"@id\":\"https:\\\/\\\/www.ernanipolo.com.br\\\/wp\\\/ernani-polo-concede-medalha-da-55a-legislatura-a-atleta-santiaguense\\\/#primaryimage\"},\"thumbnailUrl\":\"https:\\\/\\\/www.ernanipolo.com.br\\\/wp\\\/wp-content\\\/uploads\\\/2019\\\/08\\\/WhatsApp-Image-2019-08-28-at-15.15.11.jpeg\",\"articleSection\":[\"Not\u00edcias\",\"Destaque\"],\"inLanguage\":\"pt-BR\",\"potentialAction\":[{\"@type\":\"CommentAction\",\"name\":\"Comment\",\"target\":[\"https:\\\/\\\/www.ernanipolo.com.br\\\/wp\\\/ernani-polo-concede-medalha-da-55a-legislatura-a-atleta-santiaguense\\\/#respond\"]}]},{\"@type\":\"WebPage\",\"@id\":\"https:\\\/\\\/www.ernanipolo.com.br\\\/wp\\\/ernani-polo-concede-medalha-da-55a-legislatura-a-atleta-santiaguense\\\/\",\"url\":\"https:\\\/\\\/www.ernanipolo.com.br\\\/wp\\\/ernani-polo-concede-medalha-da-55a-legislatura-a-atleta-santiaguense\\\/\",\"name\":\"Ernani Polo concede medalha da 55\u00aa legislatura a atleta santiaguense - Ernani Polo\",\"isPartOf\":{\"@id\":\"https:\\\/\\\/www.ernanipolo.com.br\\\/wp\\\/#website\"},\"primaryImageOfPage\":{\"@id\":\"https:\\\/\\\/www.ernanipolo.com.br\\\/wp\\\/ernani-polo-concede-medalha-da-55a-legislatura-a-atleta-santiaguense\\\/#primaryimage\"},\"image\":{\"@id\":\"https:\\\/\\\/www.ernanipolo.com.br\\\/wp\\\/ernani-polo-concede-medalha-da-55a-legislatura-a-atleta-santiaguense\\\/#primaryimage\"},\"thumbnailUrl\":\"https:\\\/\\\/www.ernanipolo.com.br\\\/wp\\\/wp-content\\\/uploads\\\/2019\\\/08\\\/WhatsApp-Image-2019-08-28-at-15.15.11.jpeg\",\"datePublished\":\"2019-08-28T20:53:23+00:00\",\"dateModified\":\"2019-08-28T20:53:25+00:00\",\"inLanguage\":\"pt-BR\",\"potentialAction\":[{\"@type\":\"ReadAction\",\"target\":[\"https:\\\/\\\/www.ernanipolo.com.br\\\/wp\\\/ernani-polo-concede-medalha-da-55a-legislatura-a-atleta-santiaguense\\\/\"]}]},{\"@type\":\"ImageObject\",\"inLanguage\":\"pt-BR\",\"@id\":\"https:\\\/\\\/www.ernanipolo.com.br\\\/wp\\\/ernani-polo-concede-medalha-da-55a-legislatura-a-atleta-santiaguense\\\/#primaryimage\",\"url\":\"https:\\\/\\\/www.ernanipolo.com.br\\\/wp\\\/wp-content\\\/uploads\\\/2019\\\/08\\\/WhatsApp-Image-2019-08-28-at-15.15.11.jpeg\",\"contentUrl\":\"https:\\\/\\\/www.ernanipolo.com.br\\\/wp\\\/wp-content\\\/uploads\\\/2019\\\/08\\\/WhatsApp-Image-2019-08-28-at-15.15.11.jpeg\",\"width\":1280,\"height\":853},{\"@type\":\"WebSite\",\"@id\":\"https:\\\/\\\/www.ernanipolo.com.br\\\/wp\\\/#website\",\"url\":\"https:\\\/\\\/www.ernanipolo.com.br\\\/wp\\\/\",\"name\":\"Ernani Polo\",\"description\":\"\",\"publisher\":{\"@id\":\"https:\\\/\\\/www.ernanipolo.com.br\\\/wp\\\/#organization\"},\"potentialAction\":[{\"@type\":\"SearchAction\",\"target\":{\"@type\":\"EntryPoint\",\"urlTemplate\":\"https:\\\/\\\/www.ernanipolo.com.br\\\/wp\\\/?s={search_term_string}\"},\"query-input\":{\"@type\":\"PropertyValueSpecification\",\"valueRequired\":true,\"valueName\":\"search_term_string\"}}],\"inLanguage\":\"pt-BR\"},{\"@type\":\"Organization\",\"@id\":\"https:\\\/\\\/www.ernanipolo.com.br\\\/wp\\\/#organization\",\"name\":\"Ernani Polo\",\"url\":\"https:\\\/\\\/www.ernanipolo.com.br\\\/wp\\\/\",\"logo\":{\"@type\":\"ImageObject\",\"inLanguage\":\"pt-BR\",\"@id\":\"https:\\\/\\\/www.ernanipolo.com.br\\\/wp\\\/#\\\/schema\\\/logo\\\/image\\\/\",\"url\":\"https:\\\/\\\/www.ernanipolo.com.br\\\/wp\\\/wp-content\\\/uploads\\\/2023\\\/09\\\/Logo-Azul-Ernani-Polo.png\",\"contentUrl\":\"https:\\\/\\\/www.ernanipolo.com.br\\\/wp\\\/wp-content\\\/uploads\\\/2023\\\/09\\\/Logo-Azul-Ernani-Polo.png\",\"width\":630,\"height\":162,\"caption\":\"Ernani Polo\"},\"image\":{\"@id\":\"https:\\\/\\\/www.ernanipolo.com.br\\\/wp\\\/#\\\/schema\\\/logo\\\/image\\\/\"}},{\"@type\":\"Person\",\"@id\":\"https:\\\/\\\/www.ernanipolo.com.br\\\/wp\\\/#\\\/schema\\\/person\\\/495081e5f89df1864e457bc25058eb32\",\"name\":\"Assessoria\",\"image\":{\"@type\":\"ImageObject\",\"inLanguage\":\"pt-BR\",\"@id\":\"https:\\\/\\\/secure.gravatar.com\\\/avatar\\\/fb9fbf9c7f51269c39fd7432c2ca37dcb848f2e01061b91c2515b159534f94f8?s=96&d=mm&r=g\",\"url\":\"https:\\\/\\\/secure.gravatar.com\\\/avatar\\\/fb9fbf9c7f51269c39fd7432c2ca37dcb848f2e01061b91c2515b159534f94f8?s=96&d=mm&r=g\",\"contentUrl\":\"https:\\\/\\\/secure.gravatar.com\\\/avatar\\\/fb9fbf9c7f51269c39fd7432c2ca37dcb848f2e01061b91c2515b159534f94f8?s=96&d=mm&r=g\",\"caption\":\"Assessoria\"},\"url\":\"https:\\\/\\\/www.ernanipolo.com.br\\\/wp\\\/author\\\/assessoria\\\/\"}]}<\/script>\n<!-- \/ Yoast SEO plugin. -->","yoast_head_json":{"title":"Ernani Polo concede medalha da 55\u00aa legislatura a atleta santiaguense - Ernani Polo","robots":{"index":"index","follow":"follow","max-snippet":"max-snippet:-1","max-image-preview":"max-image-preview:large","max-video-preview":"max-video-preview:-1"},"canonical":"https:\/\/www.ernanipolo.com.br\/wp\/ernani-polo-concede-medalha-da-55a-legislatura-a-atleta-santiaguense\/","og_locale":"pt_BR","og_type":"article","og_title":"Ernani Polo concede medalha da 55\u00aa legislatura a atleta santiaguense - Ernani Polo","og_description":"Na tarde desta quarta-feira, 28, na presen\u00e7a do governador do Estado Eduardo Leite, o deputado Ernani Polo entregou a medalha &hellip; Continue reading Ernani Polo concede medalha da 55\u00aa legislatura a atleta santiaguense","og_url":"https:\/\/www.ernanipolo.com.br\/wp\/ernani-polo-concede-medalha-da-55a-legislatura-a-atleta-santiaguense\/","og_site_name":"Ernani Polo","article_published_time":"2019-08-28T20:53:23+00:00","article_modified_time":"2019-08-28T20:53:25+00:00","og_image":[{"width":1280,"height":853,"url":"https:\/\/www.ernanipolo.com.br\/wp\/wp-content\/uploads\/2019\/08\/WhatsApp-Image-2019-08-28-at-15.15.11.jpeg","type":"image\/jpeg"}],"author":"Assessoria","twitter_card":"summary_large_image","twitter_misc":{"Escrito por":"Assessoria","Est. tempo de leitura":"1 minuto"},"schema":{"@context":"https:\/\/schema.org","@graph":[{"@type":"Article","@id":"https:\/\/www.ernanipolo.com.br\/wp\/ernani-polo-concede-medalha-da-55a-legislatura-a-atleta-santiaguense\/#article","isPartOf":{"@id":"https:\/\/www.ernanipolo.com.br\/wp\/ernani-polo-concede-medalha-da-55a-legislatura-a-atleta-santiaguense\/"},"author":{"name":"Assessoria","@id":"https:\/\/www.ernanipolo.com.br\/wp\/#\/schema\/person\/495081e5f89df1864e457bc25058eb32"},"headline":"Ernani Polo concede medalha da 55\u00aa legislatura a atleta santiaguense","datePublished":"2019-08-28T20:53:23+00:00","dateModified":"2019-08-28T20:53:25+00:00","mainEntityOfPage":{"@id":"https:\/\/www.ernanipolo.com.br\/wp\/ernani-polo-concede-medalha-da-55a-legislatura-a-atleta-santiaguense\/"},"wordCount":178,"commentCount":0,"publisher":{"@id":"https:\/\/www.ernanipolo.com.br\/wp\/#organization"},"image":{"@id":"https:\/\/www.ernanipolo.com.br\/wp\/ernani-polo-concede-medalha-da-55a-legislatura-a-atleta-santiaguense\/#primaryimage"},"thumbnailUrl":"https:\/\/www.ernanipolo.com.br\/wp\/wp-content\/uploads\/2019\/08\/WhatsApp-Image-2019-08-28-at-15.15.11.jpeg","articleSection":["Not\u00edcias","Destaque"],"inLanguage":"pt-BR","potentialAction":[{"@type":"CommentAction","name":"Comment","target":["https:\/\/www.ernanipolo.com.br\/wp\/ernani-polo-concede-medalha-da-55a-legislatura-a-atleta-santiaguense\/#respond"]}]},{"@type":"WebPage","@id":"https:\/\/www.ernanipolo.com.br\/wp\/ernani-polo-concede-medalha-da-55a-legislatura-a-atleta-santiaguense\/","url":"https:\/\/www.ernanipolo.com.br\/wp\/ernani-polo-concede-medalha-da-55a-legislatura-a-atleta-santiaguense\/","name":"Ernani Polo concede medalha da 55\u00aa legislatura a atleta santiaguense - Ernani Polo","isPartOf":{"@id":"https:\/\/www.ernanipolo.com.br\/wp\/#website"},"primaryImageOfPage":{"@id":"https:\/\/www.ernanipolo.com.br\/wp\/ernani-polo-concede-medalha-da-55a-legislatura-a-atleta-santiaguense\/#primaryimage"},"image":{"@id":"https:\/\/www.ernanipolo.com.br\/wp\/ernani-polo-concede-medalha-da-55a-legislatura-a-atleta-santiaguense\/#primaryimage"},"thumbnailUrl":"https:\/\/www.ernanipolo.com.br\/wp\/wp-content\/uploads\/2019\/08\/WhatsApp-Image-2019-08-28-at-15.15.11.jpeg","datePublished":"2019-08-28T20:53:23+00:00","dateModified":"2019-08-28T20:53:25+00:00","inLanguage":"pt-BR","potentialAction":[{"@type":"ReadAction","target":["https:\/\/www.ernanipolo.com.br\/wp\/ernani-polo-concede-medalha-da-55a-legislatura-a-atleta-santiaguense\/"]}]},{"@type":"ImageObject","inLanguage":"pt-BR","@id":"https:\/\/www.ernanipolo.com.br\/wp\/ernani-polo-concede-medalha-da-55a-legislatura-a-atleta-santiaguense\/#primaryimage","url":"https:\/\/www.ernanipolo.com.br\/wp\/wp-content\/uploads\/2019\/08\/WhatsApp-Image-2019-08-28-at-15.15.11.jpeg","contentUrl":"https:\/\/www.ernanipolo.com.br\/wp\/wp-content\/uploads\/2019\/08\/WhatsApp-Image-2019-08-28-at-15.15.11.jpeg","width":1280,"height":853},{"@type":"WebSite","@id":"https:\/\/www.ernanipolo.com.br\/wp\/#website","url":"https:\/\/www.ernanipolo.com.br\/wp\/","name":"Ernani Polo","description":"","publisher":{"@id":"https:\/\/www.ernanipolo.com.br\/wp\/#organization"},"potentialAction":[{"@type":"SearchAction","target":{"@type":"EntryPoint","urlTemplate":"https:\/\/www.ernanipolo.com.br\/wp\/?s={search_term_string}"},"query-input":{"@type":"PropertyValueSpecification","valueRequired":true,"valueName":"search_term_string"}}],"inLanguage":"pt-BR"},{"@type":"Organization","@id":"https:\/\/www.ernanipolo.com.br\/wp\/#organization","name":"Ernani Polo","url":"https:\/\/www.ernanipolo.com.br\/wp\/","logo":{"@type":"ImageObject","inLanguage":"pt-BR","@id":"https:\/\/www.ernanipolo.com.br\/wp\/#\/schema\/logo\/image\/","url":"https:\/\/www.ernanipolo.com.br\/wp\/wp-content\/uploads\/2023\/09\/Logo-Azul-Ernani-Polo.png","contentUrl":"https:\/\/www.ernanipolo.com.br\/wp\/wp-content\/uploads\/2023\/09\/Logo-Azul-Ernani-Polo.png","width":630,"height":162,"caption":"Ernani Polo"},"image":{"@id":"https:\/\/www.ernanipolo.com.br\/wp\/#\/schema\/logo\/image\/"}},{"@type":"Person","@id":"https:\/\/www.ernanipolo.com.br\/wp\/#\/schema\/person\/495081e5f89df1864e457bc25058eb32","name":"Assessoria","image":{"@type":"ImageObject","inLanguage":"pt-BR","@id":"https:\/\/secure.gravatar.com\/avatar\/fb9fbf9c7f51269c39fd7432c2ca37dcb848f2e01061b91c2515b159534f94f8?s=96&d=mm&r=g","url":"https:\/\/secure.gravatar.com\/avatar\/fb9fbf9c7f51269c39fd7432c2ca37dcb848f2e01061b91c2515b159534f94f8?s=96&d=mm&r=g","contentUrl":"https:\/\/secure.gravatar.com\/avatar\/fb9fbf9c7f51269c39fd7432c2ca37dcb848f2e01061b91c2515b159534f94f8?s=96&d=mm&r=g","caption":"Assessoria"},"url":"https:\/\/www.ernanipolo.com.br\/wp\/author\/assessoria\/"}]}},"jetpack_featured_media_url":"https:\/\/www.ernanipolo.com.br\/wp\/wp-content\/uploads\/2019\/08\/WhatsApp-Image-2019-08-28-at-15.15.11.jpeg","jetpack_sharing_enabled":true,"_links":{"self":[{"href":"https:\/\/www.ernanipolo.com.br\/wp\/wp-json\/wp\/v2\/posts\/1879","targetHints":{"allow":["GET"]}}],"collection":[{"href":"https:\/\/www.ernanipolo.com.br\/wp\/wp-json\/wp\/v2\/posts"}],"about":[{"href":"https:\/\/www.ernanipolo.com.br\/wp\/wp-json\/wp\/v2\/types\/post"}],"author":[{"embeddable":true,"href":"https:\/\/www.ernanipolo.com.br\/wp\/wp-json\/wp\/v2\/users\/3"}],"replies":[{"embeddable":true,"href":"https:\/\/www.ernanipolo.com.br\/wp\/wp-json\/wp\/v2\/comments?post=1879"}],"version-history":[{"count":0,"href":"https:\/\/www.ernanipolo.com.br\/wp\/wp-json\/wp\/v2\/posts\/1879\/revisions"}],"wp:featuredmedia":[{"embeddable":true,"href":"https:\/\/www.ernanipolo.com.br\/wp\/wp-json\/wp\/v2\/media\/1880"}],"wp:attachment":[{"href":"https:\/\/www.ernanipolo.com.br\/wp\/wp-json\/wp\/v2\/media?parent=1879"}],"wp:term":[{"taxonomy":"category","embeddable":true,"href":"https:\/\/www.ernanipolo.com.br\/wp\/wp-json\/wp\/v2\/categories?post=1879"},{"taxonomy":"post_tag","embeddable":true,"href":"https:\/\/www.ernanipolo.com.br\/wp\/wp-json\/wp\/v2\/tags?post=1879"}],"curies":[{"name":"wp","href":"https:\/\/api.w.org\/{rel}","templated":true}]}}