{"id":1859,"date":"2019-08-23T17:09:40","date_gmt":"2019-08-23T20:09:40","guid":{"rendered":"http:\/\/www.ernanipolo.com.br\/wp\/?p=1859"},"modified":"2019-08-23T17:30:41","modified_gmt":"2019-08-23T20:30:41","slug":"lancada-frente-parlamentar-em-apoio-ao-instituto-do-cancer-infantil","status":"publish","type":"post","link":"https:\/\/www.ernanipolo.com.br\/wp\/lancada-frente-parlamentar-em-apoio-ao-instituto-do-cancer-infantil\/","title":{"rendered":"Audi\u00eancia P\u00fablica debate a\u00e7\u00f5es em apoio ao Instituto do C\u00e2ncer Infantil"},"content":{"rendered":"\n<p>Na noite desta segunda-feira (19), o deputado Ernani Polo representou a mesa diretora da Assembleia Legislativa em audi\u00eancia p\u00fablica proposta pelo deputado Tenente Coronel Zucco, presidente da Frente Parlamentar em Apoio ao Instituto do C\u00e2ncer Infantil.<\/p>\n\n\n\n<p>Em sua fala, o parlamentar destacou a import\u00e2ncia do instituto, fundado pelo hoje presidente Algemir Brunetto, pelo jornalista Lauro Quadros e  apoiadores desta causa nobre, que \u00e9 o enfrentamento desta brutal doen\u00e7a. <\/p>\n\n\n\n<p>&#8220;H\u00e1 28 anos o Instituto realiza um trabalho excepcional, de acolhimento e acompanhamento dos pacientes e familiares, tendo contribu\u00eddo para muitas curas e alongamentos de expectativas de vida. Parab\u00e9ns a todos os que apoiam o Instituto do C\u00e2ncer Infantil, que sempre ter\u00e1 nosso suporte, bem como do parlamento Ga\u00facho&#8221;, salientou Ernani Polo.<\/p>\n\n\n\n<p>O primeiro grande objetivo do INC foi conquistado foi a constru\u00e7\u00e3o do Servi\u00e7o de Oncologia Pedi\u00e1trica no Hospital de Cl\u00ednicas de Porto Alegre em 1995, com 27 leitos disponibilizados \u00e0 crian\u00e7as e adolescentes com c\u00e2ncer.<\/p>\n\n\n\n<p>No ano seguinte, o desafio foi minimizar o abandono do tratamento de pacientes com fam\u00edlia no interior ou em outras localidades, sem condi\u00e7\u00f5es de hospedagem em Porto Alegre. Em 1996, o Instituto contou novamente com a contribui\u00e7\u00e3o da comunidade e de parceiros para a constru\u00e7\u00e3o da Casa de Apoio, localizada nas depend\u00eancias do Hospital de Cl\u00ednicas.<\/p>\n\n\n\n<p>A cada ano o Instituto cresce e expande os servi\u00e7os na \u00e1rea assistencial e de pesquisas cient\u00edficas para seguir com a miss\u00e3o de salvar mais vidas.  A uni\u00e3o de volunt\u00e1rios, colaboradores, diretores e de toda a sociedade permite ao instituto ir al\u00e9m em prol desta causa t\u00e3o importante.<\/p>\n","protected":false},"excerpt":{"rendered":"<p>Na noite desta segunda-feira (19), o deputado Ernani Polo representou a mesa diretora da Assembleia Legislativa em audi\u00eancia p\u00fablica proposta &hellip; <a href=\"https:\/\/www.ernanipolo.com.br\/wp\/lancada-frente-parlamentar-em-apoio-ao-instituto-do-cancer-infantil\/\" class=\"more-link\">Continue reading <span class=\"screen-reader-text\">Audi\u00eancia P\u00fablica debate a\u00e7\u00f5es em apoio ao Instituto do C\u00e2ncer Infantil<\/span><\/a><\/p>\n","protected":false},"author":3,"featured_media":1860,"comment_status":"open","ping_status":"open","sticky":false,"template":"","format":"standard","meta":{"_acf_changed":false,"_jetpack_memberships_contains_paid_content":false,"footnotes":""},"categories":[37,39],"tags":[],"class_list":["post-1859","post","type-post","status-publish","format-standard","has-post-thumbnail","hentry","category-noticias","category-destaque"],"acf":[],"yoast_head":"<!-- This site is optimized with the Yoast SEO plugin v27.5 - https:\/\/yoast.com\/product\/yoast-seo-wordpress\/ -->\n<title>Audi\u00eancia P\u00fablica debate a\u00e7\u00f5es em apoio ao Instituto do C\u00e2ncer Infantil - Ernani Polo<\/title>\n<meta name=\"robots\" content=\"index, follow, max-snippet:-1, max-image-preview:large, max-video-preview:-1\" \/>\n<link rel=\"canonical\" href=\"https:\/\/www.ernanipolo.com.br\/wp\/lancada-frente-parlamentar-em-apoio-ao-instituto-do-cancer-infantil\/\" \/>\n<meta property=\"og:locale\" content=\"pt_BR\" \/>\n<meta property=\"og:type\" content=\"article\" \/>\n<meta property=\"og:title\" content=\"Audi\u00eancia P\u00fablica debate a\u00e7\u00f5es em apoio ao Instituto do C\u00e2ncer Infantil - Ernani Polo\" \/>\n<meta property=\"og:description\" content=\"Na noite desta segunda-feira (19), o deputado Ernani Polo representou a mesa diretora da Assembleia Legislativa em audi\u00eancia p\u00fablica proposta &hellip; Continue reading Audi\u00eancia P\u00fablica debate a\u00e7\u00f5es em apoio ao Instituto do C\u00e2ncer Infantil\" \/>\n<meta property=\"og:url\" content=\"https:\/\/www.ernanipolo.com.br\/wp\/lancada-frente-parlamentar-em-apoio-ao-instituto-do-cancer-infantil\/\" \/>\n<meta property=\"og:site_name\" content=\"Ernani Polo\" \/>\n<meta property=\"article:published_time\" content=\"2019-08-23T20:09:40+00:00\" \/>\n<meta property=\"article:modified_time\" content=\"2019-08-23T20:30:41+00:00\" \/>\n<meta property=\"og:image\" content=\"https:\/\/www.ernanipolo.com.br\/wp\/wp-content\/uploads\/2019\/08\/69026340_1161380500725890_5009681366229450752_o.jpg\" \/>\n\t<meta property=\"og:image:width\" content=\"1280\" \/>\n\t<meta property=\"og:image:height\" content=\"713\" \/>\n\t<meta property=\"og:image:type\" content=\"image\/jpeg\" \/>\n<meta name=\"author\" content=\"Assessoria\" \/>\n<meta name=\"twitter:card\" content=\"summary_large_image\" \/>\n<meta name=\"twitter:label1\" content=\"Escrito por\" \/>\n\t<meta name=\"twitter:data1\" content=\"Assessoria\" \/>\n\t<meta name=\"twitter:label2\" content=\"Est. tempo de leitura\" \/>\n\t<meta name=\"twitter:data2\" content=\"1 minuto\" \/>\n<script type=\"application\/ld+json\" class=\"yoast-schema-graph\">{\"@context\":\"https:\\\/\\\/schema.org\",\"@graph\":[{\"@type\":\"Article\",\"@id\":\"https:\\\/\\\/www.ernanipolo.com.br\\\/wp\\\/lancada-frente-parlamentar-em-apoio-ao-instituto-do-cancer-infantil\\\/#article\",\"isPartOf\":{\"@id\":\"https:\\\/\\\/www.ernanipolo.com.br\\\/wp\\\/lancada-frente-parlamentar-em-apoio-ao-instituto-do-cancer-infantil\\\/\"},\"author\":{\"name\":\"Assessoria\",\"@id\":\"https:\\\/\\\/www.ernanipolo.com.br\\\/wp\\\/#\\\/schema\\\/person\\\/495081e5f89df1864e457bc25058eb32\"},\"headline\":\"Audi\u00eancia P\u00fablica debate a\u00e7\u00f5es em apoio ao Instituto do C\u00e2ncer Infantil\",\"datePublished\":\"2019-08-23T20:09:40+00:00\",\"dateModified\":\"2019-08-23T20:30:41+00:00\",\"mainEntityOfPage\":{\"@id\":\"https:\\\/\\\/www.ernanipolo.com.br\\\/wp\\\/lancada-frente-parlamentar-em-apoio-ao-instituto-do-cancer-infantil\\\/\"},\"wordCount\":295,\"commentCount\":0,\"publisher\":{\"@id\":\"https:\\\/\\\/www.ernanipolo.com.br\\\/wp\\\/#organization\"},\"image\":{\"@id\":\"https:\\\/\\\/www.ernanipolo.com.br\\\/wp\\\/lancada-frente-parlamentar-em-apoio-ao-instituto-do-cancer-infantil\\\/#primaryimage\"},\"thumbnailUrl\":\"https:\\\/\\\/www.ernanipolo.com.br\\\/wp\\\/wp-content\\\/uploads\\\/2019\\\/08\\\/69026340_1161380500725890_5009681366229450752_o.jpg\",\"articleSection\":[\"Not\u00edcias\",\"Destaque\"],\"inLanguage\":\"pt-BR\",\"potentialAction\":[{\"@type\":\"CommentAction\",\"name\":\"Comment\",\"target\":[\"https:\\\/\\\/www.ernanipolo.com.br\\\/wp\\\/lancada-frente-parlamentar-em-apoio-ao-instituto-do-cancer-infantil\\\/#respond\"]}]},{\"@type\":\"WebPage\",\"@id\":\"https:\\\/\\\/www.ernanipolo.com.br\\\/wp\\\/lancada-frente-parlamentar-em-apoio-ao-instituto-do-cancer-infantil\\\/\",\"url\":\"https:\\\/\\\/www.ernanipolo.com.br\\\/wp\\\/lancada-frente-parlamentar-em-apoio-ao-instituto-do-cancer-infantil\\\/\",\"name\":\"Audi\u00eancia P\u00fablica debate a\u00e7\u00f5es em apoio ao Instituto do C\u00e2ncer Infantil - Ernani Polo\",\"isPartOf\":{\"@id\":\"https:\\\/\\\/www.ernanipolo.com.br\\\/wp\\\/#website\"},\"primaryImageOfPage\":{\"@id\":\"https:\\\/\\\/www.ernanipolo.com.br\\\/wp\\\/lancada-frente-parlamentar-em-apoio-ao-instituto-do-cancer-infantil\\\/#primaryimage\"},\"image\":{\"@id\":\"https:\\\/\\\/www.ernanipolo.com.br\\\/wp\\\/lancada-frente-parlamentar-em-apoio-ao-instituto-do-cancer-infantil\\\/#primaryimage\"},\"thumbnailUrl\":\"https:\\\/\\\/www.ernanipolo.com.br\\\/wp\\\/wp-content\\\/uploads\\\/2019\\\/08\\\/69026340_1161380500725890_5009681366229450752_o.jpg\",\"datePublished\":\"2019-08-23T20:09:40+00:00\",\"dateModified\":\"2019-08-23T20:30:41+00:00\",\"inLanguage\":\"pt-BR\",\"potentialAction\":[{\"@type\":\"ReadAction\",\"target\":[\"https:\\\/\\\/www.ernanipolo.com.br\\\/wp\\\/lancada-frente-parlamentar-em-apoio-ao-instituto-do-cancer-infantil\\\/\"]}]},{\"@type\":\"ImageObject\",\"inLanguage\":\"pt-BR\",\"@id\":\"https:\\\/\\\/www.ernanipolo.com.br\\\/wp\\\/lancada-frente-parlamentar-em-apoio-ao-instituto-do-cancer-infantil\\\/#primaryimage\",\"url\":\"https:\\\/\\\/www.ernanipolo.com.br\\\/wp\\\/wp-content\\\/uploads\\\/2019\\\/08\\\/69026340_1161380500725890_5009681366229450752_o.jpg\",\"contentUrl\":\"https:\\\/\\\/www.ernanipolo.com.br\\\/wp\\\/wp-content\\\/uploads\\\/2019\\\/08\\\/69026340_1161380500725890_5009681366229450752_o.jpg\",\"width\":1280,\"height\":713},{\"@type\":\"WebSite\",\"@id\":\"https:\\\/\\\/www.ernanipolo.com.br\\\/wp\\\/#website\",\"url\":\"https:\\\/\\\/www.ernanipolo.com.br\\\/wp\\\/\",\"name\":\"Ernani Polo\",\"description\":\"\",\"publisher\":{\"@id\":\"https:\\\/\\\/www.ernanipolo.com.br\\\/wp\\\/#organization\"},\"potentialAction\":[{\"@type\":\"SearchAction\",\"target\":{\"@type\":\"EntryPoint\",\"urlTemplate\":\"https:\\\/\\\/www.ernanipolo.com.br\\\/wp\\\/?s={search_term_string}\"},\"query-input\":{\"@type\":\"PropertyValueSpecification\",\"valueRequired\":true,\"valueName\":\"search_term_string\"}}],\"inLanguage\":\"pt-BR\"},{\"@type\":\"Organization\",\"@id\":\"https:\\\/\\\/www.ernanipolo.com.br\\\/wp\\\/#organization\",\"name\":\"Ernani Polo\",\"url\":\"https:\\\/\\\/www.ernanipolo.com.br\\\/wp\\\/\",\"logo\":{\"@type\":\"ImageObject\",\"inLanguage\":\"pt-BR\",\"@id\":\"https:\\\/\\\/www.ernanipolo.com.br\\\/wp\\\/#\\\/schema\\\/logo\\\/image\\\/\",\"url\":\"https:\\\/\\\/www.ernanipolo.com.br\\\/wp\\\/wp-content\\\/uploads\\\/2023\\\/09\\\/Logo-Azul-Ernani-Polo.png\",\"contentUrl\":\"https:\\\/\\\/www.ernanipolo.com.br\\\/wp\\\/wp-content\\\/uploads\\\/2023\\\/09\\\/Logo-Azul-Ernani-Polo.png\",\"width\":630,\"height\":162,\"caption\":\"Ernani Polo\"},\"image\":{\"@id\":\"https:\\\/\\\/www.ernanipolo.com.br\\\/wp\\\/#\\\/schema\\\/logo\\\/image\\\/\"}},{\"@type\":\"Person\",\"@id\":\"https:\\\/\\\/www.ernanipolo.com.br\\\/wp\\\/#\\\/schema\\\/person\\\/495081e5f89df1864e457bc25058eb32\",\"name\":\"Assessoria\",\"image\":{\"@type\":\"ImageObject\",\"inLanguage\":\"pt-BR\",\"@id\":\"https:\\\/\\\/secure.gravatar.com\\\/avatar\\\/fb9fbf9c7f51269c39fd7432c2ca37dcb848f2e01061b91c2515b159534f94f8?s=96&d=mm&r=g\",\"url\":\"https:\\\/\\\/secure.gravatar.com\\\/avatar\\\/fb9fbf9c7f51269c39fd7432c2ca37dcb848f2e01061b91c2515b159534f94f8?s=96&d=mm&r=g\",\"contentUrl\":\"https:\\\/\\\/secure.gravatar.com\\\/avatar\\\/fb9fbf9c7f51269c39fd7432c2ca37dcb848f2e01061b91c2515b159534f94f8?s=96&d=mm&r=g\",\"caption\":\"Assessoria\"},\"url\":\"https:\\\/\\\/www.ernanipolo.com.br\\\/wp\\\/author\\\/assessoria\\\/\"}]}<\/script>\n<!-- \/ Yoast SEO plugin. -->","yoast_head_json":{"title":"Audi\u00eancia P\u00fablica debate a\u00e7\u00f5es em apoio ao Instituto do C\u00e2ncer Infantil - Ernani Polo","robots":{"index":"index","follow":"follow","max-snippet":"max-snippet:-1","max-image-preview":"max-image-preview:large","max-video-preview":"max-video-preview:-1"},"canonical":"https:\/\/www.ernanipolo.com.br\/wp\/lancada-frente-parlamentar-em-apoio-ao-instituto-do-cancer-infantil\/","og_locale":"pt_BR","og_type":"article","og_title":"Audi\u00eancia P\u00fablica debate a\u00e7\u00f5es em apoio ao Instituto do C\u00e2ncer Infantil - Ernani Polo","og_description":"Na noite desta segunda-feira (19), o deputado Ernani Polo representou a mesa diretora da Assembleia Legislativa em audi\u00eancia p\u00fablica proposta &hellip; Continue reading Audi\u00eancia P\u00fablica debate a\u00e7\u00f5es em apoio ao Instituto do C\u00e2ncer Infantil","og_url":"https:\/\/www.ernanipolo.com.br\/wp\/lancada-frente-parlamentar-em-apoio-ao-instituto-do-cancer-infantil\/","og_site_name":"Ernani Polo","article_published_time":"2019-08-23T20:09:40+00:00","article_modified_time":"2019-08-23T20:30:41+00:00","og_image":[{"width":1280,"height":713,"url":"https:\/\/www.ernanipolo.com.br\/wp\/wp-content\/uploads\/2019\/08\/69026340_1161380500725890_5009681366229450752_o.jpg","type":"image\/jpeg"}],"author":"Assessoria","twitter_card":"summary_large_image","twitter_misc":{"Escrito por":"Assessoria","Est. tempo de leitura":"1 minuto"},"schema":{"@context":"https:\/\/schema.org","@graph":[{"@type":"Article","@id":"https:\/\/www.ernanipolo.com.br\/wp\/lancada-frente-parlamentar-em-apoio-ao-instituto-do-cancer-infantil\/#article","isPartOf":{"@id":"https:\/\/www.ernanipolo.com.br\/wp\/lancada-frente-parlamentar-em-apoio-ao-instituto-do-cancer-infantil\/"},"author":{"name":"Assessoria","@id":"https:\/\/www.ernanipolo.com.br\/wp\/#\/schema\/person\/495081e5f89df1864e457bc25058eb32"},"headline":"Audi\u00eancia P\u00fablica debate a\u00e7\u00f5es em apoio ao Instituto do C\u00e2ncer Infantil","datePublished":"2019-08-23T20:09:40+00:00","dateModified":"2019-08-23T20:30:41+00:00","mainEntityOfPage":{"@id":"https:\/\/www.ernanipolo.com.br\/wp\/lancada-frente-parlamentar-em-apoio-ao-instituto-do-cancer-infantil\/"},"wordCount":295,"commentCount":0,"publisher":{"@id":"https:\/\/www.ernanipolo.com.br\/wp\/#organization"},"image":{"@id":"https:\/\/www.ernanipolo.com.br\/wp\/lancada-frente-parlamentar-em-apoio-ao-instituto-do-cancer-infantil\/#primaryimage"},"thumbnailUrl":"https:\/\/www.ernanipolo.com.br\/wp\/wp-content\/uploads\/2019\/08\/69026340_1161380500725890_5009681366229450752_o.jpg","articleSection":["Not\u00edcias","Destaque"],"inLanguage":"pt-BR","potentialAction":[{"@type":"CommentAction","name":"Comment","target":["https:\/\/www.ernanipolo.com.br\/wp\/lancada-frente-parlamentar-em-apoio-ao-instituto-do-cancer-infantil\/#respond"]}]},{"@type":"WebPage","@id":"https:\/\/www.ernanipolo.com.br\/wp\/lancada-frente-parlamentar-em-apoio-ao-instituto-do-cancer-infantil\/","url":"https:\/\/www.ernanipolo.com.br\/wp\/lancada-frente-parlamentar-em-apoio-ao-instituto-do-cancer-infantil\/","name":"Audi\u00eancia P\u00fablica debate a\u00e7\u00f5es em apoio ao Instituto do C\u00e2ncer Infantil - Ernani Polo","isPartOf":{"@id":"https:\/\/www.ernanipolo.com.br\/wp\/#website"},"primaryImageOfPage":{"@id":"https:\/\/www.ernanipolo.com.br\/wp\/lancada-frente-parlamentar-em-apoio-ao-instituto-do-cancer-infantil\/#primaryimage"},"image":{"@id":"https:\/\/www.ernanipolo.com.br\/wp\/lancada-frente-parlamentar-em-apoio-ao-instituto-do-cancer-infantil\/#primaryimage"},"thumbnailUrl":"https:\/\/www.ernanipolo.com.br\/wp\/wp-content\/uploads\/2019\/08\/69026340_1161380500725890_5009681366229450752_o.jpg","datePublished":"2019-08-23T20:09:40+00:00","dateModified":"2019-08-23T20:30:41+00:00","inLanguage":"pt-BR","potentialAction":[{"@type":"ReadAction","target":["https:\/\/www.ernanipolo.com.br\/wp\/lancada-frente-parlamentar-em-apoio-ao-instituto-do-cancer-infantil\/"]}]},{"@type":"ImageObject","inLanguage":"pt-BR","@id":"https:\/\/www.ernanipolo.com.br\/wp\/lancada-frente-parlamentar-em-apoio-ao-instituto-do-cancer-infantil\/#primaryimage","url":"https:\/\/www.ernanipolo.com.br\/wp\/wp-content\/uploads\/2019\/08\/69026340_1161380500725890_5009681366229450752_o.jpg","contentUrl":"https:\/\/www.ernanipolo.com.br\/wp\/wp-content\/uploads\/2019\/08\/69026340_1161380500725890_5009681366229450752_o.jpg","width":1280,"height":713},{"@type":"WebSite","@id":"https:\/\/www.ernanipolo.com.br\/wp\/#website","url":"https:\/\/www.ernanipolo.com.br\/wp\/","name":"Ernani Polo","description":"","publisher":{"@id":"https:\/\/www.ernanipolo.com.br\/wp\/#organization"},"potentialAction":[{"@type":"SearchAction","target":{"@type":"EntryPoint","urlTemplate":"https:\/\/www.ernanipolo.com.br\/wp\/?s={search_term_string}"},"query-input":{"@type":"PropertyValueSpecification","valueRequired":true,"valueName":"search_term_string"}}],"inLanguage":"pt-BR"},{"@type":"Organization","@id":"https:\/\/www.ernanipolo.com.br\/wp\/#organization","name":"Ernani Polo","url":"https:\/\/www.ernanipolo.com.br\/wp\/","logo":{"@type":"ImageObject","inLanguage":"pt-BR","@id":"https:\/\/www.ernanipolo.com.br\/wp\/#\/schema\/logo\/image\/","url":"https:\/\/www.ernanipolo.com.br\/wp\/wp-content\/uploads\/2023\/09\/Logo-Azul-Ernani-Polo.png","contentUrl":"https:\/\/www.ernanipolo.com.br\/wp\/wp-content\/uploads\/2023\/09\/Logo-Azul-Ernani-Polo.png","width":630,"height":162,"caption":"Ernani Polo"},"image":{"@id":"https:\/\/www.ernanipolo.com.br\/wp\/#\/schema\/logo\/image\/"}},{"@type":"Person","@id":"https:\/\/www.ernanipolo.com.br\/wp\/#\/schema\/person\/495081e5f89df1864e457bc25058eb32","name":"Assessoria","image":{"@type":"ImageObject","inLanguage":"pt-BR","@id":"https:\/\/secure.gravatar.com\/avatar\/fb9fbf9c7f51269c39fd7432c2ca37dcb848f2e01061b91c2515b159534f94f8?s=96&d=mm&r=g","url":"https:\/\/secure.gravatar.com\/avatar\/fb9fbf9c7f51269c39fd7432c2ca37dcb848f2e01061b91c2515b159534f94f8?s=96&d=mm&r=g","contentUrl":"https:\/\/secure.gravatar.com\/avatar\/fb9fbf9c7f51269c39fd7432c2ca37dcb848f2e01061b91c2515b159534f94f8?s=96&d=mm&r=g","caption":"Assessoria"},"url":"https:\/\/www.ernanipolo.com.br\/wp\/author\/assessoria\/"}]}},"jetpack_featured_media_url":"https:\/\/www.ernanipolo.com.br\/wp\/wp-content\/uploads\/2019\/08\/69026340_1161380500725890_5009681366229450752_o.jpg","jetpack_sharing_enabled":true,"_links":{"self":[{"href":"https:\/\/www.ernanipolo.com.br\/wp\/wp-json\/wp\/v2\/posts\/1859","targetHints":{"allow":["GET"]}}],"collection":[{"href":"https:\/\/www.ernanipolo.com.br\/wp\/wp-json\/wp\/v2\/posts"}],"about":[{"href":"https:\/\/www.ernanipolo.com.br\/wp\/wp-json\/wp\/v2\/types\/post"}],"author":[{"embeddable":true,"href":"https:\/\/www.ernanipolo.com.br\/wp\/wp-json\/wp\/v2\/users\/3"}],"replies":[{"embeddable":true,"href":"https:\/\/www.ernanipolo.com.br\/wp\/wp-json\/wp\/v2\/comments?post=1859"}],"version-history":[{"count":0,"href":"https:\/\/www.ernanipolo.com.br\/wp\/wp-json\/wp\/v2\/posts\/1859\/revisions"}],"wp:featuredmedia":[{"embeddable":true,"href":"https:\/\/www.ernanipolo.com.br\/wp\/wp-json\/wp\/v2\/media\/1860"}],"wp:attachment":[{"href":"https:\/\/www.ernanipolo.com.br\/wp\/wp-json\/wp\/v2\/media?parent=1859"}],"wp:term":[{"taxonomy":"category","embeddable":true,"href":"https:\/\/www.ernanipolo.com.br\/wp\/wp-json\/wp\/v2\/categories?post=1859"},{"taxonomy":"post_tag","embeddable":true,"href":"https:\/\/www.ernanipolo.com.br\/wp\/wp-json\/wp\/v2\/tags?post=1859"}],"curies":[{"name":"wp","href":"https:\/\/api.w.org\/{rel}","templated":true}]}}