{"id":1629,"date":"2019-06-21T13:07:50","date_gmt":"2019-06-21T16:07:50","guid":{"rendered":"http:\/\/www.ernanipolo.com.br\/wp\/?p=1629"},"modified":"2019-06-21T15:47:50","modified_gmt":"2019-06-21T18:47:50","slug":"ernani-polo-representa-assembleia-legislativa-na-ii-conferencia-brasil-sul-da-industria-e-producao-de-ovos","status":"publish","type":"post","link":"https:\/\/www.ernanipolo.com.br\/wp\/ernani-polo-representa-assembleia-legislativa-na-ii-conferencia-brasil-sul-da-industria-e-producao-de-ovos\/","title":{"rendered":"Ernani Polo representa Assembleia Legislativa na II Confer\u00eancia Brasil Sul da Ind\u00fastria e Produ\u00e7\u00e3o de Ovos"},"content":{"rendered":"<p>O deputado Ernani Polo representou o\u00a0 Assembleia Legislativa, no domingo (16), na abertura da II Confer\u00eancia Brasil Sul da Ind\u00fastria e Produ\u00e7\u00e3o de Ovos, em Gramado.<\/p>\n<p>O setor \u00e9 de grande import\u00e2ncia para a economia do Estado, sendo o maior consumo de ovos per capita do Brasil: &#8220;A demanda mundial por alimentos est\u00e1 crescendo, e temos qualidade e quantidade para competir com grandes mercados&#8221;, destacou o parlamentar.<\/p>\n<p>Estavam presentes o coordenador executivo da Conbrasul Ovos 2019, Eduardo dos Santos, presidente da Associa\u00e7\u00e3o Brasileira de Prote\u00edna Animal (ABPA), Francisco Turra, representando a C\u00e2mara Federal, deputado federal Jer\u00f4nimo Gorgen, presidente da Asgav\/Sipargs, Nestor Freiberger e prefeito de Gramado, Jo\u00e3o Alfredo Bertolucci.<\/p>\n","protected":false},"excerpt":{"rendered":"<p>O deputado Ernani Polo representou o\u00a0 Assembleia Legislativa, no domingo (16), na abertura da II Confer\u00eancia Brasil Sul da Ind\u00fastria &hellip; <a href=\"https:\/\/www.ernanipolo.com.br\/wp\/ernani-polo-representa-assembleia-legislativa-na-ii-conferencia-brasil-sul-da-industria-e-producao-de-ovos\/\" class=\"more-link\">Continue reading <span class=\"screen-reader-text\">Ernani Polo representa Assembleia Legislativa na II Confer\u00eancia Brasil Sul da Ind\u00fastria e Produ\u00e7\u00e3o de Ovos<\/span><\/a><\/p>\n","protected":false},"author":3,"featured_media":1630,"comment_status":"open","ping_status":"open","sticky":false,"template":"","format":"standard","meta":{"_acf_changed":false,"_jetpack_memberships_contains_paid_content":false,"footnotes":""},"categories":[37,39],"tags":[40],"class_list":["post-1629","post","type-post","status-publish","format-standard","has-post-thumbnail","hentry","category-noticias","category-destaque","tag-agricultura"],"acf":[],"yoast_head":"<!-- This site is optimized with the Yoast SEO plugin v27.4 - https:\/\/yoast.com\/product\/yoast-seo-wordpress\/ -->\n<title>Ernani Polo representa Assembleia Legislativa na II Confer\u00eancia Brasil Sul da Ind\u00fastria e Produ\u00e7\u00e3o de Ovos - Ernani Polo<\/title>\n<meta name=\"robots\" content=\"index, follow, max-snippet:-1, max-image-preview:large, max-video-preview:-1\" \/>\n<link rel=\"canonical\" href=\"https:\/\/www.ernanipolo.com.br\/wp\/ernani-polo-representa-assembleia-legislativa-na-ii-conferencia-brasil-sul-da-industria-e-producao-de-ovos\/\" \/>\n<meta property=\"og:locale\" content=\"pt_BR\" \/>\n<meta property=\"og:type\" content=\"article\" \/>\n<meta property=\"og:title\" content=\"Ernani Polo representa Assembleia Legislativa na II Confer\u00eancia Brasil Sul da Ind\u00fastria e Produ\u00e7\u00e3o de Ovos - Ernani Polo\" \/>\n<meta property=\"og:description\" content=\"O deputado Ernani Polo representou o\u00a0 Assembleia Legislativa, no domingo (16), na abertura da II Confer\u00eancia Brasil Sul da Ind\u00fastria &hellip; Continue reading Ernani Polo representa Assembleia Legislativa na II Confer\u00eancia Brasil Sul da Ind\u00fastria e Produ\u00e7\u00e3o de Ovos\" \/>\n<meta property=\"og:url\" content=\"https:\/\/www.ernanipolo.com.br\/wp\/ernani-polo-representa-assembleia-legislativa-na-ii-conferencia-brasil-sul-da-industria-e-producao-de-ovos\/\" \/>\n<meta property=\"og:site_name\" content=\"Ernani Polo\" \/>\n<meta property=\"article:published_time\" content=\"2019-06-21T16:07:50+00:00\" \/>\n<meta property=\"article:modified_time\" content=\"2019-06-21T18:47:50+00:00\" \/>\n<meta property=\"og:image\" content=\"https:\/\/www.ernanipolo.com.br\/wp\/wp-content\/uploads\/2019\/06\/64660451_1115125588684715_8761098633702539264_o.jpg\" \/>\n\t<meta property=\"og:image:width\" content=\"1452\" \/>\n\t<meta property=\"og:image:height\" content=\"1062\" \/>\n\t<meta property=\"og:image:type\" content=\"image\/jpeg\" \/>\n<meta name=\"author\" content=\"Assessoria\" \/>\n<meta name=\"twitter:card\" content=\"summary_large_image\" \/>\n<meta name=\"twitter:label1\" content=\"Escrito por\" \/>\n\t<meta name=\"twitter:data1\" content=\"Assessoria\" \/>\n\t<meta name=\"twitter:label2\" content=\"Est. tempo de leitura\" \/>\n\t<meta name=\"twitter:data2\" content=\"1 minuto\" \/>\n<script type=\"application\/ld+json\" class=\"yoast-schema-graph\">{\"@context\":\"https:\\\/\\\/schema.org\",\"@graph\":[{\"@type\":\"Article\",\"@id\":\"https:\\\/\\\/www.ernanipolo.com.br\\\/wp\\\/ernani-polo-representa-assembleia-legislativa-na-ii-conferencia-brasil-sul-da-industria-e-producao-de-ovos\\\/#article\",\"isPartOf\":{\"@id\":\"https:\\\/\\\/www.ernanipolo.com.br\\\/wp\\\/ernani-polo-representa-assembleia-legislativa-na-ii-conferencia-brasil-sul-da-industria-e-producao-de-ovos\\\/\"},\"author\":{\"name\":\"Assessoria\",\"@id\":\"https:\\\/\\\/www.ernanipolo.com.br\\\/wp\\\/#\\\/schema\\\/person\\\/495081e5f89df1864e457bc25058eb32\"},\"headline\":\"Ernani Polo representa Assembleia Legislativa na II Confer\u00eancia Brasil Sul da Ind\u00fastria e Produ\u00e7\u00e3o de Ovos\",\"datePublished\":\"2019-06-21T16:07:50+00:00\",\"dateModified\":\"2019-06-21T18:47:50+00:00\",\"mainEntityOfPage\":{\"@id\":\"https:\\\/\\\/www.ernanipolo.com.br\\\/wp\\\/ernani-polo-representa-assembleia-legislativa-na-ii-conferencia-brasil-sul-da-industria-e-producao-de-ovos\\\/\"},\"wordCount\":135,\"commentCount\":0,\"publisher\":{\"@id\":\"https:\\\/\\\/www.ernanipolo.com.br\\\/wp\\\/#organization\"},\"image\":{\"@id\":\"https:\\\/\\\/www.ernanipolo.com.br\\\/wp\\\/ernani-polo-representa-assembleia-legislativa-na-ii-conferencia-brasil-sul-da-industria-e-producao-de-ovos\\\/#primaryimage\"},\"thumbnailUrl\":\"https:\\\/\\\/www.ernanipolo.com.br\\\/wp\\\/wp-content\\\/uploads\\\/2019\\\/06\\\/64660451_1115125588684715_8761098633702539264_o.jpg\",\"keywords\":[\"agricultura\"],\"articleSection\":[\"Not\u00edcias\",\"Destaque\"],\"inLanguage\":\"pt-BR\",\"potentialAction\":[{\"@type\":\"CommentAction\",\"name\":\"Comment\",\"target\":[\"https:\\\/\\\/www.ernanipolo.com.br\\\/wp\\\/ernani-polo-representa-assembleia-legislativa-na-ii-conferencia-brasil-sul-da-industria-e-producao-de-ovos\\\/#respond\"]}]},{\"@type\":\"WebPage\",\"@id\":\"https:\\\/\\\/www.ernanipolo.com.br\\\/wp\\\/ernani-polo-representa-assembleia-legislativa-na-ii-conferencia-brasil-sul-da-industria-e-producao-de-ovos\\\/\",\"url\":\"https:\\\/\\\/www.ernanipolo.com.br\\\/wp\\\/ernani-polo-representa-assembleia-legislativa-na-ii-conferencia-brasil-sul-da-industria-e-producao-de-ovos\\\/\",\"name\":\"Ernani Polo representa Assembleia Legislativa na II Confer\u00eancia Brasil Sul da Ind\u00fastria e Produ\u00e7\u00e3o de Ovos - Ernani Polo\",\"isPartOf\":{\"@id\":\"https:\\\/\\\/www.ernanipolo.com.br\\\/wp\\\/#website\"},\"primaryImageOfPage\":{\"@id\":\"https:\\\/\\\/www.ernanipolo.com.br\\\/wp\\\/ernani-polo-representa-assembleia-legislativa-na-ii-conferencia-brasil-sul-da-industria-e-producao-de-ovos\\\/#primaryimage\"},\"image\":{\"@id\":\"https:\\\/\\\/www.ernanipolo.com.br\\\/wp\\\/ernani-polo-representa-assembleia-legislativa-na-ii-conferencia-brasil-sul-da-industria-e-producao-de-ovos\\\/#primaryimage\"},\"thumbnailUrl\":\"https:\\\/\\\/www.ernanipolo.com.br\\\/wp\\\/wp-content\\\/uploads\\\/2019\\\/06\\\/64660451_1115125588684715_8761098633702539264_o.jpg\",\"datePublished\":\"2019-06-21T16:07:50+00:00\",\"dateModified\":\"2019-06-21T18:47:50+00:00\",\"inLanguage\":\"pt-BR\",\"potentialAction\":[{\"@type\":\"ReadAction\",\"target\":[\"https:\\\/\\\/www.ernanipolo.com.br\\\/wp\\\/ernani-polo-representa-assembleia-legislativa-na-ii-conferencia-brasil-sul-da-industria-e-producao-de-ovos\\\/\"]}]},{\"@type\":\"ImageObject\",\"inLanguage\":\"pt-BR\",\"@id\":\"https:\\\/\\\/www.ernanipolo.com.br\\\/wp\\\/ernani-polo-representa-assembleia-legislativa-na-ii-conferencia-brasil-sul-da-industria-e-producao-de-ovos\\\/#primaryimage\",\"url\":\"https:\\\/\\\/www.ernanipolo.com.br\\\/wp\\\/wp-content\\\/uploads\\\/2019\\\/06\\\/64660451_1115125588684715_8761098633702539264_o.jpg\",\"contentUrl\":\"https:\\\/\\\/www.ernanipolo.com.br\\\/wp\\\/wp-content\\\/uploads\\\/2019\\\/06\\\/64660451_1115125588684715_8761098633702539264_o.jpg\",\"width\":1452,\"height\":1062},{\"@type\":\"WebSite\",\"@id\":\"https:\\\/\\\/www.ernanipolo.com.br\\\/wp\\\/#website\",\"url\":\"https:\\\/\\\/www.ernanipolo.com.br\\\/wp\\\/\",\"name\":\"Ernani Polo\",\"description\":\"\",\"publisher\":{\"@id\":\"https:\\\/\\\/www.ernanipolo.com.br\\\/wp\\\/#organization\"},\"potentialAction\":[{\"@type\":\"SearchAction\",\"target\":{\"@type\":\"EntryPoint\",\"urlTemplate\":\"https:\\\/\\\/www.ernanipolo.com.br\\\/wp\\\/?s={search_term_string}\"},\"query-input\":{\"@type\":\"PropertyValueSpecification\",\"valueRequired\":true,\"valueName\":\"search_term_string\"}}],\"inLanguage\":\"pt-BR\"},{\"@type\":\"Organization\",\"@id\":\"https:\\\/\\\/www.ernanipolo.com.br\\\/wp\\\/#organization\",\"name\":\"Ernani Polo\",\"url\":\"https:\\\/\\\/www.ernanipolo.com.br\\\/wp\\\/\",\"logo\":{\"@type\":\"ImageObject\",\"inLanguage\":\"pt-BR\",\"@id\":\"https:\\\/\\\/www.ernanipolo.com.br\\\/wp\\\/#\\\/schema\\\/logo\\\/image\\\/\",\"url\":\"https:\\\/\\\/www.ernanipolo.com.br\\\/wp\\\/wp-content\\\/uploads\\\/2023\\\/09\\\/Logo-Azul-Ernani-Polo.png\",\"contentUrl\":\"https:\\\/\\\/www.ernanipolo.com.br\\\/wp\\\/wp-content\\\/uploads\\\/2023\\\/09\\\/Logo-Azul-Ernani-Polo.png\",\"width\":630,\"height\":162,\"caption\":\"Ernani Polo\"},\"image\":{\"@id\":\"https:\\\/\\\/www.ernanipolo.com.br\\\/wp\\\/#\\\/schema\\\/logo\\\/image\\\/\"}},{\"@type\":\"Person\",\"@id\":\"https:\\\/\\\/www.ernanipolo.com.br\\\/wp\\\/#\\\/schema\\\/person\\\/495081e5f89df1864e457bc25058eb32\",\"name\":\"Assessoria\",\"image\":{\"@type\":\"ImageObject\",\"inLanguage\":\"pt-BR\",\"@id\":\"https:\\\/\\\/secure.gravatar.com\\\/avatar\\\/fb9fbf9c7f51269c39fd7432c2ca37dcb848f2e01061b91c2515b159534f94f8?s=96&d=mm&r=g\",\"url\":\"https:\\\/\\\/secure.gravatar.com\\\/avatar\\\/fb9fbf9c7f51269c39fd7432c2ca37dcb848f2e01061b91c2515b159534f94f8?s=96&d=mm&r=g\",\"contentUrl\":\"https:\\\/\\\/secure.gravatar.com\\\/avatar\\\/fb9fbf9c7f51269c39fd7432c2ca37dcb848f2e01061b91c2515b159534f94f8?s=96&d=mm&r=g\",\"caption\":\"Assessoria\"},\"url\":\"https:\\\/\\\/www.ernanipolo.com.br\\\/wp\\\/author\\\/assessoria\\\/\"}]}<\/script>\n<!-- \/ Yoast SEO plugin. -->","yoast_head_json":{"title":"Ernani Polo representa Assembleia Legislativa na II Confer\u00eancia Brasil Sul da Ind\u00fastria e Produ\u00e7\u00e3o de Ovos - Ernani Polo","robots":{"index":"index","follow":"follow","max-snippet":"max-snippet:-1","max-image-preview":"max-image-preview:large","max-video-preview":"max-video-preview:-1"},"canonical":"https:\/\/www.ernanipolo.com.br\/wp\/ernani-polo-representa-assembleia-legislativa-na-ii-conferencia-brasil-sul-da-industria-e-producao-de-ovos\/","og_locale":"pt_BR","og_type":"article","og_title":"Ernani Polo representa Assembleia Legislativa na II Confer\u00eancia Brasil Sul da Ind\u00fastria e Produ\u00e7\u00e3o de Ovos - Ernani Polo","og_description":"O deputado Ernani Polo representou o\u00a0 Assembleia Legislativa, no domingo (16), na abertura da II Confer\u00eancia Brasil Sul da Ind\u00fastria &hellip; Continue reading Ernani Polo representa Assembleia Legislativa na II Confer\u00eancia Brasil Sul da Ind\u00fastria e Produ\u00e7\u00e3o de Ovos","og_url":"https:\/\/www.ernanipolo.com.br\/wp\/ernani-polo-representa-assembleia-legislativa-na-ii-conferencia-brasil-sul-da-industria-e-producao-de-ovos\/","og_site_name":"Ernani Polo","article_published_time":"2019-06-21T16:07:50+00:00","article_modified_time":"2019-06-21T18:47:50+00:00","og_image":[{"width":1452,"height":1062,"url":"https:\/\/www.ernanipolo.com.br\/wp\/wp-content\/uploads\/2019\/06\/64660451_1115125588684715_8761098633702539264_o.jpg","type":"image\/jpeg"}],"author":"Assessoria","twitter_card":"summary_large_image","twitter_misc":{"Escrito por":"Assessoria","Est. tempo de leitura":"1 minuto"},"schema":{"@context":"https:\/\/schema.org","@graph":[{"@type":"Article","@id":"https:\/\/www.ernanipolo.com.br\/wp\/ernani-polo-representa-assembleia-legislativa-na-ii-conferencia-brasil-sul-da-industria-e-producao-de-ovos\/#article","isPartOf":{"@id":"https:\/\/www.ernanipolo.com.br\/wp\/ernani-polo-representa-assembleia-legislativa-na-ii-conferencia-brasil-sul-da-industria-e-producao-de-ovos\/"},"author":{"name":"Assessoria","@id":"https:\/\/www.ernanipolo.com.br\/wp\/#\/schema\/person\/495081e5f89df1864e457bc25058eb32"},"headline":"Ernani Polo representa Assembleia Legislativa na II Confer\u00eancia Brasil Sul da Ind\u00fastria e Produ\u00e7\u00e3o de Ovos","datePublished":"2019-06-21T16:07:50+00:00","dateModified":"2019-06-21T18:47:50+00:00","mainEntityOfPage":{"@id":"https:\/\/www.ernanipolo.com.br\/wp\/ernani-polo-representa-assembleia-legislativa-na-ii-conferencia-brasil-sul-da-industria-e-producao-de-ovos\/"},"wordCount":135,"commentCount":0,"publisher":{"@id":"https:\/\/www.ernanipolo.com.br\/wp\/#organization"},"image":{"@id":"https:\/\/www.ernanipolo.com.br\/wp\/ernani-polo-representa-assembleia-legislativa-na-ii-conferencia-brasil-sul-da-industria-e-producao-de-ovos\/#primaryimage"},"thumbnailUrl":"https:\/\/www.ernanipolo.com.br\/wp\/wp-content\/uploads\/2019\/06\/64660451_1115125588684715_8761098633702539264_o.jpg","keywords":["agricultura"],"articleSection":["Not\u00edcias","Destaque"],"inLanguage":"pt-BR","potentialAction":[{"@type":"CommentAction","name":"Comment","target":["https:\/\/www.ernanipolo.com.br\/wp\/ernani-polo-representa-assembleia-legislativa-na-ii-conferencia-brasil-sul-da-industria-e-producao-de-ovos\/#respond"]}]},{"@type":"WebPage","@id":"https:\/\/www.ernanipolo.com.br\/wp\/ernani-polo-representa-assembleia-legislativa-na-ii-conferencia-brasil-sul-da-industria-e-producao-de-ovos\/","url":"https:\/\/www.ernanipolo.com.br\/wp\/ernani-polo-representa-assembleia-legislativa-na-ii-conferencia-brasil-sul-da-industria-e-producao-de-ovos\/","name":"Ernani Polo representa Assembleia Legislativa na II Confer\u00eancia Brasil Sul da Ind\u00fastria e Produ\u00e7\u00e3o de Ovos - Ernani Polo","isPartOf":{"@id":"https:\/\/www.ernanipolo.com.br\/wp\/#website"},"primaryImageOfPage":{"@id":"https:\/\/www.ernanipolo.com.br\/wp\/ernani-polo-representa-assembleia-legislativa-na-ii-conferencia-brasil-sul-da-industria-e-producao-de-ovos\/#primaryimage"},"image":{"@id":"https:\/\/www.ernanipolo.com.br\/wp\/ernani-polo-representa-assembleia-legislativa-na-ii-conferencia-brasil-sul-da-industria-e-producao-de-ovos\/#primaryimage"},"thumbnailUrl":"https:\/\/www.ernanipolo.com.br\/wp\/wp-content\/uploads\/2019\/06\/64660451_1115125588684715_8761098633702539264_o.jpg","datePublished":"2019-06-21T16:07:50+00:00","dateModified":"2019-06-21T18:47:50+00:00","inLanguage":"pt-BR","potentialAction":[{"@type":"ReadAction","target":["https:\/\/www.ernanipolo.com.br\/wp\/ernani-polo-representa-assembleia-legislativa-na-ii-conferencia-brasil-sul-da-industria-e-producao-de-ovos\/"]}]},{"@type":"ImageObject","inLanguage":"pt-BR","@id":"https:\/\/www.ernanipolo.com.br\/wp\/ernani-polo-representa-assembleia-legislativa-na-ii-conferencia-brasil-sul-da-industria-e-producao-de-ovos\/#primaryimage","url":"https:\/\/www.ernanipolo.com.br\/wp\/wp-content\/uploads\/2019\/06\/64660451_1115125588684715_8761098633702539264_o.jpg","contentUrl":"https:\/\/www.ernanipolo.com.br\/wp\/wp-content\/uploads\/2019\/06\/64660451_1115125588684715_8761098633702539264_o.jpg","width":1452,"height":1062},{"@type":"WebSite","@id":"https:\/\/www.ernanipolo.com.br\/wp\/#website","url":"https:\/\/www.ernanipolo.com.br\/wp\/","name":"Ernani Polo","description":"","publisher":{"@id":"https:\/\/www.ernanipolo.com.br\/wp\/#organization"},"potentialAction":[{"@type":"SearchAction","target":{"@type":"EntryPoint","urlTemplate":"https:\/\/www.ernanipolo.com.br\/wp\/?s={search_term_string}"},"query-input":{"@type":"PropertyValueSpecification","valueRequired":true,"valueName":"search_term_string"}}],"inLanguage":"pt-BR"},{"@type":"Organization","@id":"https:\/\/www.ernanipolo.com.br\/wp\/#organization","name":"Ernani Polo","url":"https:\/\/www.ernanipolo.com.br\/wp\/","logo":{"@type":"ImageObject","inLanguage":"pt-BR","@id":"https:\/\/www.ernanipolo.com.br\/wp\/#\/schema\/logo\/image\/","url":"https:\/\/www.ernanipolo.com.br\/wp\/wp-content\/uploads\/2023\/09\/Logo-Azul-Ernani-Polo.png","contentUrl":"https:\/\/www.ernanipolo.com.br\/wp\/wp-content\/uploads\/2023\/09\/Logo-Azul-Ernani-Polo.png","width":630,"height":162,"caption":"Ernani Polo"},"image":{"@id":"https:\/\/www.ernanipolo.com.br\/wp\/#\/schema\/logo\/image\/"}},{"@type":"Person","@id":"https:\/\/www.ernanipolo.com.br\/wp\/#\/schema\/person\/495081e5f89df1864e457bc25058eb32","name":"Assessoria","image":{"@type":"ImageObject","inLanguage":"pt-BR","@id":"https:\/\/secure.gravatar.com\/avatar\/fb9fbf9c7f51269c39fd7432c2ca37dcb848f2e01061b91c2515b159534f94f8?s=96&d=mm&r=g","url":"https:\/\/secure.gravatar.com\/avatar\/fb9fbf9c7f51269c39fd7432c2ca37dcb848f2e01061b91c2515b159534f94f8?s=96&d=mm&r=g","contentUrl":"https:\/\/secure.gravatar.com\/avatar\/fb9fbf9c7f51269c39fd7432c2ca37dcb848f2e01061b91c2515b159534f94f8?s=96&d=mm&r=g","caption":"Assessoria"},"url":"https:\/\/www.ernanipolo.com.br\/wp\/author\/assessoria\/"}]}},"jetpack_featured_media_url":"https:\/\/www.ernanipolo.com.br\/wp\/wp-content\/uploads\/2019\/06\/64660451_1115125588684715_8761098633702539264_o.jpg","jetpack_sharing_enabled":true,"_links":{"self":[{"href":"https:\/\/www.ernanipolo.com.br\/wp\/wp-json\/wp\/v2\/posts\/1629","targetHints":{"allow":["GET"]}}],"collection":[{"href":"https:\/\/www.ernanipolo.com.br\/wp\/wp-json\/wp\/v2\/posts"}],"about":[{"href":"https:\/\/www.ernanipolo.com.br\/wp\/wp-json\/wp\/v2\/types\/post"}],"author":[{"embeddable":true,"href":"https:\/\/www.ernanipolo.com.br\/wp\/wp-json\/wp\/v2\/users\/3"}],"replies":[{"embeddable":true,"href":"https:\/\/www.ernanipolo.com.br\/wp\/wp-json\/wp\/v2\/comments?post=1629"}],"version-history":[{"count":0,"href":"https:\/\/www.ernanipolo.com.br\/wp\/wp-json\/wp\/v2\/posts\/1629\/revisions"}],"wp:featuredmedia":[{"embeddable":true,"href":"https:\/\/www.ernanipolo.com.br\/wp\/wp-json\/wp\/v2\/media\/1630"}],"wp:attachment":[{"href":"https:\/\/www.ernanipolo.com.br\/wp\/wp-json\/wp\/v2\/media?parent=1629"}],"wp:term":[{"taxonomy":"category","embeddable":true,"href":"https:\/\/www.ernanipolo.com.br\/wp\/wp-json\/wp\/v2\/categories?post=1629"},{"taxonomy":"post_tag","embeddable":true,"href":"https:\/\/www.ernanipolo.com.br\/wp\/wp-json\/wp\/v2\/tags?post=1629"}],"curies":[{"name":"wp","href":"https:\/\/api.w.org\/{rel}","templated":true}]}}