{"id":1625,"date":"2019-06-19T17:32:06","date_gmt":"2019-06-19T20:32:06","guid":{"rendered":"http:\/\/www.ernanipolo.com.br\/wp\/?p=1625"},"modified":"2019-06-19T17:33:13","modified_gmt":"2019-06-19T20:33:13","slug":"comitiva-de-casca-reivindica-pavimentacao-de-acesso-asfaltico","status":"publish","type":"post","link":"https:\/\/www.ernanipolo.com.br\/wp\/comitiva-de-casca-reivindica-pavimentacao-de-acesso-asfaltico\/","title":{"rendered":"Comitiva de Casca reivindica pavimenta\u00e7\u00e3o de acesso asf\u00e1ltico"},"content":{"rendered":"<p>O deputado Ernani Polo acompanhou, nesta ter\u00e7a-feira (18), comitiva da cidade de Casca em audi\u00eancia com o governador Eduardo Leite e o secret\u00e1rio dos Transportes, Juvir Costella.<\/p>\n<p>A comitiva reivindica a pavimenta\u00e7\u00e3o do acesso que liga a ERS-324 e a ERS-129 e de um trevo. A audi\u00eancia foi solicitada pela Cooperativa Santa Clara que ir\u00e1 inaugurar, no dia 12 de julho, uma unidade de latic\u00ednios no munic\u00edpio. O governador foi convidado para o ato.<\/p>\n<p>&#8220;Sa\u00edmos com o sinal afirmativo do Governo do Estado, a respeito da obra, que trar\u00e1 muitos benef\u00edcios econ\u00f4micos ao munic\u00edpio&#8221;, finalizou o parlamentar.<\/p>\n<p>Estiveram presentes na audi\u00eancia o prefeito de Casca Domingos Kujawa e o vice-prefeito Leandro Simonetto, o presidente da Cooperativa Santa Clara, Rog\u00e9rio Bruno Sauthier e o diretor Alexandre Guerra, al\u00e9m de representantes de entidades e empres\u00e1rios locais.<\/p>\n","protected":false},"excerpt":{"rendered":"<p>O deputado Ernani Polo acompanhou, nesta ter\u00e7a-feira (18), comitiva da cidade de Casca em audi\u00eancia com o governador Eduardo Leite &hellip; <a href=\"https:\/\/www.ernanipolo.com.br\/wp\/comitiva-de-casca-reivindica-pavimentacao-de-acesso-asfaltico\/\" class=\"more-link\">Continue reading <span class=\"screen-reader-text\">Comitiva de Casca reivindica pavimenta\u00e7\u00e3o de acesso asf\u00e1ltico<\/span><\/a><\/p>\n","protected":false},"author":3,"featured_media":1626,"comment_status":"open","ping_status":"open","sticky":false,"template":"","format":"standard","meta":{"_acf_changed":false,"_jetpack_memberships_contains_paid_content":false,"footnotes":""},"categories":[37,39],"tags":[44],"class_list":["post-1625","post","type-post","status-publish","format-standard","has-post-thumbnail","hentry","category-noticias","category-destaque","tag-aricultura"],"acf":[],"yoast_head":"<!-- This site is optimized with the Yoast SEO plugin v27.4 - https:\/\/yoast.com\/product\/yoast-seo-wordpress\/ -->\n<title>Comitiva de Casca reivindica pavimenta\u00e7\u00e3o de acesso asf\u00e1ltico - Ernani Polo<\/title>\n<meta name=\"robots\" content=\"index, follow, max-snippet:-1, max-image-preview:large, max-video-preview:-1\" \/>\n<link rel=\"canonical\" href=\"https:\/\/www.ernanipolo.com.br\/wp\/comitiva-de-casca-reivindica-pavimentacao-de-acesso-asfaltico\/\" \/>\n<meta property=\"og:locale\" content=\"pt_BR\" \/>\n<meta property=\"og:type\" content=\"article\" \/>\n<meta property=\"og:title\" content=\"Comitiva de Casca reivindica pavimenta\u00e7\u00e3o de acesso asf\u00e1ltico - Ernani Polo\" \/>\n<meta property=\"og:description\" content=\"O deputado Ernani Polo acompanhou, nesta ter\u00e7a-feira (18), comitiva da cidade de Casca em audi\u00eancia com o governador Eduardo Leite &hellip; Continue reading Comitiva de Casca reivindica pavimenta\u00e7\u00e3o de acesso asf\u00e1ltico\" \/>\n<meta property=\"og:url\" content=\"https:\/\/www.ernanipolo.com.br\/wp\/comitiva-de-casca-reivindica-pavimentacao-de-acesso-asfaltico\/\" \/>\n<meta property=\"og:site_name\" content=\"Ernani Polo\" \/>\n<meta property=\"article:published_time\" content=\"2019-06-19T20:32:06+00:00\" \/>\n<meta property=\"article:modified_time\" content=\"2019-06-19T20:33:13+00:00\" \/>\n<meta property=\"og:image\" content=\"https:\/\/www.ernanipolo.com.br\/wp\/wp-content\/uploads\/2019\/06\/64829143_1116658095198131_9140675765874982912_o.jpg\" \/>\n\t<meta property=\"og:image:width\" content=\"2048\" \/>\n\t<meta property=\"og:image:height\" content=\"1365\" \/>\n\t<meta property=\"og:image:type\" content=\"image\/jpeg\" \/>\n<meta name=\"author\" content=\"Assessoria\" \/>\n<meta name=\"twitter:card\" content=\"summary_large_image\" \/>\n<meta name=\"twitter:label1\" content=\"Escrito por\" \/>\n\t<meta name=\"twitter:data1\" content=\"Assessoria\" \/>\n\t<meta name=\"twitter:label2\" content=\"Est. tempo de leitura\" \/>\n\t<meta name=\"twitter:data2\" content=\"1 minuto\" \/>\n<script type=\"application\/ld+json\" class=\"yoast-schema-graph\">{\"@context\":\"https:\\\/\\\/schema.org\",\"@graph\":[{\"@type\":\"Article\",\"@id\":\"https:\\\/\\\/www.ernanipolo.com.br\\\/wp\\\/comitiva-de-casca-reivindica-pavimentacao-de-acesso-asfaltico\\\/#article\",\"isPartOf\":{\"@id\":\"https:\\\/\\\/www.ernanipolo.com.br\\\/wp\\\/comitiva-de-casca-reivindica-pavimentacao-de-acesso-asfaltico\\\/\"},\"author\":{\"name\":\"Assessoria\",\"@id\":\"https:\\\/\\\/www.ernanipolo.com.br\\\/wp\\\/#\\\/schema\\\/person\\\/495081e5f89df1864e457bc25058eb32\"},\"headline\":\"Comitiva de Casca reivindica pavimenta\u00e7\u00e3o de acesso asf\u00e1ltico\",\"datePublished\":\"2019-06-19T20:32:06+00:00\",\"dateModified\":\"2019-06-19T20:33:13+00:00\",\"mainEntityOfPage\":{\"@id\":\"https:\\\/\\\/www.ernanipolo.com.br\\\/wp\\\/comitiva-de-casca-reivindica-pavimentacao-de-acesso-asfaltico\\\/\"},\"wordCount\":157,\"commentCount\":0,\"publisher\":{\"@id\":\"https:\\\/\\\/www.ernanipolo.com.br\\\/wp\\\/#organization\"},\"image\":{\"@id\":\"https:\\\/\\\/www.ernanipolo.com.br\\\/wp\\\/comitiva-de-casca-reivindica-pavimentacao-de-acesso-asfaltico\\\/#primaryimage\"},\"thumbnailUrl\":\"https:\\\/\\\/www.ernanipolo.com.br\\\/wp\\\/wp-content\\\/uploads\\\/2019\\\/06\\\/64829143_1116658095198131_9140675765874982912_o.jpg\",\"keywords\":[\"aricultura\"],\"articleSection\":[\"Not\u00edcias\",\"Destaque\"],\"inLanguage\":\"pt-BR\",\"potentialAction\":[{\"@type\":\"CommentAction\",\"name\":\"Comment\",\"target\":[\"https:\\\/\\\/www.ernanipolo.com.br\\\/wp\\\/comitiva-de-casca-reivindica-pavimentacao-de-acesso-asfaltico\\\/#respond\"]}]},{\"@type\":\"WebPage\",\"@id\":\"https:\\\/\\\/www.ernanipolo.com.br\\\/wp\\\/comitiva-de-casca-reivindica-pavimentacao-de-acesso-asfaltico\\\/\",\"url\":\"https:\\\/\\\/www.ernanipolo.com.br\\\/wp\\\/comitiva-de-casca-reivindica-pavimentacao-de-acesso-asfaltico\\\/\",\"name\":\"Comitiva de Casca reivindica pavimenta\u00e7\u00e3o de acesso asf\u00e1ltico - Ernani Polo\",\"isPartOf\":{\"@id\":\"https:\\\/\\\/www.ernanipolo.com.br\\\/wp\\\/#website\"},\"primaryImageOfPage\":{\"@id\":\"https:\\\/\\\/www.ernanipolo.com.br\\\/wp\\\/comitiva-de-casca-reivindica-pavimentacao-de-acesso-asfaltico\\\/#primaryimage\"},\"image\":{\"@id\":\"https:\\\/\\\/www.ernanipolo.com.br\\\/wp\\\/comitiva-de-casca-reivindica-pavimentacao-de-acesso-asfaltico\\\/#primaryimage\"},\"thumbnailUrl\":\"https:\\\/\\\/www.ernanipolo.com.br\\\/wp\\\/wp-content\\\/uploads\\\/2019\\\/06\\\/64829143_1116658095198131_9140675765874982912_o.jpg\",\"datePublished\":\"2019-06-19T20:32:06+00:00\",\"dateModified\":\"2019-06-19T20:33:13+00:00\",\"inLanguage\":\"pt-BR\",\"potentialAction\":[{\"@type\":\"ReadAction\",\"target\":[\"https:\\\/\\\/www.ernanipolo.com.br\\\/wp\\\/comitiva-de-casca-reivindica-pavimentacao-de-acesso-asfaltico\\\/\"]}]},{\"@type\":\"ImageObject\",\"inLanguage\":\"pt-BR\",\"@id\":\"https:\\\/\\\/www.ernanipolo.com.br\\\/wp\\\/comitiva-de-casca-reivindica-pavimentacao-de-acesso-asfaltico\\\/#primaryimage\",\"url\":\"https:\\\/\\\/www.ernanipolo.com.br\\\/wp\\\/wp-content\\\/uploads\\\/2019\\\/06\\\/64829143_1116658095198131_9140675765874982912_o.jpg\",\"contentUrl\":\"https:\\\/\\\/www.ernanipolo.com.br\\\/wp\\\/wp-content\\\/uploads\\\/2019\\\/06\\\/64829143_1116658095198131_9140675765874982912_o.jpg\",\"width\":2048,\"height\":1365},{\"@type\":\"WebSite\",\"@id\":\"https:\\\/\\\/www.ernanipolo.com.br\\\/wp\\\/#website\",\"url\":\"https:\\\/\\\/www.ernanipolo.com.br\\\/wp\\\/\",\"name\":\"Ernani Polo\",\"description\":\"\",\"publisher\":{\"@id\":\"https:\\\/\\\/www.ernanipolo.com.br\\\/wp\\\/#organization\"},\"potentialAction\":[{\"@type\":\"SearchAction\",\"target\":{\"@type\":\"EntryPoint\",\"urlTemplate\":\"https:\\\/\\\/www.ernanipolo.com.br\\\/wp\\\/?s={search_term_string}\"},\"query-input\":{\"@type\":\"PropertyValueSpecification\",\"valueRequired\":true,\"valueName\":\"search_term_string\"}}],\"inLanguage\":\"pt-BR\"},{\"@type\":\"Organization\",\"@id\":\"https:\\\/\\\/www.ernanipolo.com.br\\\/wp\\\/#organization\",\"name\":\"Ernani Polo\",\"url\":\"https:\\\/\\\/www.ernanipolo.com.br\\\/wp\\\/\",\"logo\":{\"@type\":\"ImageObject\",\"inLanguage\":\"pt-BR\",\"@id\":\"https:\\\/\\\/www.ernanipolo.com.br\\\/wp\\\/#\\\/schema\\\/logo\\\/image\\\/\",\"url\":\"https:\\\/\\\/www.ernanipolo.com.br\\\/wp\\\/wp-content\\\/uploads\\\/2023\\\/09\\\/Logo-Azul-Ernani-Polo.png\",\"contentUrl\":\"https:\\\/\\\/www.ernanipolo.com.br\\\/wp\\\/wp-content\\\/uploads\\\/2023\\\/09\\\/Logo-Azul-Ernani-Polo.png\",\"width\":630,\"height\":162,\"caption\":\"Ernani Polo\"},\"image\":{\"@id\":\"https:\\\/\\\/www.ernanipolo.com.br\\\/wp\\\/#\\\/schema\\\/logo\\\/image\\\/\"}},{\"@type\":\"Person\",\"@id\":\"https:\\\/\\\/www.ernanipolo.com.br\\\/wp\\\/#\\\/schema\\\/person\\\/495081e5f89df1864e457bc25058eb32\",\"name\":\"Assessoria\",\"image\":{\"@type\":\"ImageObject\",\"inLanguage\":\"pt-BR\",\"@id\":\"https:\\\/\\\/secure.gravatar.com\\\/avatar\\\/fb9fbf9c7f51269c39fd7432c2ca37dcb848f2e01061b91c2515b159534f94f8?s=96&d=mm&r=g\",\"url\":\"https:\\\/\\\/secure.gravatar.com\\\/avatar\\\/fb9fbf9c7f51269c39fd7432c2ca37dcb848f2e01061b91c2515b159534f94f8?s=96&d=mm&r=g\",\"contentUrl\":\"https:\\\/\\\/secure.gravatar.com\\\/avatar\\\/fb9fbf9c7f51269c39fd7432c2ca37dcb848f2e01061b91c2515b159534f94f8?s=96&d=mm&r=g\",\"caption\":\"Assessoria\"},\"url\":\"https:\\\/\\\/www.ernanipolo.com.br\\\/wp\\\/author\\\/assessoria\\\/\"}]}<\/script>\n<!-- \/ Yoast SEO plugin. -->","yoast_head_json":{"title":"Comitiva de Casca reivindica pavimenta\u00e7\u00e3o de acesso asf\u00e1ltico - Ernani Polo","robots":{"index":"index","follow":"follow","max-snippet":"max-snippet:-1","max-image-preview":"max-image-preview:large","max-video-preview":"max-video-preview:-1"},"canonical":"https:\/\/www.ernanipolo.com.br\/wp\/comitiva-de-casca-reivindica-pavimentacao-de-acesso-asfaltico\/","og_locale":"pt_BR","og_type":"article","og_title":"Comitiva de Casca reivindica pavimenta\u00e7\u00e3o de acesso asf\u00e1ltico - Ernani Polo","og_description":"O deputado Ernani Polo acompanhou, nesta ter\u00e7a-feira (18), comitiva da cidade de Casca em audi\u00eancia com o governador Eduardo Leite &hellip; Continue reading Comitiva de Casca reivindica pavimenta\u00e7\u00e3o de acesso asf\u00e1ltico","og_url":"https:\/\/www.ernanipolo.com.br\/wp\/comitiva-de-casca-reivindica-pavimentacao-de-acesso-asfaltico\/","og_site_name":"Ernani Polo","article_published_time":"2019-06-19T20:32:06+00:00","article_modified_time":"2019-06-19T20:33:13+00:00","og_image":[{"width":2048,"height":1365,"url":"https:\/\/www.ernanipolo.com.br\/wp\/wp-content\/uploads\/2019\/06\/64829143_1116658095198131_9140675765874982912_o.jpg","type":"image\/jpeg"}],"author":"Assessoria","twitter_card":"summary_large_image","twitter_misc":{"Escrito por":"Assessoria","Est. tempo de leitura":"1 minuto"},"schema":{"@context":"https:\/\/schema.org","@graph":[{"@type":"Article","@id":"https:\/\/www.ernanipolo.com.br\/wp\/comitiva-de-casca-reivindica-pavimentacao-de-acesso-asfaltico\/#article","isPartOf":{"@id":"https:\/\/www.ernanipolo.com.br\/wp\/comitiva-de-casca-reivindica-pavimentacao-de-acesso-asfaltico\/"},"author":{"name":"Assessoria","@id":"https:\/\/www.ernanipolo.com.br\/wp\/#\/schema\/person\/495081e5f89df1864e457bc25058eb32"},"headline":"Comitiva de Casca reivindica pavimenta\u00e7\u00e3o de acesso asf\u00e1ltico","datePublished":"2019-06-19T20:32:06+00:00","dateModified":"2019-06-19T20:33:13+00:00","mainEntityOfPage":{"@id":"https:\/\/www.ernanipolo.com.br\/wp\/comitiva-de-casca-reivindica-pavimentacao-de-acesso-asfaltico\/"},"wordCount":157,"commentCount":0,"publisher":{"@id":"https:\/\/www.ernanipolo.com.br\/wp\/#organization"},"image":{"@id":"https:\/\/www.ernanipolo.com.br\/wp\/comitiva-de-casca-reivindica-pavimentacao-de-acesso-asfaltico\/#primaryimage"},"thumbnailUrl":"https:\/\/www.ernanipolo.com.br\/wp\/wp-content\/uploads\/2019\/06\/64829143_1116658095198131_9140675765874982912_o.jpg","keywords":["aricultura"],"articleSection":["Not\u00edcias","Destaque"],"inLanguage":"pt-BR","potentialAction":[{"@type":"CommentAction","name":"Comment","target":["https:\/\/www.ernanipolo.com.br\/wp\/comitiva-de-casca-reivindica-pavimentacao-de-acesso-asfaltico\/#respond"]}]},{"@type":"WebPage","@id":"https:\/\/www.ernanipolo.com.br\/wp\/comitiva-de-casca-reivindica-pavimentacao-de-acesso-asfaltico\/","url":"https:\/\/www.ernanipolo.com.br\/wp\/comitiva-de-casca-reivindica-pavimentacao-de-acesso-asfaltico\/","name":"Comitiva de Casca reivindica pavimenta\u00e7\u00e3o de acesso asf\u00e1ltico - Ernani Polo","isPartOf":{"@id":"https:\/\/www.ernanipolo.com.br\/wp\/#website"},"primaryImageOfPage":{"@id":"https:\/\/www.ernanipolo.com.br\/wp\/comitiva-de-casca-reivindica-pavimentacao-de-acesso-asfaltico\/#primaryimage"},"image":{"@id":"https:\/\/www.ernanipolo.com.br\/wp\/comitiva-de-casca-reivindica-pavimentacao-de-acesso-asfaltico\/#primaryimage"},"thumbnailUrl":"https:\/\/www.ernanipolo.com.br\/wp\/wp-content\/uploads\/2019\/06\/64829143_1116658095198131_9140675765874982912_o.jpg","datePublished":"2019-06-19T20:32:06+00:00","dateModified":"2019-06-19T20:33:13+00:00","inLanguage":"pt-BR","potentialAction":[{"@type":"ReadAction","target":["https:\/\/www.ernanipolo.com.br\/wp\/comitiva-de-casca-reivindica-pavimentacao-de-acesso-asfaltico\/"]}]},{"@type":"ImageObject","inLanguage":"pt-BR","@id":"https:\/\/www.ernanipolo.com.br\/wp\/comitiva-de-casca-reivindica-pavimentacao-de-acesso-asfaltico\/#primaryimage","url":"https:\/\/www.ernanipolo.com.br\/wp\/wp-content\/uploads\/2019\/06\/64829143_1116658095198131_9140675765874982912_o.jpg","contentUrl":"https:\/\/www.ernanipolo.com.br\/wp\/wp-content\/uploads\/2019\/06\/64829143_1116658095198131_9140675765874982912_o.jpg","width":2048,"height":1365},{"@type":"WebSite","@id":"https:\/\/www.ernanipolo.com.br\/wp\/#website","url":"https:\/\/www.ernanipolo.com.br\/wp\/","name":"Ernani Polo","description":"","publisher":{"@id":"https:\/\/www.ernanipolo.com.br\/wp\/#organization"},"potentialAction":[{"@type":"SearchAction","target":{"@type":"EntryPoint","urlTemplate":"https:\/\/www.ernanipolo.com.br\/wp\/?s={search_term_string}"},"query-input":{"@type":"PropertyValueSpecification","valueRequired":true,"valueName":"search_term_string"}}],"inLanguage":"pt-BR"},{"@type":"Organization","@id":"https:\/\/www.ernanipolo.com.br\/wp\/#organization","name":"Ernani Polo","url":"https:\/\/www.ernanipolo.com.br\/wp\/","logo":{"@type":"ImageObject","inLanguage":"pt-BR","@id":"https:\/\/www.ernanipolo.com.br\/wp\/#\/schema\/logo\/image\/","url":"https:\/\/www.ernanipolo.com.br\/wp\/wp-content\/uploads\/2023\/09\/Logo-Azul-Ernani-Polo.png","contentUrl":"https:\/\/www.ernanipolo.com.br\/wp\/wp-content\/uploads\/2023\/09\/Logo-Azul-Ernani-Polo.png","width":630,"height":162,"caption":"Ernani Polo"},"image":{"@id":"https:\/\/www.ernanipolo.com.br\/wp\/#\/schema\/logo\/image\/"}},{"@type":"Person","@id":"https:\/\/www.ernanipolo.com.br\/wp\/#\/schema\/person\/495081e5f89df1864e457bc25058eb32","name":"Assessoria","image":{"@type":"ImageObject","inLanguage":"pt-BR","@id":"https:\/\/secure.gravatar.com\/avatar\/fb9fbf9c7f51269c39fd7432c2ca37dcb848f2e01061b91c2515b159534f94f8?s=96&d=mm&r=g","url":"https:\/\/secure.gravatar.com\/avatar\/fb9fbf9c7f51269c39fd7432c2ca37dcb848f2e01061b91c2515b159534f94f8?s=96&d=mm&r=g","contentUrl":"https:\/\/secure.gravatar.com\/avatar\/fb9fbf9c7f51269c39fd7432c2ca37dcb848f2e01061b91c2515b159534f94f8?s=96&d=mm&r=g","caption":"Assessoria"},"url":"https:\/\/www.ernanipolo.com.br\/wp\/author\/assessoria\/"}]}},"jetpack_featured_media_url":"https:\/\/www.ernanipolo.com.br\/wp\/wp-content\/uploads\/2019\/06\/64829143_1116658095198131_9140675765874982912_o.jpg","jetpack_sharing_enabled":true,"_links":{"self":[{"href":"https:\/\/www.ernanipolo.com.br\/wp\/wp-json\/wp\/v2\/posts\/1625","targetHints":{"allow":["GET"]}}],"collection":[{"href":"https:\/\/www.ernanipolo.com.br\/wp\/wp-json\/wp\/v2\/posts"}],"about":[{"href":"https:\/\/www.ernanipolo.com.br\/wp\/wp-json\/wp\/v2\/types\/post"}],"author":[{"embeddable":true,"href":"https:\/\/www.ernanipolo.com.br\/wp\/wp-json\/wp\/v2\/users\/3"}],"replies":[{"embeddable":true,"href":"https:\/\/www.ernanipolo.com.br\/wp\/wp-json\/wp\/v2\/comments?post=1625"}],"version-history":[{"count":0,"href":"https:\/\/www.ernanipolo.com.br\/wp\/wp-json\/wp\/v2\/posts\/1625\/revisions"}],"wp:featuredmedia":[{"embeddable":true,"href":"https:\/\/www.ernanipolo.com.br\/wp\/wp-json\/wp\/v2\/media\/1626"}],"wp:attachment":[{"href":"https:\/\/www.ernanipolo.com.br\/wp\/wp-json\/wp\/v2\/media?parent=1625"}],"wp:term":[{"taxonomy":"category","embeddable":true,"href":"https:\/\/www.ernanipolo.com.br\/wp\/wp-json\/wp\/v2\/categories?post=1625"},{"taxonomy":"post_tag","embeddable":true,"href":"https:\/\/www.ernanipolo.com.br\/wp\/wp-json\/wp\/v2\/tags?post=1625"}],"curies":[{"name":"wp","href":"https:\/\/api.w.org\/{rel}","templated":true}]}}